{"id":15226,"date":"2022-10-30T12:33:28","date_gmt":"2022-10-30T11:33:28","guid":{"rendered":"https:\/\/www.naturparkmagazin.de\/vdn\/?p=15226"},"modified":"2022-11-16T13:37:57","modified_gmt":"2022-11-16T12:37:57","slug":"salamaeh-lammsalami-der-marke-gruenland-spessart","status":"publish","type":"post","link":"https:\/\/www.naturparkmagazin.de\/vdn\/salamaeh-lammsalami-der-marke-gruenland-spessart\/","title":{"rendered":"Salam\u00e4h!!! Lammsalami der Marke Gr\u00fcnland Spessart"},"content":{"rendered":"<div id=\"attachment_15229\" style=\"width: 630px\" class=\"wp-caption aligncenter\"><a href=\"https:\/\/www.naturparkmagazin.de\/vdn\/wp-content\/uploads\/sites\/3\/Produkt_Salami-_Foto-H\u00e4user-Fleichwaren-GmbH-web.jpg\"><img aria-describedby=\"caption-attachment-15229\" decoding=\"async\" loading=\"lazy\" class=\"wp-image-15229 size-medium\" src=\"https:\/\/www.naturparkmagazin.de\/vdn\/wp-content\/uploads\/sites\/3\/Produkt_Salami-_Foto-H\u00e4user-Fleichwaren-GmbH-web-620x413.jpg\" alt=\"Produkt_Salami _Foto H\u00e4user Fleichwaren GmbH web\" width=\"620\" height=\"413\" srcset=\"https:\/\/www.naturparkmagazin.de\/vdn\/wp-content\/uploads\/sites\/3\/Produkt_Salami-_Foto-H\u00e4user-Fleichwaren-GmbH-web-620x413.jpg 620w, https:\/\/www.naturparkmagazin.de\/vdn\/wp-content\/uploads\/sites\/3\/Produkt_Salami-_Foto-H\u00e4user-Fleichwaren-GmbH-web-300x200.jpg 300w, https:\/\/www.naturparkmagazin.de\/vdn\/wp-content\/uploads\/sites\/3\/Produkt_Salami-_Foto-H\u00e4user-Fleichwaren-GmbH-web-940x627.jpg 940w, https:\/\/www.naturparkmagazin.de\/vdn\/wp-content\/uploads\/sites\/3\/Produkt_Salami-_Foto-H\u00e4user-Fleichwaren-GmbH-web-670x447.jpg 670w, https:\/\/www.naturparkmagazin.de\/vdn\/wp-content\/uploads\/sites\/3\/Produkt_Salami-_Foto-H\u00e4user-Fleichwaren-GmbH-web-200x133.jpg 200w, https:\/\/www.naturparkmagazin.de\/vdn\/wp-content\/uploads\/sites\/3\/Produkt_Salami-_Foto-H\u00e4user-Fleichwaren-GmbH-web.jpg 960w\" sizes=\"(max-width: 620px) 100vw, 620px\" \/><\/a><p id=\"caption-attachment-15229\" class=\"wp-caption-text\">Leckere &#8222;Lammsalam\u00e4h!!!&#8220; \u00a9 H\u00e4user Fleichwaren GmbH<\/p><\/div>\n<p>&nbsp;<\/p>\n<p>Eine nachhaltige und klimafreundliche Schafhaltung im Naturpark Spessart unterst\u00fctzen und damit wertvolle Lebensr\u00e4ume erhalten \u2013 das k\u00f6nnen Konsument*innen zuk\u00fcnftig mit dem Kauf der Lammsalami \u201eSalam\u00e4h!!!\u201c.<\/p>\n<p>Der Naturpark hat die Salami in mehreren Geschmacksrichtungen gemeinsam mit der Vermarktungsinitiative <a href=\"http:\/\/www.gruenland-spessart.de\" target=\"_blank\"><em>Gr\u00fcnland Spessart e.\u00a0V.<\/em><\/a> und der Metzgerei H\u00e4user in Aschaffenburg kreiert. Hauptzutat: Lammfleisch von Familienbetrieben im Naturpark Spessart. Dazu Waldpilze, Chili oder Walnuss.<\/p>\n<p>Die Entwicklung der Salamis wird im Rahmen des Wettbewerbs \u201eKlimaschutz in Naturparken\u201c von VDN und Kaufland gef\u00f6rdert. Die Salamis sollen ab Anfang 2023 an mehreren Verkaufsstellen im Naturpark erh\u00e4ltlich sein. Weitere Informationen gibt es bei der Naturparkgesch\u00e4ftsstelle unter: <a href=\"mailto:info@naturpark-spessart.de\" target=\"_blank\">info@naturpark-spessart.de<\/a><\/p>\n<p>&nbsp;<\/p>\n","protected":false},"excerpt":{"rendered":"<p>\u201eSalam\u00e4h!!!\u201c &#8211; Das ist Regionalentwicklung durch nachhaltige und klimafreundliche Schafhaltung im Naturpark Spessart inklusive leckerer Lammsalami.<\/p>\n","protected":false},"author":73,"featured_media":15227,"comment_status":"open","ping_status":"open","sticky":false,"template":"","format":"standard","meta":{"_links_to":"","_links_to_target":""},"categories":[13],"tags":[],"yoast_head":"<!-- This site is optimized with the Yoast SEO plugin v19.10 - https:\/\/yoast.com\/wordpress\/plugins\/seo\/ -->\n<title>Salam\u00e4h!!! Lammsalami der Marke Gr\u00fcnland Spessart<\/title>\n<meta name=\"description\" content=\"\u201eSalam\u00e4h!!!\u201c - Das ist Regionalentwicklung durch nachhaltige und klimafreundliche Schafhaltung im Naturpark Spessart inklusive leckerer Lammsalami.\" \/>\n<meta name=\"robots\" content=\"index, follow, max-snippet:-1, max-image-preview:large, max-video-preview:-1\" \/>\n<link rel=\"canonical\" href=\"https:\/\/www.naturparkmagazin.de\/vdn\/salamaeh-lammsalami-der-marke-gruenland-spessart\/\" \/>\n<meta property=\"og:locale\" content=\"de_DE\" \/>\n<meta property=\"og:type\" content=\"article\" \/>\n<meta property=\"og:title\" content=\"Salam\u00e4h!!! Lammsalami der Marke Gr\u00fcnland Spessart\" \/>\n<meta property=\"og:description\" content=\"\u201eSalam\u00e4h!!!\u201c - Das ist Regionalentwicklung durch nachhaltige und klimafreundliche Schafhaltung im Naturpark Spessart inklusive leckerer Lammsalami.\" \/>\n<meta property=\"og:url\" content=\"https:\/\/www.naturparkmagazin.de\/vdn\/salamaeh-lammsalami-der-marke-gruenland-spessart\/\" \/>\n<meta property=\"og:site_name\" content=\"Verband Deutscher Naturparke\" \/>\n<meta property=\"article:published_time\" content=\"2022-10-30T11:33:28+00:00\" \/>\n<meta property=\"article:modified_time\" content=\"2022-11-16T12:37:57+00:00\" \/>\n<meta property=\"og:image\" content=\"https:\/\/www.naturparkmagazin.de\/vdn\/wp-content\/uploads\/sites\/3\/Produkt_Schaeferei-Michler-Foto-Alessa-Panarotto-web.jpg\" \/>\n\t<meta property=\"og:image:width\" content=\"1000\" \/>\n\t<meta property=\"og:image:height\" content=\"750\" \/>\n\t<meta property=\"og:image:type\" content=\"image\/jpeg\" \/>\n<meta name=\"author\" content=\"manuelamerz\" \/>\n<meta name=\"twitter:label1\" content=\"Verfasst von\" \/>\n\t<meta name=\"twitter:data1\" content=\"manuelamerz\" \/>\n\t<meta name=\"twitter:label2\" content=\"Gesch\u00e4tzte Lesezeit\" \/>\n\t<meta name=\"twitter:data2\" content=\"1\u00a0Minute\" \/>\n<script type=\"application\/ld+json\" class=\"yoast-schema-graph\">{\"@context\":\"https:\/\/schema.org\",\"@graph\":[{\"@type\":\"WebPage\",\"@id\":\"https:\/\/www.naturparkmagazin.de\/vdn\/salamaeh-lammsalami-der-marke-gruenland-spessart\/\",\"url\":\"https:\/\/www.naturparkmagazin.de\/vdn\/salamaeh-lammsalami-der-marke-gruenland-spessart\/\",\"name\":\"Salam\u00e4h!!! Lammsalami der Marke Gr\u00fcnland Spessart\",\"isPartOf\":{\"@id\":\"https:\/\/www.naturparkmagazin.de\/vdn\/#website\"},\"datePublished\":\"2022-10-30T11:33:28+00:00\",\"dateModified\":\"2022-11-16T12:37:57+00:00\",\"author\":{\"@id\":\"https:\/\/www.naturparkmagazin.de\/vdn\/#\/schema\/person\/3cff9b8773ed55f0189255fa9adfd57c\"},\"description\":\"\u201eSalam\u00e4h!!!\u201c - Das ist Regionalentwicklung durch nachhaltige und klimafreundliche Schafhaltung im Naturpark Spessart inklusive leckerer Lammsalami.\",\"breadcrumb\":{\"@id\":\"https:\/\/www.naturparkmagazin.de\/vdn\/salamaeh-lammsalami-der-marke-gruenland-spessart\/#breadcrumb\"},\"inLanguage\":\"de\",\"potentialAction\":[{\"@type\":\"ReadAction\",\"target\":[\"https:\/\/www.naturparkmagazin.de\/vdn\/salamaeh-lammsalami-der-marke-gruenland-spessart\/\"]}]},{\"@type\":\"BreadcrumbList\",\"@id\":\"https:\/\/www.naturparkmagazin.de\/vdn\/salamaeh-lammsalami-der-marke-gruenland-spessart\/#breadcrumb\",\"itemListElement\":[{\"@type\":\"ListItem\",\"position\":1,\"name\":\"Home\",\"item\":\"https:\/\/www.naturparkmagazin.de\/vdn\/\"},{\"@type\":\"ListItem\",\"position\":2,\"name\":\"Salam\u00e4h!!! Lammsalami der Marke Gr\u00fcnland Spessart\"}]},{\"@type\":\"WebSite\",\"@id\":\"https:\/\/www.naturparkmagazin.de\/vdn\/#website\",\"url\":\"https:\/\/www.naturparkmagazin.de\/vdn\/\",\"name\":\"Verband Deutscher Naturparke\",\"description\":\"Eine weitere Naturparkmagazin.de Netzwerk Seite\",\"potentialAction\":[{\"@type\":\"SearchAction\",\"target\":{\"@type\":\"EntryPoint\",\"urlTemplate\":\"https:\/\/www.naturparkmagazin.de\/vdn\/?s={search_term_string}\"},\"query-input\":\"required name=search_term_string\"}],\"inLanguage\":\"de\"},{\"@type\":\"Person\",\"@id\":\"https:\/\/www.naturparkmagazin.de\/vdn\/#\/schema\/person\/3cff9b8773ed55f0189255fa9adfd57c\",\"name\":\"manuelamerz\",\"url\":\"https:\/\/www.naturparkmagazin.de\/vdn\/author\/manuelamerz\/\"}]}<\/script>\n<!-- \/ Yoast SEO plugin. -->","yoast_head_json":{"title":"Salam\u00e4h!!! Lammsalami der Marke Gr\u00fcnland Spessart","description":"\u201eSalam\u00e4h!!!\u201c - Das ist Regionalentwicklung durch nachhaltige und klimafreundliche Schafhaltung im Naturpark Spessart inklusive leckerer Lammsalami.","robots":{"index":"index","follow":"follow","max-snippet":"max-snippet:-1","max-image-preview":"max-image-preview:large","max-video-preview":"max-video-preview:-1"},"canonical":"https:\/\/www.naturparkmagazin.de\/vdn\/salamaeh-lammsalami-der-marke-gruenland-spessart\/","og_locale":"de_DE","og_type":"article","og_title":"Salam\u00e4h!!! Lammsalami der Marke Gr\u00fcnland Spessart","og_description":"\u201eSalam\u00e4h!!!\u201c - Das ist Regionalentwicklung durch nachhaltige und klimafreundliche Schafhaltung im Naturpark Spessart inklusive leckerer Lammsalami.","og_url":"https:\/\/www.naturparkmagazin.de\/vdn\/salamaeh-lammsalami-der-marke-gruenland-spessart\/","og_site_name":"Verband Deutscher Naturparke","article_published_time":"2022-10-30T11:33:28+00:00","article_modified_time":"2022-11-16T12:37:57+00:00","og_image":[{"width":1000,"height":750,"url":"https:\/\/www.naturparkmagazin.de\/vdn\/wp-content\/uploads\/sites\/3\/Produkt_Schaeferei-Michler-Foto-Alessa-Panarotto-web.jpg","type":"image\/jpeg"}],"author":"manuelamerz","twitter_misc":{"Verfasst von":"manuelamerz","Gesch\u00e4tzte Lesezeit":"1\u00a0Minute"},"schema":{"@context":"https:\/\/schema.org","@graph":[{"@type":"WebPage","@id":"https:\/\/www.naturparkmagazin.de\/vdn\/salamaeh-lammsalami-der-marke-gruenland-spessart\/","url":"https:\/\/www.naturparkmagazin.de\/vdn\/salamaeh-lammsalami-der-marke-gruenland-spessart\/","name":"Salam\u00e4h!!! Lammsalami der Marke Gr\u00fcnland Spessart","isPartOf":{"@id":"https:\/\/www.naturparkmagazin.de\/vdn\/#website"},"datePublished":"2022-10-30T11:33:28+00:00","dateModified":"2022-11-16T12:37:57+00:00","author":{"@id":"https:\/\/www.naturparkmagazin.de\/vdn\/#\/schema\/person\/3cff9b8773ed55f0189255fa9adfd57c"},"description":"\u201eSalam\u00e4h!!!\u201c - Das ist Regionalentwicklung durch nachhaltige und klimafreundliche Schafhaltung im Naturpark Spessart inklusive leckerer Lammsalami.","breadcrumb":{"@id":"https:\/\/www.naturparkmagazin.de\/vdn\/salamaeh-lammsalami-der-marke-gruenland-spessart\/#breadcrumb"},"inLanguage":"de","potentialAction":[{"@type":"ReadAction","target":["https:\/\/www.naturparkmagazin.de\/vdn\/salamaeh-lammsalami-der-marke-gruenland-spessart\/"]}]},{"@type":"BreadcrumbList","@id":"https:\/\/www.naturparkmagazin.de\/vdn\/salamaeh-lammsalami-der-marke-gruenland-spessart\/#breadcrumb","itemListElement":[{"@type":"ListItem","position":1,"name":"Home","item":"https:\/\/www.naturparkmagazin.de\/vdn\/"},{"@type":"ListItem","position":2,"name":"Salam\u00e4h!!! Lammsalami der Marke Gr\u00fcnland Spessart"}]},{"@type":"WebSite","@id":"https:\/\/www.naturparkmagazin.de\/vdn\/#website","url":"https:\/\/www.naturparkmagazin.de\/vdn\/","name":"Verband Deutscher Naturparke","description":"Eine weitere Naturparkmagazin.de Netzwerk Seite","potentialAction":[{"@type":"SearchAction","target":{"@type":"EntryPoint","urlTemplate":"https:\/\/www.naturparkmagazin.de\/vdn\/?s={search_term_string}"},"query-input":"required name=search_term_string"}],"inLanguage":"de"},{"@type":"Person","@id":"https:\/\/www.naturparkmagazin.de\/vdn\/#\/schema\/person\/3cff9b8773ed55f0189255fa9adfd57c","name":"manuelamerz","url":"https:\/\/www.naturparkmagazin.de\/vdn\/author\/manuelamerz\/"}]}},"_links":{"self":[{"href":"https:\/\/www.naturparkmagazin.de\/vdn\/wp-json\/wp\/v2\/posts\/15226"}],"collection":[{"href":"https:\/\/www.naturparkmagazin.de\/vdn\/wp-json\/wp\/v2\/posts"}],"about":[{"href":"https:\/\/www.naturparkmagazin.de\/vdn\/wp-json\/wp\/v2\/types\/post"}],"author":[{"embeddable":true,"href":"https:\/\/www.naturparkmagazin.de\/vdn\/wp-json\/wp\/v2\/users\/73"}],"replies":[{"embeddable":true,"href":"https:\/\/www.naturparkmagazin.de\/vdn\/wp-json\/wp\/v2\/comments?post=15226"}],"version-history":[{"count":6,"href":"https:\/\/www.naturparkmagazin.de\/vdn\/wp-json\/wp\/v2\/posts\/15226\/revisions"}],"predecessor-version":[{"id":15264,"href":"https:\/\/www.naturparkmagazin.de\/vdn\/wp-json\/wp\/v2\/posts\/15226\/revisions\/15264"}],"wp:featuredmedia":[{"embeddable":true,"href":"https:\/\/www.naturparkmagazin.de\/vdn\/wp-json\/wp\/v2\/media\/15227"}],"wp:attachment":[{"href":"https:\/\/www.naturparkmagazin.de\/vdn\/wp-json\/wp\/v2\/media?parent=15226"}],"wp:term":[{"taxonomy":"category","embeddable":true,"href":"https:\/\/www.naturparkmagazin.de\/vdn\/wp-json\/wp\/v2\/categories?post=15226"},{"taxonomy":"post_tag","embeddable":true,"href":"https:\/\/www.naturparkmagazin.de\/vdn\/wp-json\/wp\/v2\/tags?post=15226"}],"curies":[{"name":"wp","href":"https:\/\/api.w.org\/{rel}","templated":true}]}}