{"id":15340,"date":"2022-11-28T11:03:33","date_gmt":"2022-11-28T10:03:33","guid":{"rendered":"https:\/\/www.naturparkmagazin.de\/vdn\/?p=15340"},"modified":"2022-11-29T13:26:04","modified_gmt":"2022-11-29T12:26:04","slug":"jahressieger-augenblick-natur","status":"publish","type":"post","link":"https:\/\/www.naturparkmagazin.de\/vdn\/jahressieger-augenblick-natur\/","title":{"rendered":"Jahressieger &#8222;Augenblick Natur!&#8220;"},"content":{"rendered":"<p>Zum Abschluss des Fotowettbewerbs &#8222;Augenblick Natur!&#8220; 2022 k\u00fcrte die Jury die drei besten Aufnahmen des Jahres:<\/p>\n<p>&nbsp;<\/p>\n<div id=\"attachment_15342\" style=\"width: 510px\" class=\"wp-caption aligncenter\"><a href=\"https:\/\/www.naturparkmagazin.de\/vdn\/wp-content\/uploads\/sites\/3\/b67a0195-bearbeitet_500x300-Px1.jpg\"><img aria-describedby=\"caption-attachment-15342\" decoding=\"async\" loading=\"lazy\" class=\"size-full wp-image-15342\" src=\"https:\/\/www.naturparkmagazin.de\/vdn\/wp-content\/uploads\/sites\/3\/b67a0195-bearbeitet_500x300-Px1.jpg\" alt=\"Hochlandrind \u00a9 VDN-Fotoportal\/duodor\" width=\"500\" height=\"333\" srcset=\"https:\/\/www.naturparkmagazin.de\/vdn\/wp-content\/uploads\/sites\/3\/b67a0195-bearbeitet_500x300-Px1.jpg 500w, https:\/\/www.naturparkmagazin.de\/vdn\/wp-content\/uploads\/sites\/3\/b67a0195-bearbeitet_500x300-Px1-300x200.jpg 300w, https:\/\/www.naturparkmagazin.de\/vdn\/wp-content\/uploads\/sites\/3\/b67a0195-bearbeitet_500x300-Px1-200x133.jpg 200w\" sizes=\"(max-width: 500px) 100vw, 500px\" \/><\/a><p id=\"caption-attachment-15342\" class=\"wp-caption-text\">Hochlandrind \u00a9 VDN-Fotoportal\/duodor<\/p><\/div>\n<p>Platz 1\n\u201eHochlandrind\u201c von duodor\nIm August 2022, dessen Monatsthema \u201eAlte Sorten, alte Rassen\u201c lautete, w\u00e4hlten wir die Aufnahme \u201eHochlandrind\u201c bereits zum Monatssieger. Die urspr\u00fcnglich von den schottischen Inseln und aus dem schottischen Hochland stammende Hausrindrasse wurde in Deutschland erst 1975 eingef\u00fchrt, gilt aber als die \u00e4lteste registrierte Viehrasse. Die Geschichte ihrer Freilandhaltung reicht Jahrhunderte zur\u00fcck. Das dichte, langhaarige Fell und die weitabstehenden H\u00f6rner verleihen den Tieren ein beinahe urzeitliches Aussehen. Der Fotografin \/ dem Fotografen gelingt ein Tierportrait, das, &#8211; dem Betrachter zugewandt -, die physiognomischen Merkmale der Rasse detail- und kontrastreich darstellt. Vor diesem hyperreal wirkenden Vordergrund verliert sich der Hintergrund der Aufnahme, &#8211; die winterliche Landschaft des Naturparks Schlei -, in dichtem Nebel. Der kontrast- und detailarme Hintergrund r\u00fcckt zum einen das Hochlandrind in das Zentrum der Betrachtung, zum anderen bewirkt er die assoziative Verbindung des Tieres mit seiner r\u00e4umlichen und zeitlichen Herkunft. Schon vor Jahrhunderten begegneten Menschen im schottischen Hochland den gutm\u00fctigen Tieren auf \u00e4hnliche Art und Weise, in nebligen Landschaften, in sich gleichenden Szenerien.\nAuch bei der Wahl des Jahressiegers beeindruckte uns die Aufnahme \u201eHochlandrind\u201c von duodor erneut. Wir gratulieren zum Jahressieg 2022!<\/p>\n<p>&nbsp;<\/p>\n<div id=\"attachment_15341\" style=\"width: 630px\" class=\"wp-caption aligncenter\"><a href=\"https:\/\/www.naturparkmagazin.de\/vdn\/wp-content\/uploads\/sites\/3\/144a1512-11.jpg\"><img aria-describedby=\"caption-attachment-15341\" decoding=\"async\" loading=\"lazy\" class=\"size-medium wp-image-15341\" src=\"https:\/\/www.naturparkmagazin.de\/vdn\/wp-content\/uploads\/sites\/3\/144a1512-11-620x381.jpg\" alt=\"Goetheweg \u00a9 VDN-Fotoportal\/M. Hildebrandt\" width=\"620\" height=\"381\" srcset=\"https:\/\/www.naturparkmagazin.de\/vdn\/wp-content\/uploads\/sites\/3\/144a1512-11-620x381.jpg 620w, https:\/\/www.naturparkmagazin.de\/vdn\/wp-content\/uploads\/sites\/3\/144a1512-11-300x184.jpg 300w, https:\/\/www.naturparkmagazin.de\/vdn\/wp-content\/uploads\/sites\/3\/144a1512-11-940x577.jpg 940w, https:\/\/www.naturparkmagazin.de\/vdn\/wp-content\/uploads\/sites\/3\/144a1512-11-670x412.jpg 670w, https:\/\/www.naturparkmagazin.de\/vdn\/wp-content\/uploads\/sites\/3\/144a1512-11-200x123.jpg 200w\" sizes=\"(max-width: 620px) 100vw, 620px\" \/><\/a><p id=\"caption-attachment-15341\" class=\"wp-caption-text\">Goetheweg \u00a9 VDN-Fotoportal\/M. Hildebrandt<\/p><\/div>\n<p>Platz 2\n\u201eGoetheweg\u201c von Mario Hildebrandt\nEigentlich sollte es ja die Aufgabe der Jury sein, passende Worte f\u00fcr die eingesandten Bilder zu finden. Wir kommen aber nicht umhin, in diesem Fall eine Ausnahme zu machen und uns beim Namensgeber des Aufnahmeortes zu bedienen. Dieser bereiste im Winter 1777 den Brocken, und er muss ann\u00e4hernd die gleichen Dinge gesehen haben wie unser Bildermacher. Denn die Aussagen des Geheimrates stimmen frappierend genau mit dem Inhalt der Aufnahme \u00fcberein, die ja fast 250 Jahre nach der Wanderung Goethes entstanden ist: \u201eHeitrer herrlicher Augenblick, die ganze Welt in Wolken und Nebel und oben alles heiter. Was ist der Mensch, dass du sein gedenkst.\u201c Es scheint so, als habe die Wanderung durch unwegsames Gel\u00e4nde nachhaltigen Eindruck bei dem Dichter hinterlassen. Auch wir sind tief beeindruckt von der Fotografie: Als h\u00e4tten sich die Spitzen eines Nadelwaldes durch ein schier undurchdringliches, das ganze Bild ausf\u00fcllendes Wolkenmeer gerungen, ragen diese lediglich in wenigen Ausschnitten empor. Um diese Naturgewalt geb\u00fchrlich zu illustrieren, entscheidet sich der Bildautor f\u00fcr eine Umsetzung in extrem kontrastreichem Schwarz-Wei\u00df; dabei verlieren sich Teile des Nadelwaldes in sattem Schwarz. Es ist genau dieser Gegensatz zwischen der Gr\u00f6\u00dfe und Erhabenheit der Natur und der Nichtigkeit des Menschen, der zu einem Hauptthema der Romantiker wurde und der hier nachsp\u00fcrbar wird. Damit geb\u00fchrt dem \u201eGoetheweg\u201c zu Recht der 2. Platz in der Jahreswertung \u2013 wir gratulieren!<\/p>\n<p>&nbsp;<\/p>\n<div id=\"attachment_15343\" style=\"width: 510px\" class=\"wp-caption aligncenter\"><a href=\"https:\/\/www.naturparkmagazin.de\/vdn\/wp-content\/uploads\/sites\/3\/dsc01347-edited_kl.jpg\"><img aria-describedby=\"caption-attachment-15343\" decoding=\"async\" loading=\"lazy\" class=\"size-full wp-image-15343\" src=\"https:\/\/www.naturparkmagazin.de\/vdn\/wp-content\/uploads\/sites\/3\/dsc01347-edited_kl.jpg\" alt=\"Krabbenspinne mit Beute \u00a9 VDN-Fotoportal\/aurora\" width=\"500\" height=\"417\" srcset=\"https:\/\/www.naturparkmagazin.de\/vdn\/wp-content\/uploads\/sites\/3\/dsc01347-edited_kl.jpg 500w, https:\/\/www.naturparkmagazin.de\/vdn\/wp-content\/uploads\/sites\/3\/dsc01347-edited_kl-300x250.jpg 300w, https:\/\/www.naturparkmagazin.de\/vdn\/wp-content\/uploads\/sites\/3\/dsc01347-edited_kl-200x167.jpg 200w\" sizes=\"(max-width: 500px) 100vw, 500px\" \/><\/a><p id=\"caption-attachment-15343\" class=\"wp-caption-text\">Krabbenspinne mit Beute \u00a9 VDN-Fotoportal\/aurora<\/p><\/div>\n<p>Platz 3\n\u201eKrabbenspinne mit Beute ( 1 )\u201c von Aurora\nInmitten des gezahnten Blattrandes einer Brennnessel erschafft der Bildautor die B\u00fchne f\u00fcr ein sehr ungleiches Paar: Kopf\u00fcber in den offensichtlich kraftvollen Kieferwerkzeugen der Krabbenspinne schwebend erwartet ein Gr\u00fcnr\u00fcssler sein vermutlich nahendes irdisches Ende. W\u00e4hrend die umgebende Flora lediglich Varianten von Gr\u00fcn in unterschiedlichen Sch\u00e4rfegraden offenbart, wirken die beiden Protagonisten angesichts der ungew\u00f6hnlichen Position des unterlegenen Insekts sowie der \u00fcberaus detailliert abgebildeten Anatomie beinahe hyperreal. Wie bereits in der Begr\u00fcndung zum damaligen Monatssieg angef\u00fchrt, gelingt es dem Bildautor hier, dem Betrachter eine Welt zu er\u00f6ffnen, die dem unbewaffneten Auge verborgen geblieben w\u00e4re. Dadurch entsteht eine konzentriert dramatische Szenerie, die durch Reduktion auf wenige Elemente ein hohes \u00e4sthetisches Niveau erreicht \u2013 wir gratulieren herzlich zur drittbesten Aufnahme des Jahres 2022!<\/p>\n<p>Wir bedanken uns bei allen Teilnehmer*innen f\u00fcr ihre Unterst\u00fctzung der Naturparkarbeit, begl\u00fcckw\u00fcnschen die Jahressieger und freuen uns schon auf den n\u00e4chsten Wettbewerb!<\/p>\n<p>Das VDN-Team<\/p>\n<p>&nbsp;<\/p>\n<p>&nbsp;<\/p>\n","protected":false},"excerpt":{"rendered":"<p>Zum Abschluss des Fotowettbewerbs &#8222;Augenblick Natur!&#8220; 2022 k\u00fcrte die Jury die drei besten Aufnahmen des Jahres.<\/p>\n","protected":false},"author":73,"featured_media":15342,"comment_status":"open","ping_status":"open","sticky":false,"template":"","format":"standard","meta":{"_links_to":"","_links_to_target":""},"categories":[10],"tags":[806,2761,2225,94,3140],"yoast_head":"<!-- This site is optimized with the Yoast SEO plugin v19.10 - https:\/\/yoast.com\/wordpress\/plugins\/seo\/ -->\n<title>Jahressieger &quot;Augenblick Natur!&quot;<\/title>\n<meta name=\"description\" content=\"Zum Abschluss des Fotowettbewerbs &quot;Augenblick Natur!&quot; 2022 k\u00fcrte die Jury die drei besten Aufnahmen des Jahres.\" \/>\n<meta name=\"robots\" content=\"index, follow, max-snippet:-1, max-image-preview:large, max-video-preview:-1\" \/>\n<link rel=\"canonical\" href=\"https:\/\/www.naturparkmagazin.de\/vdn\/jahressieger-augenblick-natur\/\" \/>\n<meta property=\"og:locale\" content=\"de_DE\" \/>\n<meta property=\"og:type\" content=\"article\" \/>\n<meta property=\"og:title\" content=\"Jahressieger &quot;Augenblick Natur!&quot;\" \/>\n<meta property=\"og:description\" content=\"Zum Abschluss des Fotowettbewerbs &quot;Augenblick Natur!&quot; 2022 k\u00fcrte die Jury die drei besten Aufnahmen des Jahres.\" \/>\n<meta property=\"og:url\" content=\"https:\/\/www.naturparkmagazin.de\/vdn\/jahressieger-augenblick-natur\/\" \/>\n<meta property=\"og:site_name\" content=\"Verband Deutscher Naturparke\" \/>\n<meta property=\"article:published_time\" content=\"2022-11-28T10:03:33+00:00\" \/>\n<meta property=\"article:modified_time\" content=\"2022-11-29T12:26:04+00:00\" \/>\n<meta property=\"og:image\" content=\"https:\/\/www.naturparkmagazin.de\/vdn\/wp-content\/uploads\/sites\/3\/b67a0195-bearbeitet_500x300-Px1.jpg\" \/>\n\t<meta property=\"og:image:width\" content=\"500\" \/>\n\t<meta property=\"og:image:height\" content=\"333\" \/>\n\t<meta property=\"og:image:type\" content=\"image\/jpeg\" \/>\n<meta name=\"author\" content=\"manuelamerz\" \/>\n<meta name=\"twitter:label1\" content=\"Verfasst von\" \/>\n\t<meta name=\"twitter:data1\" content=\"manuelamerz\" \/>\n\t<meta name=\"twitter:label2\" content=\"Gesch\u00e4tzte Lesezeit\" \/>\n\t<meta name=\"twitter:data2\" content=\"3\u00a0Minuten\" \/>\n<script type=\"application\/ld+json\" class=\"yoast-schema-graph\">{\"@context\":\"https:\/\/schema.org\",\"@graph\":[{\"@type\":\"WebPage\",\"@id\":\"https:\/\/www.naturparkmagazin.de\/vdn\/jahressieger-augenblick-natur\/\",\"url\":\"https:\/\/www.naturparkmagazin.de\/vdn\/jahressieger-augenblick-natur\/\",\"name\":\"Jahressieger \\\"Augenblick Natur!\\\"\",\"isPartOf\":{\"@id\":\"https:\/\/www.naturparkmagazin.de\/vdn\/#website\"},\"datePublished\":\"2022-11-28T10:03:33+00:00\",\"dateModified\":\"2022-11-29T12:26:04+00:00\",\"author\":{\"@id\":\"https:\/\/www.naturparkmagazin.de\/vdn\/#\/schema\/person\/3cff9b8773ed55f0189255fa9adfd57c\"},\"description\":\"Zum Abschluss des Fotowettbewerbs \\\"Augenblick Natur!\\\" 2022 k\u00fcrte die Jury die drei besten Aufnahmen des Jahres.\",\"breadcrumb\":{\"@id\":\"https:\/\/www.naturparkmagazin.de\/vdn\/jahressieger-augenblick-natur\/#breadcrumb\"},\"inLanguage\":\"de\",\"potentialAction\":[{\"@type\":\"ReadAction\",\"target\":[\"https:\/\/www.naturparkmagazin.de\/vdn\/jahressieger-augenblick-natur\/\"]}]},{\"@type\":\"BreadcrumbList\",\"@id\":\"https:\/\/www.naturparkmagazin.de\/vdn\/jahressieger-augenblick-natur\/#breadcrumb\",\"itemListElement\":[{\"@type\":\"ListItem\",\"position\":1,\"name\":\"Home\",\"item\":\"https:\/\/www.naturparkmagazin.de\/vdn\/\"},{\"@type\":\"ListItem\",\"position\":2,\"name\":\"Jahressieger &#8222;Augenblick Natur!&#8220;\"}]},{\"@type\":\"WebSite\",\"@id\":\"https:\/\/www.naturparkmagazin.de\/vdn\/#website\",\"url\":\"https:\/\/www.naturparkmagazin.de\/vdn\/\",\"name\":\"Verband Deutscher Naturparke\",\"description\":\"Eine weitere Naturparkmagazin.de Netzwerk Seite\",\"potentialAction\":[{\"@type\":\"SearchAction\",\"target\":{\"@type\":\"EntryPoint\",\"urlTemplate\":\"https:\/\/www.naturparkmagazin.de\/vdn\/?s={search_term_string}\"},\"query-input\":\"required name=search_term_string\"}],\"inLanguage\":\"de\"},{\"@type\":\"Person\",\"@id\":\"https:\/\/www.naturparkmagazin.de\/vdn\/#\/schema\/person\/3cff9b8773ed55f0189255fa9adfd57c\",\"name\":\"manuelamerz\",\"url\":\"https:\/\/www.naturparkmagazin.de\/vdn\/author\/manuelamerz\/\"}]}<\/script>\n<!-- \/ Yoast SEO plugin. -->","yoast_head_json":{"title":"Jahressieger \"Augenblick Natur!\"","description":"Zum Abschluss des Fotowettbewerbs \"Augenblick Natur!\" 2022 k\u00fcrte die Jury die drei besten Aufnahmen des Jahres.","robots":{"index":"index","follow":"follow","max-snippet":"max-snippet:-1","max-image-preview":"max-image-preview:large","max-video-preview":"max-video-preview:-1"},"canonical":"https:\/\/www.naturparkmagazin.de\/vdn\/jahressieger-augenblick-natur\/","og_locale":"de_DE","og_type":"article","og_title":"Jahressieger \"Augenblick Natur!\"","og_description":"Zum Abschluss des Fotowettbewerbs \"Augenblick Natur!\" 2022 k\u00fcrte die Jury die drei besten Aufnahmen des Jahres.","og_url":"https:\/\/www.naturparkmagazin.de\/vdn\/jahressieger-augenblick-natur\/","og_site_name":"Verband Deutscher Naturparke","article_published_time":"2022-11-28T10:03:33+00:00","article_modified_time":"2022-11-29T12:26:04+00:00","og_image":[{"width":500,"height":333,"url":"https:\/\/www.naturparkmagazin.de\/vdn\/wp-content\/uploads\/sites\/3\/b67a0195-bearbeitet_500x300-Px1.jpg","type":"image\/jpeg"}],"author":"manuelamerz","twitter_misc":{"Verfasst von":"manuelamerz","Gesch\u00e4tzte Lesezeit":"3\u00a0Minuten"},"schema":{"@context":"https:\/\/schema.org","@graph":[{"@type":"WebPage","@id":"https:\/\/www.naturparkmagazin.de\/vdn\/jahressieger-augenblick-natur\/","url":"https:\/\/www.naturparkmagazin.de\/vdn\/jahressieger-augenblick-natur\/","name":"Jahressieger \"Augenblick Natur!\"","isPartOf":{"@id":"https:\/\/www.naturparkmagazin.de\/vdn\/#website"},"datePublished":"2022-11-28T10:03:33+00:00","dateModified":"2022-11-29T12:26:04+00:00","author":{"@id":"https:\/\/www.naturparkmagazin.de\/vdn\/#\/schema\/person\/3cff9b8773ed55f0189255fa9adfd57c"},"description":"Zum Abschluss des Fotowettbewerbs \"Augenblick Natur!\" 2022 k\u00fcrte die Jury die drei besten Aufnahmen des Jahres.","breadcrumb":{"@id":"https:\/\/www.naturparkmagazin.de\/vdn\/jahressieger-augenblick-natur\/#breadcrumb"},"inLanguage":"de","potentialAction":[{"@type":"ReadAction","target":["https:\/\/www.naturparkmagazin.de\/vdn\/jahressieger-augenblick-natur\/"]}]},{"@type":"BreadcrumbList","@id":"https:\/\/www.naturparkmagazin.de\/vdn\/jahressieger-augenblick-natur\/#breadcrumb","itemListElement":[{"@type":"ListItem","position":1,"name":"Home","item":"https:\/\/www.naturparkmagazin.de\/vdn\/"},{"@type":"ListItem","position":2,"name":"Jahressieger &#8222;Augenblick Natur!&#8220;"}]},{"@type":"WebSite","@id":"https:\/\/www.naturparkmagazin.de\/vdn\/#website","url":"https:\/\/www.naturparkmagazin.de\/vdn\/","name":"Verband Deutscher Naturparke","description":"Eine weitere Naturparkmagazin.de Netzwerk Seite","potentialAction":[{"@type":"SearchAction","target":{"@type":"EntryPoint","urlTemplate":"https:\/\/www.naturparkmagazin.de\/vdn\/?s={search_term_string}"},"query-input":"required name=search_term_string"}],"inLanguage":"de"},{"@type":"Person","@id":"https:\/\/www.naturparkmagazin.de\/vdn\/#\/schema\/person\/3cff9b8773ed55f0189255fa9adfd57c","name":"manuelamerz","url":"https:\/\/www.naturparkmagazin.de\/vdn\/author\/manuelamerz\/"}]}},"_links":{"self":[{"href":"https:\/\/www.naturparkmagazin.de\/vdn\/wp-json\/wp\/v2\/posts\/15340"}],"collection":[{"href":"https:\/\/www.naturparkmagazin.de\/vdn\/wp-json\/wp\/v2\/posts"}],"about":[{"href":"https:\/\/www.naturparkmagazin.de\/vdn\/wp-json\/wp\/v2\/types\/post"}],"author":[{"embeddable":true,"href":"https:\/\/www.naturparkmagazin.de\/vdn\/wp-json\/wp\/v2\/users\/73"}],"replies":[{"embeddable":true,"href":"https:\/\/www.naturparkmagazin.de\/vdn\/wp-json\/wp\/v2\/comments?post=15340"}],"version-history":[{"count":2,"href":"https:\/\/www.naturparkmagazin.de\/vdn\/wp-json\/wp\/v2\/posts\/15340\/revisions"}],"predecessor-version":[{"id":15345,"href":"https:\/\/www.naturparkmagazin.de\/vdn\/wp-json\/wp\/v2\/posts\/15340\/revisions\/15345"}],"wp:featuredmedia":[{"embeddable":true,"href":"https:\/\/www.naturparkmagazin.de\/vdn\/wp-json\/wp\/v2\/media\/15342"}],"wp:attachment":[{"href":"https:\/\/www.naturparkmagazin.de\/vdn\/wp-json\/wp\/v2\/media?parent=15340"}],"wp:term":[{"taxonomy":"category","embeddable":true,"href":"https:\/\/www.naturparkmagazin.de\/vdn\/wp-json\/wp\/v2\/categories?post=15340"},{"taxonomy":"post_tag","embeddable":true,"href":"https:\/\/www.naturparkmagazin.de\/vdn\/wp-json\/wp\/v2\/tags?post=15340"}],"curies":[{"name":"wp","href":"https:\/\/api.w.org\/{rel}","templated":true}]}}