{"id":1535,"date":"2013-07-03T12:00:38","date_gmt":"2013-07-03T10:00:38","guid":{"rendered":"http:\/\/www.naturparkmagazin.de\/vdn\/?p=1535"},"modified":"2014-04-09T13:34:37","modified_gmt":"2014-04-09T11:34:37","slug":"alles-kaese-und-ob-die-kaeseroute-im-naturpark-suedschwarzwald","status":"publish","type":"post","link":"https:\/\/www.naturparkmagazin.de\/vdn\/alles-kaese-und-ob-die-kaeseroute-im-naturpark-suedschwarzwald\/","title":{"rendered":"Alles K\u00e4se? Und ob! &#8211; Die K\u00e4seroute im Naturpark S\u00fcdschwarzwald"},"content":{"rendered":"<p>&nbsp;<\/p>\n<p style=\"text-align: center\"><a href=\"https:\/\/www.naturparkmagazin.de\/vdn\/wp-content\/uploads\/sites\/3\/Hochweide_NP-SSW_SPlewinski-VDN.jpg\"><img decoding=\"async\" loading=\"lazy\" class=\"aligncenter size-medium wp-image-1600\" title=\"Hochweide im Naturpark S\u00fcdschwarzwald - Copyright: VDN\/Stanislaus Plewinski \" alt=\"Hochweide_NP SSW_SPlewinski VDN\" src=\"https:\/\/www.naturparkmagazin.de\/vdn\/wp-content\/uploads\/sites\/3\/Hochweide_NP-SSW_SPlewinski-VDN-620x413.jpg\" width=\"620\" height=\"413\" srcset=\"https:\/\/www.naturparkmagazin.de\/vdn\/wp-content\/uploads\/sites\/3\/Hochweide_NP-SSW_SPlewinski-VDN-620x413.jpg 620w, https:\/\/www.naturparkmagazin.de\/vdn\/wp-content\/uploads\/sites\/3\/Hochweide_NP-SSW_SPlewinski-VDN-300x200.jpg 300w, https:\/\/www.naturparkmagazin.de\/vdn\/wp-content\/uploads\/sites\/3\/Hochweide_NP-SSW_SPlewinski-VDN-940x626.jpg 940w, https:\/\/www.naturparkmagazin.de\/vdn\/wp-content\/uploads\/sites\/3\/Hochweide_NP-SSW_SPlewinski-VDN-670x446.jpg 670w, https:\/\/www.naturparkmagazin.de\/vdn\/wp-content\/uploads\/sites\/3\/Hochweide_NP-SSW_SPlewinski-VDN-200x133.jpg 200w, https:\/\/www.naturparkmagazin.de\/vdn\/wp-content\/uploads\/sites\/3\/Hochweide_NP-SSW_SPlewinski-VDN.jpg 1025w\" sizes=\"(max-width: 620px) 100vw, 620px\" \/><\/a><\/p>\n<p>Im Schwarzwald blickt man zwar auf keine lange K\u00e4setradition zur\u00fcck, da die Besiedelung mit Bauernh\u00f6fen bis in die Hochlagen erfolgt war. So war es auch nicht notwendig, die schnell verderbliche Milch \u00fcber die K\u00e4seherstellung haltbar zu machen.<\/p>\n<p>Erst seit wenigen Jahrzehnten hat die Verarbeitung von Milch Einzug in den Schwarzwald gehalten. Innovative Landwirte eigneten sich das handwerkliche K\u00f6nnen an. Die Tradition des \u201eBibilisk\u00e4s\u201c im Schwarzwald wurde \u00fcber verschiedene Weichk\u00e4sesorten bis zum lang gereiften Bergk\u00e4se fortgef\u00fchrt. Das Aroma und der Geschmack des K\u00e4ses sind das Produkt aus saftigen, kr\u00e4uterreichen Wiesen und Weiden sowie einer schmackhaften und hochwertigen Milch.<\/p>\n<p><a href=\"https:\/\/www.naturparkmagazin.de\/vdn\/wp-content\/uploads\/sites\/3\/K\u00e4seroute_Hof-Till-Schluchsee_Peter-Mesenholl_quint-Werbeagentur-GmbH-4.jpg\"><img decoding=\"async\" loading=\"lazy\" class=\"aligncenter size-medium wp-image-1599\" title=\"Produkte des K\u00e4serouten-Hofes Hof &quot;Till&quot; am Schluchsee - Copyright: Peter Mesenholl\/quint Werbeagentur GmbH \" alt=\"K\u00e4seroute_Hof Till Schluchsee_Peter Mesenholl_quint Werbeagentur GmbH (4)\" src=\"https:\/\/www.naturparkmagazin.de\/vdn\/wp-content\/uploads\/sites\/3\/K\u00e4seroute_Hof-Till-Schluchsee_Peter-Mesenholl_quint-Werbeagentur-GmbH-4-620x413.jpg\" width=\"620\" height=\"413\" srcset=\"https:\/\/www.naturparkmagazin.de\/vdn\/wp-content\/uploads\/sites\/3\/K\u00e4seroute_Hof-Till-Schluchsee_Peter-Mesenholl_quint-Werbeagentur-GmbH-4-620x413.jpg 620w, https:\/\/www.naturparkmagazin.de\/vdn\/wp-content\/uploads\/sites\/3\/K\u00e4seroute_Hof-Till-Schluchsee_Peter-Mesenholl_quint-Werbeagentur-GmbH-4-300x200.jpg 300w, https:\/\/www.naturparkmagazin.de\/vdn\/wp-content\/uploads\/sites\/3\/K\u00e4seroute_Hof-Till-Schluchsee_Peter-Mesenholl_quint-Werbeagentur-GmbH-4-940x626.jpg 940w, https:\/\/www.naturparkmagazin.de\/vdn\/wp-content\/uploads\/sites\/3\/K\u00e4seroute_Hof-Till-Schluchsee_Peter-Mesenholl_quint-Werbeagentur-GmbH-4-670x446.jpg 670w, https:\/\/www.naturparkmagazin.de\/vdn\/wp-content\/uploads\/sites\/3\/K\u00e4seroute_Hof-Till-Schluchsee_Peter-Mesenholl_quint-Werbeagentur-GmbH-4-200x133.jpg 200w, https:\/\/www.naturparkmagazin.de\/vdn\/wp-content\/uploads\/sites\/3\/K\u00e4seroute_Hof-Till-Schluchsee_Peter-Mesenholl_quint-Werbeagentur-GmbH-4.jpg 1025w\" sizes=\"(max-width: 620px) 100vw, 620px\" \/><\/a><\/p>\n<p>Entlang der K\u00e4seroute im Naturpark S\u00fcdschwarzwald finden sich viele kleinere Hofk\u00e4sereien, in denen man diese Vielfalt verschiedener Schwarzw\u00e4lder K\u00e4sesorten probieren und kaufen kann. Durch die direkte Vermarktung ab Hof ist es im S\u00fcdschwarzwald auch den kleinen Betrieben m\u00f6glich, zu existieren und damit zum Erhalt der einmaligen Kulturlandschaft beizutragen.<\/p>\n<p style=\"text-align: center\"><a href=\"https:\/\/www.naturparkmagazin.de\/vdn\/wp-content\/uploads\/sites\/3\/K\u00e4seroute_Logo-auf-Holz1.jpg\"><img decoding=\"async\" loading=\"lazy\" class=\"aligncenter size-medium wp-image-1598\" title=\"K\u00e4serouten-Logo auf Holz - Copyright: Naturpark S\u00fcdschwarzwald\" alt=\"K\u00e4seroute_Logo auf Holz\" src=\"https:\/\/www.naturparkmagazin.de\/vdn\/wp-content\/uploads\/sites\/3\/K\u00e4seroute_Logo-auf-Holz1-620x449.jpg\" width=\"620\" height=\"449\" srcset=\"https:\/\/www.naturparkmagazin.de\/vdn\/wp-content\/uploads\/sites\/3\/K\u00e4seroute_Logo-auf-Holz1-620x449.jpg 620w, https:\/\/www.naturparkmagazin.de\/vdn\/wp-content\/uploads\/sites\/3\/K\u00e4seroute_Logo-auf-Holz1-300x217.jpg 300w, https:\/\/www.naturparkmagazin.de\/vdn\/wp-content\/uploads\/sites\/3\/K\u00e4seroute_Logo-auf-Holz1-670x485.jpg 670w, https:\/\/www.naturparkmagazin.de\/vdn\/wp-content\/uploads\/sites\/3\/K\u00e4seroute_Logo-auf-Holz1-200x145.jpg 200w, https:\/\/www.naturparkmagazin.de\/vdn\/wp-content\/uploads\/sites\/3\/K\u00e4seroute_Logo-auf-Holz1.jpg 766w\" sizes=\"(max-width: 620px) 100vw, 620px\" \/><\/a><\/p>\n<p><a href=\"http:\/\/www.naturpark-suedschwarzwald.de\">www.naturpark-suedschwarzwald.de<\/a><\/p>\n","protected":false},"excerpt":{"rendered":"<p>Entlang der K\u00e4seroute im Naturpark S\u00fcdschwarzwald finden sich viele kleinere Hofk\u00e4sereien, in denen man diese Vielfalt verschiedener Schwarzw\u00e4lder K\u00e4sesorten probieren und kaufen kann.<\/p>\n","protected":false},"author":14,"featured_media":1598,"comment_status":"open","ping_status":"open","sticky":false,"template":"","format":"standard","meta":{"_links_to":"","_links_to_target":""},"categories":[11],"tags":[],"yoast_head":"<!-- This site is optimized with the Yoast SEO plugin v19.10 - https:\/\/yoast.com\/wordpress\/plugins\/seo\/ -->\n<title>Alles K\u00e4se? Und ob! - Die K\u00e4seroute im Naturpark S\u00fcdschwarzwald<\/title>\n<meta name=\"description\" content=\"Entlang der K\u00e4seroute im Naturpark S\u00fcdschwarzwald finden sich viele kleinere Hofk\u00e4sereien, in denen man diese Vielfalt verschiedener Schwarzw\u00e4lder K\u00e4sesorten probieren und kaufen kann.\" \/>\n<meta name=\"robots\" content=\"index, follow, max-snippet:-1, max-image-preview:large, max-video-preview:-1\" \/>\n<link rel=\"canonical\" href=\"https:\/\/www.naturparkmagazin.de\/vdn\/alles-kaese-und-ob-die-kaeseroute-im-naturpark-suedschwarzwald\/\" \/>\n<meta property=\"og:locale\" content=\"de_DE\" \/>\n<meta property=\"og:type\" content=\"article\" \/>\n<meta property=\"og:title\" content=\"Alles K\u00e4se? Und ob! - Die K\u00e4seroute im Naturpark S\u00fcdschwarzwald\" \/>\n<meta property=\"og:description\" content=\"Entlang der K\u00e4seroute im Naturpark S\u00fcdschwarzwald finden sich viele kleinere Hofk\u00e4sereien, in denen man diese Vielfalt verschiedener Schwarzw\u00e4lder K\u00e4sesorten probieren und kaufen kann.\" \/>\n<meta property=\"og:url\" content=\"https:\/\/www.naturparkmagazin.de\/vdn\/alles-kaese-und-ob-die-kaeseroute-im-naturpark-suedschwarzwald\/\" \/>\n<meta property=\"og:site_name\" content=\"Verband Deutscher Naturparke\" \/>\n<meta property=\"article:published_time\" content=\"2013-07-03T10:00:38+00:00\" \/>\n<meta property=\"article:modified_time\" content=\"2014-04-09T11:34:37+00:00\" \/>\n<meta property=\"og:image\" content=\"https:\/\/www.naturparkmagazin.de\/vdn\/wp-content\/uploads\/sites\/3\/K\u00e4seroute_Logo-auf-Holz1.jpg\" \/>\n\t<meta property=\"og:image:width\" content=\"766\" \/>\n\t<meta property=\"og:image:height\" content=\"555\" \/>\n\t<meta property=\"og:image:type\" content=\"image\/jpeg\" \/>\n<meta name=\"author\" content=\"vdnnational\" \/>\n<meta name=\"twitter:label1\" content=\"Verfasst von\" \/>\n\t<meta name=\"twitter:data1\" content=\"vdnnational\" \/>\n\t<meta name=\"twitter:label2\" content=\"Gesch\u00e4tzte Lesezeit\" \/>\n\t<meta name=\"twitter:data2\" content=\"1\u00a0Minute\" \/>\n<script type=\"application\/ld+json\" class=\"yoast-schema-graph\">{\"@context\":\"https:\/\/schema.org\",\"@graph\":[{\"@type\":\"WebPage\",\"@id\":\"https:\/\/www.naturparkmagazin.de\/vdn\/alles-kaese-und-ob-die-kaeseroute-im-naturpark-suedschwarzwald\/\",\"url\":\"https:\/\/www.naturparkmagazin.de\/vdn\/alles-kaese-und-ob-die-kaeseroute-im-naturpark-suedschwarzwald\/\",\"name\":\"Alles K\u00e4se? Und ob! - Die K\u00e4seroute im Naturpark S\u00fcdschwarzwald\",\"isPartOf\":{\"@id\":\"https:\/\/www.naturparkmagazin.de\/vdn\/#website\"},\"datePublished\":\"2013-07-03T10:00:38+00:00\",\"dateModified\":\"2014-04-09T11:34:37+00:00\",\"author\":{\"@id\":\"https:\/\/www.naturparkmagazin.de\/vdn\/#\/schema\/person\/e28d931df83318a48d52ae72b08d2bfb\"},\"description\":\"Entlang der K\u00e4seroute im Naturpark S\u00fcdschwarzwald finden sich viele kleinere Hofk\u00e4sereien, in denen man diese Vielfalt verschiedener Schwarzw\u00e4lder K\u00e4sesorten probieren und kaufen kann.\",\"breadcrumb\":{\"@id\":\"https:\/\/www.naturparkmagazin.de\/vdn\/alles-kaese-und-ob-die-kaeseroute-im-naturpark-suedschwarzwald\/#breadcrumb\"},\"inLanguage\":\"de\",\"potentialAction\":[{\"@type\":\"ReadAction\",\"target\":[\"https:\/\/www.naturparkmagazin.de\/vdn\/alles-kaese-und-ob-die-kaeseroute-im-naturpark-suedschwarzwald\/\"]}]},{\"@type\":\"BreadcrumbList\",\"@id\":\"https:\/\/www.naturparkmagazin.de\/vdn\/alles-kaese-und-ob-die-kaeseroute-im-naturpark-suedschwarzwald\/#breadcrumb\",\"itemListElement\":[{\"@type\":\"ListItem\",\"position\":1,\"name\":\"Home\",\"item\":\"https:\/\/www.naturparkmagazin.de\/vdn\/\"},{\"@type\":\"ListItem\",\"position\":2,\"name\":\"Alles K\u00e4se? Und ob! &#8211; Die K\u00e4seroute im Naturpark S\u00fcdschwarzwald\"}]},{\"@type\":\"WebSite\",\"@id\":\"https:\/\/www.naturparkmagazin.de\/vdn\/#website\",\"url\":\"https:\/\/www.naturparkmagazin.de\/vdn\/\",\"name\":\"Verband Deutscher Naturparke\",\"description\":\"Eine weitere Naturparkmagazin.de Netzwerk Seite\",\"potentialAction\":[{\"@type\":\"SearchAction\",\"target\":{\"@type\":\"EntryPoint\",\"urlTemplate\":\"https:\/\/www.naturparkmagazin.de\/vdn\/?s={search_term_string}\"},\"query-input\":\"required name=search_term_string\"}],\"inLanguage\":\"de\"},{\"@type\":\"Person\",\"@id\":\"https:\/\/www.naturparkmagazin.de\/vdn\/#\/schema\/person\/e28d931df83318a48d52ae72b08d2bfb\",\"name\":\"vdnnational\",\"url\":\"https:\/\/www.naturparkmagazin.de\/vdn\/author\/vdnnational\/\"}]}<\/script>\n<!-- \/ Yoast SEO plugin. -->","yoast_head_json":{"title":"Alles K\u00e4se? Und ob! - Die K\u00e4seroute im Naturpark S\u00fcdschwarzwald","description":"Entlang der K\u00e4seroute im Naturpark S\u00fcdschwarzwald finden sich viele kleinere Hofk\u00e4sereien, in denen man diese Vielfalt verschiedener Schwarzw\u00e4lder K\u00e4sesorten probieren und kaufen kann.","robots":{"index":"index","follow":"follow","max-snippet":"max-snippet:-1","max-image-preview":"max-image-preview:large","max-video-preview":"max-video-preview:-1"},"canonical":"https:\/\/www.naturparkmagazin.de\/vdn\/alles-kaese-und-ob-die-kaeseroute-im-naturpark-suedschwarzwald\/","og_locale":"de_DE","og_type":"article","og_title":"Alles K\u00e4se? Und ob! - Die K\u00e4seroute im Naturpark S\u00fcdschwarzwald","og_description":"Entlang der K\u00e4seroute im Naturpark S\u00fcdschwarzwald finden sich viele kleinere Hofk\u00e4sereien, in denen man diese Vielfalt verschiedener Schwarzw\u00e4lder K\u00e4sesorten probieren und kaufen kann.","og_url":"https:\/\/www.naturparkmagazin.de\/vdn\/alles-kaese-und-ob-die-kaeseroute-im-naturpark-suedschwarzwald\/","og_site_name":"Verband Deutscher Naturparke","article_published_time":"2013-07-03T10:00:38+00:00","article_modified_time":"2014-04-09T11:34:37+00:00","og_image":[{"width":766,"height":555,"url":"https:\/\/www.naturparkmagazin.de\/vdn\/wp-content\/uploads\/sites\/3\/K\u00e4seroute_Logo-auf-Holz1.jpg","type":"image\/jpeg"}],"author":"vdnnational","twitter_misc":{"Verfasst von":"vdnnational","Gesch\u00e4tzte Lesezeit":"1\u00a0Minute"},"schema":{"@context":"https:\/\/schema.org","@graph":[{"@type":"WebPage","@id":"https:\/\/www.naturparkmagazin.de\/vdn\/alles-kaese-und-ob-die-kaeseroute-im-naturpark-suedschwarzwald\/","url":"https:\/\/www.naturparkmagazin.de\/vdn\/alles-kaese-und-ob-die-kaeseroute-im-naturpark-suedschwarzwald\/","name":"Alles K\u00e4se? Und ob! - Die K\u00e4seroute im Naturpark S\u00fcdschwarzwald","isPartOf":{"@id":"https:\/\/www.naturparkmagazin.de\/vdn\/#website"},"datePublished":"2013-07-03T10:00:38+00:00","dateModified":"2014-04-09T11:34:37+00:00","author":{"@id":"https:\/\/www.naturparkmagazin.de\/vdn\/#\/schema\/person\/e28d931df83318a48d52ae72b08d2bfb"},"description":"Entlang der K\u00e4seroute im Naturpark S\u00fcdschwarzwald finden sich viele kleinere Hofk\u00e4sereien, in denen man diese Vielfalt verschiedener Schwarzw\u00e4lder K\u00e4sesorten probieren und kaufen kann.","breadcrumb":{"@id":"https:\/\/www.naturparkmagazin.de\/vdn\/alles-kaese-und-ob-die-kaeseroute-im-naturpark-suedschwarzwald\/#breadcrumb"},"inLanguage":"de","potentialAction":[{"@type":"ReadAction","target":["https:\/\/www.naturparkmagazin.de\/vdn\/alles-kaese-und-ob-die-kaeseroute-im-naturpark-suedschwarzwald\/"]}]},{"@type":"BreadcrumbList","@id":"https:\/\/www.naturparkmagazin.de\/vdn\/alles-kaese-und-ob-die-kaeseroute-im-naturpark-suedschwarzwald\/#breadcrumb","itemListElement":[{"@type":"ListItem","position":1,"name":"Home","item":"https:\/\/www.naturparkmagazin.de\/vdn\/"},{"@type":"ListItem","position":2,"name":"Alles K\u00e4se? Und ob! &#8211; Die K\u00e4seroute im Naturpark S\u00fcdschwarzwald"}]},{"@type":"WebSite","@id":"https:\/\/www.naturparkmagazin.de\/vdn\/#website","url":"https:\/\/www.naturparkmagazin.de\/vdn\/","name":"Verband Deutscher Naturparke","description":"Eine weitere Naturparkmagazin.de Netzwerk Seite","potentialAction":[{"@type":"SearchAction","target":{"@type":"EntryPoint","urlTemplate":"https:\/\/www.naturparkmagazin.de\/vdn\/?s={search_term_string}"},"query-input":"required name=search_term_string"}],"inLanguage":"de"},{"@type":"Person","@id":"https:\/\/www.naturparkmagazin.de\/vdn\/#\/schema\/person\/e28d931df83318a48d52ae72b08d2bfb","name":"vdnnational","url":"https:\/\/www.naturparkmagazin.de\/vdn\/author\/vdnnational\/"}]}},"_links":{"self":[{"href":"https:\/\/www.naturparkmagazin.de\/vdn\/wp-json\/wp\/v2\/posts\/1535"}],"collection":[{"href":"https:\/\/www.naturparkmagazin.de\/vdn\/wp-json\/wp\/v2\/posts"}],"about":[{"href":"https:\/\/www.naturparkmagazin.de\/vdn\/wp-json\/wp\/v2\/types\/post"}],"author":[{"embeddable":true,"href":"https:\/\/www.naturparkmagazin.de\/vdn\/wp-json\/wp\/v2\/users\/14"}],"replies":[{"embeddable":true,"href":"https:\/\/www.naturparkmagazin.de\/vdn\/wp-json\/wp\/v2\/comments?post=1535"}],"version-history":[{"count":22,"href":"https:\/\/www.naturparkmagazin.de\/vdn\/wp-json\/wp\/v2\/posts\/1535\/revisions"}],"predecessor-version":[{"id":3610,"href":"https:\/\/www.naturparkmagazin.de\/vdn\/wp-json\/wp\/v2\/posts\/1535\/revisions\/3610"}],"wp:featuredmedia":[{"embeddable":true,"href":"https:\/\/www.naturparkmagazin.de\/vdn\/wp-json\/wp\/v2\/media\/1598"}],"wp:attachment":[{"href":"https:\/\/www.naturparkmagazin.de\/vdn\/wp-json\/wp\/v2\/media?parent=1535"}],"wp:term":[{"taxonomy":"category","embeddable":true,"href":"https:\/\/www.naturparkmagazin.de\/vdn\/wp-json\/wp\/v2\/categories?post=1535"},{"taxonomy":"post_tag","embeddable":true,"href":"https:\/\/www.naturparkmagazin.de\/vdn\/wp-json\/wp\/v2\/tags?post=1535"}],"curies":[{"name":"wp","href":"https:\/\/api.w.org\/{rel}","templated":true}]}}