{"id":15353,"date":"2022-11-29T13:46:19","date_gmt":"2022-11-29T12:46:19","guid":{"rendered":"https:\/\/www.naturparkmagazin.de\/vdn\/?p=15353"},"modified":"2022-11-29T13:49:32","modified_gmt":"2022-11-29T12:49:32","slug":"mit-freude-in-die-natur","status":"publish","type":"post","link":"https:\/\/www.naturparkmagazin.de\/vdn\/mit-freude-in-die-natur\/","title":{"rendered":"Mit Freude in die Natur"},"content":{"rendered":"<p><a href=\"https:\/\/www.naturparkmagazin.de\/vdn\/wp-content\/uploads\/sites\/3\/Titel_Reisebrosch\u00fcre2023b.jpg\"><img decoding=\"async\" loading=\"lazy\" class=\"alignnone size-full wp-image-15360\" src=\"https:\/\/www.naturparkmagazin.de\/vdn\/wp-content\/uploads\/sites\/3\/Titel_Reisebrosch\u00fcre2023b.jpg\" alt=\"Titel_Reisebrosch\u00fcre2023b\" width=\"300\" height=\"427\" srcset=\"https:\/\/www.naturparkmagazin.de\/vdn\/wp-content\/uploads\/sites\/3\/Titel_Reisebrosch\u00fcre2023b.jpg 300w, https:\/\/www.naturparkmagazin.de\/vdn\/wp-content\/uploads\/sites\/3\/Titel_Reisebrosch\u00fcre2023b-200x285.jpg 200w\" sizes=\"(max-width: 300px) 100vw, 300px\" \/><\/a><\/p>\n<p>Die vom Verband Deutscher Naturparke e.\u00a0V. j\u00e4hrlich herausgegebene Brosch\u00fcre \u201eReisen in die Naturparke\u201c stellt in neuem Design zum 17. Mal seit 2006 auf 30 Seiten naturnahe Freizeit- und Erholungsangebote in Naturparken, Nationalparken, Biosph\u00e4renreservaten und Geoparks in Deutschland, \u00d6sterreich und Luxemburg vor.<\/p>\n<p>In den kommenden Jahren wird der Fokus auf den Klimaschutz sowie den Erhalt der biologischen Vielfalt die Arbeit der Naturparke pr\u00e4gen. \u201eEin Erfolgsrezept f\u00fcr die erfolgreiche Arbeit des VDN zur Unterst\u00fctzung der Naturparke sind praxis- und anwendungsbezogene Projekte, z.\u00a0B. \u201aQualit\u00e4tsoffensive Naturparke\u2018, \u201aNaturpark-Schule\u2018 und \u201aNaturpark-Kita\u2018. Neu ist das Projekt \u201aKatzensprung 2.0 \u2013 Aktiv f\u00fcr den Klimaschutz im Deutschlandtourismus\u2018, bei dem der Auf- und Ausbau regionaler Partner-Netzwerke in den Naturparken nach bundesweiten Kriterien unterst\u00fctzt wird\u201c, f\u00fchrt Friedel Heuwinkel, Pr\u00e4sident des Verbands Deutscher Naturparke e. V., aus.<\/p>\n<p>Damit bilden die 104 Naturparke eine wichtige Grundlage f\u00fcr den nachhaltigen Tourismus in Deutschland. Eine intakte Natur und Landschaft sind unersetzlich f\u00fcr Erholung, Wohlergehen und Lebensqualit\u00e4t: So bietet ein Aufenthalt an der frischen Luft den perfekten Ausgleich f\u00fcr den Alltag. Ein Mikroabenteuer direkt vor der Haust\u00fcr kann ganz nach Wunsch und ohne gro\u00dfen Aufwand gestaltet werden. Und f\u00fcr die n\u00e4chste Urlaubsreise lohnt es sich, einmal die eigene Heimat oder benachbarten L\u00e4nder zu entdecken \u2013 denn das Gute liegt n\u00e4her, als man glaubt!<\/p>\n<p><strong>Neu, klar und \u00fcbersichtlich: Brosch\u00fcre im neuen Design<\/strong><\/p>\n<p>Neu ist in diesem Jahr die Gestaltung: Die Brosch\u00fcre erscheint erstmals im neuen Dachmarken-Design der Nationalen Naturlandschaften \u2013 denn seit 2021 kooperieren alle deutschen Nationalparke, Naturparke, Biosph\u00e4renreservate und Wildnisgebiete als B\u00fcndnis unter der Dachmarke Nationale Naturlandschaften (NNL). Gemeinsam mit den Menschen bewahren sie auf rund einem Drittel der Fl\u00e4che Deutschlands faszinierende Natur, vermitteln Freude beim Erleben der Natur und gestalten die Zukunft mit Zuversicht nachhaltig. Tr\u00e4ger der Dachmarke \u201eNationale Naturlandschaften\u201c sind die beiden Dachverb\u00e4nde \u201eVerband Deutscher Naturparke e.\u00a0V.\u201c in Bonn und \u201eNationale Naturlandschaften e.\u00a0V.\u201c in Berlin.<\/p>\n<p><a href=\"https:\/\/www.naturparkmagazin.de\/vdn\/wp-content\/uploads\/sites\/3\/Altm\u00fchltal1.jpg\"><img decoding=\"async\" loading=\"lazy\" class=\"alignnone size-full wp-image-15356\" src=\"https:\/\/www.naturparkmagazin.de\/vdn\/wp-content\/uploads\/sites\/3\/Altm\u00fchltal1.jpg\" alt=\"Altm\u00fchltal\" width=\"608\" height=\"343\" srcset=\"https:\/\/www.naturparkmagazin.de\/vdn\/wp-content\/uploads\/sites\/3\/Altm\u00fchltal1.jpg 608w, https:\/\/www.naturparkmagazin.de\/vdn\/wp-content\/uploads\/sites\/3\/Altm\u00fchltal1-300x169.jpg 300w, https:\/\/www.naturparkmagazin.de\/vdn\/wp-content\/uploads\/sites\/3\/Altm\u00fchltal1-200x113.jpg 200w\" sizes=\"(max-width: 608px) 100vw, 608px\" \/><\/a><\/p>\n<p><strong>Faszinierende Natur-Erlebnisse von A bis Z<\/strong><\/p>\n<p>Vom Naturpark Altm\u00fchltal in Bayern bis zum Naturpark Zittauer Gebirge in Sachsen bieten alle Naturparke viel Raum f\u00fcr aktives wie entspanntes Naturerleben und engagieren sich zudem f\u00fcr den Erhalt der biologischen Vielfalt, nachhaltige Entwicklung und Klimaschutz. Sie sind mit ihrer Natur und ihren nachhaltigen Erlebnis-Angeboten wichtige Partner der Tourismus\u00adorganisationen f\u00fcr nachhaltiges Reisen.<\/p>\n<p>Die neueste Naturbewusstseinsstudie aus dem Jahr 2019 belegt, dass das Naturbewusstsein in Deutschland stetig w\u00e4chst, bei Erwachsenen wie bei der Jugend. Auch w\u00fcnschen sich immer mehr Menschen natur- und klimaschonende Reiseangebote in Deutschland \u2013 von der Anreise und Mobilit\u00e4t vor Ort \u00fcber die Unterkunft und regionale Verpflegung bis zu naturnahen Erlebnissen. Das ist gut f\u00fcr Natur und Klima, erzeugt weniger CO<sub>2<\/sub> und schont wertvolle Ressourcen. Der VDN e.\u00a0V. l\u00e4dt dazu ein, die gro\u00dfartigen Sch\u00e4tze der \u201eNatur\u201c in den Naturparken zu entdecken.<\/p>\n<p><a href=\"https:\/\/www.naturparkmagazin.de\/vdn\/wp-content\/uploads\/sites\/3\/Zittauer-Gebirge.jpeg\"><img decoding=\"async\" loading=\"lazy\" class=\"alignnone size-full wp-image-15357\" src=\"https:\/\/www.naturparkmagazin.de\/vdn\/wp-content\/uploads\/sites\/3\/Zittauer-Gebirge.jpeg\" alt=\"Zittauer Gebirge\" width=\"615\" height=\"374\" srcset=\"https:\/\/www.naturparkmagazin.de\/vdn\/wp-content\/uploads\/sites\/3\/Zittauer-Gebirge.jpeg 615w, https:\/\/www.naturparkmagazin.de\/vdn\/wp-content\/uploads\/sites\/3\/Zittauer-Gebirge-300x182.jpeg 300w, https:\/\/www.naturparkmagazin.de\/vdn\/wp-content\/uploads\/sites\/3\/Zittauer-Gebirge-200x122.jpeg 200w\" sizes=\"(max-width: 615px) 100vw, 615px\" \/><\/a><\/p>\n<p>Die Brosch\u00fcre \u201eReisen in die Naturparke 2023\u201c ist in einer Gesamtauflage von 180.000 Exemplaren erschienen und wird als Beileger durch die Magazine \u201eAnderswo\u201c, \u201efairkehr\u201c, \u201eWanderbar\u201c, \u201eWanderlust sowie \u201eWandermagazin\u201c verteilt. \u00dcber die Website des VDN e.\u00a0V. steht sie zur Verf\u00fcgung:<\/p>\n<ul>\n<li>Ab sofort bereit als <a href=\"https:\/\/www.naturparke.de\/service\/infothek.html\" target=\"_blank\">PDF zum Herunterladen<\/a><\/li>\n<li>Ab sofort als <a href=\"https:\/\/www.naturparke.de\/service\/bestellungen.html\" target=\"_blank\">Printausgabe zum Bestellen<\/a><\/li>\n<\/ul>\n<p>Weitere Informationen \u00fcber den Verband Deutscher Naturparke (VDN) und seine Mitglieds-Naturparke finden Sie unter: <a href=\"https:\/\/www.naturparke.de\" target=\"_blank\">https:\/\/www.naturparke.de<\/a><\/p>\n<p>Weitere Informationen zu den Nationalen Naturlandschaften finden Sie unter:\n<a href=\"http:\/\/www.nationale-naturlandschaften.de\" target=\"_blank\">www.nationale-naturlandschaften.de<\/a><\/p>\n<p>&nbsp;<\/p>\n<p>&nbsp;<\/p>\n","protected":false},"excerpt":{"rendered":"<p>Mit seiner neu gestalteten Brosch\u00fcre \u201eReisen in die Naturparke 2023\u201c l\u00e4dt der VDN dazu ein, die gro\u00dfartigen Sch\u00e4tze der \u201eNatur\u201c zu entdecken.<\/p>\n","protected":false},"author":73,"featured_media":15358,"comment_status":"open","ping_status":"open","sticky":false,"template":"","format":"standard","meta":{"_links_to":"","_links_to_target":""},"categories":[7],"tags":[2611,2875,735,3142,2513,2610,3154,3141,41,1054],"yoast_head":"<!-- This site is optimized with the Yoast SEO plugin v19.10 - https:\/\/yoast.com\/wordpress\/plugins\/seo\/ -->\n<title>Mit Freude in die Natur<\/title>\n<meta name=\"description\" content=\"Mit seiner neu gestalteten Brosch\u00fcre \u201eReisen in die Naturparke 2023\u201c l\u00e4dt der VDN dazu ein, die gro\u00dfartigen Sch\u00e4tze der \u201eNatur\u201c zu entdecken.\" \/>\n<meta name=\"robots\" content=\"index, follow, max-snippet:-1, max-image-preview:large, max-video-preview:-1\" \/>\n<link rel=\"canonical\" href=\"https:\/\/www.naturparkmagazin.de\/vdn\/mit-freude-in-die-natur\/\" \/>\n<meta property=\"og:locale\" content=\"de_DE\" \/>\n<meta property=\"og:type\" content=\"article\" \/>\n<meta property=\"og:title\" content=\"Mit Freude in die Natur\" \/>\n<meta property=\"og:description\" content=\"Mit seiner neu gestalteten Brosch\u00fcre \u201eReisen in die Naturparke 2023\u201c l\u00e4dt der VDN dazu ein, die gro\u00dfartigen Sch\u00e4tze der \u201eNatur\u201c zu entdecken.\" \/>\n<meta property=\"og:url\" content=\"https:\/\/www.naturparkmagazin.de\/vdn\/mit-freude-in-die-natur\/\" \/>\n<meta property=\"og:site_name\" content=\"Verband Deutscher Naturparke\" \/>\n<meta property=\"article:published_time\" content=\"2022-11-29T12:46:19+00:00\" \/>\n<meta property=\"article:modified_time\" content=\"2022-11-29T12:49:32+00:00\" \/>\n<meta property=\"og:image\" content=\"https:\/\/www.naturparkmagazin.de\/vdn\/wp-content\/uploads\/sites\/3\/Titel_Reisebrosch\u00fcre2023bf.jpg\" \/>\n\t<meta property=\"og:image:width\" content=\"200\" \/>\n\t<meta property=\"og:image:height\" content=\"200\" \/>\n\t<meta property=\"og:image:type\" content=\"image\/jpeg\" \/>\n<meta name=\"author\" content=\"manuelamerz\" \/>\n<meta name=\"twitter:label1\" content=\"Verfasst von\" \/>\n\t<meta name=\"twitter:data1\" content=\"manuelamerz\" \/>\n\t<meta name=\"twitter:label2\" content=\"Gesch\u00e4tzte Lesezeit\" \/>\n\t<meta name=\"twitter:data2\" content=\"3\u00a0Minuten\" \/>\n<script type=\"application\/ld+json\" class=\"yoast-schema-graph\">{\"@context\":\"https:\/\/schema.org\",\"@graph\":[{\"@type\":\"WebPage\",\"@id\":\"https:\/\/www.naturparkmagazin.de\/vdn\/mit-freude-in-die-natur\/\",\"url\":\"https:\/\/www.naturparkmagazin.de\/vdn\/mit-freude-in-die-natur\/\",\"name\":\"Mit Freude in die Natur\",\"isPartOf\":{\"@id\":\"https:\/\/www.naturparkmagazin.de\/vdn\/#website\"},\"datePublished\":\"2022-11-29T12:46:19+00:00\",\"dateModified\":\"2022-11-29T12:49:32+00:00\",\"author\":{\"@id\":\"https:\/\/www.naturparkmagazin.de\/vdn\/#\/schema\/person\/3cff9b8773ed55f0189255fa9adfd57c\"},\"description\":\"Mit seiner neu gestalteten Brosch\u00fcre \u201eReisen in die Naturparke 2023\u201c l\u00e4dt der VDN dazu ein, die gro\u00dfartigen Sch\u00e4tze der \u201eNatur\u201c zu entdecken.\",\"breadcrumb\":{\"@id\":\"https:\/\/www.naturparkmagazin.de\/vdn\/mit-freude-in-die-natur\/#breadcrumb\"},\"inLanguage\":\"de\",\"potentialAction\":[{\"@type\":\"ReadAction\",\"target\":[\"https:\/\/www.naturparkmagazin.de\/vdn\/mit-freude-in-die-natur\/\"]}]},{\"@type\":\"BreadcrumbList\",\"@id\":\"https:\/\/www.naturparkmagazin.de\/vdn\/mit-freude-in-die-natur\/#breadcrumb\",\"itemListElement\":[{\"@type\":\"ListItem\",\"position\":1,\"name\":\"Home\",\"item\":\"https:\/\/www.naturparkmagazin.de\/vdn\/\"},{\"@type\":\"ListItem\",\"position\":2,\"name\":\"Mit Freude in die Natur\"}]},{\"@type\":\"WebSite\",\"@id\":\"https:\/\/www.naturparkmagazin.de\/vdn\/#website\",\"url\":\"https:\/\/www.naturparkmagazin.de\/vdn\/\",\"name\":\"Verband Deutscher Naturparke\",\"description\":\"Eine weitere Naturparkmagazin.de Netzwerk Seite\",\"potentialAction\":[{\"@type\":\"SearchAction\",\"target\":{\"@type\":\"EntryPoint\",\"urlTemplate\":\"https:\/\/www.naturparkmagazin.de\/vdn\/?s={search_term_string}\"},\"query-input\":\"required name=search_term_string\"}],\"inLanguage\":\"de\"},{\"@type\":\"Person\",\"@id\":\"https:\/\/www.naturparkmagazin.de\/vdn\/#\/schema\/person\/3cff9b8773ed55f0189255fa9adfd57c\",\"name\":\"manuelamerz\",\"url\":\"https:\/\/www.naturparkmagazin.de\/vdn\/author\/manuelamerz\/\"}]}<\/script>\n<!-- \/ Yoast SEO plugin. -->","yoast_head_json":{"title":"Mit Freude in die Natur","description":"Mit seiner neu gestalteten Brosch\u00fcre \u201eReisen in die Naturparke 2023\u201c l\u00e4dt der VDN dazu ein, die gro\u00dfartigen Sch\u00e4tze der \u201eNatur\u201c zu entdecken.","robots":{"index":"index","follow":"follow","max-snippet":"max-snippet:-1","max-image-preview":"max-image-preview:large","max-video-preview":"max-video-preview:-1"},"canonical":"https:\/\/www.naturparkmagazin.de\/vdn\/mit-freude-in-die-natur\/","og_locale":"de_DE","og_type":"article","og_title":"Mit Freude in die Natur","og_description":"Mit seiner neu gestalteten Brosch\u00fcre \u201eReisen in die Naturparke 2023\u201c l\u00e4dt der VDN dazu ein, die gro\u00dfartigen Sch\u00e4tze der \u201eNatur\u201c zu entdecken.","og_url":"https:\/\/www.naturparkmagazin.de\/vdn\/mit-freude-in-die-natur\/","og_site_name":"Verband Deutscher Naturparke","article_published_time":"2022-11-29T12:46:19+00:00","article_modified_time":"2022-11-29T12:49:32+00:00","og_image":[{"width":200,"height":200,"url":"https:\/\/www.naturparkmagazin.de\/vdn\/wp-content\/uploads\/sites\/3\/Titel_Reisebrosch\u00fcre2023bf.jpg","type":"image\/jpeg"}],"author":"manuelamerz","twitter_misc":{"Verfasst von":"manuelamerz","Gesch\u00e4tzte Lesezeit":"3\u00a0Minuten"},"schema":{"@context":"https:\/\/schema.org","@graph":[{"@type":"WebPage","@id":"https:\/\/www.naturparkmagazin.de\/vdn\/mit-freude-in-die-natur\/","url":"https:\/\/www.naturparkmagazin.de\/vdn\/mit-freude-in-die-natur\/","name":"Mit Freude in die Natur","isPartOf":{"@id":"https:\/\/www.naturparkmagazin.de\/vdn\/#website"},"datePublished":"2022-11-29T12:46:19+00:00","dateModified":"2022-11-29T12:49:32+00:00","author":{"@id":"https:\/\/www.naturparkmagazin.de\/vdn\/#\/schema\/person\/3cff9b8773ed55f0189255fa9adfd57c"},"description":"Mit seiner neu gestalteten Brosch\u00fcre \u201eReisen in die Naturparke 2023\u201c l\u00e4dt der VDN dazu ein, die gro\u00dfartigen Sch\u00e4tze der \u201eNatur\u201c zu entdecken.","breadcrumb":{"@id":"https:\/\/www.naturparkmagazin.de\/vdn\/mit-freude-in-die-natur\/#breadcrumb"},"inLanguage":"de","potentialAction":[{"@type":"ReadAction","target":["https:\/\/www.naturparkmagazin.de\/vdn\/mit-freude-in-die-natur\/"]}]},{"@type":"BreadcrumbList","@id":"https:\/\/www.naturparkmagazin.de\/vdn\/mit-freude-in-die-natur\/#breadcrumb","itemListElement":[{"@type":"ListItem","position":1,"name":"Home","item":"https:\/\/www.naturparkmagazin.de\/vdn\/"},{"@type":"ListItem","position":2,"name":"Mit Freude in die Natur"}]},{"@type":"WebSite","@id":"https:\/\/www.naturparkmagazin.de\/vdn\/#website","url":"https:\/\/www.naturparkmagazin.de\/vdn\/","name":"Verband Deutscher Naturparke","description":"Eine weitere Naturparkmagazin.de Netzwerk Seite","potentialAction":[{"@type":"SearchAction","target":{"@type":"EntryPoint","urlTemplate":"https:\/\/www.naturparkmagazin.de\/vdn\/?s={search_term_string}"},"query-input":"required name=search_term_string"}],"inLanguage":"de"},{"@type":"Person","@id":"https:\/\/www.naturparkmagazin.de\/vdn\/#\/schema\/person\/3cff9b8773ed55f0189255fa9adfd57c","name":"manuelamerz","url":"https:\/\/www.naturparkmagazin.de\/vdn\/author\/manuelamerz\/"}]}},"_links":{"self":[{"href":"https:\/\/www.naturparkmagazin.de\/vdn\/wp-json\/wp\/v2\/posts\/15353"}],"collection":[{"href":"https:\/\/www.naturparkmagazin.de\/vdn\/wp-json\/wp\/v2\/posts"}],"about":[{"href":"https:\/\/www.naturparkmagazin.de\/vdn\/wp-json\/wp\/v2\/types\/post"}],"author":[{"embeddable":true,"href":"https:\/\/www.naturparkmagazin.de\/vdn\/wp-json\/wp\/v2\/users\/73"}],"replies":[{"embeddable":true,"href":"https:\/\/www.naturparkmagazin.de\/vdn\/wp-json\/wp\/v2\/comments?post=15353"}],"version-history":[{"count":2,"href":"https:\/\/www.naturparkmagazin.de\/vdn\/wp-json\/wp\/v2\/posts\/15353\/revisions"}],"predecessor-version":[{"id":15361,"href":"https:\/\/www.naturparkmagazin.de\/vdn\/wp-json\/wp\/v2\/posts\/15353\/revisions\/15361"}],"wp:featuredmedia":[{"embeddable":true,"href":"https:\/\/www.naturparkmagazin.de\/vdn\/wp-json\/wp\/v2\/media\/15358"}],"wp:attachment":[{"href":"https:\/\/www.naturparkmagazin.de\/vdn\/wp-json\/wp\/v2\/media?parent=15353"}],"wp:term":[{"taxonomy":"category","embeddable":true,"href":"https:\/\/www.naturparkmagazin.de\/vdn\/wp-json\/wp\/v2\/categories?post=15353"},{"taxonomy":"post_tag","embeddable":true,"href":"https:\/\/www.naturparkmagazin.de\/vdn\/wp-json\/wp\/v2\/tags?post=15353"}],"curies":[{"name":"wp","href":"https:\/\/api.w.org\/{rel}","templated":true}]}}