{"id":1543,"date":"2013-07-03T11:00:01","date_gmt":"2013-07-03T09:00:01","guid":{"rendered":"http:\/\/www.naturparkmagazin.de\/vdn\/?p=1543"},"modified":"2014-04-09T13:34:47","modified_gmt":"2014-04-09T11:34:47","slug":"typisch-eifel-genusswandern-im-naturpark","status":"publish","type":"post","link":"https:\/\/www.naturparkmagazin.de\/vdn\/typisch-eifel-genusswandern-im-naturpark\/","title":{"rendered":"Typisch Eifel &#8211; Genusswandern im Naturpark"},"content":{"rendered":"<p style=\"text-align: center\"><a href=\"https:\/\/www.naturparkmagazin.de\/vdn\/wp-content\/uploads\/sites\/3\/dernbachwiesen23_2.jpg\"><img decoding=\"async\" loading=\"lazy\" class=\"aligncenter size-medium wp-image-1545\" title=\"Genusswandern - Copyright: VDN\/Martina Westermann\" alt=\"dernbachwiesen23_2\" src=\"https:\/\/www.naturparkmagazin.de\/vdn\/wp-content\/uploads\/sites\/3\/dernbachwiesen23_2-620x413.jpg\" width=\"620\" height=\"413\" srcset=\"https:\/\/www.naturparkmagazin.de\/vdn\/wp-content\/uploads\/sites\/3\/dernbachwiesen23_2-620x413.jpg 620w, https:\/\/www.naturparkmagazin.de\/vdn\/wp-content\/uploads\/sites\/3\/dernbachwiesen23_2-300x200.jpg 300w, https:\/\/www.naturparkmagazin.de\/vdn\/wp-content\/uploads\/sites\/3\/dernbachwiesen23_2-940x627.jpg 940w, https:\/\/www.naturparkmagazin.de\/vdn\/wp-content\/uploads\/sites\/3\/dernbachwiesen23_2-670x447.jpg 670w, https:\/\/www.naturparkmagazin.de\/vdn\/wp-content\/uploads\/sites\/3\/dernbachwiesen23_2-200x133.jpg 200w\" sizes=\"(max-width: 620px) 100vw, 620px\" \/><\/a><\/p>\n<p>Rucksack gepackt, feste Schuhe an und raus geht\u2019s in die Natur. Auf Schusters Rappen erlebt sich Natur und Landschaft besonders intensiv und man tut auch noch etwas f\u00fcr die Gesundheit. Etwas ganz besonderes f\u00fcr alle Sinne sind die Genusswanderungen im Naturpark S\u00fcdeifel, die dieses Jahr bereits zum f\u00fcnften Male angeboten werden.<\/p>\n<p style=\"text-align: center\"><a href=\"https:\/\/www.naturparkmagazin.de\/vdn\/wp-content\/uploads\/sites\/3\/Eifelmarke-NP-Our.jpg\"><img decoding=\"async\" loading=\"lazy\" class=\"aligncenter size-medium wp-image-1544\" title=\"Regionale Produkte der Marke E wie Eifel - Copyright: Naturpark Nordeifel\" alt=\"Eifelmarke NP Our\" src=\"https:\/\/www.naturparkmagazin.de\/vdn\/wp-content\/uploads\/sites\/3\/Eifelmarke-NP-Our-620x410.jpg\" width=\"620\" height=\"410\" srcset=\"https:\/\/www.naturparkmagazin.de\/vdn\/wp-content\/uploads\/sites\/3\/Eifelmarke-NP-Our-620x410.jpg 620w, https:\/\/www.naturparkmagazin.de\/vdn\/wp-content\/uploads\/sites\/3\/Eifelmarke-NP-Our-300x199.jpg 300w, https:\/\/www.naturparkmagazin.de\/vdn\/wp-content\/uploads\/sites\/3\/Eifelmarke-NP-Our-940x622.jpg 940w, https:\/\/www.naturparkmagazin.de\/vdn\/wp-content\/uploads\/sites\/3\/Eifelmarke-NP-Our-670x444.jpg 670w, https:\/\/www.naturparkmagazin.de\/vdn\/wp-content\/uploads\/sites\/3\/Eifelmarke-NP-Our-200x132.jpg 200w\" sizes=\"(max-width: 620px) 100vw, 620px\" \/><\/a><\/p>\n<p>Auf ausgew\u00e4hlten Routen kann der Wanderer einen Einblick in die Vielfalt der Landschaften im Naturpark S\u00fcdeifel gewinnen. Sympathische Naturparkf\u00fchrer erz\u00e4hlen von Burgen und Schl\u00f6ssern, steinalten Fossilien und anderen verborgenen Natursch\u00e4tzen. Die Routen sind ein Erlebnis f\u00fcr jeden Naturfreund.<\/p>\n<p style=\"text-align: center\"><a href=\"https:\/\/www.naturparkmagazin.de\/vdn\/wp-content\/uploads\/sites\/3\/wanderer135.jpg\"><img decoding=\"async\" loading=\"lazy\" class=\"aligncenter size-medium wp-image-1548\" title=\"Picknick im Gr\u00fcnen - Copyright: VDN\/Martina Westermann\" alt=\"wanderer135\" src=\"https:\/\/www.naturparkmagazin.de\/vdn\/wp-content\/uploads\/sites\/3\/wanderer135-620x465.jpg\" width=\"620\" height=\"465\" srcset=\"https:\/\/www.naturparkmagazin.de\/vdn\/wp-content\/uploads\/sites\/3\/wanderer135-620x465.jpg 620w, https:\/\/www.naturparkmagazin.de\/vdn\/wp-content\/uploads\/sites\/3\/wanderer135-300x225.jpg 300w, https:\/\/www.naturparkmagazin.de\/vdn\/wp-content\/uploads\/sites\/3\/wanderer135-940x705.jpg 940w, https:\/\/www.naturparkmagazin.de\/vdn\/wp-content\/uploads\/sites\/3\/wanderer135-580x435.jpg 580w, https:\/\/www.naturparkmagazin.de\/vdn\/wp-content\/uploads\/sites\/3\/wanderer135-420x315.jpg 420w, https:\/\/www.naturparkmagazin.de\/vdn\/wp-content\/uploads\/sites\/3\/wanderer135-180x135.jpg 180w, https:\/\/www.naturparkmagazin.de\/vdn\/wp-content\/uploads\/sites\/3\/wanderer135-95x71.jpg 95w, https:\/\/www.naturparkmagazin.de\/vdn\/wp-content\/uploads\/sites\/3\/wanderer135-670x503.jpg 670w, https:\/\/www.naturparkmagazin.de\/vdn\/wp-content\/uploads\/sites\/3\/wanderer135-200x150.jpg 200w, https:\/\/www.naturparkmagazin.de\/vdn\/wp-content\/uploads\/sites\/3\/wanderer135.jpg 1250w\" sizes=\"(max-width: 620px) 100vw, 620px\" \/><\/a><\/p>\n<p>Und da die Liebe zur Natur auch durch den Magen geht, steht neben der faszinierenden Landschaft auch ein Picknick mit eifeltypischen K\u00f6stlichkeiten auf dem Programm.<\/p>\n<p>Wenn Sie auf jetzt dem Geschmack gekommen sind k\u00f6nnen Sie sich hier weiter informieren<b><i> <a href=\"http:\/\/www.naturpark-suedeifel.de\/\">www.naturpark-suedeifel.de<\/a><\/i><\/b><\/p>\n<p>&nbsp;<\/p>\n","protected":false},"excerpt":{"rendered":"<p>Etwas ganz besonderes f\u00fcr alle Sinne sind die Genusswanderungen im Naturpark S\u00fcdeifel, die dieses Jahr bereits zum f\u00fcnften Male angeboten werden. <\/p>\n","protected":false},"author":14,"featured_media":1545,"comment_status":"open","ping_status":"open","sticky":false,"template":"","format":"standard","meta":{"_links_to":"","_links_to_target":""},"categories":[11],"tags":[],"yoast_head":"<!-- This site is optimized with the Yoast SEO plugin v19.10 - https:\/\/yoast.com\/wordpress\/plugins\/seo\/ -->\n<title>Typisch Eifel - Genusswandern im Naturpark<\/title>\n<meta name=\"description\" content=\"Etwas ganz besonderes f\u00fcr alle Sinne sind die Genusswanderungen im Naturpark S\u00fcdeifel, die dieses Jahr bereits zum f\u00fcnften Male angeboten werden.\" \/>\n<meta name=\"robots\" content=\"index, follow, max-snippet:-1, max-image-preview:large, max-video-preview:-1\" \/>\n<link rel=\"canonical\" href=\"https:\/\/www.naturparkmagazin.de\/vdn\/typisch-eifel-genusswandern-im-naturpark\/\" \/>\n<meta property=\"og:locale\" content=\"de_DE\" \/>\n<meta property=\"og:type\" content=\"article\" \/>\n<meta property=\"og:title\" content=\"Typisch Eifel - Genusswandern im Naturpark\" \/>\n<meta property=\"og:description\" content=\"Etwas ganz besonderes f\u00fcr alle Sinne sind die Genusswanderungen im Naturpark S\u00fcdeifel, die dieses Jahr bereits zum f\u00fcnften Male angeboten werden.\" \/>\n<meta property=\"og:url\" content=\"https:\/\/www.naturparkmagazin.de\/vdn\/typisch-eifel-genusswandern-im-naturpark\/\" \/>\n<meta property=\"og:site_name\" content=\"Verband Deutscher Naturparke\" \/>\n<meta property=\"article:published_time\" content=\"2013-07-03T09:00:01+00:00\" \/>\n<meta property=\"article:modified_time\" content=\"2014-04-09T11:34:47+00:00\" \/>\n<meta property=\"og:image\" content=\"https:\/\/www.naturparkmagazin.de\/vdn\/wp-content\/uploads\/sites\/3\/dernbachwiesen23_2.jpg\" \/>\n\t<meta property=\"og:image:width\" content=\"2500\" \/>\n\t<meta property=\"og:image:height\" content=\"1667\" \/>\n\t<meta property=\"og:image:type\" content=\"image\/jpeg\" \/>\n<meta name=\"author\" content=\"vdnnational\" \/>\n<meta name=\"twitter:label1\" content=\"Verfasst von\" \/>\n\t<meta name=\"twitter:data1\" content=\"vdnnational\" \/>\n\t<meta name=\"twitter:label2\" content=\"Gesch\u00e4tzte Lesezeit\" \/>\n\t<meta name=\"twitter:data2\" content=\"1\u00a0Minute\" \/>\n<script type=\"application\/ld+json\" class=\"yoast-schema-graph\">{\"@context\":\"https:\/\/schema.org\",\"@graph\":[{\"@type\":\"WebPage\",\"@id\":\"https:\/\/www.naturparkmagazin.de\/vdn\/typisch-eifel-genusswandern-im-naturpark\/\",\"url\":\"https:\/\/www.naturparkmagazin.de\/vdn\/typisch-eifel-genusswandern-im-naturpark\/\",\"name\":\"Typisch Eifel - Genusswandern im Naturpark\",\"isPartOf\":{\"@id\":\"https:\/\/www.naturparkmagazin.de\/vdn\/#website\"},\"datePublished\":\"2013-07-03T09:00:01+00:00\",\"dateModified\":\"2014-04-09T11:34:47+00:00\",\"author\":{\"@id\":\"https:\/\/www.naturparkmagazin.de\/vdn\/#\/schema\/person\/e28d931df83318a48d52ae72b08d2bfb\"},\"description\":\"Etwas ganz besonderes f\u00fcr alle Sinne sind die Genusswanderungen im Naturpark S\u00fcdeifel, die dieses Jahr bereits zum f\u00fcnften Male angeboten werden.\",\"breadcrumb\":{\"@id\":\"https:\/\/www.naturparkmagazin.de\/vdn\/typisch-eifel-genusswandern-im-naturpark\/#breadcrumb\"},\"inLanguage\":\"de\",\"potentialAction\":[{\"@type\":\"ReadAction\",\"target\":[\"https:\/\/www.naturparkmagazin.de\/vdn\/typisch-eifel-genusswandern-im-naturpark\/\"]}]},{\"@type\":\"BreadcrumbList\",\"@id\":\"https:\/\/www.naturparkmagazin.de\/vdn\/typisch-eifel-genusswandern-im-naturpark\/#breadcrumb\",\"itemListElement\":[{\"@type\":\"ListItem\",\"position\":1,\"name\":\"Home\",\"item\":\"https:\/\/www.naturparkmagazin.de\/vdn\/\"},{\"@type\":\"ListItem\",\"position\":2,\"name\":\"Typisch Eifel &#8211; Genusswandern im Naturpark\"}]},{\"@type\":\"WebSite\",\"@id\":\"https:\/\/www.naturparkmagazin.de\/vdn\/#website\",\"url\":\"https:\/\/www.naturparkmagazin.de\/vdn\/\",\"name\":\"Verband Deutscher Naturparke\",\"description\":\"Eine weitere Naturparkmagazin.de Netzwerk Seite\",\"potentialAction\":[{\"@type\":\"SearchAction\",\"target\":{\"@type\":\"EntryPoint\",\"urlTemplate\":\"https:\/\/www.naturparkmagazin.de\/vdn\/?s={search_term_string}\"},\"query-input\":\"required name=search_term_string\"}],\"inLanguage\":\"de\"},{\"@type\":\"Person\",\"@id\":\"https:\/\/www.naturparkmagazin.de\/vdn\/#\/schema\/person\/e28d931df83318a48d52ae72b08d2bfb\",\"name\":\"vdnnational\",\"url\":\"https:\/\/www.naturparkmagazin.de\/vdn\/author\/vdnnational\/\"}]}<\/script>\n<!-- \/ Yoast SEO plugin. -->","yoast_head_json":{"title":"Typisch Eifel - Genusswandern im Naturpark","description":"Etwas ganz besonderes f\u00fcr alle Sinne sind die Genusswanderungen im Naturpark S\u00fcdeifel, die dieses Jahr bereits zum f\u00fcnften Male angeboten werden.","robots":{"index":"index","follow":"follow","max-snippet":"max-snippet:-1","max-image-preview":"max-image-preview:large","max-video-preview":"max-video-preview:-1"},"canonical":"https:\/\/www.naturparkmagazin.de\/vdn\/typisch-eifel-genusswandern-im-naturpark\/","og_locale":"de_DE","og_type":"article","og_title":"Typisch Eifel - Genusswandern im Naturpark","og_description":"Etwas ganz besonderes f\u00fcr alle Sinne sind die Genusswanderungen im Naturpark S\u00fcdeifel, die dieses Jahr bereits zum f\u00fcnften Male angeboten werden.","og_url":"https:\/\/www.naturparkmagazin.de\/vdn\/typisch-eifel-genusswandern-im-naturpark\/","og_site_name":"Verband Deutscher Naturparke","article_published_time":"2013-07-03T09:00:01+00:00","article_modified_time":"2014-04-09T11:34:47+00:00","og_image":[{"width":2500,"height":1667,"url":"https:\/\/www.naturparkmagazin.de\/vdn\/wp-content\/uploads\/sites\/3\/dernbachwiesen23_2.jpg","type":"image\/jpeg"}],"author":"vdnnational","twitter_misc":{"Verfasst von":"vdnnational","Gesch\u00e4tzte Lesezeit":"1\u00a0Minute"},"schema":{"@context":"https:\/\/schema.org","@graph":[{"@type":"WebPage","@id":"https:\/\/www.naturparkmagazin.de\/vdn\/typisch-eifel-genusswandern-im-naturpark\/","url":"https:\/\/www.naturparkmagazin.de\/vdn\/typisch-eifel-genusswandern-im-naturpark\/","name":"Typisch Eifel - Genusswandern im Naturpark","isPartOf":{"@id":"https:\/\/www.naturparkmagazin.de\/vdn\/#website"},"datePublished":"2013-07-03T09:00:01+00:00","dateModified":"2014-04-09T11:34:47+00:00","author":{"@id":"https:\/\/www.naturparkmagazin.de\/vdn\/#\/schema\/person\/e28d931df83318a48d52ae72b08d2bfb"},"description":"Etwas ganz besonderes f\u00fcr alle Sinne sind die Genusswanderungen im Naturpark S\u00fcdeifel, die dieses Jahr bereits zum f\u00fcnften Male angeboten werden.","breadcrumb":{"@id":"https:\/\/www.naturparkmagazin.de\/vdn\/typisch-eifel-genusswandern-im-naturpark\/#breadcrumb"},"inLanguage":"de","potentialAction":[{"@type":"ReadAction","target":["https:\/\/www.naturparkmagazin.de\/vdn\/typisch-eifel-genusswandern-im-naturpark\/"]}]},{"@type":"BreadcrumbList","@id":"https:\/\/www.naturparkmagazin.de\/vdn\/typisch-eifel-genusswandern-im-naturpark\/#breadcrumb","itemListElement":[{"@type":"ListItem","position":1,"name":"Home","item":"https:\/\/www.naturparkmagazin.de\/vdn\/"},{"@type":"ListItem","position":2,"name":"Typisch Eifel &#8211; Genusswandern im Naturpark"}]},{"@type":"WebSite","@id":"https:\/\/www.naturparkmagazin.de\/vdn\/#website","url":"https:\/\/www.naturparkmagazin.de\/vdn\/","name":"Verband Deutscher Naturparke","description":"Eine weitere Naturparkmagazin.de Netzwerk Seite","potentialAction":[{"@type":"SearchAction","target":{"@type":"EntryPoint","urlTemplate":"https:\/\/www.naturparkmagazin.de\/vdn\/?s={search_term_string}"},"query-input":"required name=search_term_string"}],"inLanguage":"de"},{"@type":"Person","@id":"https:\/\/www.naturparkmagazin.de\/vdn\/#\/schema\/person\/e28d931df83318a48d52ae72b08d2bfb","name":"vdnnational","url":"https:\/\/www.naturparkmagazin.de\/vdn\/author\/vdnnational\/"}]}},"_links":{"self":[{"href":"https:\/\/www.naturparkmagazin.de\/vdn\/wp-json\/wp\/v2\/posts\/1543"}],"collection":[{"href":"https:\/\/www.naturparkmagazin.de\/vdn\/wp-json\/wp\/v2\/posts"}],"about":[{"href":"https:\/\/www.naturparkmagazin.de\/vdn\/wp-json\/wp\/v2\/types\/post"}],"author":[{"embeddable":true,"href":"https:\/\/www.naturparkmagazin.de\/vdn\/wp-json\/wp\/v2\/users\/14"}],"replies":[{"embeddable":true,"href":"https:\/\/www.naturparkmagazin.de\/vdn\/wp-json\/wp\/v2\/comments?post=1543"}],"version-history":[{"count":8,"href":"https:\/\/www.naturparkmagazin.de\/vdn\/wp-json\/wp\/v2\/posts\/1543\/revisions"}],"predecessor-version":[{"id":3611,"href":"https:\/\/www.naturparkmagazin.de\/vdn\/wp-json\/wp\/v2\/posts\/1543\/revisions\/3611"}],"wp:featuredmedia":[{"embeddable":true,"href":"https:\/\/www.naturparkmagazin.de\/vdn\/wp-json\/wp\/v2\/media\/1545"}],"wp:attachment":[{"href":"https:\/\/www.naturparkmagazin.de\/vdn\/wp-json\/wp\/v2\/media?parent=1543"}],"wp:term":[{"taxonomy":"category","embeddable":true,"href":"https:\/\/www.naturparkmagazin.de\/vdn\/wp-json\/wp\/v2\/categories?post=1543"},{"taxonomy":"post_tag","embeddable":true,"href":"https:\/\/www.naturparkmagazin.de\/vdn\/wp-json\/wp\/v2\/tags?post=1543"}],"curies":[{"name":"wp","href":"https:\/\/api.w.org\/{rel}","templated":true}]}}