{"id":1563,"date":"2013-07-03T14:01:29","date_gmt":"2013-07-03T12:01:29","guid":{"rendered":"http:\/\/www.naturparkmagazin.de\/vdn\/?p=1563"},"modified":"2013-07-05T14:58:11","modified_gmt":"2013-07-05T12:58:11","slug":"ingrid-und-karl-jauernik-naturpark-botschafter-und-direktvermarkter-im-naturpark-schwaebisch-fraenkischer-wald","status":"publish","type":"post","link":"https:\/\/www.naturparkmagazin.de\/vdn\/ingrid-und-karl-jauernik-naturpark-botschafter-und-direktvermarkter-im-naturpark-schwaebisch-fraenkischer-wald\/","title":{"rendered":"Ingrid und Karl Jauernik &#8211; Naturpark Botschafter und Direktvermarkter im Naturpark Schw\u00e4bisch Fr\u00e4nkischer Wald"},"content":{"rendered":"<p style=\"text-align: center;\"><a href=\"https:\/\/www.naturparkmagazin.de\/vdn\/wp-content\/uploads\/sites\/3\/Jauernik_web.jpg\"><img decoding=\"async\" loading=\"lazy\" class=\"aligncenter size-medium wp-image-1564\" title=\"Ingrid und Karl Jauernik \u2013 Naturpark-Botschafter und Direktvermarkter im Naturpark Schw\u00e4bisch-Fr\u00e4nkischer Wald - Copyright: www.schafhof-jauernik.de\" alt=\"Jauernik_web\" src=\"https:\/\/www.naturparkmagazin.de\/vdn\/wp-content\/uploads\/sites\/3\/Jauernik_web-620x808.jpg\" width=\"620\" height=\"808\" srcset=\"https:\/\/www.naturparkmagazin.de\/vdn\/wp-content\/uploads\/sites\/3\/Jauernik_web-620x808.jpg 620w, https:\/\/www.naturparkmagazin.de\/vdn\/wp-content\/uploads\/sites\/3\/Jauernik_web-300x391.jpg 300w, https:\/\/www.naturparkmagazin.de\/vdn\/wp-content\/uploads\/sites\/3\/Jauernik_web-670x873.jpg 670w, https:\/\/www.naturparkmagazin.de\/vdn\/wp-content\/uploads\/sites\/3\/Jauernik_web-200x261.jpg 200w, https:\/\/www.naturparkmagazin.de\/vdn\/wp-content\/uploads\/sites\/3\/Jauernik_web.jpg 768w\" sizes=\"(max-width: 620px) 100vw, 620px\" \/><\/a><\/p>\n<p>Unsere Familie lebt im Hohenlohekreis im idyllischen Brettachtal, wo wir einen \u00f6kologisch bewirtschafteten Milchschafbetrieb mit ungef\u00e4hr 100 Mutterschafen haben. In unserem Hofladen gibt es Schafmilchprodukte wie Hartk\u00e4se, Weichk\u00e4se, Quark und Joghurt. Auch frisches Lammfleisch und Wurstspezialit\u00e4ten sind regelm\u00e4\u00dfig bei uns erh\u00e4ltlich.<\/p>\n<p>Besucher sind bei uns jederzeit willkommen, wie zum Beispiel beim\u00a0 Brunch auf dem Bauernhof am 4. August, bei dem es ein reichhaltiges Fr\u00fchst\u00fccks \u2013 und Mittagsbuffet von unseren Produkten gibt.<\/p>\n<p>N\u00e4here Informationen zu unserem Angebot k\u00f6nnen sie unter www.schafhof-jauernik.de finden.<\/p>\n","protected":false},"excerpt":{"rendered":"<p>Die Direktvermarkter Ingrid und Karl Jauernik sind Naturpark-Botschafter im Naturpark Schw\u00e4bisch-Fr\u00e4nkischer Wald<\/p>\n","protected":false},"author":14,"featured_media":1564,"comment_status":"open","ping_status":"open","sticky":false,"template":"","format":"standard","meta":{"_links_to":"","_links_to_target":""},"categories":[8],"tags":[],"yoast_head":"<!-- This site is optimized with the Yoast SEO plugin v19.10 - https:\/\/yoast.com\/wordpress\/plugins\/seo\/ -->\n<title>Ingrid und Karl Jauernik - Naturpark Botschafter und Direktvermarkter im Naturpark Schw\u00e4bisch Fr\u00e4nkischer Wald<\/title>\n<meta name=\"description\" content=\"Die Direktvermarkter Ingrid und Karl Jauernik sind Naturpark-Botschafter im Naturpark Schw\u00e4bisch-Fr\u00e4nkischer Wald\" \/>\n<meta name=\"robots\" content=\"index, follow, max-snippet:-1, max-image-preview:large, max-video-preview:-1\" \/>\n<link rel=\"canonical\" href=\"https:\/\/www.naturparkmagazin.de\/vdn\/ingrid-und-karl-jauernik-naturpark-botschafter-und-direktvermarkter-im-naturpark-schwaebisch-fraenkischer-wald\/\" \/>\n<meta property=\"og:locale\" content=\"de_DE\" \/>\n<meta property=\"og:type\" content=\"article\" \/>\n<meta property=\"og:title\" content=\"Ingrid und Karl Jauernik - Naturpark Botschafter und Direktvermarkter im Naturpark Schw\u00e4bisch Fr\u00e4nkischer Wald\" \/>\n<meta property=\"og:description\" content=\"Die Direktvermarkter Ingrid und Karl Jauernik sind Naturpark-Botschafter im Naturpark Schw\u00e4bisch-Fr\u00e4nkischer Wald\" \/>\n<meta property=\"og:url\" content=\"https:\/\/www.naturparkmagazin.de\/vdn\/ingrid-und-karl-jauernik-naturpark-botschafter-und-direktvermarkter-im-naturpark-schwaebisch-fraenkischer-wald\/\" \/>\n<meta property=\"og:site_name\" content=\"Verband Deutscher Naturparke\" \/>\n<meta property=\"article:published_time\" content=\"2013-07-03T12:01:29+00:00\" \/>\n<meta property=\"article:modified_time\" content=\"2013-07-05T12:58:11+00:00\" \/>\n<meta property=\"og:image\" content=\"https:\/\/www.naturparkmagazin.de\/vdn\/wp-content\/uploads\/sites\/3\/Jauernik_web.jpg\" \/>\n\t<meta property=\"og:image:width\" content=\"768\" \/>\n\t<meta property=\"og:image:height\" content=\"1001\" \/>\n\t<meta property=\"og:image:type\" content=\"image\/jpeg\" \/>\n<meta name=\"author\" content=\"vdnnational\" \/>\n<meta name=\"twitter:label1\" content=\"Verfasst von\" \/>\n\t<meta name=\"twitter:data1\" content=\"vdnnational\" \/>\n<script type=\"application\/ld+json\" class=\"yoast-schema-graph\">{\"@context\":\"https:\/\/schema.org\",\"@graph\":[{\"@type\":\"WebPage\",\"@id\":\"https:\/\/www.naturparkmagazin.de\/vdn\/ingrid-und-karl-jauernik-naturpark-botschafter-und-direktvermarkter-im-naturpark-schwaebisch-fraenkischer-wald\/\",\"url\":\"https:\/\/www.naturparkmagazin.de\/vdn\/ingrid-und-karl-jauernik-naturpark-botschafter-und-direktvermarkter-im-naturpark-schwaebisch-fraenkischer-wald\/\",\"name\":\"Ingrid und Karl Jauernik - Naturpark Botschafter und Direktvermarkter im Naturpark Schw\u00e4bisch Fr\u00e4nkischer Wald\",\"isPartOf\":{\"@id\":\"https:\/\/www.naturparkmagazin.de\/vdn\/#website\"},\"datePublished\":\"2013-07-03T12:01:29+00:00\",\"dateModified\":\"2013-07-05T12:58:11+00:00\",\"author\":{\"@id\":\"https:\/\/www.naturparkmagazin.de\/vdn\/#\/schema\/person\/e28d931df83318a48d52ae72b08d2bfb\"},\"description\":\"Die Direktvermarkter Ingrid und Karl Jauernik sind Naturpark-Botschafter im Naturpark Schw\u00e4bisch-Fr\u00e4nkischer Wald\",\"breadcrumb\":{\"@id\":\"https:\/\/www.naturparkmagazin.de\/vdn\/ingrid-und-karl-jauernik-naturpark-botschafter-und-direktvermarkter-im-naturpark-schwaebisch-fraenkischer-wald\/#breadcrumb\"},\"inLanguage\":\"de\",\"potentialAction\":[{\"@type\":\"ReadAction\",\"target\":[\"https:\/\/www.naturparkmagazin.de\/vdn\/ingrid-und-karl-jauernik-naturpark-botschafter-und-direktvermarkter-im-naturpark-schwaebisch-fraenkischer-wald\/\"]}]},{\"@type\":\"BreadcrumbList\",\"@id\":\"https:\/\/www.naturparkmagazin.de\/vdn\/ingrid-und-karl-jauernik-naturpark-botschafter-und-direktvermarkter-im-naturpark-schwaebisch-fraenkischer-wald\/#breadcrumb\",\"itemListElement\":[{\"@type\":\"ListItem\",\"position\":1,\"name\":\"Home\",\"item\":\"https:\/\/www.naturparkmagazin.de\/vdn\/\"},{\"@type\":\"ListItem\",\"position\":2,\"name\":\"Ingrid und Karl Jauernik &#8211; Naturpark Botschafter und Direktvermarkter im Naturpark Schw\u00e4bisch Fr\u00e4nkischer Wald\"}]},{\"@type\":\"WebSite\",\"@id\":\"https:\/\/www.naturparkmagazin.de\/vdn\/#website\",\"url\":\"https:\/\/www.naturparkmagazin.de\/vdn\/\",\"name\":\"Verband Deutscher Naturparke\",\"description\":\"Eine weitere Naturparkmagazin.de Netzwerk Seite\",\"potentialAction\":[{\"@type\":\"SearchAction\",\"target\":{\"@type\":\"EntryPoint\",\"urlTemplate\":\"https:\/\/www.naturparkmagazin.de\/vdn\/?s={search_term_string}\"},\"query-input\":\"required name=search_term_string\"}],\"inLanguage\":\"de\"},{\"@type\":\"Person\",\"@id\":\"https:\/\/www.naturparkmagazin.de\/vdn\/#\/schema\/person\/e28d931df83318a48d52ae72b08d2bfb\",\"name\":\"vdnnational\",\"url\":\"https:\/\/www.naturparkmagazin.de\/vdn\/author\/vdnnational\/\"}]}<\/script>\n<!-- \/ Yoast SEO plugin. -->","yoast_head_json":{"title":"Ingrid und Karl Jauernik - Naturpark Botschafter und Direktvermarkter im Naturpark Schw\u00e4bisch Fr\u00e4nkischer Wald","description":"Die Direktvermarkter Ingrid und Karl Jauernik sind Naturpark-Botschafter im Naturpark Schw\u00e4bisch-Fr\u00e4nkischer Wald","robots":{"index":"index","follow":"follow","max-snippet":"max-snippet:-1","max-image-preview":"max-image-preview:large","max-video-preview":"max-video-preview:-1"},"canonical":"https:\/\/www.naturparkmagazin.de\/vdn\/ingrid-und-karl-jauernik-naturpark-botschafter-und-direktvermarkter-im-naturpark-schwaebisch-fraenkischer-wald\/","og_locale":"de_DE","og_type":"article","og_title":"Ingrid und Karl Jauernik - Naturpark Botschafter und Direktvermarkter im Naturpark Schw\u00e4bisch Fr\u00e4nkischer Wald","og_description":"Die Direktvermarkter Ingrid und Karl Jauernik sind Naturpark-Botschafter im Naturpark Schw\u00e4bisch-Fr\u00e4nkischer Wald","og_url":"https:\/\/www.naturparkmagazin.de\/vdn\/ingrid-und-karl-jauernik-naturpark-botschafter-und-direktvermarkter-im-naturpark-schwaebisch-fraenkischer-wald\/","og_site_name":"Verband Deutscher Naturparke","article_published_time":"2013-07-03T12:01:29+00:00","article_modified_time":"2013-07-05T12:58:11+00:00","og_image":[{"width":768,"height":1001,"url":"https:\/\/www.naturparkmagazin.de\/vdn\/wp-content\/uploads\/sites\/3\/Jauernik_web.jpg","type":"image\/jpeg"}],"author":"vdnnational","twitter_misc":{"Verfasst von":"vdnnational"},"schema":{"@context":"https:\/\/schema.org","@graph":[{"@type":"WebPage","@id":"https:\/\/www.naturparkmagazin.de\/vdn\/ingrid-und-karl-jauernik-naturpark-botschafter-und-direktvermarkter-im-naturpark-schwaebisch-fraenkischer-wald\/","url":"https:\/\/www.naturparkmagazin.de\/vdn\/ingrid-und-karl-jauernik-naturpark-botschafter-und-direktvermarkter-im-naturpark-schwaebisch-fraenkischer-wald\/","name":"Ingrid und Karl Jauernik - Naturpark Botschafter und Direktvermarkter im Naturpark Schw\u00e4bisch Fr\u00e4nkischer Wald","isPartOf":{"@id":"https:\/\/www.naturparkmagazin.de\/vdn\/#website"},"datePublished":"2013-07-03T12:01:29+00:00","dateModified":"2013-07-05T12:58:11+00:00","author":{"@id":"https:\/\/www.naturparkmagazin.de\/vdn\/#\/schema\/person\/e28d931df83318a48d52ae72b08d2bfb"},"description":"Die Direktvermarkter Ingrid und Karl Jauernik sind Naturpark-Botschafter im Naturpark Schw\u00e4bisch-Fr\u00e4nkischer Wald","breadcrumb":{"@id":"https:\/\/www.naturparkmagazin.de\/vdn\/ingrid-und-karl-jauernik-naturpark-botschafter-und-direktvermarkter-im-naturpark-schwaebisch-fraenkischer-wald\/#breadcrumb"},"inLanguage":"de","potentialAction":[{"@type":"ReadAction","target":["https:\/\/www.naturparkmagazin.de\/vdn\/ingrid-und-karl-jauernik-naturpark-botschafter-und-direktvermarkter-im-naturpark-schwaebisch-fraenkischer-wald\/"]}]},{"@type":"BreadcrumbList","@id":"https:\/\/www.naturparkmagazin.de\/vdn\/ingrid-und-karl-jauernik-naturpark-botschafter-und-direktvermarkter-im-naturpark-schwaebisch-fraenkischer-wald\/#breadcrumb","itemListElement":[{"@type":"ListItem","position":1,"name":"Home","item":"https:\/\/www.naturparkmagazin.de\/vdn\/"},{"@type":"ListItem","position":2,"name":"Ingrid und Karl Jauernik &#8211; Naturpark Botschafter und Direktvermarkter im Naturpark Schw\u00e4bisch Fr\u00e4nkischer Wald"}]},{"@type":"WebSite","@id":"https:\/\/www.naturparkmagazin.de\/vdn\/#website","url":"https:\/\/www.naturparkmagazin.de\/vdn\/","name":"Verband Deutscher Naturparke","description":"Eine weitere Naturparkmagazin.de Netzwerk Seite","potentialAction":[{"@type":"SearchAction","target":{"@type":"EntryPoint","urlTemplate":"https:\/\/www.naturparkmagazin.de\/vdn\/?s={search_term_string}"},"query-input":"required name=search_term_string"}],"inLanguage":"de"},{"@type":"Person","@id":"https:\/\/www.naturparkmagazin.de\/vdn\/#\/schema\/person\/e28d931df83318a48d52ae72b08d2bfb","name":"vdnnational","url":"https:\/\/www.naturparkmagazin.de\/vdn\/author\/vdnnational\/"}]}},"_links":{"self":[{"href":"https:\/\/www.naturparkmagazin.de\/vdn\/wp-json\/wp\/v2\/posts\/1563"}],"collection":[{"href":"https:\/\/www.naturparkmagazin.de\/vdn\/wp-json\/wp\/v2\/posts"}],"about":[{"href":"https:\/\/www.naturparkmagazin.de\/vdn\/wp-json\/wp\/v2\/types\/post"}],"author":[{"embeddable":true,"href":"https:\/\/www.naturparkmagazin.de\/vdn\/wp-json\/wp\/v2\/users\/14"}],"replies":[{"embeddable":true,"href":"https:\/\/www.naturparkmagazin.de\/vdn\/wp-json\/wp\/v2\/comments?post=1563"}],"version-history":[{"count":12,"href":"https:\/\/www.naturparkmagazin.de\/vdn\/wp-json\/wp\/v2\/posts\/1563\/revisions"}],"predecessor-version":[{"id":1680,"href":"https:\/\/www.naturparkmagazin.de\/vdn\/wp-json\/wp\/v2\/posts\/1563\/revisions\/1680"}],"wp:featuredmedia":[{"embeddable":true,"href":"https:\/\/www.naturparkmagazin.de\/vdn\/wp-json\/wp\/v2\/media\/1564"}],"wp:attachment":[{"href":"https:\/\/www.naturparkmagazin.de\/vdn\/wp-json\/wp\/v2\/media?parent=1563"}],"wp:term":[{"taxonomy":"category","embeddable":true,"href":"https:\/\/www.naturparkmagazin.de\/vdn\/wp-json\/wp\/v2\/categories?post=1563"},{"taxonomy":"post_tag","embeddable":true,"href":"https:\/\/www.naturparkmagazin.de\/vdn\/wp-json\/wp\/v2\/tags?post=1563"}],"curies":[{"name":"wp","href":"https:\/\/api.w.org\/{rel}","templated":true}]}}