{"id":15816,"date":"2023-04-30T23:00:14","date_gmt":"2023-04-30T21:00:14","guid":{"rendered":"https:\/\/www.naturparkmagazin.de\/vdn\/?p=15816"},"modified":"2023-05-17T10:16:32","modified_gmt":"2023-05-17T08:16:32","slug":"naturpark-wandertag-2023","status":"publish","type":"post","link":"https:\/\/www.naturparkmagazin.de\/vdn\/naturpark-wandertag-2023\/","title":{"rendered":"&#8222;Auf unsere Wurzeln bauen&#8220; &#8211; 50 Jahre EUROPARC Federation und 60 Jahre Netzwerk Naturparke"},"content":{"rendered":"<p>Am <strong>28. Mai 2023<\/strong> l\u00e4dt der Verband Deutscher Naturparke wieder zum <strong>\u201eNaturpark-Wandertag\u201c<\/strong> ein. In vielen Naturparken lassen sich Deutschlands Landschaften bei besonderen Veranstaltungen in ihrer ganzen Vielfalt erleben. Naturparke bieten nicht nur Angebote f\u00fcr Naturerleben, sondern sie sind auch Orte, um sich intensiv mit der Natur zu verbinden \u2013 die Natur ist und bleibt eine wahre \u201eSchatzkammer\u201c, die es zu erhalten, zu sch\u00fctzen und wertzusch\u00e4tzen gilt.<\/p>\n<div id=\"attachment_15817\" style=\"width: 3553px\" class=\"wp-caption aligncenter\"><img aria-describedby=\"caption-attachment-15817\" decoding=\"async\" loading=\"lazy\" class=\"wp-image-15817 size-full\" src=\"https:\/\/www.naturparkmagazin.de\/vdn\/wp-content\/uploads\/sites\/3\/Logo_Wandertag-2023.png\" alt=\"Logo Naturpark-Wandertag 2023\" width=\"3543\" height=\"3543\" srcset=\"https:\/\/www.naturparkmagazin.de\/vdn\/wp-content\/uploads\/sites\/3\/Logo_Wandertag-2023.png 3543w, https:\/\/www.naturparkmagazin.de\/vdn\/wp-content\/uploads\/sites\/3\/Logo_Wandertag-2023-620x620.png 620w, https:\/\/www.naturparkmagazin.de\/vdn\/wp-content\/uploads\/sites\/3\/Logo_Wandertag-2023-940x940.png 940w, https:\/\/www.naturparkmagazin.de\/vdn\/wp-content\/uploads\/sites\/3\/Logo_Wandertag-2023-300x300.png 300w, https:\/\/www.naturparkmagazin.de\/vdn\/wp-content\/uploads\/sites\/3\/Logo_Wandertag-2023-1536x1536.png 1536w, https:\/\/www.naturparkmagazin.de\/vdn\/wp-content\/uploads\/sites\/3\/Logo_Wandertag-2023-2048x2048.png 2048w, https:\/\/www.naturparkmagazin.de\/vdn\/wp-content\/uploads\/sites\/3\/Logo_Wandertag-2023-200x200.png 200w, https:\/\/www.naturparkmagazin.de\/vdn\/wp-content\/uploads\/sites\/3\/Logo_Wandertag-2023-30x30.png 30w, https:\/\/www.naturparkmagazin.de\/vdn\/wp-content\/uploads\/sites\/3\/Logo_Wandertag-2023-670x670.png 670w, https:\/\/www.naturparkmagazin.de\/vdn\/wp-content\/uploads\/sites\/3\/Logo_Wandertag-2023-150x150.png 150w, https:\/\/www.naturparkmagazin.de\/vdn\/wp-content\/uploads\/sites\/3\/Logo_Wandertag-2023-120x120.png 120w\" sizes=\"(max-width: 3543px) 100vw, 3543px\" \/><p id=\"caption-attachment-15817\" class=\"wp-caption-text\">Das Logo zum Naturpark-Wandertag. \u00a9 VDN e. V.<\/p><\/div>\n<p>Beim \u201eNaturpark-Wandertag\u201c stehen auch in diesem Jahr wieder das gemeinsame Naturerlebnis und das Gl\u00fcck, mit allen Sinnen die Natur zu erleben, im Mittelpunkt. Zahlreiche Erlebnistouren werden von fachkundigen F\u00fchrern begleitet. Ob Fahrradwanderung, Vogelstimmentour oder fantastische Reise zu Mythen und Sagen \u2013 au\u00dfergew\u00f6hnliche Erlebnisse sind am Naturpark-Wandertag garantiert.\nDer \u201eNaturpark-Wandertag\u201c findet j\u00e4hrlich anl\u00e4sslich des \u201eEurop\u00e4ischen Tags der Parke\u201c statt, der in ganz Europa am 24. Mai gefeiert wird und in diesem Jahr anl\u00e4sslich des 50. Jubil\u00e4ums von Europarc Federation unter dem Motto &#8222;Building on our roots&#8220; &#8211; oder \u201eAuf unsere Wurzeln bauen\u201c steht.<\/p>\n<p>Gleichzeitig begeht der VDN seinen 60. Geburtstag, sodass auch das \u201eNetzwerk Naturparke\u201c auf seine Wurzeln zur\u00fcck- und in die Zukunft vorausblickt.<\/p>\n<p>&nbsp;<\/p>\n<div id=\"attachment_15818\" style=\"width: 1110px\" class=\"wp-caption aligncenter\"><img aria-describedby=\"caption-attachment-15818\" decoding=\"async\" loading=\"lazy\" class=\"wp-image-15818 size-full\" src=\"https:\/\/www.naturparkmagazin.de\/vdn\/wp-content\/uploads\/sites\/3\/15f4481-2-alaunwerk-1100x_Wurzeln.jpg\" alt=\"Wurzeln und \u00c4ste in tiefe Schatten geh\u00fcllt\" width=\"1100\" height=\"733\" srcset=\"https:\/\/www.naturparkmagazin.de\/vdn\/wp-content\/uploads\/sites\/3\/15f4481-2-alaunwerk-1100x_Wurzeln.jpg 1100w, https:\/\/www.naturparkmagazin.de\/vdn\/wp-content\/uploads\/sites\/3\/15f4481-2-alaunwerk-1100x_Wurzeln-620x413.jpg 620w, https:\/\/www.naturparkmagazin.de\/vdn\/wp-content\/uploads\/sites\/3\/15f4481-2-alaunwerk-1100x_Wurzeln-940x626.jpg 940w, https:\/\/www.naturparkmagazin.de\/vdn\/wp-content\/uploads\/sites\/3\/15f4481-2-alaunwerk-1100x_Wurzeln-300x200.jpg 300w, https:\/\/www.naturparkmagazin.de\/vdn\/wp-content\/uploads\/sites\/3\/15f4481-2-alaunwerk-1100x_Wurzeln-670x446.jpg 670w, https:\/\/www.naturparkmagazin.de\/vdn\/wp-content\/uploads\/sites\/3\/15f4481-2-alaunwerk-1100x_Wurzeln-200x133.jpg 200w\" sizes=\"(max-width: 1100px) 100vw, 1100px\" \/><p id=\"caption-attachment-15818\" class=\"wp-caption-text\">Auf unsere Wurzeln bauen und faszinierende Natur erleben ist das Motto des Naturpark-Wandertags. \u00a9 VDN-Fotoportal\/wietho<\/p><\/div>\n<p>&nbsp;<\/p>\n<p><strong>Neu in diesem Jahr: Freude \u2013 Zuversicht \u2013 Faszination <\/strong>\n<strong>in den Nationalen Naturlandschaften: Eine kleine Social-Media-Kampagne<\/strong><\/p>\n<p>Gemeinsam wollen die B\u00fcndnispartner Verband Deutscher Naturparke e. V. (VDN e. V.) und Nationale Naturlandschaften e. V. (NNL e. V.) den neuen Instagram-Kanal @nationalenaturlandschaften beleben und Besucher*innen wie Mitarbeitende der Naturparke dazu aufrufen, Angebote, Veranstaltungen, Wissenswertes und Naturerlebnisse zu teilen, dabei die Instagram-Seite @nationalenaturlandschaften zu markieren sowie die Hashtags #FreudeZuversichtFaszination, #EuropeanDayOfParks und #meineNNL zu verwenden.<\/p>\n<p>Den ganzen Mai \u00fcber wird es auf der Instagram-Seite <a href=\"https:\/\/www.instagram.com\/nationalenaturlandschaften\/\">@nationalenaturlandschaften<\/a> w\u00f6chentlich einen Video-Aufruf geben: Gesucht und geteilt werden die sch\u00f6nsten Antworten zu den drei Fragen<\/p>\n<ul>\n<li>\u201eFreude in der Natur \u2013 Was bedeutet das f\u00fcr dich?\u201c,<\/li>\n<li>\u201eWas stimmt dich zuversichtlich in Verbindung mit Natur?\u201c und<\/li>\n<li>\u201eWas fasziniert dich ganz besonders an unserer Natur?\u201c<\/li>\n<\/ul>\n<p>&nbsp;<\/p>\n<p>Helfen auch Sie dabei, unsere faszinierenden Nationalen Naturlandschaften mit Freude und Zuversicht sichtbar zu machen und sie zu erhalten, sodass wir auch in Zukunft auf unsere Wurzeln bauen k\u00f6nnen.<\/p>\n<p><strong>\u00dcber den Naturpark-Wandertag\/ Europ\u00e4ischen Tag der Parke<\/strong>\nZiel des Naturpark-Wandertages und des Europ\u00e4ischen Tags der Parke ist es, Menschen Erlebnisse in der Natur zu erm\u00f6glichen und sie n\u00e4her an die Natur heranzuf\u00fchren. So werden der Wert von intakter Natur und Landschaft f\u00fcr die Menschen erlebbar. Es wird zum einen deutlich, warum die Nationalen Naturlandschaften wichtig sind f\u00fcr die Menschen, zum anderen, warum diese besonderen Schutzgebiete mit ihrer reichen Artenvielfalt unbedingt bewahrt werden m\u00fcssen.<\/p>\n<p>Alle Naturpark-Angebote zum Wandertag finden sich auf diese Website:\n<a href=\"https:\/\/www.naturparke.de\/naturparke-erleben\/naturpark-wandertag-2023.html\">https:\/\/www.naturparke.de\/naturparke-erleben\/naturpark-wandertag-2023.html<\/a><\/p>\n<p>Alle Angebote zum European Day of Parcs finden sich hier:\n<a href=\"https:\/\/www.europarc.org\/nature\/european-day-of-parks\/2023\/\">https:\/\/www.europarc.org\/nature\/european-day-of-parks\/2023\/<\/a><\/p>\n<p>Alle Informationen und Hinweise zur Beteiligung zum 50. Geburtstag von Europarc Federation finden sich hier:\n<a href=\"https:\/\/www.europarc.org\/about-us\/europarc-federation\/our-history\/50-years-of-europarc\/\">https:\/\/www.europarc.org\/about-us\/europarc-federation\/our-history\/50-years-of-europarc\/<\/a><\/p>\n<p><strong>\u00dcber den Europ\u00e4ischen Tag der Parke:<\/strong>\nDer Europ\u00e4ische Tag der Parke (engl. European Day of Parks) findet j\u00e4hrlich am 24. Mai statt und w\u00fcrdigt die europ\u00e4ischen Gro\u00dfschutzgebiete und deren Leistungen f\u00fcr die Gesellschaft. Jedes Jahr findet die Veranstaltung unter einem bestimmten Thema statt. In diesem Jahr lautet das Motto \u201eAuf unsere Wurzeln bauen\u201c\/\u201cbuilding on our roots\u201c. Bereits seit 1999 organisiert die EUROPARC Federation, die in diesem Jahr 50 Jahre alt wird, den Europ\u00e4ischen Tag der Parke. Er bietet Europas Schutzgebieten allj\u00e4hrlich eine weitreichende Plattform, um durch verschiedene Aktionen und Veranstaltungen der \u00d6ffentlichkeit die Bedeutung der wertvollsten Landschaften Europas n\u00e4herzubringen.<\/p>\n<p>&nbsp;<\/p>\n","protected":false},"excerpt":{"rendered":"<p>Immer am letzten Sonntag im Mai \u2013 aktuell am 28. Mai 2023 &#8211; l\u00e4dt der VDN zum \u201eNaturpark-Wandertag\u201c ein und blickt damit u.\u00a0a. auf seine 60 Jahre alten Wurzeln zur\u00fcck.<\/p>\n","protected":false},"author":51,"featured_media":15817,"comment_status":"open","ping_status":"open","sticky":false,"template":"","format":"standard","meta":{"_links_to":"","_links_to_target":""},"categories":[7],"tags":[3297,3296,3295,1680,3294,2981],"yoast_head":"<!-- This site is optimized with the Yoast SEO plugin v19.10 - https:\/\/yoast.com\/wordpress\/plugins\/seo\/ -->\n<title>&quot;Auf unsere Wurzeln bauen&quot; - 50 Jahre EUROPARC Federation und 60 Jahre Netzwerk Naturparke<\/title>\n<meta name=\"description\" content=\"Immer am letzten Sonntag im Mai \u2013 aktuell am 28. Mai 2023 - l\u00e4dt der VDN zum \u201eNaturpark-Wandertag\u201c ein und blickt damit u.\u00a0a. auf seine 60 Jahre alten Wurzeln zur\u00fcck.\" \/>\n<meta name=\"robots\" content=\"index, follow, max-snippet:-1, max-image-preview:large, max-video-preview:-1\" \/>\n<link rel=\"canonical\" href=\"https:\/\/www.naturparkmagazin.de\/vdn\/naturpark-wandertag-2023\/\" \/>\n<meta property=\"og:locale\" content=\"de_DE\" \/>\n<meta property=\"og:type\" content=\"article\" \/>\n<meta property=\"og:title\" content=\"&quot;Auf unsere Wurzeln bauen&quot; - 50 Jahre EUROPARC Federation und 60 Jahre Netzwerk Naturparke\" \/>\n<meta property=\"og:description\" content=\"Immer am letzten Sonntag im Mai \u2013 aktuell am 28. Mai 2023 - l\u00e4dt der VDN zum \u201eNaturpark-Wandertag\u201c ein und blickt damit u.\u00a0a. auf seine 60 Jahre alten Wurzeln zur\u00fcck.\" \/>\n<meta property=\"og:url\" content=\"https:\/\/www.naturparkmagazin.de\/vdn\/naturpark-wandertag-2023\/\" \/>\n<meta property=\"og:site_name\" content=\"Verband Deutscher Naturparke\" \/>\n<meta property=\"article:published_time\" content=\"2023-04-30T21:00:14+00:00\" \/>\n<meta property=\"article:modified_time\" content=\"2023-05-17T08:16:32+00:00\" \/>\n<meta property=\"og:image\" content=\"https:\/\/www.naturparkmagazin.de\/vdn\/wp-content\/uploads\/sites\/3\/Logo_Wandertag-2023.png\" \/>\n\t<meta property=\"og:image:width\" content=\"3543\" \/>\n\t<meta property=\"og:image:height\" content=\"3543\" \/>\n\t<meta property=\"og:image:type\" content=\"image\/png\" \/>\n<meta name=\"author\" content=\"beatrixlosem\" \/>\n<meta name=\"twitter:label1\" content=\"Verfasst von\" \/>\n\t<meta name=\"twitter:data1\" content=\"beatrixlosem\" \/>\n\t<meta name=\"twitter:label2\" content=\"Gesch\u00e4tzte Lesezeit\" \/>\n\t<meta name=\"twitter:data2\" content=\"4\u00a0Minuten\" \/>\n<script type=\"application\/ld+json\" class=\"yoast-schema-graph\">{\"@context\":\"https:\/\/schema.org\",\"@graph\":[{\"@type\":\"WebPage\",\"@id\":\"https:\/\/www.naturparkmagazin.de\/vdn\/naturpark-wandertag-2023\/\",\"url\":\"https:\/\/www.naturparkmagazin.de\/vdn\/naturpark-wandertag-2023\/\",\"name\":\"\\\"Auf unsere Wurzeln bauen\\\" - 50 Jahre EUROPARC Federation und 60 Jahre Netzwerk Naturparke\",\"isPartOf\":{\"@id\":\"https:\/\/www.naturparkmagazin.de\/vdn\/#website\"},\"datePublished\":\"2023-04-30T21:00:14+00:00\",\"dateModified\":\"2023-05-17T08:16:32+00:00\",\"author\":{\"@id\":\"https:\/\/www.naturparkmagazin.de\/vdn\/#\/schema\/person\/d71357578c318b6db03be60b1f60396b\"},\"description\":\"Immer am letzten Sonntag im Mai \u2013 aktuell am 28. Mai 2023 - l\u00e4dt der VDN zum \u201eNaturpark-Wandertag\u201c ein und blickt damit u.\u00a0a. auf seine 60 Jahre alten Wurzeln zur\u00fcck.\",\"breadcrumb\":{\"@id\":\"https:\/\/www.naturparkmagazin.de\/vdn\/naturpark-wandertag-2023\/#breadcrumb\"},\"inLanguage\":\"de\",\"potentialAction\":[{\"@type\":\"ReadAction\",\"target\":[\"https:\/\/www.naturparkmagazin.de\/vdn\/naturpark-wandertag-2023\/\"]}]},{\"@type\":\"BreadcrumbList\",\"@id\":\"https:\/\/www.naturparkmagazin.de\/vdn\/naturpark-wandertag-2023\/#breadcrumb\",\"itemListElement\":[{\"@type\":\"ListItem\",\"position\":1,\"name\":\"Home\",\"item\":\"https:\/\/www.naturparkmagazin.de\/vdn\/\"},{\"@type\":\"ListItem\",\"position\":2,\"name\":\"&#8222;Auf unsere Wurzeln bauen&#8220; &#8211; 50 Jahre EUROPARC Federation und 60 Jahre Netzwerk Naturparke\"}]},{\"@type\":\"WebSite\",\"@id\":\"https:\/\/www.naturparkmagazin.de\/vdn\/#website\",\"url\":\"https:\/\/www.naturparkmagazin.de\/vdn\/\",\"name\":\"Verband Deutscher Naturparke\",\"description\":\"Eine weitere Naturparkmagazin.de Netzwerk Seite\",\"potentialAction\":[{\"@type\":\"SearchAction\",\"target\":{\"@type\":\"EntryPoint\",\"urlTemplate\":\"https:\/\/www.naturparkmagazin.de\/vdn\/?s={search_term_string}\"},\"query-input\":\"required name=search_term_string\"}],\"inLanguage\":\"de\"},{\"@type\":\"Person\",\"@id\":\"https:\/\/www.naturparkmagazin.de\/vdn\/#\/schema\/person\/d71357578c318b6db03be60b1f60396b\",\"name\":\"beatrixlosem\",\"url\":\"https:\/\/www.naturparkmagazin.de\/vdn\/author\/beatrixlosem\/\"}]}<\/script>\n<!-- \/ Yoast SEO plugin. -->","yoast_head_json":{"title":"\"Auf unsere Wurzeln bauen\" - 50 Jahre EUROPARC Federation und 60 Jahre Netzwerk Naturparke","description":"Immer am letzten Sonntag im Mai \u2013 aktuell am 28. Mai 2023 - l\u00e4dt der VDN zum \u201eNaturpark-Wandertag\u201c ein und blickt damit u.\u00a0a. auf seine 60 Jahre alten Wurzeln zur\u00fcck.","robots":{"index":"index","follow":"follow","max-snippet":"max-snippet:-1","max-image-preview":"max-image-preview:large","max-video-preview":"max-video-preview:-1"},"canonical":"https:\/\/www.naturparkmagazin.de\/vdn\/naturpark-wandertag-2023\/","og_locale":"de_DE","og_type":"article","og_title":"\"Auf unsere Wurzeln bauen\" - 50 Jahre EUROPARC Federation und 60 Jahre Netzwerk Naturparke","og_description":"Immer am letzten Sonntag im Mai \u2013 aktuell am 28. Mai 2023 - l\u00e4dt der VDN zum \u201eNaturpark-Wandertag\u201c ein und blickt damit u.\u00a0a. auf seine 60 Jahre alten Wurzeln zur\u00fcck.","og_url":"https:\/\/www.naturparkmagazin.de\/vdn\/naturpark-wandertag-2023\/","og_site_name":"Verband Deutscher Naturparke","article_published_time":"2023-04-30T21:00:14+00:00","article_modified_time":"2023-05-17T08:16:32+00:00","og_image":[{"width":3543,"height":3543,"url":"https:\/\/www.naturparkmagazin.de\/vdn\/wp-content\/uploads\/sites\/3\/Logo_Wandertag-2023.png","type":"image\/png"}],"author":"beatrixlosem","twitter_misc":{"Verfasst von":"beatrixlosem","Gesch\u00e4tzte Lesezeit":"4\u00a0Minuten"},"schema":{"@context":"https:\/\/schema.org","@graph":[{"@type":"WebPage","@id":"https:\/\/www.naturparkmagazin.de\/vdn\/naturpark-wandertag-2023\/","url":"https:\/\/www.naturparkmagazin.de\/vdn\/naturpark-wandertag-2023\/","name":"\"Auf unsere Wurzeln bauen\" - 50 Jahre EUROPARC Federation und 60 Jahre Netzwerk Naturparke","isPartOf":{"@id":"https:\/\/www.naturparkmagazin.de\/vdn\/#website"},"datePublished":"2023-04-30T21:00:14+00:00","dateModified":"2023-05-17T08:16:32+00:00","author":{"@id":"https:\/\/www.naturparkmagazin.de\/vdn\/#\/schema\/person\/d71357578c318b6db03be60b1f60396b"},"description":"Immer am letzten Sonntag im Mai \u2013 aktuell am 28. Mai 2023 - l\u00e4dt der VDN zum \u201eNaturpark-Wandertag\u201c ein und blickt damit u.\u00a0a. auf seine 60 Jahre alten Wurzeln zur\u00fcck.","breadcrumb":{"@id":"https:\/\/www.naturparkmagazin.de\/vdn\/naturpark-wandertag-2023\/#breadcrumb"},"inLanguage":"de","potentialAction":[{"@type":"ReadAction","target":["https:\/\/www.naturparkmagazin.de\/vdn\/naturpark-wandertag-2023\/"]}]},{"@type":"BreadcrumbList","@id":"https:\/\/www.naturparkmagazin.de\/vdn\/naturpark-wandertag-2023\/#breadcrumb","itemListElement":[{"@type":"ListItem","position":1,"name":"Home","item":"https:\/\/www.naturparkmagazin.de\/vdn\/"},{"@type":"ListItem","position":2,"name":"&#8222;Auf unsere Wurzeln bauen&#8220; &#8211; 50 Jahre EUROPARC Federation und 60 Jahre Netzwerk Naturparke"}]},{"@type":"WebSite","@id":"https:\/\/www.naturparkmagazin.de\/vdn\/#website","url":"https:\/\/www.naturparkmagazin.de\/vdn\/","name":"Verband Deutscher Naturparke","description":"Eine weitere Naturparkmagazin.de Netzwerk Seite","potentialAction":[{"@type":"SearchAction","target":{"@type":"EntryPoint","urlTemplate":"https:\/\/www.naturparkmagazin.de\/vdn\/?s={search_term_string}"},"query-input":"required name=search_term_string"}],"inLanguage":"de"},{"@type":"Person","@id":"https:\/\/www.naturparkmagazin.de\/vdn\/#\/schema\/person\/d71357578c318b6db03be60b1f60396b","name":"beatrixlosem","url":"https:\/\/www.naturparkmagazin.de\/vdn\/author\/beatrixlosem\/"}]}},"_links":{"self":[{"href":"https:\/\/www.naturparkmagazin.de\/vdn\/wp-json\/wp\/v2\/posts\/15816"}],"collection":[{"href":"https:\/\/www.naturparkmagazin.de\/vdn\/wp-json\/wp\/v2\/posts"}],"about":[{"href":"https:\/\/www.naturparkmagazin.de\/vdn\/wp-json\/wp\/v2\/types\/post"}],"author":[{"embeddable":true,"href":"https:\/\/www.naturparkmagazin.de\/vdn\/wp-json\/wp\/v2\/users\/51"}],"replies":[{"embeddable":true,"href":"https:\/\/www.naturparkmagazin.de\/vdn\/wp-json\/wp\/v2\/comments?post=15816"}],"version-history":[{"count":5,"href":"https:\/\/www.naturparkmagazin.de\/vdn\/wp-json\/wp\/v2\/posts\/15816\/revisions"}],"predecessor-version":[{"id":15835,"href":"https:\/\/www.naturparkmagazin.de\/vdn\/wp-json\/wp\/v2\/posts\/15816\/revisions\/15835"}],"wp:featuredmedia":[{"embeddable":true,"href":"https:\/\/www.naturparkmagazin.de\/vdn\/wp-json\/wp\/v2\/media\/15817"}],"wp:attachment":[{"href":"https:\/\/www.naturparkmagazin.de\/vdn\/wp-json\/wp\/v2\/media?parent=15816"}],"wp:term":[{"taxonomy":"category","embeddable":true,"href":"https:\/\/www.naturparkmagazin.de\/vdn\/wp-json\/wp\/v2\/categories?post=15816"},{"taxonomy":"post_tag","embeddable":true,"href":"https:\/\/www.naturparkmagazin.de\/vdn\/wp-json\/wp\/v2\/tags?post=15816"}],"curies":[{"name":"wp","href":"https:\/\/api.w.org\/{rel}","templated":true}]}}