{"id":15823,"date":"2023-04-30T22:57:52","date_gmt":"2023-04-30T20:57:52","guid":{"rendered":"https:\/\/www.naturparkmagazin.de\/vdn\/?p=15823"},"modified":"2023-05-17T10:16:44","modified_gmt":"2023-05-17T08:16:44","slug":"naturbewusstseins-studie-erschienen-nachhaltigkeit-und-naturvertraeglichkeit-erwuenscht","status":"publish","type":"post","link":"https:\/\/www.naturparkmagazin.de\/vdn\/naturbewusstseins-studie-erschienen-nachhaltigkeit-und-naturvertraeglichkeit-erwuenscht\/","title":{"rendered":"Naturbewusstseins-Studie erschienen:  Nachhaltigkeit und Naturvertr\u00e4glichkeit erw\u00fcnscht"},"content":{"rendered":"<p>Dass die Klimakrise und Naturzerst\u00f6rung den eigenen Lebensstil beeintr\u00e4chtigen werden, ist eine in Deutschland weit verbreitete Sorge. Das ist eines der zentralen Ergebnisse der aktuellen Naturbewusstseinsstudie, die das Bundesumweltministerium und das Bundesamt f\u00fcr Naturschutz im M\u00e4rz ver\u00f6ffentlicht haben.<\/p>\n<div id=\"attachment_15824\" style=\"width: 605px\" class=\"wp-caption aligncenter\"><img aria-describedby=\"caption-attachment-15824\" decoding=\"async\" loading=\"lazy\" class=\"size-full wp-image-15824\" src=\"https:\/\/www.naturparkmagazin.de\/vdn\/wp-content\/uploads\/sites\/3\/Titel-der-Studie.jpg\" alt=\"Titel der Naturbewusstseinsstudie\" width=\"595\" height=\"820\" srcset=\"https:\/\/www.naturparkmagazin.de\/vdn\/wp-content\/uploads\/sites\/3\/Titel-der-Studie.jpg 595w, https:\/\/www.naturparkmagazin.de\/vdn\/wp-content\/uploads\/sites\/3\/Titel-der-Studie-300x413.jpg 300w, https:\/\/www.naturparkmagazin.de\/vdn\/wp-content\/uploads\/sites\/3\/Titel-der-Studie-200x276.jpg 200w\" sizes=\"(max-width: 595px) 100vw, 595px\" \/><p id=\"caption-attachment-15824\" class=\"wp-caption-text\">Titel der Naturbewusstseinsstudie. \u00a9 Bundesumweltministerium, BfN<\/p><\/div>\n<p>Als weitere Auswirkungen der Klimakrise nennt die Mehrzahl der Befragten vor allem Extremwetterereignisse und den Einfluss auf wildlebende Arten und biologische Vielfalt. Die gute Nachricht ist: Ein gro\u00dfer Teil der 2.410 befragten Erwachsenen und 1.004 Jugendlichen der repr\u00e4sentativen Naturbewusstseinsstudie ist bereit, den notwendigen gesellschaftlichen Wandel durch einen nachhaltigen und naturvertr\u00e4glichen Lebensstil mitzutragen.<\/p>\n<p>Die mittlerweile siebte Studie zum Naturbewusstsein wird seit 2009 im zweij\u00e4hrigen Turnus erhoben. Erstmals wurden im Herbst 2021 sowohl Erwachsene (ab 18 Jahren) als auch Jugendliche im Alter von 14 bis 17 Jahren zeitnah in Folge befragt, sodass ein direkter Vergleich des Naturbewusstseins von Jugendlichen und Erwachsenen zum ersten Mal im Rahmen der Studienreihe m\u00f6glich ist. Die Studie ist in ihrer Aussagekraft f\u00fcr ganz Deutschland repr\u00e4sentativ und bezieht Menschen aus allen Regionen und sozialen Lagen Deutschlands ein.<\/p>\n<div id=\"attachment_15826\" style=\"width: 1652px\" class=\"wp-caption aligncenter\"><img aria-describedby=\"caption-attachment-15826\" decoding=\"async\" loading=\"lazy\" class=\"size-full wp-image-15826\" src=\"https:\/\/www.naturparkmagazin.de\/vdn\/wp-content\/uploads\/sites\/3\/P1010182-Teutoburger-Wald-Eggegebirge-web.jpg\" alt=\"Das Katzensprung-Team unterwegs im Naturpark Teutoburger Wald\/Eggegebirge\" width=\"1642\" height=\"1094\" srcset=\"https:\/\/www.naturparkmagazin.de\/vdn\/wp-content\/uploads\/sites\/3\/P1010182-Teutoburger-Wald-Eggegebirge-web.jpg 1642w, https:\/\/www.naturparkmagazin.de\/vdn\/wp-content\/uploads\/sites\/3\/P1010182-Teutoburger-Wald-Eggegebirge-web-620x413.jpg 620w, https:\/\/www.naturparkmagazin.de\/vdn\/wp-content\/uploads\/sites\/3\/P1010182-Teutoburger-Wald-Eggegebirge-web-940x626.jpg 940w, https:\/\/www.naturparkmagazin.de\/vdn\/wp-content\/uploads\/sites\/3\/P1010182-Teutoburger-Wald-Eggegebirge-web-300x200.jpg 300w, https:\/\/www.naturparkmagazin.de\/vdn\/wp-content\/uploads\/sites\/3\/P1010182-Teutoburger-Wald-Eggegebirge-web-1536x1023.jpg 1536w, https:\/\/www.naturparkmagazin.de\/vdn\/wp-content\/uploads\/sites\/3\/P1010182-Teutoburger-Wald-Eggegebirge-web-670x446.jpg 670w, https:\/\/www.naturparkmagazin.de\/vdn\/wp-content\/uploads\/sites\/3\/P1010182-Teutoburger-Wald-Eggegebirge-web-200x133.jpg 200w\" sizes=\"(max-width: 1642px) 100vw, 1642px\" \/><p id=\"caption-attachment-15826\" class=\"wp-caption-text\">Das Katzensprung 2.0-Team unterwegs im Naturpark Teutoburger Wald\/Eggegebirge. \u00a9 VDN\/Kathrin Risthaus<\/p><\/div>\n<p>&nbsp;<\/p>\n<p>Die Naturparke als Teil der Nationalen Naturlandschaften engagieren sich mit vielen verschiedenartigen Projekten f\u00fcr klimaschonende, nachhaltige und naturvertr\u00e4gliche Naturerlebnisse sowie f\u00fcr den Erhalt der biologischen Vielfalt. Hier finden Sie weiterf\u00fchrende Informationen zu drei ausgew\u00e4hlten Projekten:<\/p>\n<ul>\n<li>Wettbewerb \u201eKlimaschutz in Naturparken\u201c 2021-2023:\n<a href=\"https:\/\/www.naturparke.de\/aufgaben-ziele\/naturschutz\/klimaschutz.html\">https:\/\/www.naturparke.de\/aufgaben-ziele\/naturschutz\/klimaschutz.html <\/a><\/li>\n<li>Aktionsprogramm Nat\u00fcrlicher Klimaschutz:\n<a href=\"https:\/\/www.naturparke.de\/service\/presse\/pressemitteilungen\/nachricht\/nnl-begruessen-die-verabschiedung-des-aktionsprogramms-natuerlicher-klimaschutz-ank.html\">https:\/\/www.naturparke.de\/service\/presse\/pressemitteilungen\/nachricht\/nnl-begruessen-die-verabschiedung-des-aktionsprogramms-natuerlicher-klimaschutz-ank.html<\/a><\/li>\n<li>Katzensprung 2.0 &#8211; Aktiv f\u00fcr den Klimaschutz im Deutschlandtourismus:\n<a href=\"https:\/\/www.naturparke.de\/aufgaben-ziele\/nachhaltiger-tourismus\/katzensprung-20-aktiv-fuer-den-klimaschutz-im-deutschlandtourismus.html\">https:\/\/www.naturparke.de\/aufgaben-ziele\/nachhaltiger-tourismus\/katzensprung-20-aktiv-fuer-den-klimaschutz-im-deutschlandtourismus.html<\/a><\/li>\n<\/ul>\n<p>Hier finden Sie die Naturbewusstseins-Studie 2021 zum Download:\n<a href=\"http:\/\/www.bmuv.de\/PU698\">www.bmuv.de\/PU698<\/a><\/p>\n<p>Fragen und Antworten zur Studie finden Sie hier:\n<a href=\"https:\/\/www.bfn.de\/haeufig-gefragt-naturbewusstsein\">https:\/\/www.bfn.de\/haeufig-gefragt-naturbewusstsein<\/a><\/p>\n<p>&nbsp;<\/p>\n<p>&nbsp;<\/p>\n","protected":false},"excerpt":{"rendered":"<p>Die Mehrheit der befragte Menschen h\u00e4lt den gesellschaftlichen Wandel zu Nachhaltigkeit und Naturvertr\u00e4glichkeit f\u00fcr notwendig und ist bereit, ihn mitzutragen.<\/p>\n","protected":false},"author":51,"featured_media":15827,"comment_status":"open","ping_status":"open","sticky":false,"template":"","format":"standard","meta":{"_links_to":"","_links_to_target":""},"categories":[7],"tags":[2978,735,2513,3038,41],"yoast_head":"<!-- This site is optimized with the Yoast SEO plugin v19.10 - https:\/\/yoast.com\/wordpress\/plugins\/seo\/ -->\n<title>Naturbewusstseins-Studie erschienen: Nachhaltigkeit und Naturvertr\u00e4glichkeit erw\u00fcnscht<\/title>\n<meta name=\"description\" content=\"Die Mehrheit der befragte Menschen h\u00e4lt den gesellschaftlichen Wandel zu Nachhaltigkeit und Naturvertr\u00e4glichkeit f\u00fcr notwendig und ist bereit, ihn mitzutragen.\" \/>\n<meta name=\"robots\" content=\"index, follow, max-snippet:-1, max-image-preview:large, max-video-preview:-1\" \/>\n<link rel=\"canonical\" href=\"https:\/\/www.naturparkmagazin.de\/vdn\/naturbewusstseins-studie-erschienen-nachhaltigkeit-und-naturvertraeglichkeit-erwuenscht\/\" \/>\n<meta property=\"og:locale\" content=\"de_DE\" \/>\n<meta property=\"og:type\" content=\"article\" \/>\n<meta property=\"og:title\" content=\"Naturbewusstseins-Studie erschienen: Nachhaltigkeit und Naturvertr\u00e4glichkeit erw\u00fcnscht\" \/>\n<meta property=\"og:description\" content=\"Die Mehrheit der befragte Menschen h\u00e4lt den gesellschaftlichen Wandel zu Nachhaltigkeit und Naturvertr\u00e4glichkeit f\u00fcr notwendig und ist bereit, ihn mitzutragen.\" \/>\n<meta property=\"og:url\" content=\"https:\/\/www.naturparkmagazin.de\/vdn\/naturbewusstseins-studie-erschienen-nachhaltigkeit-und-naturvertraeglichkeit-erwuenscht\/\" \/>\n<meta property=\"og:site_name\" content=\"Verband Deutscher Naturparke\" \/>\n<meta property=\"article:published_time\" content=\"2023-04-30T20:57:52+00:00\" \/>\n<meta property=\"article:modified_time\" content=\"2023-05-17T08:16:44+00:00\" \/>\n<meta property=\"og:image\" content=\"https:\/\/www.naturparkmagazin.de\/vdn\/wp-content\/uploads\/sites\/3\/P1010182-Teutoburger-Wald-Eggegebirge-web-Beitragsfoto.jpg\" \/>\n\t<meta property=\"og:image:width\" content=\"1155\" \/>\n\t<meta property=\"og:image:height\" content=\"1085\" \/>\n\t<meta property=\"og:image:type\" content=\"image\/jpeg\" \/>\n<meta name=\"author\" content=\"beatrixlosem\" \/>\n<meta name=\"twitter:label1\" content=\"Verfasst von\" \/>\n\t<meta name=\"twitter:data1\" content=\"beatrixlosem\" \/>\n\t<meta name=\"twitter:label2\" content=\"Gesch\u00e4tzte Lesezeit\" \/>\n\t<meta name=\"twitter:data2\" content=\"2\u00a0Minuten\" \/>\n<script type=\"application\/ld+json\" class=\"yoast-schema-graph\">{\"@context\":\"https:\/\/schema.org\",\"@graph\":[{\"@type\":\"WebPage\",\"@id\":\"https:\/\/www.naturparkmagazin.de\/vdn\/naturbewusstseins-studie-erschienen-nachhaltigkeit-und-naturvertraeglichkeit-erwuenscht\/\",\"url\":\"https:\/\/www.naturparkmagazin.de\/vdn\/naturbewusstseins-studie-erschienen-nachhaltigkeit-und-naturvertraeglichkeit-erwuenscht\/\",\"name\":\"Naturbewusstseins-Studie erschienen: Nachhaltigkeit und Naturvertr\u00e4glichkeit erw\u00fcnscht\",\"isPartOf\":{\"@id\":\"https:\/\/www.naturparkmagazin.de\/vdn\/#website\"},\"datePublished\":\"2023-04-30T20:57:52+00:00\",\"dateModified\":\"2023-05-17T08:16:44+00:00\",\"author\":{\"@id\":\"https:\/\/www.naturparkmagazin.de\/vdn\/#\/schema\/person\/d71357578c318b6db03be60b1f60396b\"},\"description\":\"Die Mehrheit der befragte Menschen h\u00e4lt den gesellschaftlichen Wandel zu Nachhaltigkeit und Naturvertr\u00e4glichkeit f\u00fcr notwendig und ist bereit, ihn mitzutragen.\",\"breadcrumb\":{\"@id\":\"https:\/\/www.naturparkmagazin.de\/vdn\/naturbewusstseins-studie-erschienen-nachhaltigkeit-und-naturvertraeglichkeit-erwuenscht\/#breadcrumb\"},\"inLanguage\":\"de\",\"potentialAction\":[{\"@type\":\"ReadAction\",\"target\":[\"https:\/\/www.naturparkmagazin.de\/vdn\/naturbewusstseins-studie-erschienen-nachhaltigkeit-und-naturvertraeglichkeit-erwuenscht\/\"]}]},{\"@type\":\"BreadcrumbList\",\"@id\":\"https:\/\/www.naturparkmagazin.de\/vdn\/naturbewusstseins-studie-erschienen-nachhaltigkeit-und-naturvertraeglichkeit-erwuenscht\/#breadcrumb\",\"itemListElement\":[{\"@type\":\"ListItem\",\"position\":1,\"name\":\"Home\",\"item\":\"https:\/\/www.naturparkmagazin.de\/vdn\/\"},{\"@type\":\"ListItem\",\"position\":2,\"name\":\"Naturbewusstseins-Studie erschienen: Nachhaltigkeit und Naturvertr\u00e4glichkeit erw\u00fcnscht\"}]},{\"@type\":\"WebSite\",\"@id\":\"https:\/\/www.naturparkmagazin.de\/vdn\/#website\",\"url\":\"https:\/\/www.naturparkmagazin.de\/vdn\/\",\"name\":\"Verband Deutscher Naturparke\",\"description\":\"Eine weitere Naturparkmagazin.de Netzwerk Seite\",\"potentialAction\":[{\"@type\":\"SearchAction\",\"target\":{\"@type\":\"EntryPoint\",\"urlTemplate\":\"https:\/\/www.naturparkmagazin.de\/vdn\/?s={search_term_string}\"},\"query-input\":\"required name=search_term_string\"}],\"inLanguage\":\"de\"},{\"@type\":\"Person\",\"@id\":\"https:\/\/www.naturparkmagazin.de\/vdn\/#\/schema\/person\/d71357578c318b6db03be60b1f60396b\",\"name\":\"beatrixlosem\",\"url\":\"https:\/\/www.naturparkmagazin.de\/vdn\/author\/beatrixlosem\/\"}]}<\/script>\n<!-- \/ Yoast SEO plugin. -->","yoast_head_json":{"title":"Naturbewusstseins-Studie erschienen: Nachhaltigkeit und Naturvertr\u00e4glichkeit erw\u00fcnscht","description":"Die Mehrheit der befragte Menschen h\u00e4lt den gesellschaftlichen Wandel zu Nachhaltigkeit und Naturvertr\u00e4glichkeit f\u00fcr notwendig und ist bereit, ihn mitzutragen.","robots":{"index":"index","follow":"follow","max-snippet":"max-snippet:-1","max-image-preview":"max-image-preview:large","max-video-preview":"max-video-preview:-1"},"canonical":"https:\/\/www.naturparkmagazin.de\/vdn\/naturbewusstseins-studie-erschienen-nachhaltigkeit-und-naturvertraeglichkeit-erwuenscht\/","og_locale":"de_DE","og_type":"article","og_title":"Naturbewusstseins-Studie erschienen: Nachhaltigkeit und Naturvertr\u00e4glichkeit erw\u00fcnscht","og_description":"Die Mehrheit der befragte Menschen h\u00e4lt den gesellschaftlichen Wandel zu Nachhaltigkeit und Naturvertr\u00e4glichkeit f\u00fcr notwendig und ist bereit, ihn mitzutragen.","og_url":"https:\/\/www.naturparkmagazin.de\/vdn\/naturbewusstseins-studie-erschienen-nachhaltigkeit-und-naturvertraeglichkeit-erwuenscht\/","og_site_name":"Verband Deutscher Naturparke","article_published_time":"2023-04-30T20:57:52+00:00","article_modified_time":"2023-05-17T08:16:44+00:00","og_image":[{"width":1155,"height":1085,"url":"https:\/\/www.naturparkmagazin.de\/vdn\/wp-content\/uploads\/sites\/3\/P1010182-Teutoburger-Wald-Eggegebirge-web-Beitragsfoto.jpg","type":"image\/jpeg"}],"author":"beatrixlosem","twitter_misc":{"Verfasst von":"beatrixlosem","Gesch\u00e4tzte Lesezeit":"2\u00a0Minuten"},"schema":{"@context":"https:\/\/schema.org","@graph":[{"@type":"WebPage","@id":"https:\/\/www.naturparkmagazin.de\/vdn\/naturbewusstseins-studie-erschienen-nachhaltigkeit-und-naturvertraeglichkeit-erwuenscht\/","url":"https:\/\/www.naturparkmagazin.de\/vdn\/naturbewusstseins-studie-erschienen-nachhaltigkeit-und-naturvertraeglichkeit-erwuenscht\/","name":"Naturbewusstseins-Studie erschienen: Nachhaltigkeit und Naturvertr\u00e4glichkeit erw\u00fcnscht","isPartOf":{"@id":"https:\/\/www.naturparkmagazin.de\/vdn\/#website"},"datePublished":"2023-04-30T20:57:52+00:00","dateModified":"2023-05-17T08:16:44+00:00","author":{"@id":"https:\/\/www.naturparkmagazin.de\/vdn\/#\/schema\/person\/d71357578c318b6db03be60b1f60396b"},"description":"Die Mehrheit der befragte Menschen h\u00e4lt den gesellschaftlichen Wandel zu Nachhaltigkeit und Naturvertr\u00e4glichkeit f\u00fcr notwendig und ist bereit, ihn mitzutragen.","breadcrumb":{"@id":"https:\/\/www.naturparkmagazin.de\/vdn\/naturbewusstseins-studie-erschienen-nachhaltigkeit-und-naturvertraeglichkeit-erwuenscht\/#breadcrumb"},"inLanguage":"de","potentialAction":[{"@type":"ReadAction","target":["https:\/\/www.naturparkmagazin.de\/vdn\/naturbewusstseins-studie-erschienen-nachhaltigkeit-und-naturvertraeglichkeit-erwuenscht\/"]}]},{"@type":"BreadcrumbList","@id":"https:\/\/www.naturparkmagazin.de\/vdn\/naturbewusstseins-studie-erschienen-nachhaltigkeit-und-naturvertraeglichkeit-erwuenscht\/#breadcrumb","itemListElement":[{"@type":"ListItem","position":1,"name":"Home","item":"https:\/\/www.naturparkmagazin.de\/vdn\/"},{"@type":"ListItem","position":2,"name":"Naturbewusstseins-Studie erschienen: Nachhaltigkeit und Naturvertr\u00e4glichkeit erw\u00fcnscht"}]},{"@type":"WebSite","@id":"https:\/\/www.naturparkmagazin.de\/vdn\/#website","url":"https:\/\/www.naturparkmagazin.de\/vdn\/","name":"Verband Deutscher Naturparke","description":"Eine weitere Naturparkmagazin.de Netzwerk Seite","potentialAction":[{"@type":"SearchAction","target":{"@type":"EntryPoint","urlTemplate":"https:\/\/www.naturparkmagazin.de\/vdn\/?s={search_term_string}"},"query-input":"required name=search_term_string"}],"inLanguage":"de"},{"@type":"Person","@id":"https:\/\/www.naturparkmagazin.de\/vdn\/#\/schema\/person\/d71357578c318b6db03be60b1f60396b","name":"beatrixlosem","url":"https:\/\/www.naturparkmagazin.de\/vdn\/author\/beatrixlosem\/"}]}},"_links":{"self":[{"href":"https:\/\/www.naturparkmagazin.de\/vdn\/wp-json\/wp\/v2\/posts\/15823"}],"collection":[{"href":"https:\/\/www.naturparkmagazin.de\/vdn\/wp-json\/wp\/v2\/posts"}],"about":[{"href":"https:\/\/www.naturparkmagazin.de\/vdn\/wp-json\/wp\/v2\/types\/post"}],"author":[{"embeddable":true,"href":"https:\/\/www.naturparkmagazin.de\/vdn\/wp-json\/wp\/v2\/users\/51"}],"replies":[{"embeddable":true,"href":"https:\/\/www.naturparkmagazin.de\/vdn\/wp-json\/wp\/v2\/comments?post=15823"}],"version-history":[{"count":3,"href":"https:\/\/www.naturparkmagazin.de\/vdn\/wp-json\/wp\/v2\/posts\/15823\/revisions"}],"predecessor-version":[{"id":15834,"href":"https:\/\/www.naturparkmagazin.de\/vdn\/wp-json\/wp\/v2\/posts\/15823\/revisions\/15834"}],"wp:featuredmedia":[{"embeddable":true,"href":"https:\/\/www.naturparkmagazin.de\/vdn\/wp-json\/wp\/v2\/media\/15827"}],"wp:attachment":[{"href":"https:\/\/www.naturparkmagazin.de\/vdn\/wp-json\/wp\/v2\/media?parent=15823"}],"wp:term":[{"taxonomy":"category","embeddable":true,"href":"https:\/\/www.naturparkmagazin.de\/vdn\/wp-json\/wp\/v2\/categories?post=15823"},{"taxonomy":"post_tag","embeddable":true,"href":"https:\/\/www.naturparkmagazin.de\/vdn\/wp-json\/wp\/v2\/tags?post=15823"}],"curies":[{"name":"wp","href":"https:\/\/api.w.org\/{rel}","templated":true}]}}