{"id":16089,"date":"2023-08-02T13:18:17","date_gmt":"2023-08-02T11:18:17","guid":{"rendered":"https:\/\/www.naturparkmagazin.de\/vdn\/?p=16089"},"modified":"2023-08-21T11:58:36","modified_gmt":"2023-08-21T09:58:36","slug":"ein-tag-im-naturpark-oberer-bayerischer-wald","status":"publish","type":"post","link":"https:\/\/www.naturparkmagazin.de\/vdn\/ein-tag-im-naturpark-oberer-bayerischer-wald\/","title":{"rendered":"Ein Tag im Naturpark Oberer Bayerischer Wald"},"content":{"rendered":"<div id=\"attachment_16091\" style=\"width: 510px\" class=\"wp-caption alignnone\"><img aria-describedby=\"caption-attachment-16091\" decoding=\"async\" loading=\"lazy\" class=\"size-full wp-image-16091\" src=\"https:\/\/www.naturparkmagazin.de\/vdn\/wp-content\/uploads\/sites\/3\/okimg-5372b.jpg\" alt=\"\" width=\"500\" height=\"300\" srcset=\"https:\/\/www.naturparkmagazin.de\/vdn\/wp-content\/uploads\/sites\/3\/okimg-5372b.jpg 500w, https:\/\/www.naturparkmagazin.de\/vdn\/wp-content\/uploads\/sites\/3\/okimg-5372b-300x180.jpg 300w, https:\/\/www.naturparkmagazin.de\/vdn\/wp-content\/uploads\/sites\/3\/okimg-5372b-200x120.jpg 200w\" sizes=\"(max-width: 500px) 100vw, 500px\" \/><p id=\"caption-attachment-16091\" class=\"wp-caption-text\">Nach dem Aufstieg im letzten Sonnenlicht die Aussicht genie\u00dfen \u00a9 VDN-Fotoportal \/ Sigrid Schiller-Bauer<\/p><\/div>\n<p>Wir starten morgens auf eine anspruchsvolle, aber absolut lohnenswerte Wanderung auf dem Goldsteig, einer der Top-Trails in Deutschland. Sie wird nicht umsonst als eine der faszinierendsten, aber auch schwei\u00dftreibendsten Goldsteig-Etappen bezeichnet. Wir beginnen am Eck und wandern \u00fcber acht Tausendergipfel bis zum Gro\u00dfen Arber, den K\u00f6nig des Bayerwaldes.<\/p>\n<p>Bei sch\u00f6nem Wetter k\u00f6nnen wir nicht nur auf die Berge des Bayerischen Waldes blicken, sondern bei klarer Sicht auch den Alpenkamm sehen. Ohne Zweifel ein Foto wert.<\/p>\n<p>&nbsp;<\/p>\n<div id=\"attachment_16095\" style=\"width: 510px\" class=\"wp-caption alignnone\"><img aria-describedby=\"caption-attachment-16095\" decoding=\"async\" loading=\"lazy\" class=\"size-full wp-image-16095\" src=\"https:\/\/www.naturparkmagazin.de\/vdn\/wp-content\/uploads\/sites\/3\/Lohberg_101.jpg\" alt=\"\" width=\"500\" height=\"300\" srcset=\"https:\/\/www.naturparkmagazin.de\/vdn\/wp-content\/uploads\/sites\/3\/Lohberg_101.jpg 500w, https:\/\/www.naturparkmagazin.de\/vdn\/wp-content\/uploads\/sites\/3\/Lohberg_101-300x180.jpg 300w, https:\/\/www.naturparkmagazin.de\/vdn\/wp-content\/uploads\/sites\/3\/Lohberg_101-200x120.jpg 200w\" sizes=\"(max-width: 500px) 100vw, 500px\" \/><p id=\"caption-attachment-16095\" class=\"wp-caption-text\">Postkartenlandschaft \u00a9 VDN-Fotoportal \/ Filipp<\/p><\/div>\n<p>Es geht durch dichten Bergmischwald, \u00fcber Gebirgsk\u00e4mme und durch offene Heidelbeerlandschaften \u2013 urw\u00fcchsig \u2013 urspr\u00fcnglich und wildromantisch. Zu Trinken sollte man immer genug dabei haben, es befinden sich aber auch Einkehrm\u00f6glichkeiten auf der Strecke.<\/p>\n<p>Zum kr\u00f6nenden Abschluss und zum Entspannen der Muskeln bietet sich ein Besuch in einem der Erlebnisb\u00e4der in der Region an. Kulinarisch verw\u00f6hnt uns dann ein Abendessen aus regionalen Produkten in einem der vielen, guten Gasth\u00e4user.<\/p>\n<p>Alle, die gern barrierearm unterwegs sein m\u00f6chten, werden im Arracher Moor mit seinem Bohlensteg und interessanten Informationsschildern \u00fcber Flora und Fauna f\u00fcndig. Etwas l\u00e4nger ist der neu gestaltete barrierearme Rundweg um den Silbersee, der im Sommer auch zu einem erfrischenden Bad einl\u00e4dt.<\/p>\n<p>&nbsp;<\/p>\n<div id=\"attachment_16090\" style=\"width: 510px\" class=\"wp-caption alignnone\"><img aria-describedby=\"caption-attachment-16090\" decoding=\"async\" loading=\"lazy\" class=\"wp-image-16090 size-full\" src=\"https:\/\/www.naturparkmagazin.de\/vdn\/wp-content\/uploads\/sites\/3\/Arracher_Moor.jpg\" alt=\"\" width=\"500\" height=\"300\" srcset=\"https:\/\/www.naturparkmagazin.de\/vdn\/wp-content\/uploads\/sites\/3\/Arracher_Moor.jpg 500w, https:\/\/www.naturparkmagazin.de\/vdn\/wp-content\/uploads\/sites\/3\/Arracher_Moor-300x180.jpg 300w, https:\/\/www.naturparkmagazin.de\/vdn\/wp-content\/uploads\/sites\/3\/Arracher_Moor-200x120.jpg 200w\" sizes=\"(max-width: 500px) 100vw, 500px\" \/><p id=\"caption-attachment-16090\" class=\"wp-caption-text\">Arracher Moor \u00a9 VDN-Fotoportal \/ Angela Maurer<\/p><\/div>\n<p>&nbsp;<\/p>\n","protected":false},"excerpt":{"rendered":"<p>Eine Wanderung auf dem Goldsteig, ein anschlie\u00dfender Besuch in einem Erlebnisbad und dann ein Abendessen aus regionalen Produkten in einem der vielen guten Gasth\u00e4user oder barrierearm im Arracher Moor oder am Silbersee. Das ist eine der vielen M\u00f6glichkeiten, einen Tag im Naturpark Oberer Bayerischer Wald zu verbringen.<\/p>\n","protected":false},"author":73,"featured_media":16093,"comment_status":"open","ping_status":"open","sticky":false,"template":"","format":"standard","meta":{"_links_to":"","_links_to_target":""},"categories":[617],"tags":[3357,2392,3359,383,3358],"yoast_head":"<!-- This site is optimized with the Yoast SEO plugin v19.10 - https:\/\/yoast.com\/wordpress\/plugins\/seo\/ -->\n<title>Ein Tag im Naturpark Oberer Bayerischer Wald<\/title>\n<meta name=\"description\" content=\"Eine Wanderung auf dem Goldsteig, ein anschlie\u00dfender Besuch in einem Erlebnisbad und dann ein Abendessen aus regionalen Produkten in einem der vielen guten Gasth\u00e4user oder barrierearm im Arracher Moor oder am Silbersee. Das ist eine der vielen M\u00f6glichkeiten, einen Tag im Naturpark Oberer Bayerischer Wald zu verbringen.\" \/>\n<meta name=\"robots\" content=\"index, follow, max-snippet:-1, max-image-preview:large, max-video-preview:-1\" \/>\n<link rel=\"canonical\" href=\"https:\/\/www.naturparkmagazin.de\/vdn\/ein-tag-im-naturpark-oberer-bayerischer-wald\/\" \/>\n<meta property=\"og:locale\" content=\"de_DE\" \/>\n<meta property=\"og:type\" content=\"article\" \/>\n<meta property=\"og:title\" content=\"Ein Tag im Naturpark Oberer Bayerischer Wald\" \/>\n<meta property=\"og:description\" content=\"Eine Wanderung auf dem Goldsteig, ein anschlie\u00dfender Besuch in einem Erlebnisbad und dann ein Abendessen aus regionalen Produkten in einem der vielen guten Gasth\u00e4user oder barrierearm im Arracher Moor oder am Silbersee. Das ist eine der vielen M\u00f6glichkeiten, einen Tag im Naturpark Oberer Bayerischer Wald zu verbringen.\" \/>\n<meta property=\"og:url\" content=\"https:\/\/www.naturparkmagazin.de\/vdn\/ein-tag-im-naturpark-oberer-bayerischer-wald\/\" \/>\n<meta property=\"og:site_name\" content=\"Verband Deutscher Naturparke\" \/>\n<meta property=\"article:published_time\" content=\"2023-08-02T11:18:17+00:00\" \/>\n<meta property=\"article:modified_time\" content=\"2023-08-21T09:58:36+00:00\" \/>\n<meta property=\"og:image\" content=\"https:\/\/www.naturparkmagazin.de\/vdn\/wp-content\/uploads\/sites\/3\/okimg-5372bf.jpg\" \/>\n\t<meta property=\"og:image:width\" content=\"200\" \/>\n\t<meta property=\"og:image:height\" content=\"200\" \/>\n\t<meta property=\"og:image:type\" content=\"image\/jpeg\" \/>\n<meta name=\"author\" content=\"manuelamerz\" \/>\n<meta name=\"twitter:label1\" content=\"Verfasst von\" \/>\n\t<meta name=\"twitter:data1\" content=\"manuelamerz\" \/>\n\t<meta name=\"twitter:label2\" content=\"Gesch\u00e4tzte Lesezeit\" \/>\n\t<meta name=\"twitter:data2\" content=\"2\u00a0Minuten\" \/>\n<script type=\"application\/ld+json\" class=\"yoast-schema-graph\">{\"@context\":\"https:\/\/schema.org\",\"@graph\":[{\"@type\":\"WebPage\",\"@id\":\"https:\/\/www.naturparkmagazin.de\/vdn\/ein-tag-im-naturpark-oberer-bayerischer-wald\/\",\"url\":\"https:\/\/www.naturparkmagazin.de\/vdn\/ein-tag-im-naturpark-oberer-bayerischer-wald\/\",\"name\":\"Ein Tag im Naturpark Oberer Bayerischer Wald\",\"isPartOf\":{\"@id\":\"https:\/\/www.naturparkmagazin.de\/vdn\/#website\"},\"datePublished\":\"2023-08-02T11:18:17+00:00\",\"dateModified\":\"2023-08-21T09:58:36+00:00\",\"author\":{\"@id\":\"https:\/\/www.naturparkmagazin.de\/vdn\/#\/schema\/person\/3cff9b8773ed55f0189255fa9adfd57c\"},\"description\":\"Eine Wanderung auf dem Goldsteig, ein anschlie\u00dfender Besuch in einem Erlebnisbad und dann ein Abendessen aus regionalen Produkten in einem der vielen guten Gasth\u00e4user oder barrierearm im Arracher Moor oder am Silbersee. Das ist eine der vielen M\u00f6glichkeiten, einen Tag im Naturpark Oberer Bayerischer Wald zu verbringen.\",\"breadcrumb\":{\"@id\":\"https:\/\/www.naturparkmagazin.de\/vdn\/ein-tag-im-naturpark-oberer-bayerischer-wald\/#breadcrumb\"},\"inLanguage\":\"de\",\"potentialAction\":[{\"@type\":\"ReadAction\",\"target\":[\"https:\/\/www.naturparkmagazin.de\/vdn\/ein-tag-im-naturpark-oberer-bayerischer-wald\/\"]}]},{\"@type\":\"BreadcrumbList\",\"@id\":\"https:\/\/www.naturparkmagazin.de\/vdn\/ein-tag-im-naturpark-oberer-bayerischer-wald\/#breadcrumb\",\"itemListElement\":[{\"@type\":\"ListItem\",\"position\":1,\"name\":\"Home\",\"item\":\"https:\/\/www.naturparkmagazin.de\/vdn\/\"},{\"@type\":\"ListItem\",\"position\":2,\"name\":\"Ein Tag im Naturpark Oberer Bayerischer Wald\"}]},{\"@type\":\"WebSite\",\"@id\":\"https:\/\/www.naturparkmagazin.de\/vdn\/#website\",\"url\":\"https:\/\/www.naturparkmagazin.de\/vdn\/\",\"name\":\"Verband Deutscher Naturparke\",\"description\":\"Eine weitere Naturparkmagazin.de Netzwerk Seite\",\"potentialAction\":[{\"@type\":\"SearchAction\",\"target\":{\"@type\":\"EntryPoint\",\"urlTemplate\":\"https:\/\/www.naturparkmagazin.de\/vdn\/?s={search_term_string}\"},\"query-input\":\"required name=search_term_string\"}],\"inLanguage\":\"de\"},{\"@type\":\"Person\",\"@id\":\"https:\/\/www.naturparkmagazin.de\/vdn\/#\/schema\/person\/3cff9b8773ed55f0189255fa9adfd57c\",\"name\":\"manuelamerz\",\"url\":\"https:\/\/www.naturparkmagazin.de\/vdn\/author\/manuelamerz\/\"}]}<\/script>\n<!-- \/ Yoast SEO plugin. -->","yoast_head_json":{"title":"Ein Tag im Naturpark Oberer Bayerischer Wald","description":"Eine Wanderung auf dem Goldsteig, ein anschlie\u00dfender Besuch in einem Erlebnisbad und dann ein Abendessen aus regionalen Produkten in einem der vielen guten Gasth\u00e4user oder barrierearm im Arracher Moor oder am Silbersee. Das ist eine der vielen M\u00f6glichkeiten, einen Tag im Naturpark Oberer Bayerischer Wald zu verbringen.","robots":{"index":"index","follow":"follow","max-snippet":"max-snippet:-1","max-image-preview":"max-image-preview:large","max-video-preview":"max-video-preview:-1"},"canonical":"https:\/\/www.naturparkmagazin.de\/vdn\/ein-tag-im-naturpark-oberer-bayerischer-wald\/","og_locale":"de_DE","og_type":"article","og_title":"Ein Tag im Naturpark Oberer Bayerischer Wald","og_description":"Eine Wanderung auf dem Goldsteig, ein anschlie\u00dfender Besuch in einem Erlebnisbad und dann ein Abendessen aus regionalen Produkten in einem der vielen guten Gasth\u00e4user oder barrierearm im Arracher Moor oder am Silbersee. Das ist eine der vielen M\u00f6glichkeiten, einen Tag im Naturpark Oberer Bayerischer Wald zu verbringen.","og_url":"https:\/\/www.naturparkmagazin.de\/vdn\/ein-tag-im-naturpark-oberer-bayerischer-wald\/","og_site_name":"Verband Deutscher Naturparke","article_published_time":"2023-08-02T11:18:17+00:00","article_modified_time":"2023-08-21T09:58:36+00:00","og_image":[{"width":200,"height":200,"url":"https:\/\/www.naturparkmagazin.de\/vdn\/wp-content\/uploads\/sites\/3\/okimg-5372bf.jpg","type":"image\/jpeg"}],"author":"manuelamerz","twitter_misc":{"Verfasst von":"manuelamerz","Gesch\u00e4tzte Lesezeit":"2\u00a0Minuten"},"schema":{"@context":"https:\/\/schema.org","@graph":[{"@type":"WebPage","@id":"https:\/\/www.naturparkmagazin.de\/vdn\/ein-tag-im-naturpark-oberer-bayerischer-wald\/","url":"https:\/\/www.naturparkmagazin.de\/vdn\/ein-tag-im-naturpark-oberer-bayerischer-wald\/","name":"Ein Tag im Naturpark Oberer Bayerischer Wald","isPartOf":{"@id":"https:\/\/www.naturparkmagazin.de\/vdn\/#website"},"datePublished":"2023-08-02T11:18:17+00:00","dateModified":"2023-08-21T09:58:36+00:00","author":{"@id":"https:\/\/www.naturparkmagazin.de\/vdn\/#\/schema\/person\/3cff9b8773ed55f0189255fa9adfd57c"},"description":"Eine Wanderung auf dem Goldsteig, ein anschlie\u00dfender Besuch in einem Erlebnisbad und dann ein Abendessen aus regionalen Produkten in einem der vielen guten Gasth\u00e4user oder barrierearm im Arracher Moor oder am Silbersee. Das ist eine der vielen M\u00f6glichkeiten, einen Tag im Naturpark Oberer Bayerischer Wald zu verbringen.","breadcrumb":{"@id":"https:\/\/www.naturparkmagazin.de\/vdn\/ein-tag-im-naturpark-oberer-bayerischer-wald\/#breadcrumb"},"inLanguage":"de","potentialAction":[{"@type":"ReadAction","target":["https:\/\/www.naturparkmagazin.de\/vdn\/ein-tag-im-naturpark-oberer-bayerischer-wald\/"]}]},{"@type":"BreadcrumbList","@id":"https:\/\/www.naturparkmagazin.de\/vdn\/ein-tag-im-naturpark-oberer-bayerischer-wald\/#breadcrumb","itemListElement":[{"@type":"ListItem","position":1,"name":"Home","item":"https:\/\/www.naturparkmagazin.de\/vdn\/"},{"@type":"ListItem","position":2,"name":"Ein Tag im Naturpark Oberer Bayerischer Wald"}]},{"@type":"WebSite","@id":"https:\/\/www.naturparkmagazin.de\/vdn\/#website","url":"https:\/\/www.naturparkmagazin.de\/vdn\/","name":"Verband Deutscher Naturparke","description":"Eine weitere Naturparkmagazin.de Netzwerk Seite","potentialAction":[{"@type":"SearchAction","target":{"@type":"EntryPoint","urlTemplate":"https:\/\/www.naturparkmagazin.de\/vdn\/?s={search_term_string}"},"query-input":"required name=search_term_string"}],"inLanguage":"de"},{"@type":"Person","@id":"https:\/\/www.naturparkmagazin.de\/vdn\/#\/schema\/person\/3cff9b8773ed55f0189255fa9adfd57c","name":"manuelamerz","url":"https:\/\/www.naturparkmagazin.de\/vdn\/author\/manuelamerz\/"}]}},"_links":{"self":[{"href":"https:\/\/www.naturparkmagazin.de\/vdn\/wp-json\/wp\/v2\/posts\/16089"}],"collection":[{"href":"https:\/\/www.naturparkmagazin.de\/vdn\/wp-json\/wp\/v2\/posts"}],"about":[{"href":"https:\/\/www.naturparkmagazin.de\/vdn\/wp-json\/wp\/v2\/types\/post"}],"author":[{"embeddable":true,"href":"https:\/\/www.naturparkmagazin.de\/vdn\/wp-json\/wp\/v2\/users\/73"}],"replies":[{"embeddable":true,"href":"https:\/\/www.naturparkmagazin.de\/vdn\/wp-json\/wp\/v2\/comments?post=16089"}],"version-history":[{"count":3,"href":"https:\/\/www.naturparkmagazin.de\/vdn\/wp-json\/wp\/v2\/posts\/16089\/revisions"}],"predecessor-version":[{"id":16119,"href":"https:\/\/www.naturparkmagazin.de\/vdn\/wp-json\/wp\/v2\/posts\/16089\/revisions\/16119"}],"wp:featuredmedia":[{"embeddable":true,"href":"https:\/\/www.naturparkmagazin.de\/vdn\/wp-json\/wp\/v2\/media\/16093"}],"wp:attachment":[{"href":"https:\/\/www.naturparkmagazin.de\/vdn\/wp-json\/wp\/v2\/media?parent=16089"}],"wp:term":[{"taxonomy":"category","embeddable":true,"href":"https:\/\/www.naturparkmagazin.de\/vdn\/wp-json\/wp\/v2\/categories?post=16089"},{"taxonomy":"post_tag","embeddable":true,"href":"https:\/\/www.naturparkmagazin.de\/vdn\/wp-json\/wp\/v2\/tags?post=16089"}],"curies":[{"name":"wp","href":"https:\/\/api.w.org\/{rel}","templated":true}]}}