{"id":16099,"date":"2023-08-02T14:53:40","date_gmt":"2023-08-02T12:53:40","guid":{"rendered":"https:\/\/www.naturparkmagazin.de\/vdn\/?p=16099"},"modified":"2023-08-21T11:58:11","modified_gmt":"2023-08-21T09:58:11","slug":"naturpark-oberer-bayerischer-wald","status":"publish","type":"post","link":"https:\/\/www.naturparkmagazin.de\/vdn\/naturpark-oberer-bayerischer-wald\/","title":{"rendered":"Naturpark Oberer Bayerischer Wald"},"content":{"rendered":"<div id=\"attachment_16100\" style=\"width: 510px\" class=\"wp-caption alignnone\"><img aria-describedby=\"caption-attachment-16100\" decoding=\"async\" loading=\"lazy\" class=\"size-full wp-image-16100\" src=\"https:\/\/www.naturparkmagazin.de\/vdn\/wp-content\/uploads\/sites\/3\/Oser_Lamb.jpg\" alt=\"\" width=\"500\" height=\"300\" srcset=\"https:\/\/www.naturparkmagazin.de\/vdn\/wp-content\/uploads\/sites\/3\/Oser_Lamb.jpg 500w, https:\/\/www.naturparkmagazin.de\/vdn\/wp-content\/uploads\/sites\/3\/Oser_Lamb-300x180.jpg 300w, https:\/\/www.naturparkmagazin.de\/vdn\/wp-content\/uploads\/sites\/3\/Oser_Lamb-200x120.jpg 200w\" sizes=\"(max-width: 500px) 100vw, 500px\" \/><p id=\"caption-attachment-16100\" class=\"wp-caption-text\">Berg Osser mit Ort Lam \u00a9 VDN-Fotoportal \/ Marita Haller<\/p><\/div>\n<p>&nbsp;<\/p>\n<p>Der Naturpark Oberer Bayerischer Wald zeichnet durch eine au\u00dfergew\u00f6hnliche Vielfalt aus. Von extremen Trocken-Kiefern-W\u00e4ldern, \u00fcber seltene Niedermoore und artenreichen Auen, bis hin zu \u00fcber 1000 Meter hohen Gipfeln: im Naturpark Oberer Bayerische Wald gibt es viele Natursch\u00e4tze zu entdecken.<\/p>\n<p>&nbsp;<\/p>\n<div id=\"attachment_16102\" style=\"width: 510px\" class=\"wp-caption alignnone\"><img aria-describedby=\"caption-attachment-16102\" decoding=\"async\" loading=\"lazy\" class=\"size-full wp-image-16102\" src=\"https:\/\/www.naturparkmagazin.de\/vdn\/wp-content\/uploads\/sites\/3\/img-k5-29757.jpg\" alt=\"\" width=\"500\" height=\"300\" srcset=\"https:\/\/www.naturparkmagazin.de\/vdn\/wp-content\/uploads\/sites\/3\/img-k5-29757.jpg 500w, https:\/\/www.naturparkmagazin.de\/vdn\/wp-content\/uploads\/sites\/3\/img-k5-29757-300x180.jpg 300w, https:\/\/www.naturparkmagazin.de\/vdn\/wp-content\/uploads\/sites\/3\/img-k5-29757-200x120.jpg 200w\" sizes=\"(max-width: 500px) 100vw, 500px\" \/><p id=\"caption-attachment-16102\" class=\"wp-caption-text\">Steinklamm \u00a9 VDN-Fotoportal \/ J. Mayer<\/p><\/div>\n<p>&nbsp;<\/p>\n<p>Der Naturpark Oberer Bayerischer Wald ist mit 179.600 ha einer der gr\u00f6\u00dften Naturparke in Bayern. Mit den \u00fcber 1.000 m hohen Bergen Gro\u00dfer Arber (1.456 m), Osser (1.293 m), Enzian (1.285 m), Schwarzeck (1.238 m), Kaitersberg (1.132 m) und Hohenbogen (1.073 m) und mit seinen Flusst\u00e4lern und Seen besitzt er eine reizvolle und abwechslungsreiche Landschaft. Das Gebiet des Naturparks war schon in vorgeschichtlicher Zeit besiedelt. Einer der sch\u00f6nsten Faustkeile Deutschlands wurde bei P\u00f6sing im Regental gefunden. Er stammt aus der letzten Zwischeneiszeit und ist etwa 80.000 Jahre alt.<\/p>\n<p>&nbsp;<\/p>\n<div id=\"attachment_16103\" style=\"width: 630px\" class=\"wp-caption alignnone\"><img aria-describedby=\"caption-attachment-16103\" decoding=\"async\" loading=\"lazy\" class=\"size-medium wp-image-16103\" src=\"https:\/\/www.naturparkmagazin.de\/vdn\/wp-content\/uploads\/sites\/3\/Eschlkam_-_Lam_023-620x349.jpg\" alt=\"\" width=\"620\" height=\"349\" srcset=\"https:\/\/www.naturparkmagazin.de\/vdn\/wp-content\/uploads\/sites\/3\/Eschlkam_-_Lam_023-620x349.jpg 620w, https:\/\/www.naturparkmagazin.de\/vdn\/wp-content\/uploads\/sites\/3\/Eschlkam_-_Lam_023-940x529.jpg 940w, https:\/\/www.naturparkmagazin.de\/vdn\/wp-content\/uploads\/sites\/3\/Eschlkam_-_Lam_023-300x169.jpg 300w, https:\/\/www.naturparkmagazin.de\/vdn\/wp-content\/uploads\/sites\/3\/Eschlkam_-_Lam_023-1536x864.jpg 1536w, https:\/\/www.naturparkmagazin.de\/vdn\/wp-content\/uploads\/sites\/3\/Eschlkam_-_Lam_023-2048x1152.jpg 2048w, https:\/\/www.naturparkmagazin.de\/vdn\/wp-content\/uploads\/sites\/3\/Eschlkam_-_Lam_023-670x377.jpg 670w, https:\/\/www.naturparkmagazin.de\/vdn\/wp-content\/uploads\/sites\/3\/Eschlkam_-_Lam_023-200x113.jpg 200w\" sizes=\"(max-width: 620px) 100vw, 620px\" \/><p id=\"caption-attachment-16103\" class=\"wp-caption-text\">Wallfahrtsort \u00a9 VDN-Fotoportal \/ Filipp<\/p><\/div>\n<p>&nbsp;<\/p>\n<p>Als Vermittler zwischen Mensch und Natur gibt es im Naturpark vier Ranger und eine Gebietsbetreuerin. Diese gestalten gemeinsam ein vielf\u00e4ltiges Jahresprogramm f\u00fcr G\u00e4ste und Einheimische und stehen zus\u00e4tzlich auch auf Anfrage f\u00fcr F\u00fchrungen zur Verf\u00fcgung.<\/p>\n<p>&nbsp;<\/p>\n<div id=\"attachment_16104\" style=\"width: 510px\" class=\"wp-caption alignnone\"><img aria-describedby=\"caption-attachment-16104\" decoding=\"async\" loading=\"lazy\" class=\"size-full wp-image-16104\" src=\"https:\/\/www.naturparkmagazin.de\/vdn\/wp-content\/uploads\/sites\/3\/osser_1._Mrz_09_142.jpg\" alt=\"\" width=\"500\" height=\"300\" srcset=\"https:\/\/www.naturparkmagazin.de\/vdn\/wp-content\/uploads\/sites\/3\/osser_1._Mrz_09_142.jpg 500w, https:\/\/www.naturparkmagazin.de\/vdn\/wp-content\/uploads\/sites\/3\/osser_1._Mrz_09_142-300x180.jpg 300w, https:\/\/www.naturparkmagazin.de\/vdn\/wp-content\/uploads\/sites\/3\/osser_1._Mrz_09_142-200x120.jpg 200w\" sizes=\"(max-width: 500px) 100vw, 500px\" \/><p id=\"caption-attachment-16104\" class=\"wp-caption-text\">Winterwanderin \u00a9 VDN-Fotoportal \/ Filipp<\/p><\/div>\n<p>&nbsp;<\/p>\n<p>Ein dichtes, gut beschildertes Netz von Wanderwegen und Radwegen f\u00fchrt durch den Naturpark. Das Angebot an barrierearmen Einrichtungen erweitert sich stets.<\/p>\n<p>Egal, ob f\u00fcr einen kurzen Ausflug oder einen l\u00e4ngeren Aufenthalt, der Naturpark Oberer Bayerischer Wald bietet zu jeder Zeit ein lohnenswertes Ziel.<\/p>\n<p>&nbsp;<\/p>\n<div id=\"attachment_16105\" style=\"width: 510px\" class=\"wp-caption alignnone\"><img aria-describedby=\"caption-attachment-16105\" decoding=\"async\" loading=\"lazy\" class=\"size-full wp-image-16105\" src=\"https:\/\/www.naturparkmagazin.de\/vdn\/wp-content\/uploads\/sites\/3\/Arberblick_entgltig_NP.jpg\" alt=\"\" width=\"500\" height=\"300\" srcset=\"https:\/\/www.naturparkmagazin.de\/vdn\/wp-content\/uploads\/sites\/3\/Arberblick_entgltig_NP.jpg 500w, https:\/\/www.naturparkmagazin.de\/vdn\/wp-content\/uploads\/sites\/3\/Arberblick_entgltig_NP-300x180.jpg 300w, https:\/\/www.naturparkmagazin.de\/vdn\/wp-content\/uploads\/sites\/3\/Arberblick_entgltig_NP-200x120.jpg 200w\" sizes=\"(max-width: 500px) 100vw, 500px\" \/><p id=\"caption-attachment-16105\" class=\"wp-caption-text\">Arberblick \u00a9 VDN-Fotoportal \/Ulrike Sobick<\/p><\/div>\n<p>&nbsp;<\/p>\n<p>&nbsp;<\/p>\n<p>&nbsp;<\/p>\n<p>&nbsp;<\/p>\n","protected":false},"excerpt":{"rendered":"<p>Von extremen Trocken-Kiefern-W\u00e4ldern, \u00fcber seltene Niedermoore und artenreichen Auen, bis hin zu \u00fcber 1000 Meter hohen Gipfeln: im Naturpark Oberer Bayerische Wald gibt es viele Natursch\u00e4tze zu entdecken.<\/p>\n","protected":false},"author":73,"featured_media":16101,"comment_status":"open","ping_status":"open","sticky":false,"template":"","format":"standard","meta":{"_links_to":"","_links_to_target":""},"categories":[15],"tags":[3360,3362,3361,383,2533,3355,3363,2785],"yoast_head":"<!-- This site is optimized with the Yoast SEO plugin v19.10 - https:\/\/yoast.com\/wordpress\/plugins\/seo\/ -->\n<title>Naturpark Oberer Bayerischer Wald<\/title>\n<meta name=\"description\" content=\"Von extremen Trocken-Kiefern-W\u00e4ldern, \u00fcber seltene Niedermoore und artenreichen Auen, bis hin zu \u00fcber 1000 Meter hohen Gipfeln: im Naturpark Oberer Bayerische Wald gibt es viele Natursch\u00e4tze zu entdecken.\" \/>\n<meta name=\"robots\" content=\"index, follow, max-snippet:-1, max-image-preview:large, max-video-preview:-1\" \/>\n<link rel=\"canonical\" href=\"https:\/\/www.naturparkmagazin.de\/vdn\/naturpark-oberer-bayerischer-wald\/\" \/>\n<meta property=\"og:locale\" content=\"de_DE\" \/>\n<meta property=\"og:type\" content=\"article\" \/>\n<meta property=\"og:title\" content=\"Naturpark Oberer Bayerischer Wald\" \/>\n<meta property=\"og:description\" content=\"Von extremen Trocken-Kiefern-W\u00e4ldern, \u00fcber seltene Niedermoore und artenreichen Auen, bis hin zu \u00fcber 1000 Meter hohen Gipfeln: im Naturpark Oberer Bayerische Wald gibt es viele Natursch\u00e4tze zu entdecken.\" \/>\n<meta property=\"og:url\" content=\"https:\/\/www.naturparkmagazin.de\/vdn\/naturpark-oberer-bayerischer-wald\/\" \/>\n<meta property=\"og:site_name\" content=\"Verband Deutscher Naturparke\" \/>\n<meta property=\"article:published_time\" content=\"2023-08-02T12:53:40+00:00\" \/>\n<meta property=\"article:modified_time\" content=\"2023-08-21T09:58:11+00:00\" \/>\n<meta property=\"og:image\" content=\"https:\/\/www.naturparkmagazin.de\/vdn\/wp-content\/uploads\/sites\/3\/Oser_Lambf.jpg\" \/>\n\t<meta property=\"og:image:width\" content=\"200\" \/>\n\t<meta property=\"og:image:height\" content=\"200\" \/>\n\t<meta property=\"og:image:type\" content=\"image\/jpeg\" \/>\n<meta name=\"author\" content=\"manuelamerz\" \/>\n<meta name=\"twitter:label1\" content=\"Verfasst von\" \/>\n\t<meta name=\"twitter:data1\" content=\"manuelamerz\" \/>\n\t<meta name=\"twitter:label2\" content=\"Gesch\u00e4tzte Lesezeit\" \/>\n\t<meta name=\"twitter:data2\" content=\"3\u00a0Minuten\" \/>\n<script type=\"application\/ld+json\" class=\"yoast-schema-graph\">{\"@context\":\"https:\/\/schema.org\",\"@graph\":[{\"@type\":\"WebPage\",\"@id\":\"https:\/\/www.naturparkmagazin.de\/vdn\/naturpark-oberer-bayerischer-wald\/\",\"url\":\"https:\/\/www.naturparkmagazin.de\/vdn\/naturpark-oberer-bayerischer-wald\/\",\"name\":\"Naturpark Oberer Bayerischer Wald\",\"isPartOf\":{\"@id\":\"https:\/\/www.naturparkmagazin.de\/vdn\/#website\"},\"datePublished\":\"2023-08-02T12:53:40+00:00\",\"dateModified\":\"2023-08-21T09:58:11+00:00\",\"author\":{\"@id\":\"https:\/\/www.naturparkmagazin.de\/vdn\/#\/schema\/person\/3cff9b8773ed55f0189255fa9adfd57c\"},\"description\":\"Von extremen Trocken-Kiefern-W\u00e4ldern, \u00fcber seltene Niedermoore und artenreichen Auen, bis hin zu \u00fcber 1000 Meter hohen Gipfeln: im Naturpark Oberer Bayerische Wald gibt es viele Natursch\u00e4tze zu entdecken.\",\"breadcrumb\":{\"@id\":\"https:\/\/www.naturparkmagazin.de\/vdn\/naturpark-oberer-bayerischer-wald\/#breadcrumb\"},\"inLanguage\":\"de\",\"potentialAction\":[{\"@type\":\"ReadAction\",\"target\":[\"https:\/\/www.naturparkmagazin.de\/vdn\/naturpark-oberer-bayerischer-wald\/\"]}]},{\"@type\":\"BreadcrumbList\",\"@id\":\"https:\/\/www.naturparkmagazin.de\/vdn\/naturpark-oberer-bayerischer-wald\/#breadcrumb\",\"itemListElement\":[{\"@type\":\"ListItem\",\"position\":1,\"name\":\"Home\",\"item\":\"https:\/\/www.naturparkmagazin.de\/vdn\/\"},{\"@type\":\"ListItem\",\"position\":2,\"name\":\"Naturpark Oberer Bayerischer Wald\"}]},{\"@type\":\"WebSite\",\"@id\":\"https:\/\/www.naturparkmagazin.de\/vdn\/#website\",\"url\":\"https:\/\/www.naturparkmagazin.de\/vdn\/\",\"name\":\"Verband Deutscher Naturparke\",\"description\":\"Eine weitere Naturparkmagazin.de Netzwerk Seite\",\"potentialAction\":[{\"@type\":\"SearchAction\",\"target\":{\"@type\":\"EntryPoint\",\"urlTemplate\":\"https:\/\/www.naturparkmagazin.de\/vdn\/?s={search_term_string}\"},\"query-input\":\"required name=search_term_string\"}],\"inLanguage\":\"de\"},{\"@type\":\"Person\",\"@id\":\"https:\/\/www.naturparkmagazin.de\/vdn\/#\/schema\/person\/3cff9b8773ed55f0189255fa9adfd57c\",\"name\":\"manuelamerz\",\"url\":\"https:\/\/www.naturparkmagazin.de\/vdn\/author\/manuelamerz\/\"}]}<\/script>\n<!-- \/ Yoast SEO plugin. -->","yoast_head_json":{"title":"Naturpark Oberer Bayerischer Wald","description":"Von extremen Trocken-Kiefern-W\u00e4ldern, \u00fcber seltene Niedermoore und artenreichen Auen, bis hin zu \u00fcber 1000 Meter hohen Gipfeln: im Naturpark Oberer Bayerische Wald gibt es viele Natursch\u00e4tze zu entdecken.","robots":{"index":"index","follow":"follow","max-snippet":"max-snippet:-1","max-image-preview":"max-image-preview:large","max-video-preview":"max-video-preview:-1"},"canonical":"https:\/\/www.naturparkmagazin.de\/vdn\/naturpark-oberer-bayerischer-wald\/","og_locale":"de_DE","og_type":"article","og_title":"Naturpark Oberer Bayerischer Wald","og_description":"Von extremen Trocken-Kiefern-W\u00e4ldern, \u00fcber seltene Niedermoore und artenreichen Auen, bis hin zu \u00fcber 1000 Meter hohen Gipfeln: im Naturpark Oberer Bayerische Wald gibt es viele Natursch\u00e4tze zu entdecken.","og_url":"https:\/\/www.naturparkmagazin.de\/vdn\/naturpark-oberer-bayerischer-wald\/","og_site_name":"Verband Deutscher Naturparke","article_published_time":"2023-08-02T12:53:40+00:00","article_modified_time":"2023-08-21T09:58:11+00:00","og_image":[{"width":200,"height":200,"url":"https:\/\/www.naturparkmagazin.de\/vdn\/wp-content\/uploads\/sites\/3\/Oser_Lambf.jpg","type":"image\/jpeg"}],"author":"manuelamerz","twitter_misc":{"Verfasst von":"manuelamerz","Gesch\u00e4tzte Lesezeit":"3\u00a0Minuten"},"schema":{"@context":"https:\/\/schema.org","@graph":[{"@type":"WebPage","@id":"https:\/\/www.naturparkmagazin.de\/vdn\/naturpark-oberer-bayerischer-wald\/","url":"https:\/\/www.naturparkmagazin.de\/vdn\/naturpark-oberer-bayerischer-wald\/","name":"Naturpark Oberer Bayerischer Wald","isPartOf":{"@id":"https:\/\/www.naturparkmagazin.de\/vdn\/#website"},"datePublished":"2023-08-02T12:53:40+00:00","dateModified":"2023-08-21T09:58:11+00:00","author":{"@id":"https:\/\/www.naturparkmagazin.de\/vdn\/#\/schema\/person\/3cff9b8773ed55f0189255fa9adfd57c"},"description":"Von extremen Trocken-Kiefern-W\u00e4ldern, \u00fcber seltene Niedermoore und artenreichen Auen, bis hin zu \u00fcber 1000 Meter hohen Gipfeln: im Naturpark Oberer Bayerische Wald gibt es viele Natursch\u00e4tze zu entdecken.","breadcrumb":{"@id":"https:\/\/www.naturparkmagazin.de\/vdn\/naturpark-oberer-bayerischer-wald\/#breadcrumb"},"inLanguage":"de","potentialAction":[{"@type":"ReadAction","target":["https:\/\/www.naturparkmagazin.de\/vdn\/naturpark-oberer-bayerischer-wald\/"]}]},{"@type":"BreadcrumbList","@id":"https:\/\/www.naturparkmagazin.de\/vdn\/naturpark-oberer-bayerischer-wald\/#breadcrumb","itemListElement":[{"@type":"ListItem","position":1,"name":"Home","item":"https:\/\/www.naturparkmagazin.de\/vdn\/"},{"@type":"ListItem","position":2,"name":"Naturpark Oberer Bayerischer Wald"}]},{"@type":"WebSite","@id":"https:\/\/www.naturparkmagazin.de\/vdn\/#website","url":"https:\/\/www.naturparkmagazin.de\/vdn\/","name":"Verband Deutscher Naturparke","description":"Eine weitere Naturparkmagazin.de Netzwerk Seite","potentialAction":[{"@type":"SearchAction","target":{"@type":"EntryPoint","urlTemplate":"https:\/\/www.naturparkmagazin.de\/vdn\/?s={search_term_string}"},"query-input":"required name=search_term_string"}],"inLanguage":"de"},{"@type":"Person","@id":"https:\/\/www.naturparkmagazin.de\/vdn\/#\/schema\/person\/3cff9b8773ed55f0189255fa9adfd57c","name":"manuelamerz","url":"https:\/\/www.naturparkmagazin.de\/vdn\/author\/manuelamerz\/"}]}},"_links":{"self":[{"href":"https:\/\/www.naturparkmagazin.de\/vdn\/wp-json\/wp\/v2\/posts\/16099"}],"collection":[{"href":"https:\/\/www.naturparkmagazin.de\/vdn\/wp-json\/wp\/v2\/posts"}],"about":[{"href":"https:\/\/www.naturparkmagazin.de\/vdn\/wp-json\/wp\/v2\/types\/post"}],"author":[{"embeddable":true,"href":"https:\/\/www.naturparkmagazin.de\/vdn\/wp-json\/wp\/v2\/users\/73"}],"replies":[{"embeddable":true,"href":"https:\/\/www.naturparkmagazin.de\/vdn\/wp-json\/wp\/v2\/comments?post=16099"}],"version-history":[{"count":5,"href":"https:\/\/www.naturparkmagazin.de\/vdn\/wp-json\/wp\/v2\/posts\/16099\/revisions"}],"predecessor-version":[{"id":16118,"href":"https:\/\/www.naturparkmagazin.de\/vdn\/wp-json\/wp\/v2\/posts\/16099\/revisions\/16118"}],"wp:featuredmedia":[{"embeddable":true,"href":"https:\/\/www.naturparkmagazin.de\/vdn\/wp-json\/wp\/v2\/media\/16101"}],"wp:attachment":[{"href":"https:\/\/www.naturparkmagazin.de\/vdn\/wp-json\/wp\/v2\/media?parent=16099"}],"wp:term":[{"taxonomy":"category","embeddable":true,"href":"https:\/\/www.naturparkmagazin.de\/vdn\/wp-json\/wp\/v2\/categories?post=16099"},{"taxonomy":"post_tag","embeddable":true,"href":"https:\/\/www.naturparkmagazin.de\/vdn\/wp-json\/wp\/v2\/tags?post=16099"}],"curies":[{"name":"wp","href":"https:\/\/api.w.org\/{rel}","templated":true}]}}