{"id":16557,"date":"2023-12-14T14:02:48","date_gmt":"2023-12-14T13:02:48","guid":{"rendered":"https:\/\/www.naturparkmagazin.de\/vdn\/?p=16557"},"modified":"2023-12-20T16:39:45","modified_gmt":"2023-12-20T15:39:45","slug":"vaeterchen-frost-natur-in-eis-und-schnee","status":"publish","type":"post","link":"https:\/\/www.naturparkmagazin.de\/vdn\/vaeterchen-frost-natur-in-eis-und-schnee\/","title":{"rendered":"V\u00e4terchen Frost \u2013 Natur in Eis und Schnee"},"content":{"rendered":"<div id=\"attachment_16558\" style=\"width: 510px\" class=\"wp-caption alignnone\"><img aria-describedby=\"caption-attachment-16558\" decoding=\"async\" loading=\"lazy\" class=\"size-full wp-image-16558\" src=\"https:\/\/www.naturparkmagazin.de\/vdn\/wp-content\/uploads\/sites\/3\/eis-red-1-14-184b.jpg\" alt=\"\" width=\"500\" height=\"300\" srcset=\"https:\/\/www.naturparkmagazin.de\/vdn\/wp-content\/uploads\/sites\/3\/eis-red-1-14-184b.jpg 500w, https:\/\/www.naturparkmagazin.de\/vdn\/wp-content\/uploads\/sites\/3\/eis-red-1-14-184b-300x180.jpg 300w, https:\/\/www.naturparkmagazin.de\/vdn\/wp-content\/uploads\/sites\/3\/eis-red-1-14-184b-200x120.jpg 200w\" sizes=\"(max-width: 500px) 100vw, 500px\" \/><p id=\"caption-attachment-16558\" class=\"wp-caption-text\">Orgelpfeifen aus Eis \u00a9 VDN-Fotoportal \/ BNVH<\/p><\/div>\n<p>In Frostperioden kann es im Januar bitterkalt werden. Gut verpackt wird aber auch jetzt der Winter in Naturparken bei der Bewegung in frischer Luft zum Erlebnis. Eine ungewohnte Stille breitet sich \u00fcber der Landschaft aus und auf ausgedehnten Spazierg\u00e4ngen kann die Seele zur Ruhe kommen.<\/p>\n<p>&nbsp;<\/p>\n<div id=\"attachment_16560\" style=\"width: 510px\" class=\"wp-caption alignnone\"><img aria-describedby=\"caption-attachment-16560\" decoding=\"async\" loading=\"lazy\" class=\"size-full wp-image-16560\" src=\"https:\/\/www.naturparkmagazin.de\/vdn\/wp-content\/uploads\/sites\/3\/HPIM1550b.jpg\" alt=\"\" width=\"500\" height=\"300\" srcset=\"https:\/\/www.naturparkmagazin.de\/vdn\/wp-content\/uploads\/sites\/3\/HPIM1550b.jpg 500w, https:\/\/www.naturparkmagazin.de\/vdn\/wp-content\/uploads\/sites\/3\/HPIM1550b-300x180.jpg 300w, https:\/\/www.naturparkmagazin.de\/vdn\/wp-content\/uploads\/sites\/3\/HPIM1550b-200x120.jpg 200w\" sizes=\"(max-width: 500px) 100vw, 500px\" \/><p id=\"caption-attachment-16560\" class=\"wp-caption-text\">Ein Winterm\u00e4rchen \u00a9 VDN-Fotoportal \/ J. K\u00fchnemund<\/p><\/div>\n<p>W\u00e4lder und Felder liegen wie in Watte gepackt. Unter der Schneedecke wirkt das Land friedlich und unber\u00fchrt. W\u00e4lder werden zu wahren M\u00e4rchenwelten und die Landschaft bietet eine unendliche Weite.<\/p>\n<p>&nbsp;<\/p>\n<div id=\"attachment_16561\" style=\"width: 510px\" class=\"wp-caption alignnone\"><img aria-describedby=\"caption-attachment-16561\" decoding=\"async\" loading=\"lazy\" class=\"size-full wp-image-16561\" src=\"https:\/\/www.naturparkmagazin.de\/vdn\/wp-content\/uploads\/sites\/3\/dsc-5993b.jpg\" alt=\"\" width=\"500\" height=\"300\" srcset=\"https:\/\/www.naturparkmagazin.de\/vdn\/wp-content\/uploads\/sites\/3\/dsc-5993b.jpg 500w, https:\/\/www.naturparkmagazin.de\/vdn\/wp-content\/uploads\/sites\/3\/dsc-5993b-300x180.jpg 300w, https:\/\/www.naturparkmagazin.de\/vdn\/wp-content\/uploads\/sites\/3\/dsc-5993b-200x120.jpg 200w\" sizes=\"(max-width: 500px) 100vw, 500px\" \/><p id=\"caption-attachment-16561\" class=\"wp-caption-text\">Vereist \u00a9 VDN-Fotoportal \/ Hans-J\u00fcrgen Schmidt<\/p><\/div>\n<p>Mit Schnee und Eis hat die Natur bezaubernde und oft bizarre Strukturen erschaffen: verg\u00e4ngliche Kunstwerke in gro\u00dfen und kleinen Formaten. Auf den H\u00f6hen erscheinen Felsen und B\u00e4ume mit Schnee und Eishauben in bizarren Formen. An Bachl\u00e4ufen oder an den K\u00fcsten gefriert Spritzwasser zu verg\u00e4nglichen Eisskulpturen und an Wasserf\u00e4llen entstehen m\u00e4chtige Eisorgeln. Raureifkrusten an d\u00fcrren Pflanzenst\u00e4ngeln und Fruchtst\u00e4nden oder Schneeauflagerungen auf \u00c4sten h\u00fcllen die Pflanzenwelt in ein neues, glitzriges Kleid. Wer genauer hinschaut, entdeckt Moose, die sich zu wunderbaren eisigen Mikrokosmen verwandelt haben, oder d\u00fcnne Eisschichten auf Laubstreu, die wie Blumen anmuten.<\/p>\n<p>&nbsp;<\/p>\n<div id=\"attachment_16562\" style=\"width: 510px\" class=\"wp-caption alignnone\"><img aria-describedby=\"caption-attachment-16562\" decoding=\"async\" loading=\"lazy\" class=\"size-full wp-image-16562\" src=\"https:\/\/www.naturparkmagazin.de\/vdn\/wp-content\/uploads\/sites\/3\/26b.jpg\" alt=\"\" width=\"500\" height=\"300\" srcset=\"https:\/\/www.naturparkmagazin.de\/vdn\/wp-content\/uploads\/sites\/3\/26b.jpg 500w, https:\/\/www.naturparkmagazin.de\/vdn\/wp-content\/uploads\/sites\/3\/26b-300x180.jpg 300w, https:\/\/www.naturparkmagazin.de\/vdn\/wp-content\/uploads\/sites\/3\/26b-200x120.jpg 200w\" sizes=\"(max-width: 500px) 100vw, 500px\" \/><p id=\"caption-attachment-16562\" class=\"wp-caption-text\">Moos im Eis \u00a9 VDN-Fotoportal \/ Orest Shvadchak<\/p><\/div>\n<p>Nach frischem Schneefall und in den h\u00f6heren Lagen laden Spazierg\u00e4nge auf tiefer Schneedecke zur Spurensuche in der Natur ein. Auf gef\u00fchrten Wanderungen kann man mit einem Naturparkf\u00fchrer oder einer Rangerin die Geheimnisse der winterlichen Tierwelt erkunden, nach Tierspuren fahnden und diese den entsprechenden Tieren zuordnen.<\/p>\n<p>&nbsp;<\/p>\n<div id=\"attachment_16563\" style=\"width: 510px\" class=\"wp-caption alignnone\"><img aria-describedby=\"caption-attachment-16563\" decoding=\"async\" loading=\"lazy\" class=\"size-full wp-image-16563\" src=\"https:\/\/www.naturparkmagazin.de\/vdn\/wp-content\/uploads\/sites\/3\/dscn2982b.jpg\" alt=\"\" width=\"500\" height=\"300\" srcset=\"https:\/\/www.naturparkmagazin.de\/vdn\/wp-content\/uploads\/sites\/3\/dscn2982b.jpg 500w, https:\/\/www.naturparkmagazin.de\/vdn\/wp-content\/uploads\/sites\/3\/dscn2982b-300x180.jpg 300w, https:\/\/www.naturparkmagazin.de\/vdn\/wp-content\/uploads\/sites\/3\/dscn2982b-200x120.jpg 200w\" sizes=\"(max-width: 500px) 100vw, 500px\" \/><p id=\"caption-attachment-16563\" class=\"wp-caption-text\">Schneelast \u00a9 VDN-Fotoportal \/ G\u00fcnter Linderer<\/p><\/div>\n<p>An eisfreien Stellen an Teichen, Fl\u00fcssen und B\u00e4chen versammeln sich nun viele Vogelarten, die man bei gef\u00fchrten Wanderungen n\u00e4her unter die Lupe nehmen kann.<\/p>\n<p>&nbsp;<\/p>\n<div id=\"attachment_16564\" style=\"width: 510px\" class=\"wp-caption alignnone\"><img aria-describedby=\"caption-attachment-16564\" decoding=\"async\" loading=\"lazy\" class=\"size-full wp-image-16564\" src=\"https:\/\/www.naturparkmagazin.de\/vdn\/wp-content\/uploads\/sites\/3\/DSC_9444b.jpg\" alt=\"\" width=\"500\" height=\"300\" srcset=\"https:\/\/www.naturparkmagazin.de\/vdn\/wp-content\/uploads\/sites\/3\/DSC_9444b.jpg 500w, https:\/\/www.naturparkmagazin.de\/vdn\/wp-content\/uploads\/sites\/3\/DSC_9444b-300x180.jpg 300w, https:\/\/www.naturparkmagazin.de\/vdn\/wp-content\/uploads\/sites\/3\/DSC_9444b-200x120.jpg 200w\" sizes=\"(max-width: 500px) 100vw, 500px\" \/><p id=\"caption-attachment-16564\" class=\"wp-caption-text\">Stretching \u00a9 VDN-Fotoportal \/ Veronika<\/p><\/div>\n<p>Vorschl\u00e4ge f\u00fcr winterliche Streifz\u00fcge durch die Natur oder gef\u00fchrte Wanderungen halten viele Naturparke bereit. Einige Vorschl\u00e4ge finden Sie auch in der Erlebnisdatenbank unter <a href=\"https:\/\/www.naturparke.de\/naturparke-erleben\/angebotssuche.html\" target=\"_blank\" rel=\"noopener\">www.naturparke.de.<\/a><\/p>\n<p>&nbsp;<\/p>\n<div id=\"attachment_16565\" style=\"width: 510px\" class=\"wp-caption alignnone\"><img aria-describedby=\"caption-attachment-16565\" decoding=\"async\" loading=\"lazy\" class=\"size-full wp-image-16565\" src=\"https:\/\/www.naturparkmagazin.de\/vdn\/wp-content\/uploads\/sites\/3\/img-8242b.jpg\" alt=\"\" width=\"500\" height=\"300\" srcset=\"https:\/\/www.naturparkmagazin.de\/vdn\/wp-content\/uploads\/sites\/3\/img-8242b.jpg 500w, https:\/\/www.naturparkmagazin.de\/vdn\/wp-content\/uploads\/sites\/3\/img-8242b-300x180.jpg 300w, https:\/\/www.naturparkmagazin.de\/vdn\/wp-content\/uploads\/sites\/3\/img-8242b-200x120.jpg 200w\" sizes=\"(max-width: 500px) 100vw, 500px\" \/><p id=\"caption-attachment-16565\" class=\"wp-caption-text\">Eisblumen \u00a9 VDN-Fotoportal \/ Christel Kessler<\/p><\/div>\n<p>&nbsp;<\/p>\n","protected":false},"excerpt":{"rendered":"<p>Wenn im Januar V\u00e4terchen Frost regiert, zeigt sich die Natur mit Strukturen aus Eis und Schnee als wahre K\u00fcnstlerin. Wer die K\u00e4lte nicht scheut, kann sich auf winterlichen Spazierg\u00e4ngen von traumhaften Landschaften und bizarren Eisstrukturen verzaubern lassen.<\/p>\n","protected":false},"author":73,"featured_media":16559,"comment_status":"open","ping_status":"open","sticky":false,"template":"","format":"standard","meta":{"_links_to":"","_links_to_target":""},"categories":[51],"tags":[3445,3449,3446,322,3448,3447,170],"yoast_head":"<!-- This site is optimized with the Yoast SEO plugin v19.10 - https:\/\/yoast.com\/wordpress\/plugins\/seo\/ -->\n<title>V\u00e4terchen Frost \u2013 Natur in Eis und Schnee<\/title>\n<meta name=\"description\" content=\"Wenn im Januar V\u00e4terchen Frost regiert, zeigt sich die Natur mit Strukturen aus Eis und Schnee als wahre K\u00fcnstlerin. Wer die K\u00e4lte nicht scheut, kann sich auf winterlichen Spazierg\u00e4ngen von traumhaften Landschaften und bizarren Eisstrukturen verzaubern lassen.\" \/>\n<meta name=\"robots\" content=\"index, follow, max-snippet:-1, max-image-preview:large, max-video-preview:-1\" \/>\n<link rel=\"canonical\" href=\"https:\/\/www.naturparkmagazin.de\/vdn\/vaeterchen-frost-natur-in-eis-und-schnee\/\" \/>\n<meta property=\"og:locale\" content=\"de_DE\" \/>\n<meta property=\"og:type\" content=\"article\" \/>\n<meta property=\"og:title\" content=\"V\u00e4terchen Frost \u2013 Natur in Eis und Schnee\" \/>\n<meta property=\"og:description\" content=\"Wenn im Januar V\u00e4terchen Frost regiert, zeigt sich die Natur mit Strukturen aus Eis und Schnee als wahre K\u00fcnstlerin. Wer die K\u00e4lte nicht scheut, kann sich auf winterlichen Spazierg\u00e4ngen von traumhaften Landschaften und bizarren Eisstrukturen verzaubern lassen.\" \/>\n<meta property=\"og:url\" content=\"https:\/\/www.naturparkmagazin.de\/vdn\/vaeterchen-frost-natur-in-eis-und-schnee\/\" \/>\n<meta property=\"og:site_name\" content=\"Verband Deutscher Naturparke\" \/>\n<meta property=\"article:published_time\" content=\"2023-12-14T13:02:48+00:00\" \/>\n<meta property=\"article:modified_time\" content=\"2023-12-20T15:39:45+00:00\" \/>\n<meta property=\"og:image\" content=\"https:\/\/www.naturparkmagazin.de\/vdn\/wp-content\/uploads\/sites\/3\/eis-red-1-14-184bf.jpg\" \/>\n\t<meta property=\"og:image:width\" content=\"400\" \/>\n\t<meta property=\"og:image:height\" content=\"400\" \/>\n\t<meta property=\"og:image:type\" content=\"image\/jpeg\" \/>\n<meta name=\"author\" content=\"manuelamerz\" \/>\n<meta name=\"twitter:label1\" content=\"Verfasst von\" \/>\n\t<meta name=\"twitter:data1\" content=\"manuelamerz\" \/>\n\t<meta name=\"twitter:label2\" content=\"Gesch\u00e4tzte Lesezeit\" \/>\n\t<meta name=\"twitter:data2\" content=\"4\u00a0Minuten\" \/>\n<script type=\"application\/ld+json\" class=\"yoast-schema-graph\">{\"@context\":\"https:\/\/schema.org\",\"@graph\":[{\"@type\":\"WebPage\",\"@id\":\"https:\/\/www.naturparkmagazin.de\/vdn\/vaeterchen-frost-natur-in-eis-und-schnee\/\",\"url\":\"https:\/\/www.naturparkmagazin.de\/vdn\/vaeterchen-frost-natur-in-eis-und-schnee\/\",\"name\":\"V\u00e4terchen Frost \u2013 Natur in Eis und Schnee\",\"isPartOf\":{\"@id\":\"https:\/\/www.naturparkmagazin.de\/vdn\/#website\"},\"datePublished\":\"2023-12-14T13:02:48+00:00\",\"dateModified\":\"2023-12-20T15:39:45+00:00\",\"author\":{\"@id\":\"https:\/\/www.naturparkmagazin.de\/vdn\/#\/schema\/person\/3cff9b8773ed55f0189255fa9adfd57c\"},\"description\":\"Wenn im Januar V\u00e4terchen Frost regiert, zeigt sich die Natur mit Strukturen aus Eis und Schnee als wahre K\u00fcnstlerin. Wer die K\u00e4lte nicht scheut, kann sich auf winterlichen Spazierg\u00e4ngen von traumhaften Landschaften und bizarren Eisstrukturen verzaubern lassen.\",\"breadcrumb\":{\"@id\":\"https:\/\/www.naturparkmagazin.de\/vdn\/vaeterchen-frost-natur-in-eis-und-schnee\/#breadcrumb\"},\"inLanguage\":\"de\",\"potentialAction\":[{\"@type\":\"ReadAction\",\"target\":[\"https:\/\/www.naturparkmagazin.de\/vdn\/vaeterchen-frost-natur-in-eis-und-schnee\/\"]}]},{\"@type\":\"BreadcrumbList\",\"@id\":\"https:\/\/www.naturparkmagazin.de\/vdn\/vaeterchen-frost-natur-in-eis-und-schnee\/#breadcrumb\",\"itemListElement\":[{\"@type\":\"ListItem\",\"position\":1,\"name\":\"Home\",\"item\":\"https:\/\/www.naturparkmagazin.de\/vdn\/\"},{\"@type\":\"ListItem\",\"position\":2,\"name\":\"V\u00e4terchen Frost \u2013 Natur in Eis und Schnee\"}]},{\"@type\":\"WebSite\",\"@id\":\"https:\/\/www.naturparkmagazin.de\/vdn\/#website\",\"url\":\"https:\/\/www.naturparkmagazin.de\/vdn\/\",\"name\":\"Verband Deutscher Naturparke\",\"description\":\"Eine weitere Naturparkmagazin.de Netzwerk Seite\",\"potentialAction\":[{\"@type\":\"SearchAction\",\"target\":{\"@type\":\"EntryPoint\",\"urlTemplate\":\"https:\/\/www.naturparkmagazin.de\/vdn\/?s={search_term_string}\"},\"query-input\":\"required name=search_term_string\"}],\"inLanguage\":\"de\"},{\"@type\":\"Person\",\"@id\":\"https:\/\/www.naturparkmagazin.de\/vdn\/#\/schema\/person\/3cff9b8773ed55f0189255fa9adfd57c\",\"name\":\"manuelamerz\",\"url\":\"https:\/\/www.naturparkmagazin.de\/vdn\/author\/manuelamerz\/\"}]}<\/script>\n<!-- \/ Yoast SEO plugin. -->","yoast_head_json":{"title":"V\u00e4terchen Frost \u2013 Natur in Eis und Schnee","description":"Wenn im Januar V\u00e4terchen Frost regiert, zeigt sich die Natur mit Strukturen aus Eis und Schnee als wahre K\u00fcnstlerin. Wer die K\u00e4lte nicht scheut, kann sich auf winterlichen Spazierg\u00e4ngen von traumhaften Landschaften und bizarren Eisstrukturen verzaubern lassen.","robots":{"index":"index","follow":"follow","max-snippet":"max-snippet:-1","max-image-preview":"max-image-preview:large","max-video-preview":"max-video-preview:-1"},"canonical":"https:\/\/www.naturparkmagazin.de\/vdn\/vaeterchen-frost-natur-in-eis-und-schnee\/","og_locale":"de_DE","og_type":"article","og_title":"V\u00e4terchen Frost \u2013 Natur in Eis und Schnee","og_description":"Wenn im Januar V\u00e4terchen Frost regiert, zeigt sich die Natur mit Strukturen aus Eis und Schnee als wahre K\u00fcnstlerin. Wer die K\u00e4lte nicht scheut, kann sich auf winterlichen Spazierg\u00e4ngen von traumhaften Landschaften und bizarren Eisstrukturen verzaubern lassen.","og_url":"https:\/\/www.naturparkmagazin.de\/vdn\/vaeterchen-frost-natur-in-eis-und-schnee\/","og_site_name":"Verband Deutscher Naturparke","article_published_time":"2023-12-14T13:02:48+00:00","article_modified_time":"2023-12-20T15:39:45+00:00","og_image":[{"width":400,"height":400,"url":"https:\/\/www.naturparkmagazin.de\/vdn\/wp-content\/uploads\/sites\/3\/eis-red-1-14-184bf.jpg","type":"image\/jpeg"}],"author":"manuelamerz","twitter_misc":{"Verfasst von":"manuelamerz","Gesch\u00e4tzte Lesezeit":"4\u00a0Minuten"},"schema":{"@context":"https:\/\/schema.org","@graph":[{"@type":"WebPage","@id":"https:\/\/www.naturparkmagazin.de\/vdn\/vaeterchen-frost-natur-in-eis-und-schnee\/","url":"https:\/\/www.naturparkmagazin.de\/vdn\/vaeterchen-frost-natur-in-eis-und-schnee\/","name":"V\u00e4terchen Frost \u2013 Natur in Eis und Schnee","isPartOf":{"@id":"https:\/\/www.naturparkmagazin.de\/vdn\/#website"},"datePublished":"2023-12-14T13:02:48+00:00","dateModified":"2023-12-20T15:39:45+00:00","author":{"@id":"https:\/\/www.naturparkmagazin.de\/vdn\/#\/schema\/person\/3cff9b8773ed55f0189255fa9adfd57c"},"description":"Wenn im Januar V\u00e4terchen Frost regiert, zeigt sich die Natur mit Strukturen aus Eis und Schnee als wahre K\u00fcnstlerin. Wer die K\u00e4lte nicht scheut, kann sich auf winterlichen Spazierg\u00e4ngen von traumhaften Landschaften und bizarren Eisstrukturen verzaubern lassen.","breadcrumb":{"@id":"https:\/\/www.naturparkmagazin.de\/vdn\/vaeterchen-frost-natur-in-eis-und-schnee\/#breadcrumb"},"inLanguage":"de","potentialAction":[{"@type":"ReadAction","target":["https:\/\/www.naturparkmagazin.de\/vdn\/vaeterchen-frost-natur-in-eis-und-schnee\/"]}]},{"@type":"BreadcrumbList","@id":"https:\/\/www.naturparkmagazin.de\/vdn\/vaeterchen-frost-natur-in-eis-und-schnee\/#breadcrumb","itemListElement":[{"@type":"ListItem","position":1,"name":"Home","item":"https:\/\/www.naturparkmagazin.de\/vdn\/"},{"@type":"ListItem","position":2,"name":"V\u00e4terchen Frost \u2013 Natur in Eis und Schnee"}]},{"@type":"WebSite","@id":"https:\/\/www.naturparkmagazin.de\/vdn\/#website","url":"https:\/\/www.naturparkmagazin.de\/vdn\/","name":"Verband Deutscher Naturparke","description":"Eine weitere Naturparkmagazin.de Netzwerk Seite","potentialAction":[{"@type":"SearchAction","target":{"@type":"EntryPoint","urlTemplate":"https:\/\/www.naturparkmagazin.de\/vdn\/?s={search_term_string}"},"query-input":"required name=search_term_string"}],"inLanguage":"de"},{"@type":"Person","@id":"https:\/\/www.naturparkmagazin.de\/vdn\/#\/schema\/person\/3cff9b8773ed55f0189255fa9adfd57c","name":"manuelamerz","url":"https:\/\/www.naturparkmagazin.de\/vdn\/author\/manuelamerz\/"}]}},"_links":{"self":[{"href":"https:\/\/www.naturparkmagazin.de\/vdn\/wp-json\/wp\/v2\/posts\/16557"}],"collection":[{"href":"https:\/\/www.naturparkmagazin.de\/vdn\/wp-json\/wp\/v2\/posts"}],"about":[{"href":"https:\/\/www.naturparkmagazin.de\/vdn\/wp-json\/wp\/v2\/types\/post"}],"author":[{"embeddable":true,"href":"https:\/\/www.naturparkmagazin.de\/vdn\/wp-json\/wp\/v2\/users\/73"}],"replies":[{"embeddable":true,"href":"https:\/\/www.naturparkmagazin.de\/vdn\/wp-json\/wp\/v2\/comments?post=16557"}],"version-history":[{"count":6,"href":"https:\/\/www.naturparkmagazin.de\/vdn\/wp-json\/wp\/v2\/posts\/16557\/revisions"}],"predecessor-version":[{"id":16637,"href":"https:\/\/www.naturparkmagazin.de\/vdn\/wp-json\/wp\/v2\/posts\/16557\/revisions\/16637"}],"wp:featuredmedia":[{"embeddable":true,"href":"https:\/\/www.naturparkmagazin.de\/vdn\/wp-json\/wp\/v2\/media\/16559"}],"wp:attachment":[{"href":"https:\/\/www.naturparkmagazin.de\/vdn\/wp-json\/wp\/v2\/media?parent=16557"}],"wp:term":[{"taxonomy":"category","embeddable":true,"href":"https:\/\/www.naturparkmagazin.de\/vdn\/wp-json\/wp\/v2\/categories?post=16557"},{"taxonomy":"post_tag","embeddable":true,"href":"https:\/\/www.naturparkmagazin.de\/vdn\/wp-json\/wp\/v2\/tags?post=16557"}],"curies":[{"name":"wp","href":"https:\/\/api.w.org\/{rel}","templated":true}]}}