{"id":16617,"date":"2023-12-31T15:19:25","date_gmt":"2023-12-31T14:19:25","guid":{"rendered":"https:\/\/www.naturparkmagazin.de\/vdn\/?p=16617"},"modified":"2024-01-29T13:15:37","modified_gmt":"2024-01-29T12:15:37","slug":"waldgesundheitsangebote-wildwuchs-oder-geregelt","status":"publish","type":"post","link":"https:\/\/www.naturparkmagazin.de\/vdn\/waldgesundheitsangebote-wildwuchs-oder-geregelt\/","title":{"rendered":"Waldgesundheitsangebote \u2013 Wildwuchs oder geregelt?"},"content":{"rendered":"<p>W\u00e4lder sind wertvolle Sport- und Erholungsr\u00e4ume und werden zunehmend f\u00fcr pr\u00e4ventive Angebote oder waldtherapeutische Anwendungen genutzt. Die WaSEG hat unter Mitwirkung von J\u00f6rg Liesen\/VDN e. V. einen Abgleich der unterschiedlichsten Interessen und Angebote erstellt.<\/p>\n<p>&nbsp;<\/p>\n<div id=\"attachment_15451\" style=\"width: 607px\" class=\"wp-caption aligncenter\"><img aria-describedby=\"caption-attachment-15451\" decoding=\"async\" loading=\"lazy\" class=\" wp-image-15451\" src=\"https:\/\/www.naturparkmagazin.de\/vdn\/wp-content\/uploads\/sites\/3\/frhlings-buchenwald-im-sonnenscheinb.jpg\" alt=\"\" width=\"597\" height=\"358\" srcset=\"https:\/\/www.naturparkmagazin.de\/vdn\/wp-content\/uploads\/sites\/3\/frhlings-buchenwald-im-sonnenscheinb.jpg 650w, https:\/\/www.naturparkmagazin.de\/vdn\/wp-content\/uploads\/sites\/3\/frhlings-buchenwald-im-sonnenscheinb-620x372.jpg 620w, https:\/\/www.naturparkmagazin.de\/vdn\/wp-content\/uploads\/sites\/3\/frhlings-buchenwald-im-sonnenscheinb-300x180.jpg 300w, https:\/\/www.naturparkmagazin.de\/vdn\/wp-content\/uploads\/sites\/3\/frhlings-buchenwald-im-sonnenscheinb-200x120.jpg 200w\" sizes=\"(max-width: 597px) 100vw, 597px\" \/><p id=\"caption-attachment-15451\" class=\"wp-caption-text\">Fr\u00fchlings-Buchenwald im Sonnenschein \u00a9VDN-Fotoportal \/ Volkmar Brockhaus<\/p><\/div>\n<p>&nbsp;<\/p>\n<p>Waldgesundheitsangebote wie zum Beispiel waldtherapeutische Ma\u00dfnahmen werden zunehmend beliebter. Die Forstchef-Konferenz (Bund\/L\u00e4nder-Arbeitsgemeinschaft Forst \u2013 FCK) hatte die Bundesplattform Wald, Sport, Erholung, Gesundheit (WaSEG; www.bundesplattform-waseg.de) deshalb gebeten, sich mit den Anbietenden und Angeboten zur Waldgesundheit zu befassen.<\/p>\n<p>Ziel war es, einen \u00dcberblick \u00fcber die Inhalte der Aus- und Fortbildungen von Waldgesundheitsanbietenden zu bekommen und daraus, \u00e4hnlich wie beim Zertifikat Waldp\u00e4dagogik, einen Regelungsbedarf f\u00fcr Waldgesundheitsangebote abzuleiten.<\/p>\n<p>Mittels einer stichprobenhaften Recherche wurden die Inhalte von Waldgesundheits-Ausbildungsangeboten, die Qualifikation der Anbietenden sowie die forstlichen Inhalte ihrer Aus- und Fortbildungsangebote im Rahmen einer Stellungnahme der WaSEG analysiert. Dabei wurden 21 Kursangebote unterschiedlichster Inhalte von insgesamt zehn Anbietenden zu Aus- und Fortbildungen f\u00fcr Waldgesundheitsangebote aus Deutschland ber\u00fccksichtigt.<\/p>\n<p>&nbsp;<\/p>\n<div id=\"attachment_12774\" style=\"width: 568px\" class=\"wp-caption aligncenter\"><img aria-describedby=\"caption-attachment-12774\" decoding=\"async\" loading=\"lazy\" class=\" wp-image-12774\" src=\"https:\/\/www.naturparkmagazin.de\/vdn\/wp-content\/uploads\/sites\/3\/Buchenwald_U_Sobickbf.jpg\" alt=\"\" width=\"558\" height=\"335\" srcset=\"https:\/\/www.naturparkmagazin.de\/vdn\/wp-content\/uploads\/sites\/3\/Buchenwald_U_Sobickbf.jpg 500w, https:\/\/www.naturparkmagazin.de\/vdn\/wp-content\/uploads\/sites\/3\/Buchenwald_U_Sobickbf-300x180.jpg 300w, https:\/\/www.naturparkmagazin.de\/vdn\/wp-content\/uploads\/sites\/3\/Buchenwald_U_Sobickbf-200x120.jpg 200w\" sizes=\"(max-width: 558px) 100vw, 558px\" \/><p id=\"caption-attachment-12774\" class=\"wp-caption-text\">Buchenwald \u00a9 Ulrike Sobick<\/p><\/div>\n<p>&nbsp;<\/p>\n<p>Die Ergebnisse dieser Recherche wurden in einem Fachartikel dargestellt. Zus\u00e4tzlich wurde ein Ausblick in Bezug auf einen Interessenausgleich zwischen Vertreterinnen und Vertretern von Forstwirtschaft, Naturschutz und Jagd und Anbietenden von Waldgesundheitsangeboten gegeben. Insgesamt kam die WaSEG in ihrer Stellungnahme an die FCK zu dem Schluss, dass eine weitergehende Regelung von forstlichen Mindeststandards speziell f\u00fcr Waldgesundheitsangebote zum jetzigen Stand nicht zwingend erforderlich sei.<\/p>\n<p>Das kostenlose Abstract oder der kostenpflichtige Fachartikel mit dem Titel \u201eWaldgesundheitsangebote \u2013 Wildwuchs oder geregelt? Untersuchungen zu Ausbildungsinhalten und forstlichen Mindeststandards\u201c erschien unter DOI: 10.1399\/NuL.2023.11.02 und kann im Fachmagazin <a href=\"https:\/\/www.nul-online.de\/waldgesundheitsangebote-wildwuchs-oder-geregelt,QUlEPTc3MzI3MDgmTUlEPTExMTE.html\">Natur und Landschaft<\/a> abgerufen werden.<\/p>\n<p>&nbsp;<\/p>\n<div id=\"attachment_16618\" style=\"width: 670px\" class=\"wp-caption aligncenter\"><img aria-describedby=\"caption-attachment-16618\" decoding=\"async\" loading=\"lazy\" class=\"wp-image-16618 \" src=\"https:\/\/www.naturparkmagazin.de\/vdn\/wp-content\/uploads\/sites\/3\/Liesen_barfuss-im-Wald3_b-web_VDN-Joerg-Liesen.jpg\" alt=\"Barfu\u00df im Wald unterwegs und Bl\u00e4tter sp\u00fcren.\" width=\"660\" height=\"440\" srcset=\"https:\/\/www.naturparkmagazin.de\/vdn\/wp-content\/uploads\/sites\/3\/Liesen_barfuss-im-Wald3_b-web_VDN-Joerg-Liesen.jpg 933w, https:\/\/www.naturparkmagazin.de\/vdn\/wp-content\/uploads\/sites\/3\/Liesen_barfuss-im-Wald3_b-web_VDN-Joerg-Liesen-620x413.jpg 620w, https:\/\/www.naturparkmagazin.de\/vdn\/wp-content\/uploads\/sites\/3\/Liesen_barfuss-im-Wald3_b-web_VDN-Joerg-Liesen-300x200.jpg 300w, https:\/\/www.naturparkmagazin.de\/vdn\/wp-content\/uploads\/sites\/3\/Liesen_barfuss-im-Wald3_b-web_VDN-Joerg-Liesen-670x447.jpg 670w, https:\/\/www.naturparkmagazin.de\/vdn\/wp-content\/uploads\/sites\/3\/Liesen_barfuss-im-Wald3_b-web_VDN-Joerg-Liesen-200x133.jpg 200w\" sizes=\"(max-width: 660px) 100vw, 660px\" \/><p id=\"caption-attachment-16618\" class=\"wp-caption-text\">Den Wald mit allen Sinnen erfahren ist ein wichtiger Bestandteil von Waldgesundheitsangeboten. \u00a9 VDN\/J\u00f6rg Liesen<\/p><\/div>\n<p>&nbsp;<\/p>\n<p>In den deutschen Naturparken gibt es zahlreiche Waldgesundheitsangebote \u2013 von Waldbaden \u00fcber p\u00e4dagogische Waldf\u00fchrungen, Waldentdeckertouren f\u00fcr Familien oder angeleitete Waldspazierg\u00e4nge mit Entspannungs- oder Achtsamkeits\u00fcbungen.\nSchauen Sie unter unserer <a href=\"https:\/\/www.naturparke.de\/naturparke-erleben\/angebotssuche.html\">Angebotssuche<\/a>.<\/p>\n<p>&nbsp;<\/p>\n","protected":false},"excerpt":{"rendered":"<p>W\u00e4lder sind wertvolle Sport- und Erholungsr\u00e4ume und werden zunehmend f\u00fcr pr\u00e4ventive Angebote oder waldtherapeutische Anwendungen genutzt. Die WaSEG hat unter Mitwirkung des VDN e.\u00a0V. einen Abgleich der unterschiedlichsten Interessen und Angebote erstellt.<\/p>\n","protected":false},"author":51,"featured_media":16618,"comment_status":"open","ping_status":"open","sticky":false,"template":"","format":"standard","meta":{"_links_to":"","_links_to_target":""},"categories":[7],"tags":[3476,2771,3475,3474],"yoast_head":"<!-- This site is optimized with the Yoast SEO plugin v19.10 - https:\/\/yoast.com\/wordpress\/plugins\/seo\/ -->\n<title>Waldgesundheitsangebote \u2013 Wildwuchs oder geregelt?<\/title>\n<meta name=\"description\" content=\"W\u00e4lder sind wertvolle Sport- und Erholungsr\u00e4ume und werden zunehmend f\u00fcr pr\u00e4ventive Angebote oder waldtherapeutische Anwendungen genutzt. Die WaSEG hat unter Mitwirkung des VDN e.\u00a0V. einen Abgleich der unterschiedlichsten Interessen und Angebote erstellt.\" \/>\n<meta name=\"robots\" content=\"index, follow, max-snippet:-1, max-image-preview:large, max-video-preview:-1\" \/>\n<link rel=\"canonical\" href=\"https:\/\/www.naturparkmagazin.de\/vdn\/waldgesundheitsangebote-wildwuchs-oder-geregelt\/\" \/>\n<meta property=\"og:locale\" content=\"de_DE\" \/>\n<meta property=\"og:type\" content=\"article\" \/>\n<meta property=\"og:title\" content=\"Waldgesundheitsangebote \u2013 Wildwuchs oder geregelt?\" \/>\n<meta property=\"og:description\" content=\"W\u00e4lder sind wertvolle Sport- und Erholungsr\u00e4ume und werden zunehmend f\u00fcr pr\u00e4ventive Angebote oder waldtherapeutische Anwendungen genutzt. Die WaSEG hat unter Mitwirkung des VDN e.\u00a0V. einen Abgleich der unterschiedlichsten Interessen und Angebote erstellt.\" \/>\n<meta property=\"og:url\" content=\"https:\/\/www.naturparkmagazin.de\/vdn\/waldgesundheitsangebote-wildwuchs-oder-geregelt\/\" \/>\n<meta property=\"og:site_name\" content=\"Verband Deutscher Naturparke\" \/>\n<meta property=\"article:published_time\" content=\"2023-12-31T14:19:25+00:00\" \/>\n<meta property=\"article:modified_time\" content=\"2024-01-29T12:15:37+00:00\" \/>\n<meta property=\"og:image\" content=\"https:\/\/www.naturparkmagazin.de\/vdn\/wp-content\/uploads\/sites\/3\/Liesen_barfuss-im-Wald3_b-web_VDN-Joerg-Liesen.jpg\" \/>\n\t<meta property=\"og:image:width\" content=\"933\" \/>\n\t<meta property=\"og:image:height\" content=\"622\" \/>\n\t<meta property=\"og:image:type\" content=\"image\/jpeg\" \/>\n<meta name=\"author\" content=\"beatrixlosem\" \/>\n<meta name=\"twitter:label1\" content=\"Verfasst von\" \/>\n\t<meta name=\"twitter:data1\" content=\"beatrixlosem\" \/>\n\t<meta name=\"twitter:label2\" content=\"Gesch\u00e4tzte Lesezeit\" \/>\n\t<meta name=\"twitter:data2\" content=\"3\u00a0Minuten\" \/>\n<script type=\"application\/ld+json\" class=\"yoast-schema-graph\">{\"@context\":\"https:\/\/schema.org\",\"@graph\":[{\"@type\":\"WebPage\",\"@id\":\"https:\/\/www.naturparkmagazin.de\/vdn\/waldgesundheitsangebote-wildwuchs-oder-geregelt\/\",\"url\":\"https:\/\/www.naturparkmagazin.de\/vdn\/waldgesundheitsangebote-wildwuchs-oder-geregelt\/\",\"name\":\"Waldgesundheitsangebote \u2013 Wildwuchs oder geregelt?\",\"isPartOf\":{\"@id\":\"https:\/\/www.naturparkmagazin.de\/vdn\/#website\"},\"datePublished\":\"2023-12-31T14:19:25+00:00\",\"dateModified\":\"2024-01-29T12:15:37+00:00\",\"author\":{\"@id\":\"https:\/\/www.naturparkmagazin.de\/vdn\/#\/schema\/person\/d71357578c318b6db03be60b1f60396b\"},\"description\":\"W\u00e4lder sind wertvolle Sport- und Erholungsr\u00e4ume und werden zunehmend f\u00fcr pr\u00e4ventive Angebote oder waldtherapeutische Anwendungen genutzt. Die WaSEG hat unter Mitwirkung des VDN e.\u00a0V. einen Abgleich der unterschiedlichsten Interessen und Angebote erstellt.\",\"breadcrumb\":{\"@id\":\"https:\/\/www.naturparkmagazin.de\/vdn\/waldgesundheitsangebote-wildwuchs-oder-geregelt\/#breadcrumb\"},\"inLanguage\":\"de\",\"potentialAction\":[{\"@type\":\"ReadAction\",\"target\":[\"https:\/\/www.naturparkmagazin.de\/vdn\/waldgesundheitsangebote-wildwuchs-oder-geregelt\/\"]}]},{\"@type\":\"BreadcrumbList\",\"@id\":\"https:\/\/www.naturparkmagazin.de\/vdn\/waldgesundheitsangebote-wildwuchs-oder-geregelt\/#breadcrumb\",\"itemListElement\":[{\"@type\":\"ListItem\",\"position\":1,\"name\":\"Home\",\"item\":\"https:\/\/www.naturparkmagazin.de\/vdn\/\"},{\"@type\":\"ListItem\",\"position\":2,\"name\":\"Waldgesundheitsangebote \u2013 Wildwuchs oder geregelt?\"}]},{\"@type\":\"WebSite\",\"@id\":\"https:\/\/www.naturparkmagazin.de\/vdn\/#website\",\"url\":\"https:\/\/www.naturparkmagazin.de\/vdn\/\",\"name\":\"Verband Deutscher Naturparke\",\"description\":\"Eine weitere Naturparkmagazin.de Netzwerk Seite\",\"potentialAction\":[{\"@type\":\"SearchAction\",\"target\":{\"@type\":\"EntryPoint\",\"urlTemplate\":\"https:\/\/www.naturparkmagazin.de\/vdn\/?s={search_term_string}\"},\"query-input\":\"required name=search_term_string\"}],\"inLanguage\":\"de\"},{\"@type\":\"Person\",\"@id\":\"https:\/\/www.naturparkmagazin.de\/vdn\/#\/schema\/person\/d71357578c318b6db03be60b1f60396b\",\"name\":\"beatrixlosem\",\"url\":\"https:\/\/www.naturparkmagazin.de\/vdn\/author\/beatrixlosem\/\"}]}<\/script>\n<!-- \/ Yoast SEO plugin. -->","yoast_head_json":{"title":"Waldgesundheitsangebote \u2013 Wildwuchs oder geregelt?","description":"W\u00e4lder sind wertvolle Sport- und Erholungsr\u00e4ume und werden zunehmend f\u00fcr pr\u00e4ventive Angebote oder waldtherapeutische Anwendungen genutzt. Die WaSEG hat unter Mitwirkung des VDN e.\u00a0V. einen Abgleich der unterschiedlichsten Interessen und Angebote erstellt.","robots":{"index":"index","follow":"follow","max-snippet":"max-snippet:-1","max-image-preview":"max-image-preview:large","max-video-preview":"max-video-preview:-1"},"canonical":"https:\/\/www.naturparkmagazin.de\/vdn\/waldgesundheitsangebote-wildwuchs-oder-geregelt\/","og_locale":"de_DE","og_type":"article","og_title":"Waldgesundheitsangebote \u2013 Wildwuchs oder geregelt?","og_description":"W\u00e4lder sind wertvolle Sport- und Erholungsr\u00e4ume und werden zunehmend f\u00fcr pr\u00e4ventive Angebote oder waldtherapeutische Anwendungen genutzt. Die WaSEG hat unter Mitwirkung des VDN e.\u00a0V. einen Abgleich der unterschiedlichsten Interessen und Angebote erstellt.","og_url":"https:\/\/www.naturparkmagazin.de\/vdn\/waldgesundheitsangebote-wildwuchs-oder-geregelt\/","og_site_name":"Verband Deutscher Naturparke","article_published_time":"2023-12-31T14:19:25+00:00","article_modified_time":"2024-01-29T12:15:37+00:00","og_image":[{"width":933,"height":622,"url":"https:\/\/www.naturparkmagazin.de\/vdn\/wp-content\/uploads\/sites\/3\/Liesen_barfuss-im-Wald3_b-web_VDN-Joerg-Liesen.jpg","type":"image\/jpeg"}],"author":"beatrixlosem","twitter_misc":{"Verfasst von":"beatrixlosem","Gesch\u00e4tzte Lesezeit":"3\u00a0Minuten"},"schema":{"@context":"https:\/\/schema.org","@graph":[{"@type":"WebPage","@id":"https:\/\/www.naturparkmagazin.de\/vdn\/waldgesundheitsangebote-wildwuchs-oder-geregelt\/","url":"https:\/\/www.naturparkmagazin.de\/vdn\/waldgesundheitsangebote-wildwuchs-oder-geregelt\/","name":"Waldgesundheitsangebote \u2013 Wildwuchs oder geregelt?","isPartOf":{"@id":"https:\/\/www.naturparkmagazin.de\/vdn\/#website"},"datePublished":"2023-12-31T14:19:25+00:00","dateModified":"2024-01-29T12:15:37+00:00","author":{"@id":"https:\/\/www.naturparkmagazin.de\/vdn\/#\/schema\/person\/d71357578c318b6db03be60b1f60396b"},"description":"W\u00e4lder sind wertvolle Sport- und Erholungsr\u00e4ume und werden zunehmend f\u00fcr pr\u00e4ventive Angebote oder waldtherapeutische Anwendungen genutzt. Die WaSEG hat unter Mitwirkung des VDN e.\u00a0V. einen Abgleich der unterschiedlichsten Interessen und Angebote erstellt.","breadcrumb":{"@id":"https:\/\/www.naturparkmagazin.de\/vdn\/waldgesundheitsangebote-wildwuchs-oder-geregelt\/#breadcrumb"},"inLanguage":"de","potentialAction":[{"@type":"ReadAction","target":["https:\/\/www.naturparkmagazin.de\/vdn\/waldgesundheitsangebote-wildwuchs-oder-geregelt\/"]}]},{"@type":"BreadcrumbList","@id":"https:\/\/www.naturparkmagazin.de\/vdn\/waldgesundheitsangebote-wildwuchs-oder-geregelt\/#breadcrumb","itemListElement":[{"@type":"ListItem","position":1,"name":"Home","item":"https:\/\/www.naturparkmagazin.de\/vdn\/"},{"@type":"ListItem","position":2,"name":"Waldgesundheitsangebote \u2013 Wildwuchs oder geregelt?"}]},{"@type":"WebSite","@id":"https:\/\/www.naturparkmagazin.de\/vdn\/#website","url":"https:\/\/www.naturparkmagazin.de\/vdn\/","name":"Verband Deutscher Naturparke","description":"Eine weitere Naturparkmagazin.de Netzwerk Seite","potentialAction":[{"@type":"SearchAction","target":{"@type":"EntryPoint","urlTemplate":"https:\/\/www.naturparkmagazin.de\/vdn\/?s={search_term_string}"},"query-input":"required name=search_term_string"}],"inLanguage":"de"},{"@type":"Person","@id":"https:\/\/www.naturparkmagazin.de\/vdn\/#\/schema\/person\/d71357578c318b6db03be60b1f60396b","name":"beatrixlosem","url":"https:\/\/www.naturparkmagazin.de\/vdn\/author\/beatrixlosem\/"}]}},"_links":{"self":[{"href":"https:\/\/www.naturparkmagazin.de\/vdn\/wp-json\/wp\/v2\/posts\/16617"}],"collection":[{"href":"https:\/\/www.naturparkmagazin.de\/vdn\/wp-json\/wp\/v2\/posts"}],"about":[{"href":"https:\/\/www.naturparkmagazin.de\/vdn\/wp-json\/wp\/v2\/types\/post"}],"author":[{"embeddable":true,"href":"https:\/\/www.naturparkmagazin.de\/vdn\/wp-json\/wp\/v2\/users\/51"}],"replies":[{"embeddable":true,"href":"https:\/\/www.naturparkmagazin.de\/vdn\/wp-json\/wp\/v2\/comments?post=16617"}],"version-history":[{"count":8,"href":"https:\/\/www.naturparkmagazin.de\/vdn\/wp-json\/wp\/v2\/posts\/16617\/revisions"}],"predecessor-version":[{"id":16638,"href":"https:\/\/www.naturparkmagazin.de\/vdn\/wp-json\/wp\/v2\/posts\/16617\/revisions\/16638"}],"wp:featuredmedia":[{"embeddable":true,"href":"https:\/\/www.naturparkmagazin.de\/vdn\/wp-json\/wp\/v2\/media\/16618"}],"wp:attachment":[{"href":"https:\/\/www.naturparkmagazin.de\/vdn\/wp-json\/wp\/v2\/media?parent=16617"}],"wp:term":[{"taxonomy":"category","embeddable":true,"href":"https:\/\/www.naturparkmagazin.de\/vdn\/wp-json\/wp\/v2\/categories?post=16617"},{"taxonomy":"post_tag","embeddable":true,"href":"https:\/\/www.naturparkmagazin.de\/vdn\/wp-json\/wp\/v2\/tags?post=16617"}],"curies":[{"name":"wp","href":"https:\/\/api.w.org\/{rel}","templated":true}]}}