{"id":16953,"date":"2024-05-20T16:11:39","date_gmt":"2024-05-20T14:11:39","guid":{"rendered":"https:\/\/www.naturparkmagazin.de\/vdn\/?p=16953"},"modified":"2024-05-24T11:10:22","modified_gmt":"2024-05-24T09:10:22","slug":"europaeischer-tag-der-parke-im-mai-2024","status":"publish","type":"post","link":"https:\/\/www.naturparkmagazin.de\/vdn\/europaeischer-tag-der-parke-im-mai-2024\/","title":{"rendered":"Europ\u00e4ischer Tag der Parke im Mai 2024"},"content":{"rendered":"<p><img decoding=\"async\" loading=\"lazy\" class=\"alignnone size-full wp-image-16954\" src=\"https:\/\/www.naturparkmagazin.de\/vdn\/wp-content\/uploads\/sites\/3\/VDN_TagderParke_2024.jpeg\" alt=\"\" width=\"396\" height=\"396\" srcset=\"https:\/\/www.naturparkmagazin.de\/vdn\/wp-content\/uploads\/sites\/3\/VDN_TagderParke_2024.jpeg 396w, https:\/\/www.naturparkmagazin.de\/vdn\/wp-content\/uploads\/sites\/3\/VDN_TagderParke_2024-300x300.jpeg 300w, https:\/\/www.naturparkmagazin.de\/vdn\/wp-content\/uploads\/sites\/3\/VDN_TagderParke_2024-200x200.jpeg 200w, https:\/\/www.naturparkmagazin.de\/vdn\/wp-content\/uploads\/sites\/3\/VDN_TagderParke_2024-30x30.jpeg 30w, https:\/\/www.naturparkmagazin.de\/vdn\/wp-content\/uploads\/sites\/3\/VDN_TagderParke_2024-150x150.jpeg 150w, https:\/\/www.naturparkmagazin.de\/vdn\/wp-content\/uploads\/sites\/3\/VDN_TagderParke_2024-120x120.jpeg 120w\" sizes=\"(max-width: 396px) 100vw, 396px\" \/><\/p>\n<p>Seit 1999 steht der 24. Mai als Europ\u00e4ischen Tag der Parke (engl. European Day of Parks &#8211; EDoP) ganz im Zeichen des Naturschutzes. Genauer gesagt sollen Erhaltung und Pflege von Lebensr\u00e4umen mit diesem Aktionstag ins \u00f6ffentliche Bewusstsein ger\u00fcckt werden. Die Wahl des 24. Mai als Termin bezieht sich auf das Gr\u00fcndungsdatum der ersten neun europ\u00e4ischen Nationalparke im Jahr 1909 in Schweden.<\/p>\n<p>Deshalb sind Tage wie der Europ\u00e4ische Tag der Parke so wichtig: Sie bringen die Menschen in Einklang mit der Natur, lassen sie dort zur Ruhe kommen, bieten ganz besondere Naturerlebnisse und machen darauf aufmerksam, wie wichtig und sch\u00fctzenswert die Natur als Erholungs- und Erlebnisraum ist.<\/p>\n<p><strong>\u201eDeine Stimme f\u00fcr die Natur!\u201c<\/strong><\/p>\n<p>Im Mittelpunkt steht 2024 das Motto \u201eDeine Stimme f\u00fcr die Natur\u201c, das Engagement f\u00fcr Natur- und Umweltschutz und das gemeinsame Naturerleben in den \u00fcber 140 Nationalen Naturlandschaften, dem B\u00fcndnis zu dem sich die 104 Naturparke, 16 Nationalparke, 18 Biosph\u00e4renreservate und 3 Wildnisgebiete zusammengeschlossen haben. Denn hier lassen sich Deutschlands Regionen in ihrer ganzen Vielfalt erleben. Sie bieten nicht nur Angebote f\u00fcr Naturerleben, sondern sie sind auch Orte, um sich intensiv mit der Natur zu verbinden \u2013 die Natur ist und bleibt eine wahre \u201eSchatzkammer\u201c, die es zu erhalten, zu sch\u00fctzen und wertzusch\u00e4tzen gilt.<\/p>\n<p>&nbsp;<\/p>\n<div id=\"attachment_16955\" style=\"width: 510px\" class=\"wp-caption alignnone\"><img aria-describedby=\"caption-attachment-16955\" decoding=\"async\" loading=\"lazy\" class=\"wp-image-16955 size-full\" src=\"https:\/\/www.naturparkmagazin.de\/vdn\/wp-content\/uploads\/sites\/3\/31973b.jpg\" alt=\"\" width=\"500\" height=\"300\" srcset=\"https:\/\/www.naturparkmagazin.de\/vdn\/wp-content\/uploads\/sites\/3\/31973b.jpg 500w, https:\/\/www.naturparkmagazin.de\/vdn\/wp-content\/uploads\/sites\/3\/31973b-300x180.jpg 300w, https:\/\/www.naturparkmagazin.de\/vdn\/wp-content\/uploads\/sites\/3\/31973b-200x120.jpg 200w\" sizes=\"(max-width: 500px) 100vw, 500px\" \/><p id=\"caption-attachment-16955\" class=\"wp-caption-text\">Renchtalh\u00fcttenweg \u00a9 VDN-Fotoportal\/burmafu<\/p><\/div>\n<p><strong>Machen Sie mit!<\/strong><\/p>\n<p>Mit dem Motto \u201eDeine Stimme f\u00fcr die Natur\u201c steht der diesj\u00e4hrige \u201eFeiertag\u201c der europ\u00e4ischen Schutzgebiete auch im Zeichen der bevorstehenden Europawahlen im Juni.<\/p>\n<p>Daher m\u00f6chten wir Sie ermutigen, den diesj\u00e4hrigen Europ\u00e4ischen Tag der Parke zum Anlass zu nehmen, sich gemeinsam mit anderen Menschen in den Nationalen Naturlandschaften bewusst f\u00fcr unsere Natur einzusetzen.<\/p>\n<p>Denn die Menschen in den Schutzgebieten \u2013 in unseren Nationalparken, Biosph\u00e4renreservaten, Naturparken und Wildnisgebieten sind Br\u00fcckenbauer, sie setzen ihr Engagement f\u00fcr Natur- und Artenschutz in einen ganz konkreten Zusammenhang vor Ort und tragen so zur Wertsch\u00e4tzung von Naturschutz bei. Wir alle k\u00f6nnen mit verschiedenen Aktionen und Veranstaltungen in unseren Nationalen Naturlandschaften die Themen Natur- und Klimaschutz, Nachhaltigkeit und Demokratie \u2013 nicht nur zur bevorstehenden EU-Wahl \u2013 jeden Tag neu in den Fokus r\u00fccken.<\/p>\n<p>Gemeinsam mit Ihnen m\u00f6chten wir ein Zeichen f\u00fcr Natur, Klima und Demokratie setzen und Ihnen \u2013 den Menschen, die in den Nationalen Naturlandschaften zu Hause sind, dort leben, arbeiten oder diese besuchen \u2013 Faszination, Freude und Zuversicht f\u00fcr die Zukunft vermitteln!<\/p>\n<p><strong>Naturerleben in den Nationalen Naturlandschaften<\/strong><\/p>\n<p>Das gemeinsame Naturerlebnis und das Gl\u00fcck, mit allen Sinnen die Natur zu erleben, stehen in den Nationalen Naturlandschaften im Mittelpunkt. Halten Sie in Ihrer Region Ausschau &#8211; zahlreiche au\u00dfergew\u00f6hnliche Erlebnisse sind rund um den Europ\u00e4ischen Tag der Parke im Wonnemonat Mai garantiert.<\/p>\n<p>Wir w\u00fcnschen Ihnen viel Spa\u00df bei ihrem pers\u00f6nlichen Lieblings-Naturerlebnis und hoffen, dass Sie den Europ\u00e4ischen Tag der Parke in einer der 141 Nationalen Naturlandschaften mit uns feiern werden!<\/p>\n<div id=\"attachment_16956\" style=\"width: 510px\" class=\"wp-caption alignnone\"><img aria-describedby=\"caption-attachment-16956\" decoding=\"async\" loading=\"lazy\" class=\"wp-image-16956 size-full\" src=\"https:\/\/www.naturparkmagazin.de\/vdn\/wp-content\/uploads\/sites\/3\/49782b.jpg\" alt=\"\" width=\"500\" height=\"300\" srcset=\"https:\/\/www.naturparkmagazin.de\/vdn\/wp-content\/uploads\/sites\/3\/49782b.jpg 500w, https:\/\/www.naturparkmagazin.de\/vdn\/wp-content\/uploads\/sites\/3\/49782b-300x180.jpg 300w, https:\/\/www.naturparkmagazin.de\/vdn\/wp-content\/uploads\/sites\/3\/49782b-200x120.jpg 200w\" sizes=\"(max-width: 500px) 100vw, 500px\" \/><p id=\"caption-attachment-16956\" class=\"wp-caption-text\">Los geht&#8217;s \u00a9 VDN-Fotoportal\/Herbert Esser<\/p><\/div>\n<p>&nbsp;<\/p>\n<p><strong>Weiterf\u00fchrende Links<\/strong><\/p>\n<p>Den Instagram-Kanal der Nationalen Naturlandschaften \u2013 auf dem Sie ebenfalls \u00fcber Aktionen zum Europ\u00e4ischen Tag der Parke informiert werden \u2013 finden Sie hier, abonnieren Sie ihn: <a href=\"https:\/\/www.instagram.com\/nationalenaturlandschaften\/\" target=\"_blank\" rel=\"noopener\">@nationalenaturlandschaften<\/a><\/p>\n<p>Auf dieser Aktionsseite finden Sie zahlreiche Erlebnis- und Naturangebote in Naturparken: <a href=\"https:\/\/www.naturparke.de\/naturparke-erleben\/europaeischer-tag-der-parke-2024-mit-naturpark-wandertag.html\" target=\"_blank\" rel=\"noopener\">Naturparke erleben<\/a><\/p>\n<p>Die Klima-Deklaration der europ\u00e4ischen Naturparke finden Sie auf der <a href=\"http:\/\/www.europarc.org\/wp-content\/uploads\/2023\/11\/Design-_Declaration-on-Climate-Change_Nov.-2023_comp.pdf\" target=\"_blank\" rel=\"noopener\">Website der Europarc Federation<\/a><\/p>\n<p>&nbsp;<\/p>\n<p>&nbsp;<\/p>\n","protected":false},"excerpt":{"rendered":"<p>In jedem Jahr am 24. Mai feiern die Nationalen Naturlandschaften in Deutschland den Europ\u00e4ischen Tag der Parke. Das diesj\u00e4hrige Motto lautet \u201eDeine Stimme f\u00fcr die Natur\u201c.<\/p>\n","protected":false},"author":73,"featured_media":16954,"comment_status":"open","ping_status":"open","sticky":false,"template":"","format":"standard","meta":{"_links_to":"","_links_to_target":""},"categories":[51],"tags":[],"yoast_head":"<!-- This site is optimized with the Yoast SEO plugin v19.10 - https:\/\/yoast.com\/wordpress\/plugins\/seo\/ -->\n<title>Europ\u00e4ischer Tag der Parke im Mai 2024<\/title>\n<meta name=\"description\" content=\"In jedem Jahr am 24. Mai feiern die Nationalen Naturlandschaften in Deutschland den Europ\u00e4ischen Tag der Parke. Das diesj\u00e4hrige Motto lautet \u201eDeine Stimme f\u00fcr die Natur\u201c.\" \/>\n<meta name=\"robots\" content=\"index, follow, max-snippet:-1, max-image-preview:large, max-video-preview:-1\" \/>\n<link rel=\"canonical\" href=\"https:\/\/www.naturparkmagazin.de\/vdn\/europaeischer-tag-der-parke-im-mai-2024\/\" \/>\n<meta property=\"og:locale\" content=\"de_DE\" \/>\n<meta property=\"og:type\" content=\"article\" \/>\n<meta property=\"og:title\" content=\"Europ\u00e4ischer Tag der Parke im Mai 2024\" \/>\n<meta property=\"og:description\" content=\"In jedem Jahr am 24. Mai feiern die Nationalen Naturlandschaften in Deutschland den Europ\u00e4ischen Tag der Parke. Das diesj\u00e4hrige Motto lautet \u201eDeine Stimme f\u00fcr die Natur\u201c.\" \/>\n<meta property=\"og:url\" content=\"https:\/\/www.naturparkmagazin.de\/vdn\/europaeischer-tag-der-parke-im-mai-2024\/\" \/>\n<meta property=\"og:site_name\" content=\"Verband Deutscher Naturparke\" \/>\n<meta property=\"article:published_time\" content=\"2024-05-20T14:11:39+00:00\" \/>\n<meta property=\"article:modified_time\" content=\"2024-05-24T09:10:22+00:00\" \/>\n<meta property=\"og:image\" content=\"https:\/\/www.naturparkmagazin.de\/vdn\/wp-content\/uploads\/sites\/3\/VDN_TagderParke_2024.jpeg\" \/>\n\t<meta property=\"og:image:width\" content=\"396\" \/>\n\t<meta property=\"og:image:height\" content=\"396\" \/>\n\t<meta property=\"og:image:type\" content=\"image\/jpeg\" \/>\n<meta name=\"author\" content=\"manuelamerz\" \/>\n<meta name=\"twitter:label1\" content=\"Verfasst von\" \/>\n\t<meta name=\"twitter:data1\" content=\"manuelamerz\" \/>\n\t<meta name=\"twitter:label2\" content=\"Gesch\u00e4tzte Lesezeit\" \/>\n\t<meta name=\"twitter:data2\" content=\"4\u00a0Minuten\" \/>\n<script type=\"application\/ld+json\" class=\"yoast-schema-graph\">{\"@context\":\"https:\/\/schema.org\",\"@graph\":[{\"@type\":\"WebPage\",\"@id\":\"https:\/\/www.naturparkmagazin.de\/vdn\/europaeischer-tag-der-parke-im-mai-2024\/\",\"url\":\"https:\/\/www.naturparkmagazin.de\/vdn\/europaeischer-tag-der-parke-im-mai-2024\/\",\"name\":\"Europ\u00e4ischer Tag der Parke im Mai 2024\",\"isPartOf\":{\"@id\":\"https:\/\/www.naturparkmagazin.de\/vdn\/#website\"},\"datePublished\":\"2024-05-20T14:11:39+00:00\",\"dateModified\":\"2024-05-24T09:10:22+00:00\",\"author\":{\"@id\":\"https:\/\/www.naturparkmagazin.de\/vdn\/#\/schema\/person\/3cff9b8773ed55f0189255fa9adfd57c\"},\"description\":\"In jedem Jahr am 24. Mai feiern die Nationalen Naturlandschaften in Deutschland den Europ\u00e4ischen Tag der Parke. Das diesj\u00e4hrige Motto lautet \u201eDeine Stimme f\u00fcr die Natur\u201c.\",\"breadcrumb\":{\"@id\":\"https:\/\/www.naturparkmagazin.de\/vdn\/europaeischer-tag-der-parke-im-mai-2024\/#breadcrumb\"},\"inLanguage\":\"de\",\"potentialAction\":[{\"@type\":\"ReadAction\",\"target\":[\"https:\/\/www.naturparkmagazin.de\/vdn\/europaeischer-tag-der-parke-im-mai-2024\/\"]}]},{\"@type\":\"BreadcrumbList\",\"@id\":\"https:\/\/www.naturparkmagazin.de\/vdn\/europaeischer-tag-der-parke-im-mai-2024\/#breadcrumb\",\"itemListElement\":[{\"@type\":\"ListItem\",\"position\":1,\"name\":\"Home\",\"item\":\"https:\/\/www.naturparkmagazin.de\/vdn\/\"},{\"@type\":\"ListItem\",\"position\":2,\"name\":\"Europ\u00e4ischer Tag der Parke im Mai 2024\"}]},{\"@type\":\"WebSite\",\"@id\":\"https:\/\/www.naturparkmagazin.de\/vdn\/#website\",\"url\":\"https:\/\/www.naturparkmagazin.de\/vdn\/\",\"name\":\"Verband Deutscher Naturparke\",\"description\":\"Eine weitere Naturparkmagazin.de Netzwerk Seite\",\"potentialAction\":[{\"@type\":\"SearchAction\",\"target\":{\"@type\":\"EntryPoint\",\"urlTemplate\":\"https:\/\/www.naturparkmagazin.de\/vdn\/?s={search_term_string}\"},\"query-input\":\"required name=search_term_string\"}],\"inLanguage\":\"de\"},{\"@type\":\"Person\",\"@id\":\"https:\/\/www.naturparkmagazin.de\/vdn\/#\/schema\/person\/3cff9b8773ed55f0189255fa9adfd57c\",\"name\":\"manuelamerz\",\"url\":\"https:\/\/www.naturparkmagazin.de\/vdn\/author\/manuelamerz\/\"}]}<\/script>\n<!-- \/ Yoast SEO plugin. -->","yoast_head_json":{"title":"Europ\u00e4ischer Tag der Parke im Mai 2024","description":"In jedem Jahr am 24. Mai feiern die Nationalen Naturlandschaften in Deutschland den Europ\u00e4ischen Tag der Parke. Das diesj\u00e4hrige Motto lautet \u201eDeine Stimme f\u00fcr die Natur\u201c.","robots":{"index":"index","follow":"follow","max-snippet":"max-snippet:-1","max-image-preview":"max-image-preview:large","max-video-preview":"max-video-preview:-1"},"canonical":"https:\/\/www.naturparkmagazin.de\/vdn\/europaeischer-tag-der-parke-im-mai-2024\/","og_locale":"de_DE","og_type":"article","og_title":"Europ\u00e4ischer Tag der Parke im Mai 2024","og_description":"In jedem Jahr am 24. Mai feiern die Nationalen Naturlandschaften in Deutschland den Europ\u00e4ischen Tag der Parke. Das diesj\u00e4hrige Motto lautet \u201eDeine Stimme f\u00fcr die Natur\u201c.","og_url":"https:\/\/www.naturparkmagazin.de\/vdn\/europaeischer-tag-der-parke-im-mai-2024\/","og_site_name":"Verband Deutscher Naturparke","article_published_time":"2024-05-20T14:11:39+00:00","article_modified_time":"2024-05-24T09:10:22+00:00","og_image":[{"width":396,"height":396,"url":"https:\/\/www.naturparkmagazin.de\/vdn\/wp-content\/uploads\/sites\/3\/VDN_TagderParke_2024.jpeg","type":"image\/jpeg"}],"author":"manuelamerz","twitter_misc":{"Verfasst von":"manuelamerz","Gesch\u00e4tzte Lesezeit":"4\u00a0Minuten"},"schema":{"@context":"https:\/\/schema.org","@graph":[{"@type":"WebPage","@id":"https:\/\/www.naturparkmagazin.de\/vdn\/europaeischer-tag-der-parke-im-mai-2024\/","url":"https:\/\/www.naturparkmagazin.de\/vdn\/europaeischer-tag-der-parke-im-mai-2024\/","name":"Europ\u00e4ischer Tag der Parke im Mai 2024","isPartOf":{"@id":"https:\/\/www.naturparkmagazin.de\/vdn\/#website"},"datePublished":"2024-05-20T14:11:39+00:00","dateModified":"2024-05-24T09:10:22+00:00","author":{"@id":"https:\/\/www.naturparkmagazin.de\/vdn\/#\/schema\/person\/3cff9b8773ed55f0189255fa9adfd57c"},"description":"In jedem Jahr am 24. Mai feiern die Nationalen Naturlandschaften in Deutschland den Europ\u00e4ischen Tag der Parke. Das diesj\u00e4hrige Motto lautet \u201eDeine Stimme f\u00fcr die Natur\u201c.","breadcrumb":{"@id":"https:\/\/www.naturparkmagazin.de\/vdn\/europaeischer-tag-der-parke-im-mai-2024\/#breadcrumb"},"inLanguage":"de","potentialAction":[{"@type":"ReadAction","target":["https:\/\/www.naturparkmagazin.de\/vdn\/europaeischer-tag-der-parke-im-mai-2024\/"]}]},{"@type":"BreadcrumbList","@id":"https:\/\/www.naturparkmagazin.de\/vdn\/europaeischer-tag-der-parke-im-mai-2024\/#breadcrumb","itemListElement":[{"@type":"ListItem","position":1,"name":"Home","item":"https:\/\/www.naturparkmagazin.de\/vdn\/"},{"@type":"ListItem","position":2,"name":"Europ\u00e4ischer Tag der Parke im Mai 2024"}]},{"@type":"WebSite","@id":"https:\/\/www.naturparkmagazin.de\/vdn\/#website","url":"https:\/\/www.naturparkmagazin.de\/vdn\/","name":"Verband Deutscher Naturparke","description":"Eine weitere Naturparkmagazin.de Netzwerk Seite","potentialAction":[{"@type":"SearchAction","target":{"@type":"EntryPoint","urlTemplate":"https:\/\/www.naturparkmagazin.de\/vdn\/?s={search_term_string}"},"query-input":"required name=search_term_string"}],"inLanguage":"de"},{"@type":"Person","@id":"https:\/\/www.naturparkmagazin.de\/vdn\/#\/schema\/person\/3cff9b8773ed55f0189255fa9adfd57c","name":"manuelamerz","url":"https:\/\/www.naturparkmagazin.de\/vdn\/author\/manuelamerz\/"}]}},"_links":{"self":[{"href":"https:\/\/www.naturparkmagazin.de\/vdn\/wp-json\/wp\/v2\/posts\/16953"}],"collection":[{"href":"https:\/\/www.naturparkmagazin.de\/vdn\/wp-json\/wp\/v2\/posts"}],"about":[{"href":"https:\/\/www.naturparkmagazin.de\/vdn\/wp-json\/wp\/v2\/types\/post"}],"author":[{"embeddable":true,"href":"https:\/\/www.naturparkmagazin.de\/vdn\/wp-json\/wp\/v2\/users\/73"}],"replies":[{"embeddable":true,"href":"https:\/\/www.naturparkmagazin.de\/vdn\/wp-json\/wp\/v2\/comments?post=16953"}],"version-history":[{"count":2,"href":"https:\/\/www.naturparkmagazin.de\/vdn\/wp-json\/wp\/v2\/posts\/16953\/revisions"}],"predecessor-version":[{"id":16958,"href":"https:\/\/www.naturparkmagazin.de\/vdn\/wp-json\/wp\/v2\/posts\/16953\/revisions\/16958"}],"wp:featuredmedia":[{"embeddable":true,"href":"https:\/\/www.naturparkmagazin.de\/vdn\/wp-json\/wp\/v2\/media\/16954"}],"wp:attachment":[{"href":"https:\/\/www.naturparkmagazin.de\/vdn\/wp-json\/wp\/v2\/media?parent=16953"}],"wp:term":[{"taxonomy":"category","embeddable":true,"href":"https:\/\/www.naturparkmagazin.de\/vdn\/wp-json\/wp\/v2\/categories?post=16953"},{"taxonomy":"post_tag","embeddable":true,"href":"https:\/\/www.naturparkmagazin.de\/vdn\/wp-json\/wp\/v2\/tags?post=16953"}],"curies":[{"name":"wp","href":"https:\/\/api.w.org\/{rel}","templated":true}]}}