{"id":1807,"date":"2013-07-24T10:30:16","date_gmt":"2013-07-24T08:30:16","guid":{"rendered":"http:\/\/www.naturparkmagazin.de\/vdn\/?p=1807"},"modified":"2013-07-18T14:29:14","modified_gmt":"2013-07-18T12:29:14","slug":"rahmenzielvereinbarung-zum-barrierefreien-naturerleben-in-deutschen-naturparken","status":"publish","type":"post","link":"https:\/\/www.naturparkmagazin.de\/vdn\/rahmenzielvereinbarung-zum-barrierefreien-naturerleben-in-deutschen-naturparken\/","title":{"rendered":"Rahmenzielvereinbarung zum barrierefreien Naturerleben in Deutschen Naturparken"},"content":{"rendered":"<div id=\"attachment_1879\" style=\"width: 1034px\" class=\"wp-caption aligncenter\"><a href=\"https:\/\/www.naturparkmagazin.de\/vdn\/wp-content\/uploads\/sites\/3\/Rahmenziel.jpg\"><img aria-describedby=\"caption-attachment-1879\" decoding=\"async\" loading=\"lazy\" class=\"size-full wp-image-1879 \" title=\"Landrat Friedel Heuwinkel (VDN) und Wolfgang Tigges (BAG SELBSTHILFE symbolisch f\u00fcr 11 \u201eVerb\u00e4nde der Menschen mit Behinderungen) unterzeichnen die Rahmenzielvereinbarungen f\u00fcr barrierefreies Naturerleben.\" alt=\"Landrat Friedel Heuwinkel (VDN) und Wolfgang Tigges (BAG SELBSTHILFE symbolisch f\u00fcr 11 \u201eVerb\u00e4nde der Menschen mit Behinderungen) unterzeichnen die Rahmenzielvereinbarungen f\u00fcr barrierefreies Naturerleben.\" src=\"https:\/\/www.naturparkmagazin.de\/vdn\/wp-content\/uploads\/sites\/3\/Rahmenziel.jpg\" width=\"1024\" height=\"683\" srcset=\"https:\/\/www.naturparkmagazin.de\/vdn\/wp-content\/uploads\/sites\/3\/Rahmenziel.jpg 1024w, https:\/\/www.naturparkmagazin.de\/vdn\/wp-content\/uploads\/sites\/3\/Rahmenziel-300x200.jpg 300w, https:\/\/www.naturparkmagazin.de\/vdn\/wp-content\/uploads\/sites\/3\/Rahmenziel-620x414.jpg 620w, https:\/\/www.naturparkmagazin.de\/vdn\/wp-content\/uploads\/sites\/3\/Rahmenziel-940x627.jpg 940w, https:\/\/www.naturparkmagazin.de\/vdn\/wp-content\/uploads\/sites\/3\/Rahmenziel-670x447.jpg 670w, https:\/\/www.naturparkmagazin.de\/vdn\/wp-content\/uploads\/sites\/3\/Rahmenziel-200x133.jpg 200w\" sizes=\"(max-width: 1024px) 100vw, 1024px\" \/><\/a><p id=\"caption-attachment-1879\" class=\"wp-caption-text\">Landrat Friedel Heuwinkel (VDN) und Wolfgang Tigges (BAG SELBSTHILFE symbolisch f\u00fcr 11 \u201eVerb\u00e4nde der Menschen mit Behinderungen) unterzeichnen die Rahmenzielvereinbarungen f\u00fcr barrierefreies Naturerleben.<\/p><\/div>\n<p>In Zusammenarbeit mit dem Bundeskompetenzzentrum Barrierefreiheit und Verb\u00e4nden der Menschen mit Behinderungen hat der Verband Deutscher Naturparke e. V. (VDN) eine Rahmenzielvereinbarung mit Modulen zum barrierefreien Naturerleben in Naturparken entwickelt. Mit dieser Rahmenzielvereinbarung unterst\u00fctzt der VDN die Naturparke, barrierefreie Naturerlebnisangebote zu entwickeln. Naturparke, die der Rahmenzielvereinbarung k\u00fcnftig beitreten k\u00f6nnen, verpflichten sich freiwillig, die f\u00fcr ihre regionalen Erfordernisse relevanten Teile der Module und Ma\u00dfnahmen nach ihren M\u00f6glichkeiten umzusetzen. Dabei handelt es sich um ein freiwilliges Instrument, bei dem die Naturparke aufgrund der Bedingungen vor Ort und aufgrund der vorhandenen Ressourcen entscheiden k\u00f6nnen, welche der Module in ihrer Region umgesetzt werden. Ein Leitfaden zur Umsetzung der Zielvereinbarung wird derzeit entwickelt und soll Anfang 2014 ver\u00f6ffentlich werden.<\/p>\n","protected":false},"excerpt":{"rendered":"<p>Der VDN hat mit den Verb\u00e4nden der Menschen mit Behinderungen eine Rahmenzielvereinbarung mit Modulen zum barrierefreien Naturerleben in Naturparken entwickelt. <\/p>\n","protected":false},"author":14,"featured_media":1879,"comment_status":"open","ping_status":"open","sticky":false,"template":"","format":"standard","meta":{"_links_to":"","_links_to_target":""},"categories":[7],"tags":[],"yoast_head":"<!-- This site is optimized with the Yoast SEO plugin v19.10 - https:\/\/yoast.com\/wordpress\/plugins\/seo\/ -->\n<title>Rahmenzielvereinbarung zum barrierefreien Naturerleben in Deutschen Naturparken<\/title>\n<meta name=\"description\" content=\"Der VDN hat mit den Verb\u00e4nden der Menschen mit Behinderungen eine Rahmenzielvereinbarung mit Modulen zum barrierefreien Naturerleben in Naturparken entwickelt.\" \/>\n<meta name=\"robots\" content=\"index, follow, max-snippet:-1, max-image-preview:large, max-video-preview:-1\" \/>\n<link rel=\"canonical\" href=\"https:\/\/www.naturparkmagazin.de\/vdn\/rahmenzielvereinbarung-zum-barrierefreien-naturerleben-in-deutschen-naturparken\/\" \/>\n<meta property=\"og:locale\" content=\"de_DE\" \/>\n<meta property=\"og:type\" content=\"article\" \/>\n<meta property=\"og:title\" content=\"Rahmenzielvereinbarung zum barrierefreien Naturerleben in Deutschen Naturparken\" \/>\n<meta property=\"og:description\" content=\"Der VDN hat mit den Verb\u00e4nden der Menschen mit Behinderungen eine Rahmenzielvereinbarung mit Modulen zum barrierefreien Naturerleben in Naturparken entwickelt.\" \/>\n<meta property=\"og:url\" content=\"https:\/\/www.naturparkmagazin.de\/vdn\/rahmenzielvereinbarung-zum-barrierefreien-naturerleben-in-deutschen-naturparken\/\" \/>\n<meta property=\"og:site_name\" content=\"Verband Deutscher Naturparke\" \/>\n<meta property=\"article:published_time\" content=\"2013-07-24T08:30:16+00:00\" \/>\n<meta property=\"article:modified_time\" content=\"2013-07-18T12:29:14+00:00\" \/>\n<meta property=\"og:image\" content=\"https:\/\/www.naturparkmagazin.de\/vdn\/wp-content\/uploads\/sites\/3\/Rahmenziel.jpg\" \/>\n\t<meta property=\"og:image:width\" content=\"1024\" \/>\n\t<meta property=\"og:image:height\" content=\"683\" \/>\n\t<meta property=\"og:image:type\" content=\"image\/jpeg\" \/>\n<meta name=\"author\" content=\"vdnnational\" \/>\n<meta name=\"twitter:label1\" content=\"Verfasst von\" \/>\n\t<meta name=\"twitter:data1\" content=\"vdnnational\" \/>\n\t<meta name=\"twitter:label2\" content=\"Gesch\u00e4tzte Lesezeit\" \/>\n\t<meta name=\"twitter:data2\" content=\"1\u00a0Minute\" \/>\n<script type=\"application\/ld+json\" class=\"yoast-schema-graph\">{\"@context\":\"https:\/\/schema.org\",\"@graph\":[{\"@type\":\"WebPage\",\"@id\":\"https:\/\/www.naturparkmagazin.de\/vdn\/rahmenzielvereinbarung-zum-barrierefreien-naturerleben-in-deutschen-naturparken\/\",\"url\":\"https:\/\/www.naturparkmagazin.de\/vdn\/rahmenzielvereinbarung-zum-barrierefreien-naturerleben-in-deutschen-naturparken\/\",\"name\":\"Rahmenzielvereinbarung zum barrierefreien Naturerleben in Deutschen Naturparken\",\"isPartOf\":{\"@id\":\"https:\/\/www.naturparkmagazin.de\/vdn\/#website\"},\"datePublished\":\"2013-07-24T08:30:16+00:00\",\"dateModified\":\"2013-07-18T12:29:14+00:00\",\"author\":{\"@id\":\"https:\/\/www.naturparkmagazin.de\/vdn\/#\/schema\/person\/e28d931df83318a48d52ae72b08d2bfb\"},\"description\":\"Der VDN hat mit den Verb\u00e4nden der Menschen mit Behinderungen eine Rahmenzielvereinbarung mit Modulen zum barrierefreien Naturerleben in Naturparken entwickelt.\",\"breadcrumb\":{\"@id\":\"https:\/\/www.naturparkmagazin.de\/vdn\/rahmenzielvereinbarung-zum-barrierefreien-naturerleben-in-deutschen-naturparken\/#breadcrumb\"},\"inLanguage\":\"de\",\"potentialAction\":[{\"@type\":\"ReadAction\",\"target\":[\"https:\/\/www.naturparkmagazin.de\/vdn\/rahmenzielvereinbarung-zum-barrierefreien-naturerleben-in-deutschen-naturparken\/\"]}]},{\"@type\":\"BreadcrumbList\",\"@id\":\"https:\/\/www.naturparkmagazin.de\/vdn\/rahmenzielvereinbarung-zum-barrierefreien-naturerleben-in-deutschen-naturparken\/#breadcrumb\",\"itemListElement\":[{\"@type\":\"ListItem\",\"position\":1,\"name\":\"Home\",\"item\":\"https:\/\/www.naturparkmagazin.de\/vdn\/\"},{\"@type\":\"ListItem\",\"position\":2,\"name\":\"Rahmenzielvereinbarung zum barrierefreien Naturerleben in Deutschen Naturparken\"}]},{\"@type\":\"WebSite\",\"@id\":\"https:\/\/www.naturparkmagazin.de\/vdn\/#website\",\"url\":\"https:\/\/www.naturparkmagazin.de\/vdn\/\",\"name\":\"Verband Deutscher Naturparke\",\"description\":\"Eine weitere Naturparkmagazin.de Netzwerk Seite\",\"potentialAction\":[{\"@type\":\"SearchAction\",\"target\":{\"@type\":\"EntryPoint\",\"urlTemplate\":\"https:\/\/www.naturparkmagazin.de\/vdn\/?s={search_term_string}\"},\"query-input\":\"required name=search_term_string\"}],\"inLanguage\":\"de\"},{\"@type\":\"Person\",\"@id\":\"https:\/\/www.naturparkmagazin.de\/vdn\/#\/schema\/person\/e28d931df83318a48d52ae72b08d2bfb\",\"name\":\"vdnnational\",\"url\":\"https:\/\/www.naturparkmagazin.de\/vdn\/author\/vdnnational\/\"}]}<\/script>\n<!-- \/ Yoast SEO plugin. -->","yoast_head_json":{"title":"Rahmenzielvereinbarung zum barrierefreien Naturerleben in Deutschen Naturparken","description":"Der VDN hat mit den Verb\u00e4nden der Menschen mit Behinderungen eine Rahmenzielvereinbarung mit Modulen zum barrierefreien Naturerleben in Naturparken entwickelt.","robots":{"index":"index","follow":"follow","max-snippet":"max-snippet:-1","max-image-preview":"max-image-preview:large","max-video-preview":"max-video-preview:-1"},"canonical":"https:\/\/www.naturparkmagazin.de\/vdn\/rahmenzielvereinbarung-zum-barrierefreien-naturerleben-in-deutschen-naturparken\/","og_locale":"de_DE","og_type":"article","og_title":"Rahmenzielvereinbarung zum barrierefreien Naturerleben in Deutschen Naturparken","og_description":"Der VDN hat mit den Verb\u00e4nden der Menschen mit Behinderungen eine Rahmenzielvereinbarung mit Modulen zum barrierefreien Naturerleben in Naturparken entwickelt.","og_url":"https:\/\/www.naturparkmagazin.de\/vdn\/rahmenzielvereinbarung-zum-barrierefreien-naturerleben-in-deutschen-naturparken\/","og_site_name":"Verband Deutscher Naturparke","article_published_time":"2013-07-24T08:30:16+00:00","article_modified_time":"2013-07-18T12:29:14+00:00","og_image":[{"width":1024,"height":683,"url":"https:\/\/www.naturparkmagazin.de\/vdn\/wp-content\/uploads\/sites\/3\/Rahmenziel.jpg","type":"image\/jpeg"}],"author":"vdnnational","twitter_misc":{"Verfasst von":"vdnnational","Gesch\u00e4tzte Lesezeit":"1\u00a0Minute"},"schema":{"@context":"https:\/\/schema.org","@graph":[{"@type":"WebPage","@id":"https:\/\/www.naturparkmagazin.de\/vdn\/rahmenzielvereinbarung-zum-barrierefreien-naturerleben-in-deutschen-naturparken\/","url":"https:\/\/www.naturparkmagazin.de\/vdn\/rahmenzielvereinbarung-zum-barrierefreien-naturerleben-in-deutschen-naturparken\/","name":"Rahmenzielvereinbarung zum barrierefreien Naturerleben in Deutschen Naturparken","isPartOf":{"@id":"https:\/\/www.naturparkmagazin.de\/vdn\/#website"},"datePublished":"2013-07-24T08:30:16+00:00","dateModified":"2013-07-18T12:29:14+00:00","author":{"@id":"https:\/\/www.naturparkmagazin.de\/vdn\/#\/schema\/person\/e28d931df83318a48d52ae72b08d2bfb"},"description":"Der VDN hat mit den Verb\u00e4nden der Menschen mit Behinderungen eine Rahmenzielvereinbarung mit Modulen zum barrierefreien Naturerleben in Naturparken entwickelt.","breadcrumb":{"@id":"https:\/\/www.naturparkmagazin.de\/vdn\/rahmenzielvereinbarung-zum-barrierefreien-naturerleben-in-deutschen-naturparken\/#breadcrumb"},"inLanguage":"de","potentialAction":[{"@type":"ReadAction","target":["https:\/\/www.naturparkmagazin.de\/vdn\/rahmenzielvereinbarung-zum-barrierefreien-naturerleben-in-deutschen-naturparken\/"]}]},{"@type":"BreadcrumbList","@id":"https:\/\/www.naturparkmagazin.de\/vdn\/rahmenzielvereinbarung-zum-barrierefreien-naturerleben-in-deutschen-naturparken\/#breadcrumb","itemListElement":[{"@type":"ListItem","position":1,"name":"Home","item":"https:\/\/www.naturparkmagazin.de\/vdn\/"},{"@type":"ListItem","position":2,"name":"Rahmenzielvereinbarung zum barrierefreien Naturerleben in Deutschen Naturparken"}]},{"@type":"WebSite","@id":"https:\/\/www.naturparkmagazin.de\/vdn\/#website","url":"https:\/\/www.naturparkmagazin.de\/vdn\/","name":"Verband Deutscher Naturparke","description":"Eine weitere Naturparkmagazin.de Netzwerk Seite","potentialAction":[{"@type":"SearchAction","target":{"@type":"EntryPoint","urlTemplate":"https:\/\/www.naturparkmagazin.de\/vdn\/?s={search_term_string}"},"query-input":"required name=search_term_string"}],"inLanguage":"de"},{"@type":"Person","@id":"https:\/\/www.naturparkmagazin.de\/vdn\/#\/schema\/person\/e28d931df83318a48d52ae72b08d2bfb","name":"vdnnational","url":"https:\/\/www.naturparkmagazin.de\/vdn\/author\/vdnnational\/"}]}},"_links":{"self":[{"href":"https:\/\/www.naturparkmagazin.de\/vdn\/wp-json\/wp\/v2\/posts\/1807"}],"collection":[{"href":"https:\/\/www.naturparkmagazin.de\/vdn\/wp-json\/wp\/v2\/posts"}],"about":[{"href":"https:\/\/www.naturparkmagazin.de\/vdn\/wp-json\/wp\/v2\/types\/post"}],"author":[{"embeddable":true,"href":"https:\/\/www.naturparkmagazin.de\/vdn\/wp-json\/wp\/v2\/users\/14"}],"replies":[{"embeddable":true,"href":"https:\/\/www.naturparkmagazin.de\/vdn\/wp-json\/wp\/v2\/comments?post=1807"}],"version-history":[{"count":14,"href":"https:\/\/www.naturparkmagazin.de\/vdn\/wp-json\/wp\/v2\/posts\/1807\/revisions"}],"predecessor-version":[{"id":1812,"href":"https:\/\/www.naturparkmagazin.de\/vdn\/wp-json\/wp\/v2\/posts\/1807\/revisions\/1812"}],"wp:featuredmedia":[{"embeddable":true,"href":"https:\/\/www.naturparkmagazin.de\/vdn\/wp-json\/wp\/v2\/media\/1879"}],"wp:attachment":[{"href":"https:\/\/www.naturparkmagazin.de\/vdn\/wp-json\/wp\/v2\/media?parent=1807"}],"wp:term":[{"taxonomy":"category","embeddable":true,"href":"https:\/\/www.naturparkmagazin.de\/vdn\/wp-json\/wp\/v2\/categories?post=1807"},{"taxonomy":"post_tag","embeddable":true,"href":"https:\/\/www.naturparkmagazin.de\/vdn\/wp-json\/wp\/v2\/tags?post=1807"}],"curies":[{"name":"wp","href":"https:\/\/api.w.org\/{rel}","templated":true}]}}