{"id":1825,"date":"2013-07-18T08:19:43","date_gmt":"2013-07-18T06:19:43","guid":{"rendered":"http:\/\/www.naturparkmagazin.de\/vdn\/?p=1825"},"modified":"2014-01-24T18:56:31","modified_gmt":"2014-01-24T16:56:31","slug":"waelder-und-seen-naturpark-stechlin-ruppiner-land","status":"publish","type":"post","link":"https:\/\/www.naturparkmagazin.de\/vdn\/waelder-und-seen-naturpark-stechlin-ruppiner-land\/","title":{"rendered":"Naturpark Stechlin-Ruppiner Land"},"content":{"rendered":"<div id=\"attachment_1862\" style=\"width: 1034px\" class=\"wp-caption aligncenter\"><a href=\"https:\/\/www.naturparkmagazin.de\/vdn\/wp-content\/uploads\/sites\/3\/DSC03703.jpg\"><img aria-describedby=\"caption-attachment-1862\" decoding=\"async\" loading=\"lazy\" class=\"size-full wp-image-1862 \" title=\"Stechlin - Copyright: VDN\/Konrad W\u00f6lfel\" alt=\"Stechlin - Copyright: VDN\/Konrad W\u00f6lfel\" src=\"https:\/\/www.naturparkmagazin.de\/vdn\/wp-content\/uploads\/sites\/3\/DSC03703.jpg\" width=\"1024\" height=\"683\" srcset=\"https:\/\/www.naturparkmagazin.de\/vdn\/wp-content\/uploads\/sites\/3\/DSC03703.jpg 1024w, https:\/\/www.naturparkmagazin.de\/vdn\/wp-content\/uploads\/sites\/3\/DSC03703-300x200.jpg 300w, https:\/\/www.naturparkmagazin.de\/vdn\/wp-content\/uploads\/sites\/3\/DSC03703-620x414.jpg 620w, https:\/\/www.naturparkmagazin.de\/vdn\/wp-content\/uploads\/sites\/3\/DSC03703-940x627.jpg 940w, https:\/\/www.naturparkmagazin.de\/vdn\/wp-content\/uploads\/sites\/3\/DSC03703-670x447.jpg 670w, https:\/\/www.naturparkmagazin.de\/vdn\/wp-content\/uploads\/sites\/3\/DSC03703-200x133.jpg 200w\" sizes=\"(max-width: 1024px) 100vw, 1024px\" \/><\/a><p id=\"caption-attachment-1862\" class=\"wp-caption-text\">Stechlin &#8211; Copyright: VDN\/Konrad W\u00f6lfel<\/p><\/div>\n<p>Im Norden Brandenburgs, an der Grenze zu Mecklenburg Vorpommern, liegt eine faszinierende Wald- und Seenlandschaft. Dieser Flecken Erde, den der m\u00e4rkische Dichter Theodor Fontane zum Ende des 19. Jahrhunderts als \u201emenschenarme, nur hie und da mit ein paar alten D\u00f6rfern besetzte Waldung\u201c beschrieb, hat sich sein Gesicht bis heute bewahrt. Er ist das Herz des heutigen Naturparks <a href=\"https:\/\/www.naturparkmagazin.de\/stechlin\/\">Stechlin-Ruppiner Land<\/a>. Buchenw\u00e4lder und Klarwasserseen sind die Markenzeichen des 680 km\u00b2 gro\u00dfen Naturparks, der zwischen den St\u00e4dten F\u00fcrstenberg\/Havel, Gransee, Neuruppin und Wittstock liegt.<\/p>\n<div id=\"attachment_1882\" style=\"width: 982px\" class=\"wp-caption aligncenter\"><a href=\"https:\/\/www.naturparkmagazin.de\/vdn\/wp-content\/uploads\/sites\/3\/k-3.jpg\"><img aria-describedby=\"caption-attachment-1882\" decoding=\"async\" loading=\"lazy\" class=\"size-full wp-image-1882  \" title=\"Natur erleben im NaturParkHaus Stechlin - Copyright: Dr. Mario Schrumpf\" alt=\"Natur erleben im NaturParkHaus Stechlin - Copyright: Dr. Mario Schrumpf\" src=\"https:\/\/www.naturparkmagazin.de\/vdn\/wp-content\/uploads\/sites\/3\/k-3.jpg\" width=\"972\" height=\"1448\" srcset=\"https:\/\/www.naturparkmagazin.de\/vdn\/wp-content\/uploads\/sites\/3\/k-3.jpg 972w, https:\/\/www.naturparkmagazin.de\/vdn\/wp-content\/uploads\/sites\/3\/k-3-300x447.jpg 300w, https:\/\/www.naturparkmagazin.de\/vdn\/wp-content\/uploads\/sites\/3\/k-3-620x924.jpg 620w, https:\/\/www.naturparkmagazin.de\/vdn\/wp-content\/uploads\/sites\/3\/k-3-940x1400.jpg 940w, https:\/\/www.naturparkmagazin.de\/vdn\/wp-content\/uploads\/sites\/3\/k-3-670x998.jpg 670w, https:\/\/www.naturparkmagazin.de\/vdn\/wp-content\/uploads\/sites\/3\/k-3-200x298.jpg 200w\" sizes=\"(max-width: 972px) 100vw, 972px\" \/><\/a><p id=\"caption-attachment-1882\" class=\"wp-caption-text\">Natur erleben im NaturParkHaus Stechlin &#8211; Copyright: Dr. Mario Schrumpf<\/p><\/div>\n<p>Im NaturParkHaus Stechlin in Menz bietet die vor allem auf Familien ausgerichtete Ausstellung viele Informationen rund um die Naturr\u00e4ume des Gebietes, in denen es Einiges zu entdecken gibt: Neben den besonders sch\u00f6nen und \u00f6kologisch wertvollen gro\u00dfen Buchenw\u00e4ldern gibt es unter den mehr als 180 Seen viele seltene Klarwasserseen. Der bedeutendste ist der bis zu 69 Meter tiefe \u201eGro\u00dfe Stechlin\u201c.<\/p>\n<div id=\"attachment_1861\" style=\"width: 940px\" class=\"wp-caption aligncenter\"><a href=\"https:\/\/www.naturparkmagazin.de\/vdn\/wp-content\/uploads\/sites\/3\/schellente_2.jpg\"><img aria-describedby=\"caption-attachment-1861\" decoding=\"async\" loading=\"lazy\" class=\"size-full wp-image-1861\" title=\"Schellente - Copyright: VDN\/blum\" alt=\"Schellente - Copyright: VDN\/blum\" src=\"https:\/\/www.naturparkmagazin.de\/vdn\/wp-content\/uploads\/sites\/3\/schellente_2.jpg\" width=\"930\" height=\"592\" srcset=\"https:\/\/www.naturparkmagazin.de\/vdn\/wp-content\/uploads\/sites\/3\/schellente_2.jpg 930w, https:\/\/www.naturparkmagazin.de\/vdn\/wp-content\/uploads\/sites\/3\/schellente_2-300x191.jpg 300w, https:\/\/www.naturparkmagazin.de\/vdn\/wp-content\/uploads\/sites\/3\/schellente_2-620x395.jpg 620w, https:\/\/www.naturparkmagazin.de\/vdn\/wp-content\/uploads\/sites\/3\/schellente_2-670x426.jpg 670w, https:\/\/www.naturparkmagazin.de\/vdn\/wp-content\/uploads\/sites\/3\/schellente_2-200x127.jpg 200w\" sizes=\"(max-width: 930px) 100vw, 930px\" \/><\/a><p id=\"caption-attachment-1861\" class=\"wp-caption-text\">Schellente &#8211; Copyright: VDN\/blum<\/p><\/div>\n<p>Das Wappentier des Naturparks ist die Schellente; ihren Namen hat sie durch die \u00c4hnlichkeit ihres Flugger\u00e4uschs mit dem Schellen einer Glocke erhalten. \u00dcberall im Naturpark kommt auch der schwer zu entdeckende Fischotter vor. Biber, europ\u00e4ische Sumpfschildkr\u00f6te, Fischadler, Kranich und Eisvogel leben ebenfalls hier.<\/p>\n<p>&nbsp;<\/p>\n<div id=\"attachment_1864\" style=\"width: 1458px\" class=\"wp-caption aligncenter\"><a href=\"https:\/\/www.naturparkmagazin.de\/vdn\/wp-content\/uploads\/sites\/3\/k-2.jpg\"><img aria-describedby=\"caption-attachment-1864\" decoding=\"async\" loading=\"lazy\" class=\"size-full wp-image-1864  \" title=\"Rheinsberger Schloss - Copyright:  Dr. Mario Schrumpf\" alt=\"Rheinsberger Schloss - Copyright:  Dr. Mario Schrumpf\" src=\"https:\/\/www.naturparkmagazin.de\/vdn\/wp-content\/uploads\/sites\/3\/k-2.jpg\" width=\"1448\" height=\"972\" srcset=\"https:\/\/www.naturparkmagazin.de\/vdn\/wp-content\/uploads\/sites\/3\/k-2.jpg 1448w, https:\/\/www.naturparkmagazin.de\/vdn\/wp-content\/uploads\/sites\/3\/k-2-300x201.jpg 300w, https:\/\/www.naturparkmagazin.de\/vdn\/wp-content\/uploads\/sites\/3\/k-2-620x416.jpg 620w, https:\/\/www.naturparkmagazin.de\/vdn\/wp-content\/uploads\/sites\/3\/k-2-940x631.jpg 940w, https:\/\/www.naturparkmagazin.de\/vdn\/wp-content\/uploads\/sites\/3\/k-2-670x450.jpg 670w, https:\/\/www.naturparkmagazin.de\/vdn\/wp-content\/uploads\/sites\/3\/k-2-200x134.jpg 200w\" sizes=\"(max-width: 1448px) 100vw, 1448px\" \/><\/a><p id=\"caption-attachment-1864\" class=\"wp-caption-text\">Rheinsberger Schloss &#8211; Copyright: Dr. Mario Schrumpf<\/p><\/div>\n<p>Das ber\u00fchmteste Ausflugsziel im Naturpark ist das Rheinsberger Schloss mit den dazugeh\u00f6rigen Parkanlagen. Neben dem herrlichen Spiegel- und Muschelsaal befindet sich hier auch eine Kurt-Tucholsky-Gedenkst\u00e4tte. Rheinsberg ist u.a. Gastgeberin der allj\u00e4hrlichen Opernfestspiele, beherbergt ein Schlosstheater und eine Musikakademie und geh\u00f6rt damit zu den kulturellen Zentren Brandenburgs.<\/p>\n<p>Mehr Infos zu den M\u00f6glichkeiten, den Naturpark Stechlin-Ruppiner Land zu erleben, finden Sie unter <a title=\"Naturparke-Homepage\" href=\"http:\/\/www.naturparke.de\" target=\"_blank\">www.naturparke.de<\/a>.<\/p>\n","protected":false},"excerpt":{"rendered":"<p>Im Norden Brandenburgs, an der Grenze zu Mecklenburg Vorpommern, liegt eine faszinierende Wald- und Seenlandschaft. Sie ist das Herz des heutigen Naturparks Stechlin-Ruppiner Land.<\/p>\n","protected":false},"author":14,"featured_media":1862,"comment_status":"open","ping_status":"open","sticky":false,"template":"","format":"standard","meta":{"_links_to":"","_links_to_target":""},"categories":[15],"tags":[],"yoast_head":"<!-- This site is optimized with the Yoast SEO plugin v19.10 - https:\/\/yoast.com\/wordpress\/plugins\/seo\/ -->\n<title>Naturpark Stechlin-Ruppiner Land<\/title>\n<meta name=\"description\" content=\"Im Norden Brandenburgs, an der Grenze zu Mecklenburg Vorpommern, liegt eine faszinierende Wald- und Seenlandschaft. Sie ist das Herz des heutigen Naturparks Stechlin-Ruppiner Land.\" \/>\n<meta name=\"robots\" content=\"index, follow, max-snippet:-1, max-image-preview:large, max-video-preview:-1\" \/>\n<link rel=\"canonical\" href=\"https:\/\/www.naturparkmagazin.de\/vdn\/waelder-und-seen-naturpark-stechlin-ruppiner-land\/\" \/>\n<meta property=\"og:locale\" content=\"de_DE\" \/>\n<meta property=\"og:type\" content=\"article\" \/>\n<meta property=\"og:title\" content=\"Naturpark Stechlin-Ruppiner Land\" \/>\n<meta property=\"og:description\" content=\"Im Norden Brandenburgs, an der Grenze zu Mecklenburg Vorpommern, liegt eine faszinierende Wald- und Seenlandschaft. Sie ist das Herz des heutigen Naturparks Stechlin-Ruppiner Land.\" \/>\n<meta property=\"og:url\" content=\"https:\/\/www.naturparkmagazin.de\/vdn\/waelder-und-seen-naturpark-stechlin-ruppiner-land\/\" \/>\n<meta property=\"og:site_name\" content=\"Verband Deutscher Naturparke\" \/>\n<meta property=\"article:published_time\" content=\"2013-07-18T06:19:43+00:00\" \/>\n<meta property=\"article:modified_time\" content=\"2014-01-24T16:56:31+00:00\" \/>\n<meta property=\"og:image\" content=\"https:\/\/www.naturparkmagazin.de\/vdn\/wp-content\/uploads\/sites\/3\/DSC03703.jpg\" \/>\n\t<meta property=\"og:image:width\" content=\"1024\" \/>\n\t<meta property=\"og:image:height\" content=\"683\" \/>\n\t<meta property=\"og:image:type\" content=\"image\/jpeg\" \/>\n<meta name=\"author\" content=\"vdnnational\" \/>\n<meta name=\"twitter:label1\" content=\"Verfasst von\" \/>\n\t<meta name=\"twitter:data1\" content=\"vdnnational\" \/>\n\t<meta name=\"twitter:label2\" content=\"Gesch\u00e4tzte Lesezeit\" \/>\n\t<meta name=\"twitter:data2\" content=\"2\u00a0Minuten\" \/>\n<script type=\"application\/ld+json\" class=\"yoast-schema-graph\">{\"@context\":\"https:\/\/schema.org\",\"@graph\":[{\"@type\":\"WebPage\",\"@id\":\"https:\/\/www.naturparkmagazin.de\/vdn\/waelder-und-seen-naturpark-stechlin-ruppiner-land\/\",\"url\":\"https:\/\/www.naturparkmagazin.de\/vdn\/waelder-und-seen-naturpark-stechlin-ruppiner-land\/\",\"name\":\"Naturpark Stechlin-Ruppiner Land\",\"isPartOf\":{\"@id\":\"https:\/\/www.naturparkmagazin.de\/vdn\/#website\"},\"datePublished\":\"2013-07-18T06:19:43+00:00\",\"dateModified\":\"2014-01-24T16:56:31+00:00\",\"author\":{\"@id\":\"https:\/\/www.naturparkmagazin.de\/vdn\/#\/schema\/person\/e28d931df83318a48d52ae72b08d2bfb\"},\"description\":\"Im Norden Brandenburgs, an der Grenze zu Mecklenburg Vorpommern, liegt eine faszinierende Wald- und Seenlandschaft. Sie ist das Herz des heutigen Naturparks Stechlin-Ruppiner Land.\",\"breadcrumb\":{\"@id\":\"https:\/\/www.naturparkmagazin.de\/vdn\/waelder-und-seen-naturpark-stechlin-ruppiner-land\/#breadcrumb\"},\"inLanguage\":\"de\",\"potentialAction\":[{\"@type\":\"ReadAction\",\"target\":[\"https:\/\/www.naturparkmagazin.de\/vdn\/waelder-und-seen-naturpark-stechlin-ruppiner-land\/\"]}]},{\"@type\":\"BreadcrumbList\",\"@id\":\"https:\/\/www.naturparkmagazin.de\/vdn\/waelder-und-seen-naturpark-stechlin-ruppiner-land\/#breadcrumb\",\"itemListElement\":[{\"@type\":\"ListItem\",\"position\":1,\"name\":\"Home\",\"item\":\"https:\/\/www.naturparkmagazin.de\/vdn\/\"},{\"@type\":\"ListItem\",\"position\":2,\"name\":\"Naturpark Stechlin-Ruppiner Land\"}]},{\"@type\":\"WebSite\",\"@id\":\"https:\/\/www.naturparkmagazin.de\/vdn\/#website\",\"url\":\"https:\/\/www.naturparkmagazin.de\/vdn\/\",\"name\":\"Verband Deutscher Naturparke\",\"description\":\"Eine weitere Naturparkmagazin.de Netzwerk Seite\",\"potentialAction\":[{\"@type\":\"SearchAction\",\"target\":{\"@type\":\"EntryPoint\",\"urlTemplate\":\"https:\/\/www.naturparkmagazin.de\/vdn\/?s={search_term_string}\"},\"query-input\":\"required name=search_term_string\"}],\"inLanguage\":\"de\"},{\"@type\":\"Person\",\"@id\":\"https:\/\/www.naturparkmagazin.de\/vdn\/#\/schema\/person\/e28d931df83318a48d52ae72b08d2bfb\",\"name\":\"vdnnational\",\"url\":\"https:\/\/www.naturparkmagazin.de\/vdn\/author\/vdnnational\/\"}]}<\/script>\n<!-- \/ Yoast SEO plugin. -->","yoast_head_json":{"title":"Naturpark Stechlin-Ruppiner Land","description":"Im Norden Brandenburgs, an der Grenze zu Mecklenburg Vorpommern, liegt eine faszinierende Wald- und Seenlandschaft. Sie ist das Herz des heutigen Naturparks Stechlin-Ruppiner Land.","robots":{"index":"index","follow":"follow","max-snippet":"max-snippet:-1","max-image-preview":"max-image-preview:large","max-video-preview":"max-video-preview:-1"},"canonical":"https:\/\/www.naturparkmagazin.de\/vdn\/waelder-und-seen-naturpark-stechlin-ruppiner-land\/","og_locale":"de_DE","og_type":"article","og_title":"Naturpark Stechlin-Ruppiner Land","og_description":"Im Norden Brandenburgs, an der Grenze zu Mecklenburg Vorpommern, liegt eine faszinierende Wald- und Seenlandschaft. Sie ist das Herz des heutigen Naturparks Stechlin-Ruppiner Land.","og_url":"https:\/\/www.naturparkmagazin.de\/vdn\/waelder-und-seen-naturpark-stechlin-ruppiner-land\/","og_site_name":"Verband Deutscher Naturparke","article_published_time":"2013-07-18T06:19:43+00:00","article_modified_time":"2014-01-24T16:56:31+00:00","og_image":[{"width":1024,"height":683,"url":"https:\/\/www.naturparkmagazin.de\/vdn\/wp-content\/uploads\/sites\/3\/DSC03703.jpg","type":"image\/jpeg"}],"author":"vdnnational","twitter_misc":{"Verfasst von":"vdnnational","Gesch\u00e4tzte Lesezeit":"2\u00a0Minuten"},"schema":{"@context":"https:\/\/schema.org","@graph":[{"@type":"WebPage","@id":"https:\/\/www.naturparkmagazin.de\/vdn\/waelder-und-seen-naturpark-stechlin-ruppiner-land\/","url":"https:\/\/www.naturparkmagazin.de\/vdn\/waelder-und-seen-naturpark-stechlin-ruppiner-land\/","name":"Naturpark Stechlin-Ruppiner Land","isPartOf":{"@id":"https:\/\/www.naturparkmagazin.de\/vdn\/#website"},"datePublished":"2013-07-18T06:19:43+00:00","dateModified":"2014-01-24T16:56:31+00:00","author":{"@id":"https:\/\/www.naturparkmagazin.de\/vdn\/#\/schema\/person\/e28d931df83318a48d52ae72b08d2bfb"},"description":"Im Norden Brandenburgs, an der Grenze zu Mecklenburg Vorpommern, liegt eine faszinierende Wald- und Seenlandschaft. Sie ist das Herz des heutigen Naturparks Stechlin-Ruppiner Land.","breadcrumb":{"@id":"https:\/\/www.naturparkmagazin.de\/vdn\/waelder-und-seen-naturpark-stechlin-ruppiner-land\/#breadcrumb"},"inLanguage":"de","potentialAction":[{"@type":"ReadAction","target":["https:\/\/www.naturparkmagazin.de\/vdn\/waelder-und-seen-naturpark-stechlin-ruppiner-land\/"]}]},{"@type":"BreadcrumbList","@id":"https:\/\/www.naturparkmagazin.de\/vdn\/waelder-und-seen-naturpark-stechlin-ruppiner-land\/#breadcrumb","itemListElement":[{"@type":"ListItem","position":1,"name":"Home","item":"https:\/\/www.naturparkmagazin.de\/vdn\/"},{"@type":"ListItem","position":2,"name":"Naturpark Stechlin-Ruppiner Land"}]},{"@type":"WebSite","@id":"https:\/\/www.naturparkmagazin.de\/vdn\/#website","url":"https:\/\/www.naturparkmagazin.de\/vdn\/","name":"Verband Deutscher Naturparke","description":"Eine weitere Naturparkmagazin.de Netzwerk Seite","potentialAction":[{"@type":"SearchAction","target":{"@type":"EntryPoint","urlTemplate":"https:\/\/www.naturparkmagazin.de\/vdn\/?s={search_term_string}"},"query-input":"required name=search_term_string"}],"inLanguage":"de"},{"@type":"Person","@id":"https:\/\/www.naturparkmagazin.de\/vdn\/#\/schema\/person\/e28d931df83318a48d52ae72b08d2bfb","name":"vdnnational","url":"https:\/\/www.naturparkmagazin.de\/vdn\/author\/vdnnational\/"}]}},"_links":{"self":[{"href":"https:\/\/www.naturparkmagazin.de\/vdn\/wp-json\/wp\/v2\/posts\/1825"}],"collection":[{"href":"https:\/\/www.naturparkmagazin.de\/vdn\/wp-json\/wp\/v2\/posts"}],"about":[{"href":"https:\/\/www.naturparkmagazin.de\/vdn\/wp-json\/wp\/v2\/types\/post"}],"author":[{"embeddable":true,"href":"https:\/\/www.naturparkmagazin.de\/vdn\/wp-json\/wp\/v2\/users\/14"}],"replies":[{"embeddable":true,"href":"https:\/\/www.naturparkmagazin.de\/vdn\/wp-json\/wp\/v2\/comments?post=1825"}],"version-history":[{"count":19,"href":"https:\/\/www.naturparkmagazin.de\/vdn\/wp-json\/wp\/v2\/posts\/1825\/revisions"}],"predecessor-version":[{"id":3104,"href":"https:\/\/www.naturparkmagazin.de\/vdn\/wp-json\/wp\/v2\/posts\/1825\/revisions\/3104"}],"wp:featuredmedia":[{"embeddable":true,"href":"https:\/\/www.naturparkmagazin.de\/vdn\/wp-json\/wp\/v2\/media\/1862"}],"wp:attachment":[{"href":"https:\/\/www.naturparkmagazin.de\/vdn\/wp-json\/wp\/v2\/media?parent=1825"}],"wp:term":[{"taxonomy":"category","embeddable":true,"href":"https:\/\/www.naturparkmagazin.de\/vdn\/wp-json\/wp\/v2\/categories?post=1825"},{"taxonomy":"post_tag","embeddable":true,"href":"https:\/\/www.naturparkmagazin.de\/vdn\/wp-json\/wp\/v2\/tags?post=1825"}],"curies":[{"name":"wp","href":"https:\/\/api.w.org\/{rel}","templated":true}]}}