{"id":1831,"date":"2013-07-24T10:25:43","date_gmt":"2013-07-24T08:25:43","guid":{"rendered":"http:\/\/www.naturparkmagazin.de\/vdn\/?p=1831"},"modified":"2013-07-18T14:32:28","modified_gmt":"2013-07-18T12:32:28","slug":"ein-leben-voller-bilder-eine-andere-sicht-auf-natur-und-landschaft","status":"publish","type":"post","link":"https:\/\/www.naturparkmagazin.de\/vdn\/ein-leben-voller-bilder-eine-andere-sicht-auf-natur-und-landschaft\/","title":{"rendered":"\u201eEin Leben voller Bilder\u201c &#8211; Eine andere Sicht auf Natur und Landschaft"},"content":{"rendered":"<p><a href=\"https:\/\/www.naturparkmagazin.de\/vdn\/wp-content\/uploads\/sites\/3\/Fotografin-Catherine-Labudda.jpg\"><img decoding=\"async\" loading=\"lazy\" class=\"aligncenter size-full wp-image-1868\" alt=\"Fotografin Catherine Labudda\" src=\"https:\/\/www.naturparkmagazin.de\/vdn\/wp-content\/uploads\/sites\/3\/Fotografin-Catherine-Labudda.jpg\" width=\"1024\" height=\"700\" srcset=\"https:\/\/www.naturparkmagazin.de\/vdn\/wp-content\/uploads\/sites\/3\/Fotografin-Catherine-Labudda.jpg 1024w, https:\/\/www.naturparkmagazin.de\/vdn\/wp-content\/uploads\/sites\/3\/Fotografin-Catherine-Labudda-300x205.jpg 300w, https:\/\/www.naturparkmagazin.de\/vdn\/wp-content\/uploads\/sites\/3\/Fotografin-Catherine-Labudda-620x424.jpg 620w, https:\/\/www.naturparkmagazin.de\/vdn\/wp-content\/uploads\/sites\/3\/Fotografin-Catherine-Labudda-940x643.jpg 940w, https:\/\/www.naturparkmagazin.de\/vdn\/wp-content\/uploads\/sites\/3\/Fotografin-Catherine-Labudda-670x458.jpg 670w, https:\/\/www.naturparkmagazin.de\/vdn\/wp-content\/uploads\/sites\/3\/Fotografin-Catherine-Labudda-200x137.jpg 200w\" sizes=\"(max-width: 1024px) 100vw, 1024px\" \/><\/a><\/p>\n<p>Catherine Labudda ist Fotografin. Aufgrund einer Krankheit kann sie sich inzwischen \u00fcberwiegend nur noch im Rollstuhl fortbewegen. Auf diese Weise entsteht eine andere Sicht auf Natur und Landschaft, sowohl was die H\u00f6he der Aufnahmen als auch die Wahl der Motive betrifft. Im Haus der Natur auf dem Feldberg zeigt der Naturpark S\u00fcdschwarzwald jetzt eine Auswahl der Natur-Aufnahmen der Franz\u00f6sin.<\/p>\n<div id=\"attachment_1870\" style=\"width: 679px\" class=\"wp-caption alignleft\"><a href=\"https:\/\/www.naturparkmagazin.de\/vdn\/wp-content\/uploads\/sites\/3\/Wasserfall-Menzenschwand_Catherine-Labudda.jpg\"><img aria-describedby=\"caption-attachment-1870\" decoding=\"async\" loading=\"lazy\" class=\"size-full wp-image-1870 \" title=\"Wasserfall Menzenschwand - Copyright:Catherine Labudda\" alt=\"Wasserfall Menzenschwand - Copyright:Catherine Labudda\" src=\"https:\/\/www.naturparkmagazin.de\/vdn\/wp-content\/uploads\/sites\/3\/Wasserfall-Menzenschwand_Catherine-Labudda.jpg\" width=\"669\" height=\"1000\" srcset=\"https:\/\/www.naturparkmagazin.de\/vdn\/wp-content\/uploads\/sites\/3\/Wasserfall-Menzenschwand_Catherine-Labudda.jpg 669w, https:\/\/www.naturparkmagazin.de\/vdn\/wp-content\/uploads\/sites\/3\/Wasserfall-Menzenschwand_Catherine-Labudda-300x448.jpg 300w, https:\/\/www.naturparkmagazin.de\/vdn\/wp-content\/uploads\/sites\/3\/Wasserfall-Menzenschwand_Catherine-Labudda-620x927.jpg 620w, https:\/\/www.naturparkmagazin.de\/vdn\/wp-content\/uploads\/sites\/3\/Wasserfall-Menzenschwand_Catherine-Labudda-200x299.jpg 200w\" sizes=\"(max-width: 669px) 100vw, 669px\" \/><\/a><p id=\"caption-attachment-1870\" class=\"wp-caption-text\">Wasserfall Menzenschwand &#8211; Copyright:Catherine Labudda<\/p><\/div>\n<p>Die Bilder zeigen, dass man nicht unbedingt in ferne L\u00e4nder reisen muss, um sch\u00f6ne Landschaften und eindrucksvolle Motive zu finden. Man trifft sie praktisch vor der Haust\u00fcre an, wie hier im Schwarzwald, in den Alpen oder in der Bretagne. Neben Digitalaufnahmen sind auch Analogbilder in der Ausstellung zu sehen.<\/p>\n<p>Die Ausstellung ist von Juli bis voraussichtlich Ende Oktober 2013 t\u00e4glich von 10:00 &#8211; 17:00 Uhr ge\u00f6ffnet. Der Eintritt in die Ausstellung ist frei.<\/p>\n<p>Weitere Informationen finden Sie unter: <a title=\"Homepage S\u00fcdschwarzwald\" href=\"http:\/\/www.naturpark-suedschwarzwald.de\" target=\"_blank\">www.naturpark-suedschwarzwald.de<\/a><\/p>\n<p>&nbsp;<\/p>\n","protected":false},"excerpt":{"rendered":"<p>Die Fotografin Catherine Labudda ist aufgrund einer Krankheit auf den Rollstuhl angewiesen. Auf diese Weise entsteht bei Ihren Aufnahmen eine andere Perspektive von Natur und Landschaft.<\/p>\n","protected":false},"author":14,"featured_media":1868,"comment_status":"open","ping_status":"open","sticky":false,"template":"","format":"standard","meta":{"_links_to":"","_links_to_target":""},"categories":[7],"tags":[],"yoast_head":"<!-- This site is optimized with the Yoast SEO plugin v19.10 - https:\/\/yoast.com\/wordpress\/plugins\/seo\/ -->\n<title>\u201eEin Leben voller Bilder\u201c - Eine andere Sicht auf Natur und Landschaft<\/title>\n<meta name=\"description\" content=\"Die Fotografin Catherine Labudda ist aufgrund einer Krankheit auf den Rollstuhl angewiesen. Auf diese Weise entsteht bei Ihren Aufnahmen eine andere Perspektive von Natur und Landschaft.\" \/>\n<meta name=\"robots\" content=\"index, follow, max-snippet:-1, max-image-preview:large, max-video-preview:-1\" \/>\n<link rel=\"canonical\" href=\"https:\/\/www.naturparkmagazin.de\/vdn\/ein-leben-voller-bilder-eine-andere-sicht-auf-natur-und-landschaft\/\" \/>\n<meta property=\"og:locale\" content=\"de_DE\" \/>\n<meta property=\"og:type\" content=\"article\" \/>\n<meta property=\"og:title\" content=\"\u201eEin Leben voller Bilder\u201c - Eine andere Sicht auf Natur und Landschaft\" \/>\n<meta property=\"og:description\" content=\"Die Fotografin Catherine Labudda ist aufgrund einer Krankheit auf den Rollstuhl angewiesen. Auf diese Weise entsteht bei Ihren Aufnahmen eine andere Perspektive von Natur und Landschaft.\" \/>\n<meta property=\"og:url\" content=\"https:\/\/www.naturparkmagazin.de\/vdn\/ein-leben-voller-bilder-eine-andere-sicht-auf-natur-und-landschaft\/\" \/>\n<meta property=\"og:site_name\" content=\"Verband Deutscher Naturparke\" \/>\n<meta property=\"article:published_time\" content=\"2013-07-24T08:25:43+00:00\" \/>\n<meta property=\"article:modified_time\" content=\"2013-07-18T12:32:28+00:00\" \/>\n<meta property=\"og:image\" content=\"https:\/\/www.naturparkmagazin.de\/vdn\/wp-content\/uploads\/sites\/3\/Fotografin-Catherine-Labudda.jpg\" \/>\n\t<meta property=\"og:image:width\" content=\"1024\" \/>\n\t<meta property=\"og:image:height\" content=\"700\" \/>\n\t<meta property=\"og:image:type\" content=\"image\/jpeg\" \/>\n<meta name=\"author\" content=\"vdnnational\" \/>\n<meta name=\"twitter:label1\" content=\"Verfasst von\" \/>\n\t<meta name=\"twitter:data1\" content=\"vdnnational\" \/>\n\t<meta name=\"twitter:label2\" content=\"Gesch\u00e4tzte Lesezeit\" \/>\n\t<meta name=\"twitter:data2\" content=\"1\u00a0Minute\" \/>\n<script type=\"application\/ld+json\" class=\"yoast-schema-graph\">{\"@context\":\"https:\/\/schema.org\",\"@graph\":[{\"@type\":\"WebPage\",\"@id\":\"https:\/\/www.naturparkmagazin.de\/vdn\/ein-leben-voller-bilder-eine-andere-sicht-auf-natur-und-landschaft\/\",\"url\":\"https:\/\/www.naturparkmagazin.de\/vdn\/ein-leben-voller-bilder-eine-andere-sicht-auf-natur-und-landschaft\/\",\"name\":\"\u201eEin Leben voller Bilder\u201c - Eine andere Sicht auf Natur und Landschaft\",\"isPartOf\":{\"@id\":\"https:\/\/www.naturparkmagazin.de\/vdn\/#website\"},\"datePublished\":\"2013-07-24T08:25:43+00:00\",\"dateModified\":\"2013-07-18T12:32:28+00:00\",\"author\":{\"@id\":\"https:\/\/www.naturparkmagazin.de\/vdn\/#\/schema\/person\/e28d931df83318a48d52ae72b08d2bfb\"},\"description\":\"Die Fotografin Catherine Labudda ist aufgrund einer Krankheit auf den Rollstuhl angewiesen. Auf diese Weise entsteht bei Ihren Aufnahmen eine andere Perspektive von Natur und Landschaft.\",\"breadcrumb\":{\"@id\":\"https:\/\/www.naturparkmagazin.de\/vdn\/ein-leben-voller-bilder-eine-andere-sicht-auf-natur-und-landschaft\/#breadcrumb\"},\"inLanguage\":\"de\",\"potentialAction\":[{\"@type\":\"ReadAction\",\"target\":[\"https:\/\/www.naturparkmagazin.de\/vdn\/ein-leben-voller-bilder-eine-andere-sicht-auf-natur-und-landschaft\/\"]}]},{\"@type\":\"BreadcrumbList\",\"@id\":\"https:\/\/www.naturparkmagazin.de\/vdn\/ein-leben-voller-bilder-eine-andere-sicht-auf-natur-und-landschaft\/#breadcrumb\",\"itemListElement\":[{\"@type\":\"ListItem\",\"position\":1,\"name\":\"Home\",\"item\":\"https:\/\/www.naturparkmagazin.de\/vdn\/\"},{\"@type\":\"ListItem\",\"position\":2,\"name\":\"\u201eEin Leben voller Bilder\u201c &#8211; Eine andere Sicht auf Natur und Landschaft\"}]},{\"@type\":\"WebSite\",\"@id\":\"https:\/\/www.naturparkmagazin.de\/vdn\/#website\",\"url\":\"https:\/\/www.naturparkmagazin.de\/vdn\/\",\"name\":\"Verband Deutscher Naturparke\",\"description\":\"Eine weitere Naturparkmagazin.de Netzwerk Seite\",\"potentialAction\":[{\"@type\":\"SearchAction\",\"target\":{\"@type\":\"EntryPoint\",\"urlTemplate\":\"https:\/\/www.naturparkmagazin.de\/vdn\/?s={search_term_string}\"},\"query-input\":\"required name=search_term_string\"}],\"inLanguage\":\"de\"},{\"@type\":\"Person\",\"@id\":\"https:\/\/www.naturparkmagazin.de\/vdn\/#\/schema\/person\/e28d931df83318a48d52ae72b08d2bfb\",\"name\":\"vdnnational\",\"url\":\"https:\/\/www.naturparkmagazin.de\/vdn\/author\/vdnnational\/\"}]}<\/script>\n<!-- \/ Yoast SEO plugin. -->","yoast_head_json":{"title":"\u201eEin Leben voller Bilder\u201c - Eine andere Sicht auf Natur und Landschaft","description":"Die Fotografin Catherine Labudda ist aufgrund einer Krankheit auf den Rollstuhl angewiesen. Auf diese Weise entsteht bei Ihren Aufnahmen eine andere Perspektive von Natur und Landschaft.","robots":{"index":"index","follow":"follow","max-snippet":"max-snippet:-1","max-image-preview":"max-image-preview:large","max-video-preview":"max-video-preview:-1"},"canonical":"https:\/\/www.naturparkmagazin.de\/vdn\/ein-leben-voller-bilder-eine-andere-sicht-auf-natur-und-landschaft\/","og_locale":"de_DE","og_type":"article","og_title":"\u201eEin Leben voller Bilder\u201c - Eine andere Sicht auf Natur und Landschaft","og_description":"Die Fotografin Catherine Labudda ist aufgrund einer Krankheit auf den Rollstuhl angewiesen. Auf diese Weise entsteht bei Ihren Aufnahmen eine andere Perspektive von Natur und Landschaft.","og_url":"https:\/\/www.naturparkmagazin.de\/vdn\/ein-leben-voller-bilder-eine-andere-sicht-auf-natur-und-landschaft\/","og_site_name":"Verband Deutscher Naturparke","article_published_time":"2013-07-24T08:25:43+00:00","article_modified_time":"2013-07-18T12:32:28+00:00","og_image":[{"width":1024,"height":700,"url":"https:\/\/www.naturparkmagazin.de\/vdn\/wp-content\/uploads\/sites\/3\/Fotografin-Catherine-Labudda.jpg","type":"image\/jpeg"}],"author":"vdnnational","twitter_misc":{"Verfasst von":"vdnnational","Gesch\u00e4tzte Lesezeit":"1\u00a0Minute"},"schema":{"@context":"https:\/\/schema.org","@graph":[{"@type":"WebPage","@id":"https:\/\/www.naturparkmagazin.de\/vdn\/ein-leben-voller-bilder-eine-andere-sicht-auf-natur-und-landschaft\/","url":"https:\/\/www.naturparkmagazin.de\/vdn\/ein-leben-voller-bilder-eine-andere-sicht-auf-natur-und-landschaft\/","name":"\u201eEin Leben voller Bilder\u201c - Eine andere Sicht auf Natur und Landschaft","isPartOf":{"@id":"https:\/\/www.naturparkmagazin.de\/vdn\/#website"},"datePublished":"2013-07-24T08:25:43+00:00","dateModified":"2013-07-18T12:32:28+00:00","author":{"@id":"https:\/\/www.naturparkmagazin.de\/vdn\/#\/schema\/person\/e28d931df83318a48d52ae72b08d2bfb"},"description":"Die Fotografin Catherine Labudda ist aufgrund einer Krankheit auf den Rollstuhl angewiesen. Auf diese Weise entsteht bei Ihren Aufnahmen eine andere Perspektive von Natur und Landschaft.","breadcrumb":{"@id":"https:\/\/www.naturparkmagazin.de\/vdn\/ein-leben-voller-bilder-eine-andere-sicht-auf-natur-und-landschaft\/#breadcrumb"},"inLanguage":"de","potentialAction":[{"@type":"ReadAction","target":["https:\/\/www.naturparkmagazin.de\/vdn\/ein-leben-voller-bilder-eine-andere-sicht-auf-natur-und-landschaft\/"]}]},{"@type":"BreadcrumbList","@id":"https:\/\/www.naturparkmagazin.de\/vdn\/ein-leben-voller-bilder-eine-andere-sicht-auf-natur-und-landschaft\/#breadcrumb","itemListElement":[{"@type":"ListItem","position":1,"name":"Home","item":"https:\/\/www.naturparkmagazin.de\/vdn\/"},{"@type":"ListItem","position":2,"name":"\u201eEin Leben voller Bilder\u201c &#8211; Eine andere Sicht auf Natur und Landschaft"}]},{"@type":"WebSite","@id":"https:\/\/www.naturparkmagazin.de\/vdn\/#website","url":"https:\/\/www.naturparkmagazin.de\/vdn\/","name":"Verband Deutscher Naturparke","description":"Eine weitere Naturparkmagazin.de Netzwerk Seite","potentialAction":[{"@type":"SearchAction","target":{"@type":"EntryPoint","urlTemplate":"https:\/\/www.naturparkmagazin.de\/vdn\/?s={search_term_string}"},"query-input":"required name=search_term_string"}],"inLanguage":"de"},{"@type":"Person","@id":"https:\/\/www.naturparkmagazin.de\/vdn\/#\/schema\/person\/e28d931df83318a48d52ae72b08d2bfb","name":"vdnnational","url":"https:\/\/www.naturparkmagazin.de\/vdn\/author\/vdnnational\/"}]}},"_links":{"self":[{"href":"https:\/\/www.naturparkmagazin.de\/vdn\/wp-json\/wp\/v2\/posts\/1831"}],"collection":[{"href":"https:\/\/www.naturparkmagazin.de\/vdn\/wp-json\/wp\/v2\/posts"}],"about":[{"href":"https:\/\/www.naturparkmagazin.de\/vdn\/wp-json\/wp\/v2\/types\/post"}],"author":[{"embeddable":true,"href":"https:\/\/www.naturparkmagazin.de\/vdn\/wp-json\/wp\/v2\/users\/14"}],"replies":[{"embeddable":true,"href":"https:\/\/www.naturparkmagazin.de\/vdn\/wp-json\/wp\/v2\/comments?post=1831"}],"version-history":[{"count":12,"href":"https:\/\/www.naturparkmagazin.de\/vdn\/wp-json\/wp\/v2\/posts\/1831\/revisions"}],"predecessor-version":[{"id":1835,"href":"https:\/\/www.naturparkmagazin.de\/vdn\/wp-json\/wp\/v2\/posts\/1831\/revisions\/1835"}],"wp:featuredmedia":[{"embeddable":true,"href":"https:\/\/www.naturparkmagazin.de\/vdn\/wp-json\/wp\/v2\/media\/1868"}],"wp:attachment":[{"href":"https:\/\/www.naturparkmagazin.de\/vdn\/wp-json\/wp\/v2\/media?parent=1831"}],"wp:term":[{"taxonomy":"category","embeddable":true,"href":"https:\/\/www.naturparkmagazin.de\/vdn\/wp-json\/wp\/v2\/categories?post=1831"},{"taxonomy":"post_tag","embeddable":true,"href":"https:\/\/www.naturparkmagazin.de\/vdn\/wp-json\/wp\/v2\/tags?post=1831"}],"curies":[{"name":"wp","href":"https:\/\/api.w.org\/{rel}","templated":true}]}}