{"id":1836,"date":"2013-07-24T10:15:14","date_gmt":"2013-07-24T08:15:14","guid":{"rendered":"http:\/\/www.naturparkmagazin.de\/vdn\/?p=1836"},"modified":"2014-04-09T13:34:08","modified_gmt":"2014-04-09T11:34:08","slug":"naturparke-fuer-alle-angebote-fuer-barrierefreies-naturerleben-in-deutschland","status":"publish","type":"post","link":"https:\/\/www.naturparkmagazin.de\/vdn\/naturparke-fuer-alle-angebote-fuer-barrierefreies-naturerleben-in-deutschland\/","title":{"rendered":"&#8222;Naturerlebnis inklusiv&#8220; &#8211; Barrierefreie Angebote in Naturparken"},"content":{"rendered":"<div id=\"attachment_1876\" style=\"width: 1034px\" class=\"wp-caption aligncenter\"><a href=\"https:\/\/www.naturparkmagazin.de\/vdn\/wp-content\/uploads\/sites\/3\/Eifel-barrierefrei-1-c-Naturpark-Nordeifel.jpg\"><img aria-describedby=\"caption-attachment-1876\" decoding=\"async\" loading=\"lazy\" class=\"size-full wp-image-1876 \" title=\"Eifel barrierefrei - Copyright: Naturpark Nordeifel\" alt=\"Eifel barrierefrei - Copyright: Naturpark Nordeifel\" src=\"https:\/\/www.naturparkmagazin.de\/vdn\/wp-content\/uploads\/sites\/3\/Eifel-barrierefrei-1-c-Naturpark-Nordeifel.jpg\" width=\"1024\" height=\"631\" srcset=\"https:\/\/www.naturparkmagazin.de\/vdn\/wp-content\/uploads\/sites\/3\/Eifel-barrierefrei-1-c-Naturpark-Nordeifel.jpg 1024w, https:\/\/www.naturparkmagazin.de\/vdn\/wp-content\/uploads\/sites\/3\/Eifel-barrierefrei-1-c-Naturpark-Nordeifel-300x185.jpg 300w, https:\/\/www.naturparkmagazin.de\/vdn\/wp-content\/uploads\/sites\/3\/Eifel-barrierefrei-1-c-Naturpark-Nordeifel-620x382.jpg 620w, https:\/\/www.naturparkmagazin.de\/vdn\/wp-content\/uploads\/sites\/3\/Eifel-barrierefrei-1-c-Naturpark-Nordeifel-940x579.jpg 940w, https:\/\/www.naturparkmagazin.de\/vdn\/wp-content\/uploads\/sites\/3\/Eifel-barrierefrei-1-c-Naturpark-Nordeifel-670x413.jpg 670w, https:\/\/www.naturparkmagazin.de\/vdn\/wp-content\/uploads\/sites\/3\/Eifel-barrierefrei-1-c-Naturpark-Nordeifel-200x123.jpg 200w\" sizes=\"(max-width: 1024px) 100vw, 1024px\" \/><\/a><p id=\"caption-attachment-1876\" class=\"wp-caption-text\">Eifel barrierefrei &#8211; Copyright: Naturpark Nordeifel<\/p><\/div>\n<p>Gemeinsam mit der Nationalen Koordinationsstelle Tourismus f\u00fcr Alle e. V. (NatKo) setzt sich der Verband Deutscher Naturparke e. V. (VDN) daf\u00fcr ein, dass auch Menschen mit Behinderungen, Familien mit Kindern, \u00e4ltere Menschen sowie deren Angeh\u00f6rige und Freunde Angebote in den Naturparken nutzen k\u00f6nnen. Dazu geh\u00f6ren in unterschiedlichen Naturparken beispielsweise barrierefreie Wanderwege, Exkursionen mit Geb\u00e4rdendolmetscher, tastbare Reliefkarten, die einen \u00dcberblick \u00fcber die jeweilige Region verschaffen, Schifffahrten f\u00fcr Rollstuhlfahrer, Duft- und Tastg\u00e4rten f\u00fcr Blinde sowie barrierefreie Besucherzentren. In Kooperation mit dem Deutschen Landschriftenverlag stehen diese Angebote auch als E-Magazin bereit. Durch die Verwendung unterschiedlicher Piktogramme wird auf den ersten Blick deutlich, f\u00fcr welche Zielgruppe das Angebot interessant sein k\u00f6nnte.<\/p>\n<p>Die Angebote finden Sie im barrierefreien Magazin online unter <a href=\"http:\/\/www.bauernhofurlaub.com\/e-magazin\/Landerlebnisse_03_2012\/index.htm\">www.bauernhofurlaub.com\/e-magazin\/Landerlebnisse_03_2012\/index.htm<\/a> und auch auf der Naturparke-Website unter <a href=\"http:\/\/www.naturparke.de\/barrierefrei\">www.naturparke.de\/barrierefrei<\/a><\/p>\n","protected":false},"excerpt":{"rendered":"<p>Gemeinsam mit der Nationalen Koordinationsstelle Tourismus f\u00fcr Alle e. V. (NatKo) setzt sich der Verband Deutscher Naturparke e. V. (VDN) daf\u00fcr ein, dass auch Menschen mit Behinderungen, Familien mit Kindern, \u00e4ltere Menschen sowie deren Angeh\u00f6rige und Freunde Angebote in den Naturparken nutzen k\u00f6nnen. <\/p>\n","protected":false},"author":14,"featured_media":1876,"comment_status":"open","ping_status":"open","sticky":false,"template":"","format":"standard","meta":{"_links_to":"","_links_to_target":""},"categories":[11],"tags":[],"yoast_head":"<!-- This site is optimized with the Yoast SEO plugin v19.10 - https:\/\/yoast.com\/wordpress\/plugins\/seo\/ -->\n<title>&quot;Naturerlebnis inklusiv&quot; - Barrierefreie Angebote in Naturparken<\/title>\n<meta name=\"description\" content=\"Gemeinsam mit der Nationalen Koordinationsstelle Tourismus f\u00fcr Alle e. V. (NatKo) setzt sich der Verband Deutscher Naturparke e. V. (VDN) daf\u00fcr ein, dass auch Menschen mit Behinderungen, Familien mit Kindern, \u00e4ltere Menschen sowie deren Angeh\u00f6rige und Freunde Angebote in den Naturparken nutzen k\u00f6nnen.\" \/>\n<meta name=\"robots\" content=\"index, follow, max-snippet:-1, max-image-preview:large, max-video-preview:-1\" \/>\n<link rel=\"canonical\" href=\"https:\/\/www.naturparkmagazin.de\/vdn\/naturparke-fuer-alle-angebote-fuer-barrierefreies-naturerleben-in-deutschland\/\" \/>\n<meta property=\"og:locale\" content=\"de_DE\" \/>\n<meta property=\"og:type\" content=\"article\" \/>\n<meta property=\"og:title\" content=\"&quot;Naturerlebnis inklusiv&quot; - Barrierefreie Angebote in Naturparken\" \/>\n<meta property=\"og:description\" content=\"Gemeinsam mit der Nationalen Koordinationsstelle Tourismus f\u00fcr Alle e. V. (NatKo) setzt sich der Verband Deutscher Naturparke e. V. (VDN) daf\u00fcr ein, dass auch Menschen mit Behinderungen, Familien mit Kindern, \u00e4ltere Menschen sowie deren Angeh\u00f6rige und Freunde Angebote in den Naturparken nutzen k\u00f6nnen.\" \/>\n<meta property=\"og:url\" content=\"https:\/\/www.naturparkmagazin.de\/vdn\/naturparke-fuer-alle-angebote-fuer-barrierefreies-naturerleben-in-deutschland\/\" \/>\n<meta property=\"og:site_name\" content=\"Verband Deutscher Naturparke\" \/>\n<meta property=\"article:published_time\" content=\"2013-07-24T08:15:14+00:00\" \/>\n<meta property=\"article:modified_time\" content=\"2014-04-09T11:34:08+00:00\" \/>\n<meta property=\"og:image\" content=\"https:\/\/www.naturparkmagazin.de\/vdn\/wp-content\/uploads\/sites\/3\/Eifel-barrierefrei-1-c-Naturpark-Nordeifel.jpg\" \/>\n\t<meta property=\"og:image:width\" content=\"1024\" \/>\n\t<meta property=\"og:image:height\" content=\"631\" \/>\n\t<meta property=\"og:image:type\" content=\"image\/jpeg\" \/>\n<meta name=\"author\" content=\"vdnnational\" \/>\n<meta name=\"twitter:label1\" content=\"Verfasst von\" \/>\n\t<meta name=\"twitter:data1\" content=\"vdnnational\" \/>\n\t<meta name=\"twitter:label2\" content=\"Gesch\u00e4tzte Lesezeit\" \/>\n\t<meta name=\"twitter:data2\" content=\"1\u00a0Minute\" \/>\n<script type=\"application\/ld+json\" class=\"yoast-schema-graph\">{\"@context\":\"https:\/\/schema.org\",\"@graph\":[{\"@type\":\"WebPage\",\"@id\":\"https:\/\/www.naturparkmagazin.de\/vdn\/naturparke-fuer-alle-angebote-fuer-barrierefreies-naturerleben-in-deutschland\/\",\"url\":\"https:\/\/www.naturparkmagazin.de\/vdn\/naturparke-fuer-alle-angebote-fuer-barrierefreies-naturerleben-in-deutschland\/\",\"name\":\"\\\"Naturerlebnis inklusiv\\\" - Barrierefreie Angebote in Naturparken\",\"isPartOf\":{\"@id\":\"https:\/\/www.naturparkmagazin.de\/vdn\/#website\"},\"datePublished\":\"2013-07-24T08:15:14+00:00\",\"dateModified\":\"2014-04-09T11:34:08+00:00\",\"author\":{\"@id\":\"https:\/\/www.naturparkmagazin.de\/vdn\/#\/schema\/person\/e28d931df83318a48d52ae72b08d2bfb\"},\"description\":\"Gemeinsam mit der Nationalen Koordinationsstelle Tourismus f\u00fcr Alle e. V. (NatKo) setzt sich der Verband Deutscher Naturparke e. V. (VDN) daf\u00fcr ein, dass auch Menschen mit Behinderungen, Familien mit Kindern, \u00e4ltere Menschen sowie deren Angeh\u00f6rige und Freunde Angebote in den Naturparken nutzen k\u00f6nnen.\",\"breadcrumb\":{\"@id\":\"https:\/\/www.naturparkmagazin.de\/vdn\/naturparke-fuer-alle-angebote-fuer-barrierefreies-naturerleben-in-deutschland\/#breadcrumb\"},\"inLanguage\":\"de\",\"potentialAction\":[{\"@type\":\"ReadAction\",\"target\":[\"https:\/\/www.naturparkmagazin.de\/vdn\/naturparke-fuer-alle-angebote-fuer-barrierefreies-naturerleben-in-deutschland\/\"]}]},{\"@type\":\"BreadcrumbList\",\"@id\":\"https:\/\/www.naturparkmagazin.de\/vdn\/naturparke-fuer-alle-angebote-fuer-barrierefreies-naturerleben-in-deutschland\/#breadcrumb\",\"itemListElement\":[{\"@type\":\"ListItem\",\"position\":1,\"name\":\"Home\",\"item\":\"https:\/\/www.naturparkmagazin.de\/vdn\/\"},{\"@type\":\"ListItem\",\"position\":2,\"name\":\"&#8222;Naturerlebnis inklusiv&#8220; &#8211; Barrierefreie Angebote in Naturparken\"}]},{\"@type\":\"WebSite\",\"@id\":\"https:\/\/www.naturparkmagazin.de\/vdn\/#website\",\"url\":\"https:\/\/www.naturparkmagazin.de\/vdn\/\",\"name\":\"Verband Deutscher Naturparke\",\"description\":\"Eine weitere Naturparkmagazin.de Netzwerk Seite\",\"potentialAction\":[{\"@type\":\"SearchAction\",\"target\":{\"@type\":\"EntryPoint\",\"urlTemplate\":\"https:\/\/www.naturparkmagazin.de\/vdn\/?s={search_term_string}\"},\"query-input\":\"required name=search_term_string\"}],\"inLanguage\":\"de\"},{\"@type\":\"Person\",\"@id\":\"https:\/\/www.naturparkmagazin.de\/vdn\/#\/schema\/person\/e28d931df83318a48d52ae72b08d2bfb\",\"name\":\"vdnnational\",\"url\":\"https:\/\/www.naturparkmagazin.de\/vdn\/author\/vdnnational\/\"}]}<\/script>\n<!-- \/ Yoast SEO plugin. -->","yoast_head_json":{"title":"\"Naturerlebnis inklusiv\" - Barrierefreie Angebote in Naturparken","description":"Gemeinsam mit der Nationalen Koordinationsstelle Tourismus f\u00fcr Alle e. V. (NatKo) setzt sich der Verband Deutscher Naturparke e. V. (VDN) daf\u00fcr ein, dass auch Menschen mit Behinderungen, Familien mit Kindern, \u00e4ltere Menschen sowie deren Angeh\u00f6rige und Freunde Angebote in den Naturparken nutzen k\u00f6nnen.","robots":{"index":"index","follow":"follow","max-snippet":"max-snippet:-1","max-image-preview":"max-image-preview:large","max-video-preview":"max-video-preview:-1"},"canonical":"https:\/\/www.naturparkmagazin.de\/vdn\/naturparke-fuer-alle-angebote-fuer-barrierefreies-naturerleben-in-deutschland\/","og_locale":"de_DE","og_type":"article","og_title":"\"Naturerlebnis inklusiv\" - Barrierefreie Angebote in Naturparken","og_description":"Gemeinsam mit der Nationalen Koordinationsstelle Tourismus f\u00fcr Alle e. V. (NatKo) setzt sich der Verband Deutscher Naturparke e. V. (VDN) daf\u00fcr ein, dass auch Menschen mit Behinderungen, Familien mit Kindern, \u00e4ltere Menschen sowie deren Angeh\u00f6rige und Freunde Angebote in den Naturparken nutzen k\u00f6nnen.","og_url":"https:\/\/www.naturparkmagazin.de\/vdn\/naturparke-fuer-alle-angebote-fuer-barrierefreies-naturerleben-in-deutschland\/","og_site_name":"Verband Deutscher Naturparke","article_published_time":"2013-07-24T08:15:14+00:00","article_modified_time":"2014-04-09T11:34:08+00:00","og_image":[{"width":1024,"height":631,"url":"https:\/\/www.naturparkmagazin.de\/vdn\/wp-content\/uploads\/sites\/3\/Eifel-barrierefrei-1-c-Naturpark-Nordeifel.jpg","type":"image\/jpeg"}],"author":"vdnnational","twitter_misc":{"Verfasst von":"vdnnational","Gesch\u00e4tzte Lesezeit":"1\u00a0Minute"},"schema":{"@context":"https:\/\/schema.org","@graph":[{"@type":"WebPage","@id":"https:\/\/www.naturparkmagazin.de\/vdn\/naturparke-fuer-alle-angebote-fuer-barrierefreies-naturerleben-in-deutschland\/","url":"https:\/\/www.naturparkmagazin.de\/vdn\/naturparke-fuer-alle-angebote-fuer-barrierefreies-naturerleben-in-deutschland\/","name":"\"Naturerlebnis inklusiv\" - Barrierefreie Angebote in Naturparken","isPartOf":{"@id":"https:\/\/www.naturparkmagazin.de\/vdn\/#website"},"datePublished":"2013-07-24T08:15:14+00:00","dateModified":"2014-04-09T11:34:08+00:00","author":{"@id":"https:\/\/www.naturparkmagazin.de\/vdn\/#\/schema\/person\/e28d931df83318a48d52ae72b08d2bfb"},"description":"Gemeinsam mit der Nationalen Koordinationsstelle Tourismus f\u00fcr Alle e. V. (NatKo) setzt sich der Verband Deutscher Naturparke e. V. (VDN) daf\u00fcr ein, dass auch Menschen mit Behinderungen, Familien mit Kindern, \u00e4ltere Menschen sowie deren Angeh\u00f6rige und Freunde Angebote in den Naturparken nutzen k\u00f6nnen.","breadcrumb":{"@id":"https:\/\/www.naturparkmagazin.de\/vdn\/naturparke-fuer-alle-angebote-fuer-barrierefreies-naturerleben-in-deutschland\/#breadcrumb"},"inLanguage":"de","potentialAction":[{"@type":"ReadAction","target":["https:\/\/www.naturparkmagazin.de\/vdn\/naturparke-fuer-alle-angebote-fuer-barrierefreies-naturerleben-in-deutschland\/"]}]},{"@type":"BreadcrumbList","@id":"https:\/\/www.naturparkmagazin.de\/vdn\/naturparke-fuer-alle-angebote-fuer-barrierefreies-naturerleben-in-deutschland\/#breadcrumb","itemListElement":[{"@type":"ListItem","position":1,"name":"Home","item":"https:\/\/www.naturparkmagazin.de\/vdn\/"},{"@type":"ListItem","position":2,"name":"&#8222;Naturerlebnis inklusiv&#8220; &#8211; Barrierefreie Angebote in Naturparken"}]},{"@type":"WebSite","@id":"https:\/\/www.naturparkmagazin.de\/vdn\/#website","url":"https:\/\/www.naturparkmagazin.de\/vdn\/","name":"Verband Deutscher Naturparke","description":"Eine weitere Naturparkmagazin.de Netzwerk Seite","potentialAction":[{"@type":"SearchAction","target":{"@type":"EntryPoint","urlTemplate":"https:\/\/www.naturparkmagazin.de\/vdn\/?s={search_term_string}"},"query-input":"required name=search_term_string"}],"inLanguage":"de"},{"@type":"Person","@id":"https:\/\/www.naturparkmagazin.de\/vdn\/#\/schema\/person\/e28d931df83318a48d52ae72b08d2bfb","name":"vdnnational","url":"https:\/\/www.naturparkmagazin.de\/vdn\/author\/vdnnational\/"}]}},"_links":{"self":[{"href":"https:\/\/www.naturparkmagazin.de\/vdn\/wp-json\/wp\/v2\/posts\/1836"}],"collection":[{"href":"https:\/\/www.naturparkmagazin.de\/vdn\/wp-json\/wp\/v2\/posts"}],"about":[{"href":"https:\/\/www.naturparkmagazin.de\/vdn\/wp-json\/wp\/v2\/types\/post"}],"author":[{"embeddable":true,"href":"https:\/\/www.naturparkmagazin.de\/vdn\/wp-json\/wp\/v2\/users\/14"}],"replies":[{"embeddable":true,"href":"https:\/\/www.naturparkmagazin.de\/vdn\/wp-json\/wp\/v2\/comments?post=1836"}],"version-history":[{"count":10,"href":"https:\/\/www.naturparkmagazin.de\/vdn\/wp-json\/wp\/v2\/posts\/1836\/revisions"}],"predecessor-version":[{"id":1841,"href":"https:\/\/www.naturparkmagazin.de\/vdn\/wp-json\/wp\/v2\/posts\/1836\/revisions\/1841"}],"wp:featuredmedia":[{"embeddable":true,"href":"https:\/\/www.naturparkmagazin.de\/vdn\/wp-json\/wp\/v2\/media\/1876"}],"wp:attachment":[{"href":"https:\/\/www.naturparkmagazin.de\/vdn\/wp-json\/wp\/v2\/media?parent=1836"}],"wp:term":[{"taxonomy":"category","embeddable":true,"href":"https:\/\/www.naturparkmagazin.de\/vdn\/wp-json\/wp\/v2\/categories?post=1836"},{"taxonomy":"post_tag","embeddable":true,"href":"https:\/\/www.naturparkmagazin.de\/vdn\/wp-json\/wp\/v2\/tags?post=1836"}],"curies":[{"name":"wp","href":"https:\/\/api.w.org\/{rel}","templated":true}]}}