{"id":1909,"date":"2013-07-24T10:06:17","date_gmt":"2013-07-24T08:06:17","guid":{"rendered":"http:\/\/www.naturparkmagazin.de\/vdn\/?p=1909"},"modified":"2014-04-09T13:34:17","modified_gmt":"2014-04-09T11:34:17","slug":"das-mobile-waldlabor-naturerlebnis-auf-vier-raedern","status":"publish","type":"post","link":"https:\/\/www.naturparkmagazin.de\/vdn\/das-mobile-waldlabor-naturerlebnis-auf-vier-raedern\/","title":{"rendered":"\u201eDas mobile Waldlabor\u201c \u2013 Naturerlebnis auf vier R\u00e4dern"},"content":{"rendered":"<div id=\"attachment_1913\" style=\"width: 969px\" class=\"wp-caption aligncenter\"><a href=\"https:\/\/www.naturparkmagazin.de\/vdn\/wp-content\/uploads\/sites\/3\/IMG_9646.jpg\"><img aria-describedby=\"caption-attachment-1913\" decoding=\"async\" loading=\"lazy\" class=\"size-full wp-image-1913 \" title=\"Das mobile Waldlabor - Copyright: J\u00f6rg Liesen\" alt=\"Das mobile Waldlabor - Copyright: J\u00f6rg Liesen\" src=\"https:\/\/www.naturparkmagazin.de\/vdn\/wp-content\/uploads\/sites\/3\/IMG_9646.jpg\" width=\"959\" height=\"768\" srcset=\"https:\/\/www.naturparkmagazin.de\/vdn\/wp-content\/uploads\/sites\/3\/IMG_9646.jpg 959w, https:\/\/www.naturparkmagazin.de\/vdn\/wp-content\/uploads\/sites\/3\/IMG_9646-300x240.jpg 300w, https:\/\/www.naturparkmagazin.de\/vdn\/wp-content\/uploads\/sites\/3\/IMG_9646-620x497.jpg 620w, https:\/\/www.naturparkmagazin.de\/vdn\/wp-content\/uploads\/sites\/3\/IMG_9646-940x753.jpg 940w, https:\/\/www.naturparkmagazin.de\/vdn\/wp-content\/uploads\/sites\/3\/IMG_9646-670x537.jpg 670w, https:\/\/www.naturparkmagazin.de\/vdn\/wp-content\/uploads\/sites\/3\/IMG_9646-200x160.jpg 200w\" sizes=\"(max-width: 959px) 100vw, 959px\" \/><\/a><p id=\"caption-attachment-1913\" class=\"wp-caption-text\">Das mobile Waldlabor &#8211; Copyright: J\u00f6rg Liesen<\/p><\/div>\n<p>Eine Exkursion im Wald ist immer etwas Besonderes im Schulalltag. Schwierig wird es meistens, wenn Rollstuhlfahrer mit dabei sind. Sie k\u00f6nnen nicht ausschw\u00e4rmen und unter Bl\u00e4ttern und \u00c4sten den Waldbewohnern auf die Spur kommen. \u201eMan m\u00fcsste den Wald zu den Kindern bringen\u201c dachten sich die Umweltp\u00e4dagogen vom Naturpark Rheinland und dem \u201eHaus der Natur\u201c im Bonner Kottenforst. Gemeinsam mit dem Verband Deutscher Naturparke und der LVR-Christhophorusschule entwickelten sie das &#8222;mobile Waldlabor&#8220; &#8211; eine Mischung aus Schubladenschrank und Bollerwagen.<\/p>\n<div id=\"attachment_1914\" style=\"width: 1035px\" class=\"wp-caption aligncenter\"><a href=\"https:\/\/www.naturparkmagazin.de\/vdn\/wp-content\/uploads\/sites\/3\/IMG_9671.jpg\"><img aria-describedby=\"caption-attachment-1914\" decoding=\"async\" loading=\"lazy\" class=\"size-full wp-image-1914 \" title=\"Entdecken auf Augenh\u00f6he - Copyright: J\u00f6rg Liesen\" alt=\"Entdecken auf Augenh\u00f6he - Copyright: J\u00f6rg Liesen\" src=\"https:\/\/www.naturparkmagazin.de\/vdn\/wp-content\/uploads\/sites\/3\/IMG_9671.jpg\" width=\"1025\" height=\"684\" srcset=\"https:\/\/www.naturparkmagazin.de\/vdn\/wp-content\/uploads\/sites\/3\/IMG_9671.jpg 1025w, https:\/\/www.naturparkmagazin.de\/vdn\/wp-content\/uploads\/sites\/3\/IMG_9671-300x200.jpg 300w, https:\/\/www.naturparkmagazin.de\/vdn\/wp-content\/uploads\/sites\/3\/IMG_9671-620x414.jpg 620w, https:\/\/www.naturparkmagazin.de\/vdn\/wp-content\/uploads\/sites\/3\/IMG_9671-940x627.jpg 940w, https:\/\/www.naturparkmagazin.de\/vdn\/wp-content\/uploads\/sites\/3\/IMG_9671-670x447.jpg 670w, https:\/\/www.naturparkmagazin.de\/vdn\/wp-content\/uploads\/sites\/3\/IMG_9671-200x133.jpg 200w\" sizes=\"(max-width: 1025px) 100vw, 1025px\" \/><\/a><p id=\"caption-attachment-1914\" class=\"wp-caption-text\">Entdecken auf Augenh\u00f6he &#8211; Copyright: J\u00f6rg Liesen<\/p><\/div>\n<p>In den Schubladen sind Becherlupen, Kompasse, Pinzetten, Bestimmungshilfen untergebracht und alles, was junge Forscher im Wald brauchen. Die aufklappbaren Seitenfl\u00e4chen machen aus dem Waldlabor auch einen gro\u00dfen Tisch, an dem die Rollstuhlfahrer Platz nehmen k\u00f6nnen und ausgelegte Baumst\u00fcckchen, Pflanzen u.s.w. auf Augenh\u00f6he untersuchen k\u00f6nnen.<\/p>\n<div id=\"attachment_1915\" style=\"width: 1035px\" class=\"wp-caption aligncenter\"><a href=\"https:\/\/www.naturparkmagazin.de\/vdn\/wp-content\/uploads\/sites\/3\/IMG_9708.jpg\"><img aria-describedby=\"caption-attachment-1915\" decoding=\"async\" loading=\"lazy\" class=\"size-full wp-image-1915 \" title=\"Gemeinsam den Wald entdecken - Copyright: J\u00f6rg Liesen\" alt=\"Gemeinsam den Wald entdecken - Copyright: J\u00f6rg Liesen\" src=\"https:\/\/www.naturparkmagazin.de\/vdn\/wp-content\/uploads\/sites\/3\/IMG_9708.jpg\" width=\"1025\" height=\"684\" srcset=\"https:\/\/www.naturparkmagazin.de\/vdn\/wp-content\/uploads\/sites\/3\/IMG_9708.jpg 1025w, https:\/\/www.naturparkmagazin.de\/vdn\/wp-content\/uploads\/sites\/3\/IMG_9708-300x200.jpg 300w, https:\/\/www.naturparkmagazin.de\/vdn\/wp-content\/uploads\/sites\/3\/IMG_9708-620x414.jpg 620w, https:\/\/www.naturparkmagazin.de\/vdn\/wp-content\/uploads\/sites\/3\/IMG_9708-940x627.jpg 940w, https:\/\/www.naturparkmagazin.de\/vdn\/wp-content\/uploads\/sites\/3\/IMG_9708-670x447.jpg 670w, https:\/\/www.naturparkmagazin.de\/vdn\/wp-content\/uploads\/sites\/3\/IMG_9708-200x133.jpg 200w\" sizes=\"(max-width: 1025px) 100vw, 1025px\" \/><\/a><p id=\"caption-attachment-1915\" class=\"wp-caption-text\">Gemeinsam den Wald entdecken &#8211; Copyright: J\u00f6rg Liesen<\/p><\/div>\n<p>Und auch das ist einzigartig: Gebaut wurde das Waldlabor im Rahmen eines Projektes mit Jugendlichen eines Hamburger Problemviertels. Finanziert wurde die Idee vom Bonner Spendenparlament.<\/p>\n<p>Das \u201emobile Waldlabor\u201c ist am \u201eHaus der Natur\u201c stationiert und kann auch ausgeliehen werden. Info zum Projekt und Kontakt: <a href=\"mailto:info@hausdernaturbonn.org\">info@hausdernaturbonn.org<\/a><\/p>\n","protected":false},"excerpt":{"rendered":"<p> \u201eMan m\u00fcsste den Wald zu den Kindern bringen\u201c dachten sich die Umweltp\u00e4dagogen vom Naturpark Rheinland und dem \u201eHaus der Natur\u201c im Bonner Kottenforst. Gemeinsam entwickelten sie das &#8222;mobile Waldlabor&#8220; &#8211; eine Mischung aus Schubladenschrank und Bollerwagen &#8211; das Rollstuhlkinder bei Waldexkursionen unterst\u00fctzt.<\/p>\n","protected":false},"author":14,"featured_media":1913,"comment_status":"open","ping_status":"open","sticky":false,"template":"","format":"standard","meta":{"_links_to":"","_links_to_target":""},"categories":[11],"tags":[],"yoast_head":"<!-- This site is optimized with the Yoast SEO plugin v19.10 - https:\/\/yoast.com\/wordpress\/plugins\/seo\/ -->\n<title>\u201eDas mobile Waldlabor\u201c \u2013 Naturerlebnis auf vier R\u00e4dern<\/title>\n<meta name=\"description\" content=\"\u201eMan m\u00fcsste den Wald zu den Kindern bringen\u201c dachten sich die Umweltp\u00e4dagogen vom Naturpark Rheinland und dem \u201eHaus der Natur\u201c im Bonner Kottenforst. Gemeinsam entwickelten sie das &quot;mobile Waldlabor&quot; - eine Mischung aus Schubladenschrank und Bollerwagen - das Rollstuhlkinder bei Waldexkursionen unterst\u00fctzt.\" \/>\n<meta name=\"robots\" content=\"index, follow, max-snippet:-1, max-image-preview:large, max-video-preview:-1\" \/>\n<link rel=\"canonical\" href=\"https:\/\/www.naturparkmagazin.de\/vdn\/das-mobile-waldlabor-naturerlebnis-auf-vier-raedern\/\" \/>\n<meta property=\"og:locale\" content=\"de_DE\" \/>\n<meta property=\"og:type\" content=\"article\" \/>\n<meta property=\"og:title\" content=\"\u201eDas mobile Waldlabor\u201c \u2013 Naturerlebnis auf vier R\u00e4dern\" \/>\n<meta property=\"og:description\" content=\"\u201eMan m\u00fcsste den Wald zu den Kindern bringen\u201c dachten sich die Umweltp\u00e4dagogen vom Naturpark Rheinland und dem \u201eHaus der Natur\u201c im Bonner Kottenforst. Gemeinsam entwickelten sie das &quot;mobile Waldlabor&quot; - eine Mischung aus Schubladenschrank und Bollerwagen - das Rollstuhlkinder bei Waldexkursionen unterst\u00fctzt.\" \/>\n<meta property=\"og:url\" content=\"https:\/\/www.naturparkmagazin.de\/vdn\/das-mobile-waldlabor-naturerlebnis-auf-vier-raedern\/\" \/>\n<meta property=\"og:site_name\" content=\"Verband Deutscher Naturparke\" \/>\n<meta property=\"article:published_time\" content=\"2013-07-24T08:06:17+00:00\" \/>\n<meta property=\"article:modified_time\" content=\"2014-04-09T11:34:17+00:00\" \/>\n<meta property=\"og:image\" content=\"https:\/\/www.naturparkmagazin.de\/vdn\/wp-content\/uploads\/sites\/3\/IMG_9646.jpg\" \/>\n\t<meta property=\"og:image:width\" content=\"959\" \/>\n\t<meta property=\"og:image:height\" content=\"768\" \/>\n\t<meta property=\"og:image:type\" content=\"image\/jpeg\" \/>\n<meta name=\"author\" content=\"vdnnational\" \/>\n<meta name=\"twitter:label1\" content=\"Verfasst von\" \/>\n\t<meta name=\"twitter:data1\" content=\"vdnnational\" \/>\n\t<meta name=\"twitter:label2\" content=\"Gesch\u00e4tzte Lesezeit\" \/>\n\t<meta name=\"twitter:data2\" content=\"1\u00a0Minute\" \/>\n<script type=\"application\/ld+json\" class=\"yoast-schema-graph\">{\"@context\":\"https:\/\/schema.org\",\"@graph\":[{\"@type\":\"WebPage\",\"@id\":\"https:\/\/www.naturparkmagazin.de\/vdn\/das-mobile-waldlabor-naturerlebnis-auf-vier-raedern\/\",\"url\":\"https:\/\/www.naturparkmagazin.de\/vdn\/das-mobile-waldlabor-naturerlebnis-auf-vier-raedern\/\",\"name\":\"\u201eDas mobile Waldlabor\u201c \u2013 Naturerlebnis auf vier R\u00e4dern\",\"isPartOf\":{\"@id\":\"https:\/\/www.naturparkmagazin.de\/vdn\/#website\"},\"datePublished\":\"2013-07-24T08:06:17+00:00\",\"dateModified\":\"2014-04-09T11:34:17+00:00\",\"author\":{\"@id\":\"https:\/\/www.naturparkmagazin.de\/vdn\/#\/schema\/person\/e28d931df83318a48d52ae72b08d2bfb\"},\"description\":\"\u201eMan m\u00fcsste den Wald zu den Kindern bringen\u201c dachten sich die Umweltp\u00e4dagogen vom Naturpark Rheinland und dem \u201eHaus der Natur\u201c im Bonner Kottenforst. Gemeinsam entwickelten sie das \\\"mobile Waldlabor\\\" - eine Mischung aus Schubladenschrank und Bollerwagen - das Rollstuhlkinder bei Waldexkursionen unterst\u00fctzt.\",\"breadcrumb\":{\"@id\":\"https:\/\/www.naturparkmagazin.de\/vdn\/das-mobile-waldlabor-naturerlebnis-auf-vier-raedern\/#breadcrumb\"},\"inLanguage\":\"de\",\"potentialAction\":[{\"@type\":\"ReadAction\",\"target\":[\"https:\/\/www.naturparkmagazin.de\/vdn\/das-mobile-waldlabor-naturerlebnis-auf-vier-raedern\/\"]}]},{\"@type\":\"BreadcrumbList\",\"@id\":\"https:\/\/www.naturparkmagazin.de\/vdn\/das-mobile-waldlabor-naturerlebnis-auf-vier-raedern\/#breadcrumb\",\"itemListElement\":[{\"@type\":\"ListItem\",\"position\":1,\"name\":\"Home\",\"item\":\"https:\/\/www.naturparkmagazin.de\/vdn\/\"},{\"@type\":\"ListItem\",\"position\":2,\"name\":\"\u201eDas mobile Waldlabor\u201c \u2013 Naturerlebnis auf vier R\u00e4dern\"}]},{\"@type\":\"WebSite\",\"@id\":\"https:\/\/www.naturparkmagazin.de\/vdn\/#website\",\"url\":\"https:\/\/www.naturparkmagazin.de\/vdn\/\",\"name\":\"Verband Deutscher Naturparke\",\"description\":\"Eine weitere Naturparkmagazin.de Netzwerk Seite\",\"potentialAction\":[{\"@type\":\"SearchAction\",\"target\":{\"@type\":\"EntryPoint\",\"urlTemplate\":\"https:\/\/www.naturparkmagazin.de\/vdn\/?s={search_term_string}\"},\"query-input\":\"required name=search_term_string\"}],\"inLanguage\":\"de\"},{\"@type\":\"Person\",\"@id\":\"https:\/\/www.naturparkmagazin.de\/vdn\/#\/schema\/person\/e28d931df83318a48d52ae72b08d2bfb\",\"name\":\"vdnnational\",\"url\":\"https:\/\/www.naturparkmagazin.de\/vdn\/author\/vdnnational\/\"}]}<\/script>\n<!-- \/ Yoast SEO plugin. -->","yoast_head_json":{"title":"\u201eDas mobile Waldlabor\u201c \u2013 Naturerlebnis auf vier R\u00e4dern","description":"\u201eMan m\u00fcsste den Wald zu den Kindern bringen\u201c dachten sich die Umweltp\u00e4dagogen vom Naturpark Rheinland und dem \u201eHaus der Natur\u201c im Bonner Kottenforst. Gemeinsam entwickelten sie das \"mobile Waldlabor\" - eine Mischung aus Schubladenschrank und Bollerwagen - das Rollstuhlkinder bei Waldexkursionen unterst\u00fctzt.","robots":{"index":"index","follow":"follow","max-snippet":"max-snippet:-1","max-image-preview":"max-image-preview:large","max-video-preview":"max-video-preview:-1"},"canonical":"https:\/\/www.naturparkmagazin.de\/vdn\/das-mobile-waldlabor-naturerlebnis-auf-vier-raedern\/","og_locale":"de_DE","og_type":"article","og_title":"\u201eDas mobile Waldlabor\u201c \u2013 Naturerlebnis auf vier R\u00e4dern","og_description":"\u201eMan m\u00fcsste den Wald zu den Kindern bringen\u201c dachten sich die Umweltp\u00e4dagogen vom Naturpark Rheinland und dem \u201eHaus der Natur\u201c im Bonner Kottenforst. Gemeinsam entwickelten sie das \"mobile Waldlabor\" - eine Mischung aus Schubladenschrank und Bollerwagen - das Rollstuhlkinder bei Waldexkursionen unterst\u00fctzt.","og_url":"https:\/\/www.naturparkmagazin.de\/vdn\/das-mobile-waldlabor-naturerlebnis-auf-vier-raedern\/","og_site_name":"Verband Deutscher Naturparke","article_published_time":"2013-07-24T08:06:17+00:00","article_modified_time":"2014-04-09T11:34:17+00:00","og_image":[{"width":959,"height":768,"url":"https:\/\/www.naturparkmagazin.de\/vdn\/wp-content\/uploads\/sites\/3\/IMG_9646.jpg","type":"image\/jpeg"}],"author":"vdnnational","twitter_misc":{"Verfasst von":"vdnnational","Gesch\u00e4tzte Lesezeit":"1\u00a0Minute"},"schema":{"@context":"https:\/\/schema.org","@graph":[{"@type":"WebPage","@id":"https:\/\/www.naturparkmagazin.de\/vdn\/das-mobile-waldlabor-naturerlebnis-auf-vier-raedern\/","url":"https:\/\/www.naturparkmagazin.de\/vdn\/das-mobile-waldlabor-naturerlebnis-auf-vier-raedern\/","name":"\u201eDas mobile Waldlabor\u201c \u2013 Naturerlebnis auf vier R\u00e4dern","isPartOf":{"@id":"https:\/\/www.naturparkmagazin.de\/vdn\/#website"},"datePublished":"2013-07-24T08:06:17+00:00","dateModified":"2014-04-09T11:34:17+00:00","author":{"@id":"https:\/\/www.naturparkmagazin.de\/vdn\/#\/schema\/person\/e28d931df83318a48d52ae72b08d2bfb"},"description":"\u201eMan m\u00fcsste den Wald zu den Kindern bringen\u201c dachten sich die Umweltp\u00e4dagogen vom Naturpark Rheinland und dem \u201eHaus der Natur\u201c im Bonner Kottenforst. Gemeinsam entwickelten sie das \"mobile Waldlabor\" - eine Mischung aus Schubladenschrank und Bollerwagen - das Rollstuhlkinder bei Waldexkursionen unterst\u00fctzt.","breadcrumb":{"@id":"https:\/\/www.naturparkmagazin.de\/vdn\/das-mobile-waldlabor-naturerlebnis-auf-vier-raedern\/#breadcrumb"},"inLanguage":"de","potentialAction":[{"@type":"ReadAction","target":["https:\/\/www.naturparkmagazin.de\/vdn\/das-mobile-waldlabor-naturerlebnis-auf-vier-raedern\/"]}]},{"@type":"BreadcrumbList","@id":"https:\/\/www.naturparkmagazin.de\/vdn\/das-mobile-waldlabor-naturerlebnis-auf-vier-raedern\/#breadcrumb","itemListElement":[{"@type":"ListItem","position":1,"name":"Home","item":"https:\/\/www.naturparkmagazin.de\/vdn\/"},{"@type":"ListItem","position":2,"name":"\u201eDas mobile Waldlabor\u201c \u2013 Naturerlebnis auf vier R\u00e4dern"}]},{"@type":"WebSite","@id":"https:\/\/www.naturparkmagazin.de\/vdn\/#website","url":"https:\/\/www.naturparkmagazin.de\/vdn\/","name":"Verband Deutscher Naturparke","description":"Eine weitere Naturparkmagazin.de Netzwerk Seite","potentialAction":[{"@type":"SearchAction","target":{"@type":"EntryPoint","urlTemplate":"https:\/\/www.naturparkmagazin.de\/vdn\/?s={search_term_string}"},"query-input":"required name=search_term_string"}],"inLanguage":"de"},{"@type":"Person","@id":"https:\/\/www.naturparkmagazin.de\/vdn\/#\/schema\/person\/e28d931df83318a48d52ae72b08d2bfb","name":"vdnnational","url":"https:\/\/www.naturparkmagazin.de\/vdn\/author\/vdnnational\/"}]}},"_links":{"self":[{"href":"https:\/\/www.naturparkmagazin.de\/vdn\/wp-json\/wp\/v2\/posts\/1909"}],"collection":[{"href":"https:\/\/www.naturparkmagazin.de\/vdn\/wp-json\/wp\/v2\/posts"}],"about":[{"href":"https:\/\/www.naturparkmagazin.de\/vdn\/wp-json\/wp\/v2\/types\/post"}],"author":[{"embeddable":true,"href":"https:\/\/www.naturparkmagazin.de\/vdn\/wp-json\/wp\/v2\/users\/14"}],"replies":[{"embeddable":true,"href":"https:\/\/www.naturparkmagazin.de\/vdn\/wp-json\/wp\/v2\/comments?post=1909"}],"version-history":[{"count":10,"href":"https:\/\/www.naturparkmagazin.de\/vdn\/wp-json\/wp\/v2\/posts\/1909\/revisions"}],"predecessor-version":[{"id":1912,"href":"https:\/\/www.naturparkmagazin.de\/vdn\/wp-json\/wp\/v2\/posts\/1909\/revisions\/1912"}],"wp:featuredmedia":[{"embeddable":true,"href":"https:\/\/www.naturparkmagazin.de\/vdn\/wp-json\/wp\/v2\/media\/1913"}],"wp:attachment":[{"href":"https:\/\/www.naturparkmagazin.de\/vdn\/wp-json\/wp\/v2\/media?parent=1909"}],"wp:term":[{"taxonomy":"category","embeddable":true,"href":"https:\/\/www.naturparkmagazin.de\/vdn\/wp-json\/wp\/v2\/categories?post=1909"},{"taxonomy":"post_tag","embeddable":true,"href":"https:\/\/www.naturparkmagazin.de\/vdn\/wp-json\/wp\/v2\/tags?post=1909"}],"curies":[{"name":"wp","href":"https:\/\/api.w.org\/{rel}","templated":true}]}}