{"id":1919,"date":"2013-07-24T10:16:31","date_gmt":"2013-07-24T08:16:31","guid":{"rendered":"http:\/\/www.naturparkmagazin.de\/vdn\/?p=1919"},"modified":"2013-07-18T12:51:58","modified_gmt":"2013-07-18T10:51:58","slug":"entdecker-tipp-der-faden-der-ariadne","status":"publish","type":"post","link":"https:\/\/www.naturparkmagazin.de\/vdn\/entdecker-tipp-der-faden-der-ariadne\/","title":{"rendered":"\u201eEntdecker-Tipp&#8220; &#8211; Der Faden der Ariadne"},"content":{"rendered":"<div id=\"attachment_1922\" style=\"width: 1033px\" class=\"wp-caption aligncenter\"><a href=\"https:\/\/www.naturparkmagazin.de\/vdn\/wp-content\/uploads\/sites\/3\/IMG_9623.jpg\"><img aria-describedby=\"caption-attachment-1922\" decoding=\"async\" loading=\"lazy\" class=\"size-full wp-image-1922 \" title=\"Mit dem Tastsinn die Natur entdecken - Copyright: J\u00f6rg Liesen\" alt=\"Mit dem Tastsinn die Natur entdecken - Copyright: J\u00f6rg Liesen\" src=\"https:\/\/www.naturparkmagazin.de\/vdn\/wp-content\/uploads\/sites\/3\/IMG_9623.jpg\" width=\"1023\" height=\"683\" srcset=\"https:\/\/www.naturparkmagazin.de\/vdn\/wp-content\/uploads\/sites\/3\/IMG_9623.jpg 1023w, https:\/\/www.naturparkmagazin.de\/vdn\/wp-content\/uploads\/sites\/3\/IMG_9623-300x200.jpg 300w, https:\/\/www.naturparkmagazin.de\/vdn\/wp-content\/uploads\/sites\/3\/IMG_9623-620x414.jpg 620w, https:\/\/www.naturparkmagazin.de\/vdn\/wp-content\/uploads\/sites\/3\/IMG_9623-940x628.jpg 940w, https:\/\/www.naturparkmagazin.de\/vdn\/wp-content\/uploads\/sites\/3\/IMG_9623-670x447.jpg 670w, https:\/\/www.naturparkmagazin.de\/vdn\/wp-content\/uploads\/sites\/3\/IMG_9623-200x134.jpg 200w\" sizes=\"(max-width: 1023px) 100vw, 1023px\" \/><\/a><p id=\"caption-attachment-1922\" class=\"wp-caption-text\">Mit dem Tastsinn die Natur entdecken &#8211; Copyright: J\u00f6rg Liesen<\/p><\/div>\n<p>Um die Natur zu erleben muss man nicht unbedingt gute Augen haben. Auch durch H\u00f6ren, Riechen und F\u00fchlen l\u00e4sst sich die Welt um uns herum entdecken. Eine Vorstellung davon, wie man ausschlie\u00dflich mit dem Tastsinn die Umwelt erlebt, kann man Kindern und Jugendlichen mit dem \u201eFaden der Ariadne\u201c vermitteln.<\/p>\n<p>Dazu ben\u00f6tigt man ca. 50 bis 100 Meter Paketschnur, mehrere Stoffbeutel sowie W\u00e4scheklammern und T\u00fccher in derselben Anzahl wie die Stoffbeutel und Augenbinden. Am besten kann man die Aktion im Wald durchf\u00fchren.<\/p>\n<p>Die Schnur wird zwischen mehreren B\u00e4umen gespannt, so dass eine l\u00e4ngere Strecke entsteht. In die Stoffbeutel werden Dinge gef\u00fcllt, die im Wald zu finden sind, wie z.B. Tannenzapfen, Rinde, Pflanzen, etc. Die gef\u00fcllten Beutel werden dann, verteilt \u00fcber die gesamte Strecke, an der Schnur befestigt.<\/p>\n<p>Den \u201eNatur-Entdeckern\u201c werden die Augen verbunden. Danach tasten sie sich einzeln an der Schnur entlang. Gelangt eine Naturpark-Entdeckerin zu einem Stoffbeutel, greift sie herein und versucht, den Inhalt zu erraten. Am Ende der Schnur nimmt die Natur-Entdeckerin die Augenbinde ab und schreibt die Sachen auf, die sie meint, ertastet zu haben.<\/p>\n","protected":false},"excerpt":{"rendered":"<p>Um die Natur zu erleben muss man nicht unbedingt gute Augen haben. Auch durch H\u00f6ren, Riechen und F\u00fchlen l\u00e4sst sich die Welt um uns herum entdecken. Eine Vorstellung davon, wie man ausschlie\u00dflich mit dem Tastsinn die Umwelt erlebt, kann man Kindern und Jugendlichen mit dem \u201eFaden der Ariadne\u201c vermitteln.<\/p>\n","protected":false},"author":14,"featured_media":1922,"comment_status":"open","ping_status":"open","sticky":false,"template":"","format":"standard","meta":{"_links_to":"","_links_to_target":""},"categories":[617],"tags":[],"yoast_head":"<!-- This site is optimized with the Yoast SEO plugin v19.10 - https:\/\/yoast.com\/wordpress\/plugins\/seo\/ -->\n<title>\u201eEntdecker-Tipp&quot; - Der Faden der Ariadne<\/title>\n<meta name=\"description\" content=\"Um die Natur zu erleben muss man nicht unbedingt gute Augen haben. Auch durch H\u00f6ren, Riechen und F\u00fchlen l\u00e4sst sich die Welt um uns herum entdecken. Eine Vorstellung davon, wie man ausschlie\u00dflich mit dem Tastsinn die Umwelt erlebt, kann man Kindern und Jugendlichen mit dem \u201eFaden der Ariadne\u201c vermitteln.\" \/>\n<meta name=\"robots\" content=\"index, follow, max-snippet:-1, max-image-preview:large, max-video-preview:-1\" \/>\n<link rel=\"canonical\" href=\"https:\/\/www.naturparkmagazin.de\/vdn\/entdecker-tipp-der-faden-der-ariadne\/\" \/>\n<meta property=\"og:locale\" content=\"de_DE\" \/>\n<meta property=\"og:type\" content=\"article\" \/>\n<meta property=\"og:title\" content=\"\u201eEntdecker-Tipp&quot; - Der Faden der Ariadne\" \/>\n<meta property=\"og:description\" content=\"Um die Natur zu erleben muss man nicht unbedingt gute Augen haben. Auch durch H\u00f6ren, Riechen und F\u00fchlen l\u00e4sst sich die Welt um uns herum entdecken. Eine Vorstellung davon, wie man ausschlie\u00dflich mit dem Tastsinn die Umwelt erlebt, kann man Kindern und Jugendlichen mit dem \u201eFaden der Ariadne\u201c vermitteln.\" \/>\n<meta property=\"og:url\" content=\"https:\/\/www.naturparkmagazin.de\/vdn\/entdecker-tipp-der-faden-der-ariadne\/\" \/>\n<meta property=\"og:site_name\" content=\"Verband Deutscher Naturparke\" \/>\n<meta property=\"article:published_time\" content=\"2013-07-24T08:16:31+00:00\" \/>\n<meta property=\"article:modified_time\" content=\"2013-07-18T10:51:58+00:00\" \/>\n<meta property=\"og:image\" content=\"https:\/\/www.naturparkmagazin.de\/vdn\/wp-content\/uploads\/sites\/3\/IMG_9623.jpg\" \/>\n\t<meta property=\"og:image:width\" content=\"1023\" \/>\n\t<meta property=\"og:image:height\" content=\"683\" \/>\n\t<meta property=\"og:image:type\" content=\"image\/jpeg\" \/>\n<meta name=\"author\" content=\"vdnnational\" \/>\n<meta name=\"twitter:label1\" content=\"Verfasst von\" \/>\n\t<meta name=\"twitter:data1\" content=\"vdnnational\" \/>\n\t<meta name=\"twitter:label2\" content=\"Gesch\u00e4tzte Lesezeit\" \/>\n\t<meta name=\"twitter:data2\" content=\"1\u00a0Minute\" \/>\n<script type=\"application\/ld+json\" class=\"yoast-schema-graph\">{\"@context\":\"https:\/\/schema.org\",\"@graph\":[{\"@type\":\"WebPage\",\"@id\":\"https:\/\/www.naturparkmagazin.de\/vdn\/entdecker-tipp-der-faden-der-ariadne\/\",\"url\":\"https:\/\/www.naturparkmagazin.de\/vdn\/entdecker-tipp-der-faden-der-ariadne\/\",\"name\":\"\u201eEntdecker-Tipp\\\" - Der Faden der Ariadne\",\"isPartOf\":{\"@id\":\"https:\/\/www.naturparkmagazin.de\/vdn\/#website\"},\"datePublished\":\"2013-07-24T08:16:31+00:00\",\"dateModified\":\"2013-07-18T10:51:58+00:00\",\"author\":{\"@id\":\"https:\/\/www.naturparkmagazin.de\/vdn\/#\/schema\/person\/e28d931df83318a48d52ae72b08d2bfb\"},\"description\":\"Um die Natur zu erleben muss man nicht unbedingt gute Augen haben. Auch durch H\u00f6ren, Riechen und F\u00fchlen l\u00e4sst sich die Welt um uns herum entdecken. Eine Vorstellung davon, wie man ausschlie\u00dflich mit dem Tastsinn die Umwelt erlebt, kann man Kindern und Jugendlichen mit dem \u201eFaden der Ariadne\u201c vermitteln.\",\"breadcrumb\":{\"@id\":\"https:\/\/www.naturparkmagazin.de\/vdn\/entdecker-tipp-der-faden-der-ariadne\/#breadcrumb\"},\"inLanguage\":\"de\",\"potentialAction\":[{\"@type\":\"ReadAction\",\"target\":[\"https:\/\/www.naturparkmagazin.de\/vdn\/entdecker-tipp-der-faden-der-ariadne\/\"]}]},{\"@type\":\"BreadcrumbList\",\"@id\":\"https:\/\/www.naturparkmagazin.de\/vdn\/entdecker-tipp-der-faden-der-ariadne\/#breadcrumb\",\"itemListElement\":[{\"@type\":\"ListItem\",\"position\":1,\"name\":\"Home\",\"item\":\"https:\/\/www.naturparkmagazin.de\/vdn\/\"},{\"@type\":\"ListItem\",\"position\":2,\"name\":\"\u201eEntdecker-Tipp&#8220; &#8211; Der Faden der Ariadne\"}]},{\"@type\":\"WebSite\",\"@id\":\"https:\/\/www.naturparkmagazin.de\/vdn\/#website\",\"url\":\"https:\/\/www.naturparkmagazin.de\/vdn\/\",\"name\":\"Verband Deutscher Naturparke\",\"description\":\"Eine weitere Naturparkmagazin.de Netzwerk Seite\",\"potentialAction\":[{\"@type\":\"SearchAction\",\"target\":{\"@type\":\"EntryPoint\",\"urlTemplate\":\"https:\/\/www.naturparkmagazin.de\/vdn\/?s={search_term_string}\"},\"query-input\":\"required name=search_term_string\"}],\"inLanguage\":\"de\"},{\"@type\":\"Person\",\"@id\":\"https:\/\/www.naturparkmagazin.de\/vdn\/#\/schema\/person\/e28d931df83318a48d52ae72b08d2bfb\",\"name\":\"vdnnational\",\"url\":\"https:\/\/www.naturparkmagazin.de\/vdn\/author\/vdnnational\/\"}]}<\/script>\n<!-- \/ Yoast SEO plugin. -->","yoast_head_json":{"title":"\u201eEntdecker-Tipp\" - Der Faden der Ariadne","description":"Um die Natur zu erleben muss man nicht unbedingt gute Augen haben. Auch durch H\u00f6ren, Riechen und F\u00fchlen l\u00e4sst sich die Welt um uns herum entdecken. Eine Vorstellung davon, wie man ausschlie\u00dflich mit dem Tastsinn die Umwelt erlebt, kann man Kindern und Jugendlichen mit dem \u201eFaden der Ariadne\u201c vermitteln.","robots":{"index":"index","follow":"follow","max-snippet":"max-snippet:-1","max-image-preview":"max-image-preview:large","max-video-preview":"max-video-preview:-1"},"canonical":"https:\/\/www.naturparkmagazin.de\/vdn\/entdecker-tipp-der-faden-der-ariadne\/","og_locale":"de_DE","og_type":"article","og_title":"\u201eEntdecker-Tipp\" - Der Faden der Ariadne","og_description":"Um die Natur zu erleben muss man nicht unbedingt gute Augen haben. Auch durch H\u00f6ren, Riechen und F\u00fchlen l\u00e4sst sich die Welt um uns herum entdecken. Eine Vorstellung davon, wie man ausschlie\u00dflich mit dem Tastsinn die Umwelt erlebt, kann man Kindern und Jugendlichen mit dem \u201eFaden der Ariadne\u201c vermitteln.","og_url":"https:\/\/www.naturparkmagazin.de\/vdn\/entdecker-tipp-der-faden-der-ariadne\/","og_site_name":"Verband Deutscher Naturparke","article_published_time":"2013-07-24T08:16:31+00:00","article_modified_time":"2013-07-18T10:51:58+00:00","og_image":[{"width":1023,"height":683,"url":"https:\/\/www.naturparkmagazin.de\/vdn\/wp-content\/uploads\/sites\/3\/IMG_9623.jpg","type":"image\/jpeg"}],"author":"vdnnational","twitter_misc":{"Verfasst von":"vdnnational","Gesch\u00e4tzte Lesezeit":"1\u00a0Minute"},"schema":{"@context":"https:\/\/schema.org","@graph":[{"@type":"WebPage","@id":"https:\/\/www.naturparkmagazin.de\/vdn\/entdecker-tipp-der-faden-der-ariadne\/","url":"https:\/\/www.naturparkmagazin.de\/vdn\/entdecker-tipp-der-faden-der-ariadne\/","name":"\u201eEntdecker-Tipp\" - Der Faden der Ariadne","isPartOf":{"@id":"https:\/\/www.naturparkmagazin.de\/vdn\/#website"},"datePublished":"2013-07-24T08:16:31+00:00","dateModified":"2013-07-18T10:51:58+00:00","author":{"@id":"https:\/\/www.naturparkmagazin.de\/vdn\/#\/schema\/person\/e28d931df83318a48d52ae72b08d2bfb"},"description":"Um die Natur zu erleben muss man nicht unbedingt gute Augen haben. Auch durch H\u00f6ren, Riechen und F\u00fchlen l\u00e4sst sich die Welt um uns herum entdecken. Eine Vorstellung davon, wie man ausschlie\u00dflich mit dem Tastsinn die Umwelt erlebt, kann man Kindern und Jugendlichen mit dem \u201eFaden der Ariadne\u201c vermitteln.","breadcrumb":{"@id":"https:\/\/www.naturparkmagazin.de\/vdn\/entdecker-tipp-der-faden-der-ariadne\/#breadcrumb"},"inLanguage":"de","potentialAction":[{"@type":"ReadAction","target":["https:\/\/www.naturparkmagazin.de\/vdn\/entdecker-tipp-der-faden-der-ariadne\/"]}]},{"@type":"BreadcrumbList","@id":"https:\/\/www.naturparkmagazin.de\/vdn\/entdecker-tipp-der-faden-der-ariadne\/#breadcrumb","itemListElement":[{"@type":"ListItem","position":1,"name":"Home","item":"https:\/\/www.naturparkmagazin.de\/vdn\/"},{"@type":"ListItem","position":2,"name":"\u201eEntdecker-Tipp&#8220; &#8211; Der Faden der Ariadne"}]},{"@type":"WebSite","@id":"https:\/\/www.naturparkmagazin.de\/vdn\/#website","url":"https:\/\/www.naturparkmagazin.de\/vdn\/","name":"Verband Deutscher Naturparke","description":"Eine weitere Naturparkmagazin.de Netzwerk Seite","potentialAction":[{"@type":"SearchAction","target":{"@type":"EntryPoint","urlTemplate":"https:\/\/www.naturparkmagazin.de\/vdn\/?s={search_term_string}"},"query-input":"required name=search_term_string"}],"inLanguage":"de"},{"@type":"Person","@id":"https:\/\/www.naturparkmagazin.de\/vdn\/#\/schema\/person\/e28d931df83318a48d52ae72b08d2bfb","name":"vdnnational","url":"https:\/\/www.naturparkmagazin.de\/vdn\/author\/vdnnational\/"}]}},"_links":{"self":[{"href":"https:\/\/www.naturparkmagazin.de\/vdn\/wp-json\/wp\/v2\/posts\/1919"}],"collection":[{"href":"https:\/\/www.naturparkmagazin.de\/vdn\/wp-json\/wp\/v2\/posts"}],"about":[{"href":"https:\/\/www.naturparkmagazin.de\/vdn\/wp-json\/wp\/v2\/types\/post"}],"author":[{"embeddable":true,"href":"https:\/\/www.naturparkmagazin.de\/vdn\/wp-json\/wp\/v2\/users\/14"}],"replies":[{"embeddable":true,"href":"https:\/\/www.naturparkmagazin.de\/vdn\/wp-json\/wp\/v2\/comments?post=1919"}],"version-history":[{"count":6,"href":"https:\/\/www.naturparkmagazin.de\/vdn\/wp-json\/wp\/v2\/posts\/1919\/revisions"}],"predecessor-version":[{"id":1923,"href":"https:\/\/www.naturparkmagazin.de\/vdn\/wp-json\/wp\/v2\/posts\/1919\/revisions\/1923"}],"wp:featuredmedia":[{"embeddable":true,"href":"https:\/\/www.naturparkmagazin.de\/vdn\/wp-json\/wp\/v2\/media\/1922"}],"wp:attachment":[{"href":"https:\/\/www.naturparkmagazin.de\/vdn\/wp-json\/wp\/v2\/media?parent=1919"}],"wp:term":[{"taxonomy":"category","embeddable":true,"href":"https:\/\/www.naturparkmagazin.de\/vdn\/wp-json\/wp\/v2\/categories?post=1919"},{"taxonomy":"post_tag","embeddable":true,"href":"https:\/\/www.naturparkmagazin.de\/vdn\/wp-json\/wp\/v2\/tags?post=1919"}],"curies":[{"name":"wp","href":"https:\/\/api.w.org\/{rel}","templated":true}]}}