{"id":1930,"date":"2013-07-24T08:19:31","date_gmt":"2013-07-24T06:19:31","guid":{"rendered":"http:\/\/www.naturparkmagazin.de\/vdn\/?p=1930"},"modified":"2013-07-18T14:35:12","modified_gmt":"2013-07-18T12:35:12","slug":"naturparke-fuer-alle","status":"publish","type":"post","link":"https:\/\/www.naturparkmagazin.de\/vdn\/naturparke-fuer-alle\/","title":{"rendered":"\u201eNaturparke f\u00fcr alle\u201c"},"content":{"rendered":"<div id=\"attachment_1935\" style=\"width: 1810px\" class=\"wp-caption aligncenter\"><a href=\"https:\/\/www.naturparkmagazin.de\/vdn\/wp-content\/uploads\/sites\/3\/Rolli-Wald.jpg\"><img aria-describedby=\"caption-attachment-1935\" decoding=\"async\" loading=\"lazy\" class=\"size-full wp-image-1935 \" title=\"Rolli im Wald - Copyright: Naturpark Nordeifel\" alt=\"Rolli im Wald - Copyright: Naturpark Nordeifel\" src=\"https:\/\/www.naturparkmagazin.de\/vdn\/wp-content\/uploads\/sites\/3\/Rolli-Wald.jpg\" width=\"1800\" height=\"1200\" srcset=\"https:\/\/www.naturparkmagazin.de\/vdn\/wp-content\/uploads\/sites\/3\/Rolli-Wald.jpg 1800w, https:\/\/www.naturparkmagazin.de\/vdn\/wp-content\/uploads\/sites\/3\/Rolli-Wald-300x200.jpg 300w, https:\/\/www.naturparkmagazin.de\/vdn\/wp-content\/uploads\/sites\/3\/Rolli-Wald-620x413.jpg 620w, https:\/\/www.naturparkmagazin.de\/vdn\/wp-content\/uploads\/sites\/3\/Rolli-Wald-940x627.jpg 940w, https:\/\/www.naturparkmagazin.de\/vdn\/wp-content\/uploads\/sites\/3\/Rolli-Wald-670x447.jpg 670w, https:\/\/www.naturparkmagazin.de\/vdn\/wp-content\/uploads\/sites\/3\/Rolli-Wald-200x133.jpg 200w\" sizes=\"(max-width: 1800px) 100vw, 1800px\" \/><\/a><p id=\"caption-attachment-1935\" class=\"wp-caption-text\">Rolli im Wald &#8211; Copyright: Naturpark Nordeifel<\/p><\/div>\n<p>Die Natur ist f\u00fcr alle Menschen da. Doch mit einem Rollstuhl, einem Rollator oder einem Kinderwagen k\u00f6nnen viele sch\u00f6ne Orte in der Natur nicht erreicht werden, weil die Wege daf\u00fcr nicht geeignet sind. Daher haben es sich viele Naturparke ebenso wie der Verband Deutscher Naturparke zum Ziel gesetzt, Natur und Landschaft f\u00fcr Menschen mit Behinderung, \u00e4ltere Menschen und Familien mit kleinen Kindern zug\u00e4nglich zu machen.<\/p>\n<p>&nbsp;<\/p>\n<div id=\"attachment_1967\" style=\"width: 1035px\" class=\"wp-caption aligncenter\"><a href=\"https:\/\/www.naturparkmagazin.de\/vdn\/wp-content\/uploads\/sites\/3\/Generali-Berichte-d-NRP-Nordeifel-4.jpg\"><img aria-describedby=\"caption-attachment-1967\" decoding=\"async\" loading=\"lazy\" class=\"size-full wp-image-1967 \" title=\"Barrierefreier Infopfad - Copyright: Naturpark Nordeifel\" alt=\"Barrierefreier Infopfad - Copyright: Naturpark Nordeifel\" src=\"https:\/\/www.naturparkmagazin.de\/vdn\/wp-content\/uploads\/sites\/3\/Generali-Berichte-d-NRP-Nordeifel-4.jpg\" width=\"1025\" height=\"768\" srcset=\"https:\/\/www.naturparkmagazin.de\/vdn\/wp-content\/uploads\/sites\/3\/Generali-Berichte-d-NRP-Nordeifel-4.jpg 1025w, https:\/\/www.naturparkmagazin.de\/vdn\/wp-content\/uploads\/sites\/3\/Generali-Berichte-d-NRP-Nordeifel-4-300x225.jpg 300w, https:\/\/www.naturparkmagazin.de\/vdn\/wp-content\/uploads\/sites\/3\/Generali-Berichte-d-NRP-Nordeifel-4-620x465.jpg 620w, https:\/\/www.naturparkmagazin.de\/vdn\/wp-content\/uploads\/sites\/3\/Generali-Berichte-d-NRP-Nordeifel-4-940x704.jpg 940w, https:\/\/www.naturparkmagazin.de\/vdn\/wp-content\/uploads\/sites\/3\/Generali-Berichte-d-NRP-Nordeifel-4-580x435.jpg 580w, https:\/\/www.naturparkmagazin.de\/vdn\/wp-content\/uploads\/sites\/3\/Generali-Berichte-d-NRP-Nordeifel-4-420x315.jpg 420w, https:\/\/www.naturparkmagazin.de\/vdn\/wp-content\/uploads\/sites\/3\/Generali-Berichte-d-NRP-Nordeifel-4-180x135.jpg 180w, https:\/\/www.naturparkmagazin.de\/vdn\/wp-content\/uploads\/sites\/3\/Generali-Berichte-d-NRP-Nordeifel-4-95x71.jpg 95w, https:\/\/www.naturparkmagazin.de\/vdn\/wp-content\/uploads\/sites\/3\/Generali-Berichte-d-NRP-Nordeifel-4-670x502.jpg 670w, https:\/\/www.naturparkmagazin.de\/vdn\/wp-content\/uploads\/sites\/3\/Generali-Berichte-d-NRP-Nordeifel-4-200x150.jpg 200w\" sizes=\"(max-width: 1025px) 100vw, 1025px\" \/><\/a><p id=\"caption-attachment-1967\" class=\"wp-caption-text\">Barrierefreier Infopfad &#8211; Copyright: Naturpark Nordeifel<\/p><\/div>\n<p>Dabei ist es nat\u00fcrlich nicht m\u00f6glich, alle Orte zu erschlie\u00dfen. M\u00f6glich ist es aber, konkrete und attraktive Angebote zu entwickeln, wie Menschen mit unterschiedlichen Einschr\u00e4nkungen, z.B. in ihren Bewegungsm\u00f6glichkeiten oder in der Sehf\u00e4higkeit, die Natur erleben und sich in ihr erholen k\u00f6nnen. In den letzten Jahren haben viele Naturparke Angebote geschaffen, die es allen Menschen erm\u00f6glichen, Natur und Landschaft zu entdecken. Barrierefreie Wanderwege, Exkursionen mit Geb\u00e4rdendolmetscher, tastbare Reliefkarten, Schifffahrten f\u00fcr Rollstuhlfahrer, Duft- und Tastg\u00e4rten f\u00fcr Blinde sowie barrierefreie Besucherzentren sind Beispiele daf\u00fcr, wie Naturparke allen Menschen einen Zugang zu Naturerlebnissen verschaffen.<\/p>\n<p>&nbsp;<\/p>\n<div id=\"attachment_1971\" style=\"width: 2298px\" class=\"wp-caption aligncenter\"><a href=\"https:\/\/www.naturparkmagazin.de\/vdn\/wp-content\/uploads\/sites\/3\/photocase366518579766.jpg\"><img aria-describedby=\"caption-attachment-1971\" decoding=\"async\" loading=\"lazy\" class=\"size-full wp-image-1971 \" title=\"Tafel in Brailleschrift - Copyright: www.photocase.com\" alt=\"Tafel in Brailleschrift - Copyright: www.photocase.com\" src=\"https:\/\/www.naturparkmagazin.de\/vdn\/wp-content\/uploads\/sites\/3\/photocase366518579766.jpg\" width=\"2288\" height=\"1520\" srcset=\"https:\/\/www.naturparkmagazin.de\/vdn\/wp-content\/uploads\/sites\/3\/photocase366518579766.jpg 2288w, https:\/\/www.naturparkmagazin.de\/vdn\/wp-content\/uploads\/sites\/3\/photocase366518579766-300x199.jpg 300w, https:\/\/www.naturparkmagazin.de\/vdn\/wp-content\/uploads\/sites\/3\/photocase366518579766-620x412.jpg 620w, https:\/\/www.naturparkmagazin.de\/vdn\/wp-content\/uploads\/sites\/3\/photocase366518579766-940x624.jpg 940w, https:\/\/www.naturparkmagazin.de\/vdn\/wp-content\/uploads\/sites\/3\/photocase366518579766-670x445.jpg 670w, https:\/\/www.naturparkmagazin.de\/vdn\/wp-content\/uploads\/sites\/3\/photocase366518579766-200x133.jpg 200w\" sizes=\"(max-width: 2288px) 100vw, 2288px\" \/><\/a><p id=\"caption-attachment-1971\" class=\"wp-caption-text\">Tafel in Brailleschrift &#8211; Copyright: www.photocase.com<\/p><\/div>\n<p>Gleichzeitig m\u00fcssen diese Angebote ausf\u00fchrlich beschrieben und vermittelt werden, damit eine gute und verl\u00e4ssliche Planung der Ausfl\u00fcge in die Natur m\u00f6glich ist. Der Verband Deutscher Naturparke hat im M\u00e4rz 2012 gemeinsam mit mehreren Verb\u00e4nden der Menschen mit Behinderung eine Zielvereinbarung zum barrierefreien Naturerleben abgeschlossen. Damit m\u00f6chte der VDN die Naturparke weiterhin darin unterst\u00fctzen, in ihrer Arbeit und bei der Gestaltung von Angeboten f\u00fcr das Erleben von Natur, Landschaft und den kulturellen Besonderheiten in ihrer Region die Bed\u00fcrfnisse von Menschen mit Behinderungen zu ber\u00fccksichtigen.<\/p>\n","protected":false},"excerpt":{"rendered":"<p>Die Natur ist f\u00fcr alle Menschen da. Doch mit einem Rollstuhl, einem Rollator oder einem Kinderwagen k\u00f6nnen viele sch\u00f6ne Orte in der Natur nicht erreicht werden. Naturparke haben sich zum Ziel gesetzt, Natur und Landschaft f\u00fcr alle Menschen zug\u00e4nglich zu machen.<\/p>\n","protected":false},"author":14,"featured_media":1935,"comment_status":"open","ping_status":"open","sticky":false,"template":"","format":"standard","meta":{"_links_to":"","_links_to_target":""},"categories":[51],"tags":[],"yoast_head":"<!-- This site is optimized with the Yoast SEO plugin v19.10 - https:\/\/yoast.com\/wordpress\/plugins\/seo\/ -->\n<title>\u201eNaturparke f\u00fcr alle\u201c<\/title>\n<meta name=\"description\" content=\"Die Natur ist f\u00fcr alle Menschen da. Doch mit einem Rollstuhl, einem Rollator oder einem Kinderwagen k\u00f6nnen viele sch\u00f6ne Orte in der Natur nicht erreicht werden. Naturparke haben sich zum Ziel gesetzt, Natur und Landschaft f\u00fcr alle Menschen zug\u00e4nglich zu machen.\" \/>\n<meta name=\"robots\" content=\"index, follow, max-snippet:-1, max-image-preview:large, max-video-preview:-1\" \/>\n<link rel=\"canonical\" href=\"https:\/\/www.naturparkmagazin.de\/vdn\/naturparke-fuer-alle\/\" \/>\n<meta property=\"og:locale\" content=\"de_DE\" \/>\n<meta property=\"og:type\" content=\"article\" \/>\n<meta property=\"og:title\" content=\"\u201eNaturparke f\u00fcr alle\u201c\" \/>\n<meta property=\"og:description\" content=\"Die Natur ist f\u00fcr alle Menschen da. Doch mit einem Rollstuhl, einem Rollator oder einem Kinderwagen k\u00f6nnen viele sch\u00f6ne Orte in der Natur nicht erreicht werden. Naturparke haben sich zum Ziel gesetzt, Natur und Landschaft f\u00fcr alle Menschen zug\u00e4nglich zu machen.\" \/>\n<meta property=\"og:url\" content=\"https:\/\/www.naturparkmagazin.de\/vdn\/naturparke-fuer-alle\/\" \/>\n<meta property=\"og:site_name\" content=\"Verband Deutscher Naturparke\" \/>\n<meta property=\"article:published_time\" content=\"2013-07-24T06:19:31+00:00\" \/>\n<meta property=\"article:modified_time\" content=\"2013-07-18T12:35:12+00:00\" \/>\n<meta property=\"og:image\" content=\"https:\/\/www.naturparkmagazin.de\/vdn\/wp-content\/uploads\/sites\/3\/Rolli-Wald.jpg\" \/>\n\t<meta property=\"og:image:width\" content=\"1800\" \/>\n\t<meta property=\"og:image:height\" content=\"1200\" \/>\n\t<meta property=\"og:image:type\" content=\"image\/jpeg\" \/>\n<meta name=\"author\" content=\"vdnnational\" \/>\n<meta name=\"twitter:label1\" content=\"Verfasst von\" \/>\n\t<meta name=\"twitter:data1\" content=\"vdnnational\" \/>\n\t<meta name=\"twitter:label2\" content=\"Gesch\u00e4tzte Lesezeit\" \/>\n\t<meta name=\"twitter:data2\" content=\"2\u00a0Minuten\" \/>\n<script type=\"application\/ld+json\" class=\"yoast-schema-graph\">{\"@context\":\"https:\/\/schema.org\",\"@graph\":[{\"@type\":\"WebPage\",\"@id\":\"https:\/\/www.naturparkmagazin.de\/vdn\/naturparke-fuer-alle\/\",\"url\":\"https:\/\/www.naturparkmagazin.de\/vdn\/naturparke-fuer-alle\/\",\"name\":\"\u201eNaturparke f\u00fcr alle\u201c\",\"isPartOf\":{\"@id\":\"https:\/\/www.naturparkmagazin.de\/vdn\/#website\"},\"datePublished\":\"2013-07-24T06:19:31+00:00\",\"dateModified\":\"2013-07-18T12:35:12+00:00\",\"author\":{\"@id\":\"https:\/\/www.naturparkmagazin.de\/vdn\/#\/schema\/person\/e28d931df83318a48d52ae72b08d2bfb\"},\"description\":\"Die Natur ist f\u00fcr alle Menschen da. Doch mit einem Rollstuhl, einem Rollator oder einem Kinderwagen k\u00f6nnen viele sch\u00f6ne Orte in der Natur nicht erreicht werden. Naturparke haben sich zum Ziel gesetzt, Natur und Landschaft f\u00fcr alle Menschen zug\u00e4nglich zu machen.\",\"breadcrumb\":{\"@id\":\"https:\/\/www.naturparkmagazin.de\/vdn\/naturparke-fuer-alle\/#breadcrumb\"},\"inLanguage\":\"de\",\"potentialAction\":[{\"@type\":\"ReadAction\",\"target\":[\"https:\/\/www.naturparkmagazin.de\/vdn\/naturparke-fuer-alle\/\"]}]},{\"@type\":\"BreadcrumbList\",\"@id\":\"https:\/\/www.naturparkmagazin.de\/vdn\/naturparke-fuer-alle\/#breadcrumb\",\"itemListElement\":[{\"@type\":\"ListItem\",\"position\":1,\"name\":\"Home\",\"item\":\"https:\/\/www.naturparkmagazin.de\/vdn\/\"},{\"@type\":\"ListItem\",\"position\":2,\"name\":\"\u201eNaturparke f\u00fcr alle\u201c\"}]},{\"@type\":\"WebSite\",\"@id\":\"https:\/\/www.naturparkmagazin.de\/vdn\/#website\",\"url\":\"https:\/\/www.naturparkmagazin.de\/vdn\/\",\"name\":\"Verband Deutscher Naturparke\",\"description\":\"Eine weitere Naturparkmagazin.de Netzwerk Seite\",\"potentialAction\":[{\"@type\":\"SearchAction\",\"target\":{\"@type\":\"EntryPoint\",\"urlTemplate\":\"https:\/\/www.naturparkmagazin.de\/vdn\/?s={search_term_string}\"},\"query-input\":\"required name=search_term_string\"}],\"inLanguage\":\"de\"},{\"@type\":\"Person\",\"@id\":\"https:\/\/www.naturparkmagazin.de\/vdn\/#\/schema\/person\/e28d931df83318a48d52ae72b08d2bfb\",\"name\":\"vdnnational\",\"url\":\"https:\/\/www.naturparkmagazin.de\/vdn\/author\/vdnnational\/\"}]}<\/script>\n<!-- \/ Yoast SEO plugin. -->","yoast_head_json":{"title":"\u201eNaturparke f\u00fcr alle\u201c","description":"Die Natur ist f\u00fcr alle Menschen da. Doch mit einem Rollstuhl, einem Rollator oder einem Kinderwagen k\u00f6nnen viele sch\u00f6ne Orte in der Natur nicht erreicht werden. Naturparke haben sich zum Ziel gesetzt, Natur und Landschaft f\u00fcr alle Menschen zug\u00e4nglich zu machen.","robots":{"index":"index","follow":"follow","max-snippet":"max-snippet:-1","max-image-preview":"max-image-preview:large","max-video-preview":"max-video-preview:-1"},"canonical":"https:\/\/www.naturparkmagazin.de\/vdn\/naturparke-fuer-alle\/","og_locale":"de_DE","og_type":"article","og_title":"\u201eNaturparke f\u00fcr alle\u201c","og_description":"Die Natur ist f\u00fcr alle Menschen da. Doch mit einem Rollstuhl, einem Rollator oder einem Kinderwagen k\u00f6nnen viele sch\u00f6ne Orte in der Natur nicht erreicht werden. Naturparke haben sich zum Ziel gesetzt, Natur und Landschaft f\u00fcr alle Menschen zug\u00e4nglich zu machen.","og_url":"https:\/\/www.naturparkmagazin.de\/vdn\/naturparke-fuer-alle\/","og_site_name":"Verband Deutscher Naturparke","article_published_time":"2013-07-24T06:19:31+00:00","article_modified_time":"2013-07-18T12:35:12+00:00","og_image":[{"width":1800,"height":1200,"url":"https:\/\/www.naturparkmagazin.de\/vdn\/wp-content\/uploads\/sites\/3\/Rolli-Wald.jpg","type":"image\/jpeg"}],"author":"vdnnational","twitter_misc":{"Verfasst von":"vdnnational","Gesch\u00e4tzte Lesezeit":"2\u00a0Minuten"},"schema":{"@context":"https:\/\/schema.org","@graph":[{"@type":"WebPage","@id":"https:\/\/www.naturparkmagazin.de\/vdn\/naturparke-fuer-alle\/","url":"https:\/\/www.naturparkmagazin.de\/vdn\/naturparke-fuer-alle\/","name":"\u201eNaturparke f\u00fcr alle\u201c","isPartOf":{"@id":"https:\/\/www.naturparkmagazin.de\/vdn\/#website"},"datePublished":"2013-07-24T06:19:31+00:00","dateModified":"2013-07-18T12:35:12+00:00","author":{"@id":"https:\/\/www.naturparkmagazin.de\/vdn\/#\/schema\/person\/e28d931df83318a48d52ae72b08d2bfb"},"description":"Die Natur ist f\u00fcr alle Menschen da. Doch mit einem Rollstuhl, einem Rollator oder einem Kinderwagen k\u00f6nnen viele sch\u00f6ne Orte in der Natur nicht erreicht werden. Naturparke haben sich zum Ziel gesetzt, Natur und Landschaft f\u00fcr alle Menschen zug\u00e4nglich zu machen.","breadcrumb":{"@id":"https:\/\/www.naturparkmagazin.de\/vdn\/naturparke-fuer-alle\/#breadcrumb"},"inLanguage":"de","potentialAction":[{"@type":"ReadAction","target":["https:\/\/www.naturparkmagazin.de\/vdn\/naturparke-fuer-alle\/"]}]},{"@type":"BreadcrumbList","@id":"https:\/\/www.naturparkmagazin.de\/vdn\/naturparke-fuer-alle\/#breadcrumb","itemListElement":[{"@type":"ListItem","position":1,"name":"Home","item":"https:\/\/www.naturparkmagazin.de\/vdn\/"},{"@type":"ListItem","position":2,"name":"\u201eNaturparke f\u00fcr alle\u201c"}]},{"@type":"WebSite","@id":"https:\/\/www.naturparkmagazin.de\/vdn\/#website","url":"https:\/\/www.naturparkmagazin.de\/vdn\/","name":"Verband Deutscher Naturparke","description":"Eine weitere Naturparkmagazin.de Netzwerk Seite","potentialAction":[{"@type":"SearchAction","target":{"@type":"EntryPoint","urlTemplate":"https:\/\/www.naturparkmagazin.de\/vdn\/?s={search_term_string}"},"query-input":"required name=search_term_string"}],"inLanguage":"de"},{"@type":"Person","@id":"https:\/\/www.naturparkmagazin.de\/vdn\/#\/schema\/person\/e28d931df83318a48d52ae72b08d2bfb","name":"vdnnational","url":"https:\/\/www.naturparkmagazin.de\/vdn\/author\/vdnnational\/"}]}},"_links":{"self":[{"href":"https:\/\/www.naturparkmagazin.de\/vdn\/wp-json\/wp\/v2\/posts\/1930"}],"collection":[{"href":"https:\/\/www.naturparkmagazin.de\/vdn\/wp-json\/wp\/v2\/posts"}],"about":[{"href":"https:\/\/www.naturparkmagazin.de\/vdn\/wp-json\/wp\/v2\/types\/post"}],"author":[{"embeddable":true,"href":"https:\/\/www.naturparkmagazin.de\/vdn\/wp-json\/wp\/v2\/users\/14"}],"replies":[{"embeddable":true,"href":"https:\/\/www.naturparkmagazin.de\/vdn\/wp-json\/wp\/v2\/comments?post=1930"}],"version-history":[{"count":13,"href":"https:\/\/www.naturparkmagazin.de\/vdn\/wp-json\/wp\/v2\/posts\/1930\/revisions"}],"predecessor-version":[{"id":1979,"href":"https:\/\/www.naturparkmagazin.de\/vdn\/wp-json\/wp\/v2\/posts\/1930\/revisions\/1979"}],"wp:featuredmedia":[{"embeddable":true,"href":"https:\/\/www.naturparkmagazin.de\/vdn\/wp-json\/wp\/v2\/media\/1935"}],"wp:attachment":[{"href":"https:\/\/www.naturparkmagazin.de\/vdn\/wp-json\/wp\/v2\/media?parent=1930"}],"wp:term":[{"taxonomy":"category","embeddable":true,"href":"https:\/\/www.naturparkmagazin.de\/vdn\/wp-json\/wp\/v2\/categories?post=1930"},{"taxonomy":"post_tag","embeddable":true,"href":"https:\/\/www.naturparkmagazin.de\/vdn\/wp-json\/wp\/v2\/tags?post=1930"}],"curies":[{"name":"wp","href":"https:\/\/api.w.org\/{rel}","templated":true}]}}