{"id":1995,"date":"2013-07-24T11:17:34","date_gmt":"2013-07-24T09:17:34","guid":{"rendered":"http:\/\/www.naturparkmagazin.de\/vdn\/?p=1995"},"modified":"2013-07-19T11:22:30","modified_gmt":"2013-07-19T09:22:30","slug":"andreas-rohde-vizepraesident-verband-der-koeche-deutschlands-e-v-und-kuechenchef-rehaklinik-hohenelse","status":"publish","type":"post","link":"https:\/\/www.naturparkmagazin.de\/vdn\/andreas-rohde-vizepraesident-verband-der-koeche-deutschlands-e-v-und-kuechenchef-rehaklinik-hohenelse\/","title":{"rendered":"Andreas Rohde, Vizepr\u00e4sident Verband der K\u00f6che Deutschlands e.V. und K\u00fcchenchef Rehaklinik Hohenelse"},"content":{"rendered":"<p style=\"text-align: center\"><a href=\"https:\/\/www.naturparkmagazin.de\/vdn\/wp-content\/uploads\/sites\/3\/Rohde1.jpg\"><img decoding=\"async\" loading=\"lazy\" class=\"aligncenter size-full wp-image-1996\" title=\"Andreas Rohde - Copyright: Rohde\" alt=\"Andreas Rohde - Copyright: Rohde\" src=\"https:\/\/www.naturparkmagazin.de\/vdn\/wp-content\/uploads\/sites\/3\/Rohde1.jpg\" width=\"427\" height=\"640\" srcset=\"https:\/\/www.naturparkmagazin.de\/vdn\/wp-content\/uploads\/sites\/3\/Rohde1.jpg 427w, https:\/\/www.naturparkmagazin.de\/vdn\/wp-content\/uploads\/sites\/3\/Rohde1-300x450.jpg 300w, https:\/\/www.naturparkmagazin.de\/vdn\/wp-content\/uploads\/sites\/3\/Rohde1-200x300.jpg 200w\" sizes=\"(max-width: 427px) 100vw, 427px\" \/><\/a><\/p>\n<p>&#8222;Angeln und Baden sind Freizeitbesch\u00e4ftigungen, die in Stechlin Ruppiner Land unter besten Bedingungen ausge\u00fcbt werden k\u00f6nnen. Schon als Kind habe ich meine Heimat geliebt, weil es f\u00fcr mich nichts Sch\u00f6neres gab, als am Stechlinsee bzw. in Gro\u00df-Menow zu zelten und dann am smaragdgr\u00fcnen Gro\u00dfer Boberowsee pr\u00e4chtige Karpfen zu fangen. Nach einem anstrengenden Arbeitstag in der K\u00fcche fahre, ich noch heute gerne dorthin und genie\u00dfe die traumhafte Landschaft. Die reichen Fisch- und Wildbest\u00e4nde, die schmackhaften Wald- und Blaubeeren sowie die zahlreichen Pilzsorten der Gegend, inspirieren meine Rezepte und meine Speisekarte jedesmal aufs Neue.&#8220;<\/p>\n<p><em>Andreas Rohde, Vizepr\u00e4sident Verband der K\u00f6che Deutschlands e.V. und K\u00fcchenchef Rehaklinik Hohenelse<\/em><\/p>\n","protected":false},"excerpt":{"rendered":"<p>Schon als Kind habe ich meine Heimat geliebt. Die reichen Fisch- und Wildbest\u00e4nde, die schmackhaften Wald- und Blaubeeren sowie die zahlreichen Pilzsorten der Gegend, inspirieren meine Rezepte und meine Speisekarte jedesmal aufs Neue.<\/p>\n","protected":false},"author":14,"featured_media":1996,"comment_status":"open","ping_status":"open","sticky":false,"template":"","format":"standard","meta":{"_links_to":"","_links_to_target":""},"categories":[8],"tags":[],"yoast_head":"<!-- This site is optimized with the Yoast SEO plugin v19.10 - https:\/\/yoast.com\/wordpress\/plugins\/seo\/ -->\n<title>Andreas Rohde, Vizepr\u00e4sident Verband der K\u00f6che Deutschlands e.V. und K\u00fcchenchef Rehaklinik Hohenelse<\/title>\n<meta name=\"description\" content=\"Schon als Kind habe ich meine Heimat geliebt. Die reichen Fisch- und Wildbest\u00e4nde, die schmackhaften Wald- und Blaubeeren sowie die zahlreichen Pilzsorten der Gegend, inspirieren meine Rezepte und meine Speisekarte jedesmal aufs Neue.\" \/>\n<meta name=\"robots\" content=\"index, follow, max-snippet:-1, max-image-preview:large, max-video-preview:-1\" \/>\n<link rel=\"canonical\" href=\"https:\/\/www.naturparkmagazin.de\/vdn\/andreas-rohde-vizepraesident-verband-der-koeche-deutschlands-e-v-und-kuechenchef-rehaklinik-hohenelse\/\" \/>\n<meta property=\"og:locale\" content=\"de_DE\" \/>\n<meta property=\"og:type\" content=\"article\" \/>\n<meta property=\"og:title\" content=\"Andreas Rohde, Vizepr\u00e4sident Verband der K\u00f6che Deutschlands e.V. und K\u00fcchenchef Rehaklinik Hohenelse\" \/>\n<meta property=\"og:description\" content=\"Schon als Kind habe ich meine Heimat geliebt. Die reichen Fisch- und Wildbest\u00e4nde, die schmackhaften Wald- und Blaubeeren sowie die zahlreichen Pilzsorten der Gegend, inspirieren meine Rezepte und meine Speisekarte jedesmal aufs Neue.\" \/>\n<meta property=\"og:url\" content=\"https:\/\/www.naturparkmagazin.de\/vdn\/andreas-rohde-vizepraesident-verband-der-koeche-deutschlands-e-v-und-kuechenchef-rehaklinik-hohenelse\/\" \/>\n<meta property=\"og:site_name\" content=\"Verband Deutscher Naturparke\" \/>\n<meta property=\"article:published_time\" content=\"2013-07-24T09:17:34+00:00\" \/>\n<meta property=\"article:modified_time\" content=\"2013-07-19T09:22:30+00:00\" \/>\n<meta property=\"og:image\" content=\"https:\/\/www.naturparkmagazin.de\/vdn\/wp-content\/uploads\/sites\/3\/Rohde1.jpg\" \/>\n\t<meta property=\"og:image:width\" content=\"427\" \/>\n\t<meta property=\"og:image:height\" content=\"640\" \/>\n\t<meta property=\"og:image:type\" content=\"image\/jpeg\" \/>\n<meta name=\"author\" content=\"vdnnational\" \/>\n<meta name=\"twitter:label1\" content=\"Verfasst von\" \/>\n\t<meta name=\"twitter:data1\" content=\"vdnnational\" \/>\n\t<meta name=\"twitter:label2\" content=\"Gesch\u00e4tzte Lesezeit\" \/>\n\t<meta name=\"twitter:data2\" content=\"1\u00a0Minute\" \/>\n<script type=\"application\/ld+json\" class=\"yoast-schema-graph\">{\"@context\":\"https:\/\/schema.org\",\"@graph\":[{\"@type\":\"WebPage\",\"@id\":\"https:\/\/www.naturparkmagazin.de\/vdn\/andreas-rohde-vizepraesident-verband-der-koeche-deutschlands-e-v-und-kuechenchef-rehaklinik-hohenelse\/\",\"url\":\"https:\/\/www.naturparkmagazin.de\/vdn\/andreas-rohde-vizepraesident-verband-der-koeche-deutschlands-e-v-und-kuechenchef-rehaklinik-hohenelse\/\",\"name\":\"Andreas Rohde, Vizepr\u00e4sident Verband der K\u00f6che Deutschlands e.V. und K\u00fcchenchef Rehaklinik Hohenelse\",\"isPartOf\":{\"@id\":\"https:\/\/www.naturparkmagazin.de\/vdn\/#website\"},\"datePublished\":\"2013-07-24T09:17:34+00:00\",\"dateModified\":\"2013-07-19T09:22:30+00:00\",\"author\":{\"@id\":\"https:\/\/www.naturparkmagazin.de\/vdn\/#\/schema\/person\/e28d931df83318a48d52ae72b08d2bfb\"},\"description\":\"Schon als Kind habe ich meine Heimat geliebt. Die reichen Fisch- und Wildbest\u00e4nde, die schmackhaften Wald- und Blaubeeren sowie die zahlreichen Pilzsorten der Gegend, inspirieren meine Rezepte und meine Speisekarte jedesmal aufs Neue.\",\"breadcrumb\":{\"@id\":\"https:\/\/www.naturparkmagazin.de\/vdn\/andreas-rohde-vizepraesident-verband-der-koeche-deutschlands-e-v-und-kuechenchef-rehaklinik-hohenelse\/#breadcrumb\"},\"inLanguage\":\"de\",\"potentialAction\":[{\"@type\":\"ReadAction\",\"target\":[\"https:\/\/www.naturparkmagazin.de\/vdn\/andreas-rohde-vizepraesident-verband-der-koeche-deutschlands-e-v-und-kuechenchef-rehaklinik-hohenelse\/\"]}]},{\"@type\":\"BreadcrumbList\",\"@id\":\"https:\/\/www.naturparkmagazin.de\/vdn\/andreas-rohde-vizepraesident-verband-der-koeche-deutschlands-e-v-und-kuechenchef-rehaklinik-hohenelse\/#breadcrumb\",\"itemListElement\":[{\"@type\":\"ListItem\",\"position\":1,\"name\":\"Home\",\"item\":\"https:\/\/www.naturparkmagazin.de\/vdn\/\"},{\"@type\":\"ListItem\",\"position\":2,\"name\":\"Andreas Rohde, Vizepr\u00e4sident Verband der K\u00f6che Deutschlands e.V. und K\u00fcchenchef Rehaklinik Hohenelse\"}]},{\"@type\":\"WebSite\",\"@id\":\"https:\/\/www.naturparkmagazin.de\/vdn\/#website\",\"url\":\"https:\/\/www.naturparkmagazin.de\/vdn\/\",\"name\":\"Verband Deutscher Naturparke\",\"description\":\"Eine weitere Naturparkmagazin.de Netzwerk Seite\",\"potentialAction\":[{\"@type\":\"SearchAction\",\"target\":{\"@type\":\"EntryPoint\",\"urlTemplate\":\"https:\/\/www.naturparkmagazin.de\/vdn\/?s={search_term_string}\"},\"query-input\":\"required name=search_term_string\"}],\"inLanguage\":\"de\"},{\"@type\":\"Person\",\"@id\":\"https:\/\/www.naturparkmagazin.de\/vdn\/#\/schema\/person\/e28d931df83318a48d52ae72b08d2bfb\",\"name\":\"vdnnational\",\"url\":\"https:\/\/www.naturparkmagazin.de\/vdn\/author\/vdnnational\/\"}]}<\/script>\n<!-- \/ Yoast SEO plugin. -->","yoast_head_json":{"title":"Andreas Rohde, Vizepr\u00e4sident Verband der K\u00f6che Deutschlands e.V. und K\u00fcchenchef Rehaklinik Hohenelse","description":"Schon als Kind habe ich meine Heimat geliebt. Die reichen Fisch- und Wildbest\u00e4nde, die schmackhaften Wald- und Blaubeeren sowie die zahlreichen Pilzsorten der Gegend, inspirieren meine Rezepte und meine Speisekarte jedesmal aufs Neue.","robots":{"index":"index","follow":"follow","max-snippet":"max-snippet:-1","max-image-preview":"max-image-preview:large","max-video-preview":"max-video-preview:-1"},"canonical":"https:\/\/www.naturparkmagazin.de\/vdn\/andreas-rohde-vizepraesident-verband-der-koeche-deutschlands-e-v-und-kuechenchef-rehaklinik-hohenelse\/","og_locale":"de_DE","og_type":"article","og_title":"Andreas Rohde, Vizepr\u00e4sident Verband der K\u00f6che Deutschlands e.V. und K\u00fcchenchef Rehaklinik Hohenelse","og_description":"Schon als Kind habe ich meine Heimat geliebt. Die reichen Fisch- und Wildbest\u00e4nde, die schmackhaften Wald- und Blaubeeren sowie die zahlreichen Pilzsorten der Gegend, inspirieren meine Rezepte und meine Speisekarte jedesmal aufs Neue.","og_url":"https:\/\/www.naturparkmagazin.de\/vdn\/andreas-rohde-vizepraesident-verband-der-koeche-deutschlands-e-v-und-kuechenchef-rehaklinik-hohenelse\/","og_site_name":"Verband Deutscher Naturparke","article_published_time":"2013-07-24T09:17:34+00:00","article_modified_time":"2013-07-19T09:22:30+00:00","og_image":[{"width":427,"height":640,"url":"https:\/\/www.naturparkmagazin.de\/vdn\/wp-content\/uploads\/sites\/3\/Rohde1.jpg","type":"image\/jpeg"}],"author":"vdnnational","twitter_misc":{"Verfasst von":"vdnnational","Gesch\u00e4tzte Lesezeit":"1\u00a0Minute"},"schema":{"@context":"https:\/\/schema.org","@graph":[{"@type":"WebPage","@id":"https:\/\/www.naturparkmagazin.de\/vdn\/andreas-rohde-vizepraesident-verband-der-koeche-deutschlands-e-v-und-kuechenchef-rehaklinik-hohenelse\/","url":"https:\/\/www.naturparkmagazin.de\/vdn\/andreas-rohde-vizepraesident-verband-der-koeche-deutschlands-e-v-und-kuechenchef-rehaklinik-hohenelse\/","name":"Andreas Rohde, Vizepr\u00e4sident Verband der K\u00f6che Deutschlands e.V. und K\u00fcchenchef Rehaklinik Hohenelse","isPartOf":{"@id":"https:\/\/www.naturparkmagazin.de\/vdn\/#website"},"datePublished":"2013-07-24T09:17:34+00:00","dateModified":"2013-07-19T09:22:30+00:00","author":{"@id":"https:\/\/www.naturparkmagazin.de\/vdn\/#\/schema\/person\/e28d931df83318a48d52ae72b08d2bfb"},"description":"Schon als Kind habe ich meine Heimat geliebt. Die reichen Fisch- und Wildbest\u00e4nde, die schmackhaften Wald- und Blaubeeren sowie die zahlreichen Pilzsorten der Gegend, inspirieren meine Rezepte und meine Speisekarte jedesmal aufs Neue.","breadcrumb":{"@id":"https:\/\/www.naturparkmagazin.de\/vdn\/andreas-rohde-vizepraesident-verband-der-koeche-deutschlands-e-v-und-kuechenchef-rehaklinik-hohenelse\/#breadcrumb"},"inLanguage":"de","potentialAction":[{"@type":"ReadAction","target":["https:\/\/www.naturparkmagazin.de\/vdn\/andreas-rohde-vizepraesident-verband-der-koeche-deutschlands-e-v-und-kuechenchef-rehaklinik-hohenelse\/"]}]},{"@type":"BreadcrumbList","@id":"https:\/\/www.naturparkmagazin.de\/vdn\/andreas-rohde-vizepraesident-verband-der-koeche-deutschlands-e-v-und-kuechenchef-rehaklinik-hohenelse\/#breadcrumb","itemListElement":[{"@type":"ListItem","position":1,"name":"Home","item":"https:\/\/www.naturparkmagazin.de\/vdn\/"},{"@type":"ListItem","position":2,"name":"Andreas Rohde, Vizepr\u00e4sident Verband der K\u00f6che Deutschlands e.V. und K\u00fcchenchef Rehaklinik Hohenelse"}]},{"@type":"WebSite","@id":"https:\/\/www.naturparkmagazin.de\/vdn\/#website","url":"https:\/\/www.naturparkmagazin.de\/vdn\/","name":"Verband Deutscher Naturparke","description":"Eine weitere Naturparkmagazin.de Netzwerk Seite","potentialAction":[{"@type":"SearchAction","target":{"@type":"EntryPoint","urlTemplate":"https:\/\/www.naturparkmagazin.de\/vdn\/?s={search_term_string}"},"query-input":"required name=search_term_string"}],"inLanguage":"de"},{"@type":"Person","@id":"https:\/\/www.naturparkmagazin.de\/vdn\/#\/schema\/person\/e28d931df83318a48d52ae72b08d2bfb","name":"vdnnational","url":"https:\/\/www.naturparkmagazin.de\/vdn\/author\/vdnnational\/"}]}},"_links":{"self":[{"href":"https:\/\/www.naturparkmagazin.de\/vdn\/wp-json\/wp\/v2\/posts\/1995"}],"collection":[{"href":"https:\/\/www.naturparkmagazin.de\/vdn\/wp-json\/wp\/v2\/posts"}],"about":[{"href":"https:\/\/www.naturparkmagazin.de\/vdn\/wp-json\/wp\/v2\/types\/post"}],"author":[{"embeddable":true,"href":"https:\/\/www.naturparkmagazin.de\/vdn\/wp-json\/wp\/v2\/users\/14"}],"replies":[{"embeddable":true,"href":"https:\/\/www.naturparkmagazin.de\/vdn\/wp-json\/wp\/v2\/comments?post=1995"}],"version-history":[{"count":6,"href":"https:\/\/www.naturparkmagazin.de\/vdn\/wp-json\/wp\/v2\/posts\/1995\/revisions"}],"predecessor-version":[{"id":2213,"href":"https:\/\/www.naturparkmagazin.de\/vdn\/wp-json\/wp\/v2\/posts\/1995\/revisions\/2213"}],"wp:featuredmedia":[{"embeddable":true,"href":"https:\/\/www.naturparkmagazin.de\/vdn\/wp-json\/wp\/v2\/media\/1996"}],"wp:attachment":[{"href":"https:\/\/www.naturparkmagazin.de\/vdn\/wp-json\/wp\/v2\/media?parent=1995"}],"wp:term":[{"taxonomy":"category","embeddable":true,"href":"https:\/\/www.naturparkmagazin.de\/vdn\/wp-json\/wp\/v2\/categories?post=1995"},{"taxonomy":"post_tag","embeddable":true,"href":"https:\/\/www.naturparkmagazin.de\/vdn\/wp-json\/wp\/v2\/tags?post=1995"}],"curies":[{"name":"wp","href":"https:\/\/api.w.org\/{rel}","templated":true}]}}