{"id":2052,"date":"2013-08-28T08:21:04","date_gmt":"2013-08-28T06:21:04","guid":{"rendered":"http:\/\/www.naturparkmagazin.de\/vdn\/?p=2052"},"modified":"2013-09-04T13:57:48","modified_gmt":"2013-09-04T11:57:48","slug":"bio-apfel-viez","status":"publish","type":"post","link":"https:\/\/www.naturparkmagazin.de\/vdn\/bio-apfel-viez\/","title":{"rendered":"ApfelweinBio Apfel-Viez"},"content":{"rendered":"<p style=\"text-align: center\"><a href=\"https:\/\/www.naturparkmagazin.de\/vdn\/wp-content\/uploads\/sites\/3\/Apfelwein_04.08.jpg\"><img decoding=\"async\" loading=\"lazy\" class=\"aligncenter size-large wp-image-2221\" title=\"Apfelwein &quot;Schmitts Viez&quot; - Copyright: Naturgenuss GmbH\" alt=\"Apfelwein - Copyright: Naturgenuss GmbH\" src=\"https:\/\/www.naturparkmagazin.de\/vdn\/wp-content\/uploads\/sites\/3\/Apfelwein_04.08-940x469.jpg\" width=\"620\" height=\"309\" \/><\/a>Schmitts Viez (Apfelwein) wird hergestellt aus handverlesenen \u00c4pfeln alter Sorten. Er wird\u00a0 nach traditioneller Art im eigenen Keller mit der sich nat\u00fcrlich bildenden Kellerhefe vergoren. Schon dreimal wurde dieser Apfelwein mit dem \u201eGoldenen Viezapfel\u201c pr\u00e4miert. Ein herb fruchtiger Genuss nicht nur f\u00fcr sch\u00f6ne Sp\u00e4tsommerabende!<\/p>\n<p>Den Apfel Viez aus dem Naturpark Saar-Hunsr\u00fcck sowie viele weitere Spezialit\u00e4ten aus Naturparken k\u00f6nnen Sie im <a title=\"Naturpark-Spezialit\u00e4ten-Shop\" href=\"http:\/\/www.naturpark-spezialitaeten.de\" target=\"_blank\">Naturpark-Spezialit\u00e4ten-Shop <\/a>bestellen.<\/p>\n","protected":false},"excerpt":{"rendered":"<p>Schmitts Apfelwein wurde schon dreimal mit dem \u201eGoldenen Viezapfel\u201c pr\u00e4miert. Der Viez wird aus handverlesenen \u00c4pfeln alter Sorten hergestellt und bietet einen herb fruchtigen Genuss.<\/p>\n","protected":false},"author":14,"featured_media":2221,"comment_status":"open","ping_status":"open","sticky":false,"template":"","format":"standard","meta":{"_links_to":"","_links_to_target":""},"categories":[13],"tags":[],"yoast_head":"<!-- This site is optimized with the Yoast SEO plugin v19.10 - https:\/\/yoast.com\/wordpress\/plugins\/seo\/ -->\n<title>ApfelweinBio Apfel-Viez<\/title>\n<meta name=\"description\" content=\"Schmitts Apfelwein wurde schon dreimal mit dem \u201eGoldenen Viezapfel\u201c pr\u00e4miert. Der Viez wird aus handverlesenen \u00c4pfeln alter Sorten hergestellt und bietet einen herb fruchtigen Genuss.\" \/>\n<meta name=\"robots\" content=\"index, follow, max-snippet:-1, max-image-preview:large, max-video-preview:-1\" \/>\n<link rel=\"canonical\" href=\"https:\/\/www.naturparkmagazin.de\/vdn\/bio-apfel-viez\/\" \/>\n<meta property=\"og:locale\" content=\"de_DE\" \/>\n<meta property=\"og:type\" content=\"article\" \/>\n<meta property=\"og:title\" content=\"ApfelweinBio Apfel-Viez\" \/>\n<meta property=\"og:description\" content=\"Schmitts Apfelwein wurde schon dreimal mit dem \u201eGoldenen Viezapfel\u201c pr\u00e4miert. Der Viez wird aus handverlesenen \u00c4pfeln alter Sorten hergestellt und bietet einen herb fruchtigen Genuss.\" \/>\n<meta property=\"og:url\" content=\"https:\/\/www.naturparkmagazin.de\/vdn\/bio-apfel-viez\/\" \/>\n<meta property=\"og:site_name\" content=\"Verband Deutscher Naturparke\" \/>\n<meta property=\"article:published_time\" content=\"2013-08-28T06:21:04+00:00\" \/>\n<meta property=\"article:modified_time\" content=\"2013-09-04T11:57:48+00:00\" \/>\n<meta property=\"og:image\" content=\"https:\/\/www.naturparkmagazin.de\/vdn\/wp-content\/uploads\/sites\/3\/Apfelwein_04.08.jpg\" \/>\n\t<meta property=\"og:image:width\" content=\"1272\" \/>\n\t<meta property=\"og:image:height\" content=\"636\" \/>\n\t<meta property=\"og:image:type\" content=\"image\/jpeg\" \/>\n<meta name=\"author\" content=\"vdnnational\" \/>\n<meta name=\"twitter:label1\" content=\"Verfasst von\" \/>\n\t<meta name=\"twitter:data1\" content=\"vdnnational\" \/>\n<script type=\"application\/ld+json\" class=\"yoast-schema-graph\">{\"@context\":\"https:\/\/schema.org\",\"@graph\":[{\"@type\":\"WebPage\",\"@id\":\"https:\/\/www.naturparkmagazin.de\/vdn\/bio-apfel-viez\/\",\"url\":\"https:\/\/www.naturparkmagazin.de\/vdn\/bio-apfel-viez\/\",\"name\":\"ApfelweinBio Apfel-Viez\",\"isPartOf\":{\"@id\":\"https:\/\/www.naturparkmagazin.de\/vdn\/#website\"},\"datePublished\":\"2013-08-28T06:21:04+00:00\",\"dateModified\":\"2013-09-04T11:57:48+00:00\",\"author\":{\"@id\":\"https:\/\/www.naturparkmagazin.de\/vdn\/#\/schema\/person\/e28d931df83318a48d52ae72b08d2bfb\"},\"description\":\"Schmitts Apfelwein wurde schon dreimal mit dem \u201eGoldenen Viezapfel\u201c pr\u00e4miert. Der Viez wird aus handverlesenen \u00c4pfeln alter Sorten hergestellt und bietet einen herb fruchtigen Genuss.\",\"breadcrumb\":{\"@id\":\"https:\/\/www.naturparkmagazin.de\/vdn\/bio-apfel-viez\/#breadcrumb\"},\"inLanguage\":\"de\",\"potentialAction\":[{\"@type\":\"ReadAction\",\"target\":[\"https:\/\/www.naturparkmagazin.de\/vdn\/bio-apfel-viez\/\"]}]},{\"@type\":\"BreadcrumbList\",\"@id\":\"https:\/\/www.naturparkmagazin.de\/vdn\/bio-apfel-viez\/#breadcrumb\",\"itemListElement\":[{\"@type\":\"ListItem\",\"position\":1,\"name\":\"Home\",\"item\":\"https:\/\/www.naturparkmagazin.de\/vdn\/\"},{\"@type\":\"ListItem\",\"position\":2,\"name\":\"ApfelweinBio Apfel-Viez\"}]},{\"@type\":\"WebSite\",\"@id\":\"https:\/\/www.naturparkmagazin.de\/vdn\/#website\",\"url\":\"https:\/\/www.naturparkmagazin.de\/vdn\/\",\"name\":\"Verband Deutscher Naturparke\",\"description\":\"Eine weitere Naturparkmagazin.de Netzwerk Seite\",\"potentialAction\":[{\"@type\":\"SearchAction\",\"target\":{\"@type\":\"EntryPoint\",\"urlTemplate\":\"https:\/\/www.naturparkmagazin.de\/vdn\/?s={search_term_string}\"},\"query-input\":\"required name=search_term_string\"}],\"inLanguage\":\"de\"},{\"@type\":\"Person\",\"@id\":\"https:\/\/www.naturparkmagazin.de\/vdn\/#\/schema\/person\/e28d931df83318a48d52ae72b08d2bfb\",\"name\":\"vdnnational\",\"url\":\"https:\/\/www.naturparkmagazin.de\/vdn\/author\/vdnnational\/\"}]}<\/script>\n<!-- \/ Yoast SEO plugin. -->","yoast_head_json":{"title":"ApfelweinBio Apfel-Viez","description":"Schmitts Apfelwein wurde schon dreimal mit dem \u201eGoldenen Viezapfel\u201c pr\u00e4miert. Der Viez wird aus handverlesenen \u00c4pfeln alter Sorten hergestellt und bietet einen herb fruchtigen Genuss.","robots":{"index":"index","follow":"follow","max-snippet":"max-snippet:-1","max-image-preview":"max-image-preview:large","max-video-preview":"max-video-preview:-1"},"canonical":"https:\/\/www.naturparkmagazin.de\/vdn\/bio-apfel-viez\/","og_locale":"de_DE","og_type":"article","og_title":"ApfelweinBio Apfel-Viez","og_description":"Schmitts Apfelwein wurde schon dreimal mit dem \u201eGoldenen Viezapfel\u201c pr\u00e4miert. Der Viez wird aus handverlesenen \u00c4pfeln alter Sorten hergestellt und bietet einen herb fruchtigen Genuss.","og_url":"https:\/\/www.naturparkmagazin.de\/vdn\/bio-apfel-viez\/","og_site_name":"Verband Deutscher Naturparke","article_published_time":"2013-08-28T06:21:04+00:00","article_modified_time":"2013-09-04T11:57:48+00:00","og_image":[{"width":1272,"height":636,"url":"https:\/\/www.naturparkmagazin.de\/vdn\/wp-content\/uploads\/sites\/3\/Apfelwein_04.08.jpg","type":"image\/jpeg"}],"author":"vdnnational","twitter_misc":{"Verfasst von":"vdnnational"},"schema":{"@context":"https:\/\/schema.org","@graph":[{"@type":"WebPage","@id":"https:\/\/www.naturparkmagazin.de\/vdn\/bio-apfel-viez\/","url":"https:\/\/www.naturparkmagazin.de\/vdn\/bio-apfel-viez\/","name":"ApfelweinBio Apfel-Viez","isPartOf":{"@id":"https:\/\/www.naturparkmagazin.de\/vdn\/#website"},"datePublished":"2013-08-28T06:21:04+00:00","dateModified":"2013-09-04T11:57:48+00:00","author":{"@id":"https:\/\/www.naturparkmagazin.de\/vdn\/#\/schema\/person\/e28d931df83318a48d52ae72b08d2bfb"},"description":"Schmitts Apfelwein wurde schon dreimal mit dem \u201eGoldenen Viezapfel\u201c pr\u00e4miert. Der Viez wird aus handverlesenen \u00c4pfeln alter Sorten hergestellt und bietet einen herb fruchtigen Genuss.","breadcrumb":{"@id":"https:\/\/www.naturparkmagazin.de\/vdn\/bio-apfel-viez\/#breadcrumb"},"inLanguage":"de","potentialAction":[{"@type":"ReadAction","target":["https:\/\/www.naturparkmagazin.de\/vdn\/bio-apfel-viez\/"]}]},{"@type":"BreadcrumbList","@id":"https:\/\/www.naturparkmagazin.de\/vdn\/bio-apfel-viez\/#breadcrumb","itemListElement":[{"@type":"ListItem","position":1,"name":"Home","item":"https:\/\/www.naturparkmagazin.de\/vdn\/"},{"@type":"ListItem","position":2,"name":"ApfelweinBio Apfel-Viez"}]},{"@type":"WebSite","@id":"https:\/\/www.naturparkmagazin.de\/vdn\/#website","url":"https:\/\/www.naturparkmagazin.de\/vdn\/","name":"Verband Deutscher Naturparke","description":"Eine weitere Naturparkmagazin.de Netzwerk Seite","potentialAction":[{"@type":"SearchAction","target":{"@type":"EntryPoint","urlTemplate":"https:\/\/www.naturparkmagazin.de\/vdn\/?s={search_term_string}"},"query-input":"required name=search_term_string"}],"inLanguage":"de"},{"@type":"Person","@id":"https:\/\/www.naturparkmagazin.de\/vdn\/#\/schema\/person\/e28d931df83318a48d52ae72b08d2bfb","name":"vdnnational","url":"https:\/\/www.naturparkmagazin.de\/vdn\/author\/vdnnational\/"}]}},"_links":{"self":[{"href":"https:\/\/www.naturparkmagazin.de\/vdn\/wp-json\/wp\/v2\/posts\/2052"}],"collection":[{"href":"https:\/\/www.naturparkmagazin.de\/vdn\/wp-json\/wp\/v2\/posts"}],"about":[{"href":"https:\/\/www.naturparkmagazin.de\/vdn\/wp-json\/wp\/v2\/types\/post"}],"author":[{"embeddable":true,"href":"https:\/\/www.naturparkmagazin.de\/vdn\/wp-json\/wp\/v2\/users\/14"}],"replies":[{"embeddable":true,"href":"https:\/\/www.naturparkmagazin.de\/vdn\/wp-json\/wp\/v2\/comments?post=2052"}],"version-history":[{"count":10,"href":"https:\/\/www.naturparkmagazin.de\/vdn\/wp-json\/wp\/v2\/posts\/2052\/revisions"}],"predecessor-version":[{"id":2423,"href":"https:\/\/www.naturparkmagazin.de\/vdn\/wp-json\/wp\/v2\/posts\/2052\/revisions\/2423"}],"wp:featuredmedia":[{"embeddable":true,"href":"https:\/\/www.naturparkmagazin.de\/vdn\/wp-json\/wp\/v2\/media\/2221"}],"wp:attachment":[{"href":"https:\/\/www.naturparkmagazin.de\/vdn\/wp-json\/wp\/v2\/media?parent=2052"}],"wp:term":[{"taxonomy":"category","embeddable":true,"href":"https:\/\/www.naturparkmagazin.de\/vdn\/wp-json\/wp\/v2\/categories?post=2052"},{"taxonomy":"post_tag","embeddable":true,"href":"https:\/\/www.naturparkmagazin.de\/vdn\/wp-json\/wp\/v2\/tags?post=2052"}],"curies":[{"name":"wp","href":"https:\/\/api.w.org\/{rel}","templated":true}]}}