{"id":2064,"date":"2013-08-28T08:22:25","date_gmt":"2013-08-28T06:22:25","guid":{"rendered":"http:\/\/www.naturparkmagazin.de\/vdn\/?p=2064"},"modified":"2013-08-22T13:38:55","modified_gmt":"2013-08-22T11:38:55","slug":"grossschutzgebiete-in-kuenftigen-eu-foerderprogrammen-fuer-laendliche-raeume-staerken","status":"publish","type":"post","link":"https:\/\/www.naturparkmagazin.de\/vdn\/grossschutzgebiete-in-kuenftigen-eu-foerderprogrammen-fuer-laendliche-raeume-staerken\/","title":{"rendered":"Gro\u00dfschutzgebiete in EU-F\u00f6rderprogrammen st\u00e4rken"},"content":{"rendered":"<p style=\"text-align: center\"><a href=\"https:\/\/www.naturparkmagazin.de\/vdn\/wp-content\/uploads\/sites\/3\/IMG_3950_Neu.jpg\"><img decoding=\"async\" loading=\"lazy\" class=\"aligncenter size-full wp-image-2068\" title=\"Landidylle im Naturpark Stromberg-Heuchelberg - Copyright: VDN\/Rudi Thalh\u00e4user\" alt=\"Landidylle im Naturpark Stromberg-Heuchelberg - Copyright: VDN\/Rudi Thalh\u00e4user\" src=\"https:\/\/www.naturparkmagazin.de\/vdn\/wp-content\/uploads\/sites\/3\/IMG_3950_Neu.jpg\" width=\"501\" height=\"300\" srcset=\"https:\/\/www.naturparkmagazin.de\/vdn\/wp-content\/uploads\/sites\/3\/IMG_3950_Neu.jpg 640w, https:\/\/www.naturparkmagazin.de\/vdn\/wp-content\/uploads\/sites\/3\/IMG_3950_Neu-300x180.jpg 300w, https:\/\/www.naturparkmagazin.de\/vdn\/wp-content\/uploads\/sites\/3\/IMG_3950_Neu-620x372.jpg 620w, https:\/\/www.naturparkmagazin.de\/vdn\/wp-content\/uploads\/sites\/3\/IMG_3950_Neu-200x120.jpg 200w\" sizes=\"(max-width: 501px) 100vw, 501px\" \/><\/a><\/p>\n<p><b>\u00a0<\/b>Der Verband Deutscher Naturparke e.V. hat gemeinsam mit EUROPARC Deutschland e.V. die \u201eWeimarer Erkl\u00e4rung\u201c als Ergebnis der Tagung \u201eGro\u00dfschutzgebiete und ELER &#8211; Perspektiven f\u00fcr die integrierte Entwicklung von Naturschutz, Landnutzung und Regionaler Entwicklung ab 2014\u201c ver\u00f6ffentlicht. Zu den Kernpunkten z\u00e4hlt, dass das Volumen der F\u00f6rdermittel der Programme zur Entwicklung der l\u00e4ndlichen R\u00e4ume den wachsenden Anforderungen entsprechend erh\u00f6ht werden muss. Erfordernisse wie der\u00a0 Schutz von Biodiversit\u00e4t, Klima, Gew\u00e4sser und Boden oder der\u00a0 Aufbau lokaler Wertsch\u00f6pfungsketten und die Bew\u00e4ltigung des demografischen Wandels untermauern diese Forderung.\u00a0 Zur Sicherung der Finanzierung dieser dringenden Aufgaben sollte auch\u00a0 die M\u00f6glichkeit der Umschichtung von Mitteln aus der 1. S\u00e4ule der Agrarpolitik in die l\u00e4ndliche Entwicklung genutzt werden.<\/p>\n<p>Bei der Neuausrichtung der EU-F\u00f6rderprogramme sollten die Gro\u00dfschutzgebiete st\u00e4rker in den Programmen f\u00fcr die l\u00e4ndliche Entwicklung als F\u00f6rdermittelkulisse ber\u00fccksichtig werden, um so deren Kompetenzen als Moderatoren, Vernetzer, Projektentwickler, F\u00f6rderberater und Projekttr\u00e4ger und als Modellregionen einer nachhaltigen regionalen Entwicklung zu nutzen. Nur so k\u00f6nnen die Potenziale der l\u00e4ndlichen Entwicklung in der n\u00e4chsten F\u00f6rderperiode der Europ\u00e4ischen Union ab 2014 besser ausgesch\u00f6pft wird.<\/p>\n<p>Die Weimarer Erkl\u00e4rung richtet sich mit ihren Empfehlungen zur Ausgestaltung des Europ\u00e4ischen Landwirtschaftsfonds f\u00fcr die Entwicklung des l\u00e4ndlichen Raums (ELER) an die Entscheidungstr\u00e4ger auf den Ebenen der Europ\u00e4ischen Union sowie des Bundes und der Bundesl\u00e4nder.<\/p>\n<p>Veranstalter der Tagung waren die beiden Dachverb\u00e4nde gemeinsam mit der Deutschen Vernetzungsstelle L\u00e4ndliche R\u00e4ume (DVS). Die Teilnehmerinnen und Teilnehmer kamen aus dem Schutzgebietsmanagement, Regionalmanagement, aus Verb\u00e4nden, Evaluationsb\u00fcros und Verwaltungen.<\/p>\n<p>&nbsp;<\/p>\n<p>Die Weimarer Erkl\u00e4rung k\u00f6nnen Sie <a href=\"http:\/\/www.naturparke.de\/system\/librarydownloads\/176\/original\/Weimarer_Erkl%C3%A4rung.pdf?1374058944\">hier<\/a> herunterladen.<\/p>\n","protected":false},"excerpt":{"rendered":"<p>VDN und EUROPARC Deutschland haben gemeinsam die \u201eWeimarer Erkl\u00e4rung\u201c ver\u00f6ffentlicht. Zu den Kernpunkten z\u00e4hlt, dass das Volumen der F\u00f6rdermittel der Programme zur Entwicklung der l\u00e4ndlichen R\u00e4ume den wachsenden Anforderungen entsprechend erh\u00f6ht werden muss.<\/p>\n","protected":false},"author":14,"featured_media":2068,"comment_status":"open","ping_status":"open","sticky":false,"template":"","format":"standard","meta":{"_links_to":"","_links_to_target":""},"categories":[7],"tags":[],"yoast_head":"<!-- This site is optimized with the Yoast SEO plugin v19.10 - https:\/\/yoast.com\/wordpress\/plugins\/seo\/ -->\n<title>Gro\u00dfschutzgebiete in EU-F\u00f6rderprogrammen st\u00e4rken<\/title>\n<meta name=\"description\" content=\"VDN und EUROPARC Deutschland haben gemeinsam die \u201eWeimarer Erkl\u00e4rung\u201c ver\u00f6ffentlicht. Zu den Kernpunkten z\u00e4hlt, dass das Volumen der F\u00f6rdermittel der Programme zur Entwicklung der l\u00e4ndlichen R\u00e4ume den wachsenden Anforderungen entsprechend erh\u00f6ht werden muss.\" \/>\n<meta name=\"robots\" content=\"index, follow, max-snippet:-1, max-image-preview:large, max-video-preview:-1\" \/>\n<link rel=\"canonical\" href=\"https:\/\/www.naturparkmagazin.de\/vdn\/grossschutzgebiete-in-kuenftigen-eu-foerderprogrammen-fuer-laendliche-raeume-staerken\/\" \/>\n<meta property=\"og:locale\" content=\"de_DE\" \/>\n<meta property=\"og:type\" content=\"article\" \/>\n<meta property=\"og:title\" content=\"Gro\u00dfschutzgebiete in EU-F\u00f6rderprogrammen st\u00e4rken\" \/>\n<meta property=\"og:description\" content=\"VDN und EUROPARC Deutschland haben gemeinsam die \u201eWeimarer Erkl\u00e4rung\u201c ver\u00f6ffentlicht. Zu den Kernpunkten z\u00e4hlt, dass das Volumen der F\u00f6rdermittel der Programme zur Entwicklung der l\u00e4ndlichen R\u00e4ume den wachsenden Anforderungen entsprechend erh\u00f6ht werden muss.\" \/>\n<meta property=\"og:url\" content=\"https:\/\/www.naturparkmagazin.de\/vdn\/grossschutzgebiete-in-kuenftigen-eu-foerderprogrammen-fuer-laendliche-raeume-staerken\/\" \/>\n<meta property=\"og:site_name\" content=\"Verband Deutscher Naturparke\" \/>\n<meta property=\"article:published_time\" content=\"2013-08-28T06:22:25+00:00\" \/>\n<meta property=\"article:modified_time\" content=\"2013-08-22T11:38:55+00:00\" \/>\n<meta property=\"og:image\" content=\"https:\/\/www.naturparkmagazin.de\/vdn\/wp-content\/uploads\/sites\/3\/IMG_3950_Neu.jpg\" \/>\n\t<meta property=\"og:image:width\" content=\"640\" \/>\n\t<meta property=\"og:image:height\" content=\"384\" \/>\n\t<meta property=\"og:image:type\" content=\"image\/jpeg\" \/>\n<meta name=\"author\" content=\"vdnnational\" \/>\n<meta name=\"twitter:label1\" content=\"Verfasst von\" \/>\n\t<meta name=\"twitter:data1\" content=\"vdnnational\" \/>\n\t<meta name=\"twitter:label2\" content=\"Gesch\u00e4tzte Lesezeit\" \/>\n\t<meta name=\"twitter:data2\" content=\"1\u00a0Minute\" \/>\n<script type=\"application\/ld+json\" class=\"yoast-schema-graph\">{\"@context\":\"https:\/\/schema.org\",\"@graph\":[{\"@type\":\"WebPage\",\"@id\":\"https:\/\/www.naturparkmagazin.de\/vdn\/grossschutzgebiete-in-kuenftigen-eu-foerderprogrammen-fuer-laendliche-raeume-staerken\/\",\"url\":\"https:\/\/www.naturparkmagazin.de\/vdn\/grossschutzgebiete-in-kuenftigen-eu-foerderprogrammen-fuer-laendliche-raeume-staerken\/\",\"name\":\"Gro\u00dfschutzgebiete in EU-F\u00f6rderprogrammen st\u00e4rken\",\"isPartOf\":{\"@id\":\"https:\/\/www.naturparkmagazin.de\/vdn\/#website\"},\"datePublished\":\"2013-08-28T06:22:25+00:00\",\"dateModified\":\"2013-08-22T11:38:55+00:00\",\"author\":{\"@id\":\"https:\/\/www.naturparkmagazin.de\/vdn\/#\/schema\/person\/e28d931df83318a48d52ae72b08d2bfb\"},\"description\":\"VDN und EUROPARC Deutschland haben gemeinsam die \u201eWeimarer Erkl\u00e4rung\u201c ver\u00f6ffentlicht. Zu den Kernpunkten z\u00e4hlt, dass das Volumen der F\u00f6rdermittel der Programme zur Entwicklung der l\u00e4ndlichen R\u00e4ume den wachsenden Anforderungen entsprechend erh\u00f6ht werden muss.\",\"breadcrumb\":{\"@id\":\"https:\/\/www.naturparkmagazin.de\/vdn\/grossschutzgebiete-in-kuenftigen-eu-foerderprogrammen-fuer-laendliche-raeume-staerken\/#breadcrumb\"},\"inLanguage\":\"de\",\"potentialAction\":[{\"@type\":\"ReadAction\",\"target\":[\"https:\/\/www.naturparkmagazin.de\/vdn\/grossschutzgebiete-in-kuenftigen-eu-foerderprogrammen-fuer-laendliche-raeume-staerken\/\"]}]},{\"@type\":\"BreadcrumbList\",\"@id\":\"https:\/\/www.naturparkmagazin.de\/vdn\/grossschutzgebiete-in-kuenftigen-eu-foerderprogrammen-fuer-laendliche-raeume-staerken\/#breadcrumb\",\"itemListElement\":[{\"@type\":\"ListItem\",\"position\":1,\"name\":\"Home\",\"item\":\"https:\/\/www.naturparkmagazin.de\/vdn\/\"},{\"@type\":\"ListItem\",\"position\":2,\"name\":\"Gro\u00dfschutzgebiete in EU-F\u00f6rderprogrammen st\u00e4rken\"}]},{\"@type\":\"WebSite\",\"@id\":\"https:\/\/www.naturparkmagazin.de\/vdn\/#website\",\"url\":\"https:\/\/www.naturparkmagazin.de\/vdn\/\",\"name\":\"Verband Deutscher Naturparke\",\"description\":\"Eine weitere Naturparkmagazin.de Netzwerk Seite\",\"potentialAction\":[{\"@type\":\"SearchAction\",\"target\":{\"@type\":\"EntryPoint\",\"urlTemplate\":\"https:\/\/www.naturparkmagazin.de\/vdn\/?s={search_term_string}\"},\"query-input\":\"required name=search_term_string\"}],\"inLanguage\":\"de\"},{\"@type\":\"Person\",\"@id\":\"https:\/\/www.naturparkmagazin.de\/vdn\/#\/schema\/person\/e28d931df83318a48d52ae72b08d2bfb\",\"name\":\"vdnnational\",\"url\":\"https:\/\/www.naturparkmagazin.de\/vdn\/author\/vdnnational\/\"}]}<\/script>\n<!-- \/ Yoast SEO plugin. -->","yoast_head_json":{"title":"Gro\u00dfschutzgebiete in EU-F\u00f6rderprogrammen st\u00e4rken","description":"VDN und EUROPARC Deutschland haben gemeinsam die \u201eWeimarer Erkl\u00e4rung\u201c ver\u00f6ffentlicht. Zu den Kernpunkten z\u00e4hlt, dass das Volumen der F\u00f6rdermittel der Programme zur Entwicklung der l\u00e4ndlichen R\u00e4ume den wachsenden Anforderungen entsprechend erh\u00f6ht werden muss.","robots":{"index":"index","follow":"follow","max-snippet":"max-snippet:-1","max-image-preview":"max-image-preview:large","max-video-preview":"max-video-preview:-1"},"canonical":"https:\/\/www.naturparkmagazin.de\/vdn\/grossschutzgebiete-in-kuenftigen-eu-foerderprogrammen-fuer-laendliche-raeume-staerken\/","og_locale":"de_DE","og_type":"article","og_title":"Gro\u00dfschutzgebiete in EU-F\u00f6rderprogrammen st\u00e4rken","og_description":"VDN und EUROPARC Deutschland haben gemeinsam die \u201eWeimarer Erkl\u00e4rung\u201c ver\u00f6ffentlicht. Zu den Kernpunkten z\u00e4hlt, dass das Volumen der F\u00f6rdermittel der Programme zur Entwicklung der l\u00e4ndlichen R\u00e4ume den wachsenden Anforderungen entsprechend erh\u00f6ht werden muss.","og_url":"https:\/\/www.naturparkmagazin.de\/vdn\/grossschutzgebiete-in-kuenftigen-eu-foerderprogrammen-fuer-laendliche-raeume-staerken\/","og_site_name":"Verband Deutscher Naturparke","article_published_time":"2013-08-28T06:22:25+00:00","article_modified_time":"2013-08-22T11:38:55+00:00","og_image":[{"width":640,"height":384,"url":"https:\/\/www.naturparkmagazin.de\/vdn\/wp-content\/uploads\/sites\/3\/IMG_3950_Neu.jpg","type":"image\/jpeg"}],"author":"vdnnational","twitter_misc":{"Verfasst von":"vdnnational","Gesch\u00e4tzte Lesezeit":"1\u00a0Minute"},"schema":{"@context":"https:\/\/schema.org","@graph":[{"@type":"WebPage","@id":"https:\/\/www.naturparkmagazin.de\/vdn\/grossschutzgebiete-in-kuenftigen-eu-foerderprogrammen-fuer-laendliche-raeume-staerken\/","url":"https:\/\/www.naturparkmagazin.de\/vdn\/grossschutzgebiete-in-kuenftigen-eu-foerderprogrammen-fuer-laendliche-raeume-staerken\/","name":"Gro\u00dfschutzgebiete in EU-F\u00f6rderprogrammen st\u00e4rken","isPartOf":{"@id":"https:\/\/www.naturparkmagazin.de\/vdn\/#website"},"datePublished":"2013-08-28T06:22:25+00:00","dateModified":"2013-08-22T11:38:55+00:00","author":{"@id":"https:\/\/www.naturparkmagazin.de\/vdn\/#\/schema\/person\/e28d931df83318a48d52ae72b08d2bfb"},"description":"VDN und EUROPARC Deutschland haben gemeinsam die \u201eWeimarer Erkl\u00e4rung\u201c ver\u00f6ffentlicht. Zu den Kernpunkten z\u00e4hlt, dass das Volumen der F\u00f6rdermittel der Programme zur Entwicklung der l\u00e4ndlichen R\u00e4ume den wachsenden Anforderungen entsprechend erh\u00f6ht werden muss.","breadcrumb":{"@id":"https:\/\/www.naturparkmagazin.de\/vdn\/grossschutzgebiete-in-kuenftigen-eu-foerderprogrammen-fuer-laendliche-raeume-staerken\/#breadcrumb"},"inLanguage":"de","potentialAction":[{"@type":"ReadAction","target":["https:\/\/www.naturparkmagazin.de\/vdn\/grossschutzgebiete-in-kuenftigen-eu-foerderprogrammen-fuer-laendliche-raeume-staerken\/"]}]},{"@type":"BreadcrumbList","@id":"https:\/\/www.naturparkmagazin.de\/vdn\/grossschutzgebiete-in-kuenftigen-eu-foerderprogrammen-fuer-laendliche-raeume-staerken\/#breadcrumb","itemListElement":[{"@type":"ListItem","position":1,"name":"Home","item":"https:\/\/www.naturparkmagazin.de\/vdn\/"},{"@type":"ListItem","position":2,"name":"Gro\u00dfschutzgebiete in EU-F\u00f6rderprogrammen st\u00e4rken"}]},{"@type":"WebSite","@id":"https:\/\/www.naturparkmagazin.de\/vdn\/#website","url":"https:\/\/www.naturparkmagazin.de\/vdn\/","name":"Verband Deutscher Naturparke","description":"Eine weitere Naturparkmagazin.de Netzwerk Seite","potentialAction":[{"@type":"SearchAction","target":{"@type":"EntryPoint","urlTemplate":"https:\/\/www.naturparkmagazin.de\/vdn\/?s={search_term_string}"},"query-input":"required name=search_term_string"}],"inLanguage":"de"},{"@type":"Person","@id":"https:\/\/www.naturparkmagazin.de\/vdn\/#\/schema\/person\/e28d931df83318a48d52ae72b08d2bfb","name":"vdnnational","url":"https:\/\/www.naturparkmagazin.de\/vdn\/author\/vdnnational\/"}]}},"_links":{"self":[{"href":"https:\/\/www.naturparkmagazin.de\/vdn\/wp-json\/wp\/v2\/posts\/2064"}],"collection":[{"href":"https:\/\/www.naturparkmagazin.de\/vdn\/wp-json\/wp\/v2\/posts"}],"about":[{"href":"https:\/\/www.naturparkmagazin.de\/vdn\/wp-json\/wp\/v2\/types\/post"}],"author":[{"embeddable":true,"href":"https:\/\/www.naturparkmagazin.de\/vdn\/wp-json\/wp\/v2\/users\/14"}],"replies":[{"embeddable":true,"href":"https:\/\/www.naturparkmagazin.de\/vdn\/wp-json\/wp\/v2\/comments?post=2064"}],"version-history":[{"count":7,"href":"https:\/\/www.naturparkmagazin.de\/vdn\/wp-json\/wp\/v2\/posts\/2064\/revisions"}],"predecessor-version":[{"id":2183,"href":"https:\/\/www.naturparkmagazin.de\/vdn\/wp-json\/wp\/v2\/posts\/2064\/revisions\/2183"}],"wp:featuredmedia":[{"embeddable":true,"href":"https:\/\/www.naturparkmagazin.de\/vdn\/wp-json\/wp\/v2\/media\/2068"}],"wp:attachment":[{"href":"https:\/\/www.naturparkmagazin.de\/vdn\/wp-json\/wp\/v2\/media?parent=2064"}],"wp:term":[{"taxonomy":"category","embeddable":true,"href":"https:\/\/www.naturparkmagazin.de\/vdn\/wp-json\/wp\/v2\/categories?post=2064"},{"taxonomy":"post_tag","embeddable":true,"href":"https:\/\/www.naturparkmagazin.de\/vdn\/wp-json\/wp\/v2\/tags?post=2064"}],"curies":[{"name":"wp","href":"https:\/\/api.w.org\/{rel}","templated":true}]}}