{"id":2096,"date":"2013-08-28T08:25:40","date_gmt":"2013-08-28T06:25:40","guid":{"rendered":"http:\/\/www.naturparkmagazin.de\/vdn\/?p=2096"},"modified":"2013-08-22T13:38:34","modified_gmt":"2013-08-22T11:38:34","slug":"jana-reichel-aeppelmoid-und-naturpark-botschafterin-im-naturpark-niederlausitzer-heidelandschaft","status":"publish","type":"post","link":"https:\/\/www.naturparkmagazin.de\/vdn\/jana-reichel-aeppelmoid-und-naturpark-botschafterin-im-naturpark-niederlausitzer-heidelandschaft\/","title":{"rendered":"Jana Reichel, \u00c4ppelmoid und Naturpark-Botschafterin im Naturpark Niederlausitzer Heidelandschaft"},"content":{"rendered":"<p style=\"text-align: center\"><a href=\"https:\/\/www.naturparkmagazin.de\/vdn\/wp-content\/uploads\/sites\/3\/Jana-Reichel.jpg\"><img decoding=\"async\" loading=\"lazy\" class=\"aligncenter size-large wp-image-2097\" title=\"Jana Reichel, Naturpark-Botschafterin im Naturpark Niederlausitzer Heidelandschaft - Copyright: Naturpark Niederlausitzer Heidelandschaft\" alt=\"Jana Reichel, Naturpark-Botschafterin im Naturpark Niederlausitzer Heidelandschaft - Copyright: Naturpark Niederlausitzer Heidelandschaft\" src=\"https:\/\/www.naturparkmagazin.de\/vdn\/wp-content\/uploads\/sites\/3\/Jana-Reichel-940x653.jpg\" width=\"501\" height=\"347\" \/><\/a><\/p>\n<p>Der Naturpark Niederlausitzer Heidelandschaft ist meine Heimat. Hier bin ich aufgewachsen und nach meiner Ausbildung zur\u00fcckgekommen. Mit meiner Arbeit im Bereich des Obstanbaus im \u00d6kobetrieb Schradenhof habe ich mein Hobby zum Beruf gemacht. Als gew\u00e4hlte \u00c4ppelmoid (2010 &#8211; 2012) m\u00f6chte ich gern allen Besuchern zeigen, welche k\u00f6stlichen Sch\u00e4tze meine Heimat zu bieten hat.<\/p>\n<p>Mein Lieblingsplatz im Naturpark ist der Pomologische Schau- und Lehrgarten im S\u00fcdbrandenburgischen D\u00f6llingen und die sich daran anschlie\u00dfenden Streuobstwiesen mit ganz besonderem Flair bis Hohenleipisch.<\/p>\n<p>Der Garten ist ein sehr attraktiver Besucherpunkt im Naturpark, da er mehr als 300 Obstsorten zu pr\u00e4sentieren hat. Auch f\u00fcr das angrenzende ca. 300 ha gro\u00dfe Streuobstgebiet stellt der Garten eine wichtige Genreserve dar.<\/p>\n<p style=\"text-align: center\"><a href=\"https:\/\/www.naturparkmagazin.de\/vdn\/wp-content\/uploads\/sites\/3\/img-2268_Neu.jpg\"><img decoding=\"async\" loading=\"lazy\" class=\"aligncenter size-full wp-image-2101\" title=\"Apfelbaumbl\u00fcte im Fr\u00fchjahr - Copyright: VDN\/Saskia31\" alt=\"Apfelbaumbl\u00fcte im Fr\u00fchjahr - Copyright: VDN\/Saskia31\" src=\"https:\/\/www.naturparkmagazin.de\/vdn\/wp-content\/uploads\/sites\/3\/img-2268_Neu.jpg\" width=\"500\" height=\"281\" srcset=\"https:\/\/www.naturparkmagazin.de\/vdn\/wp-content\/uploads\/sites\/3\/img-2268_Neu.jpg 640w, https:\/\/www.naturparkmagazin.de\/vdn\/wp-content\/uploads\/sites\/3\/img-2268_Neu-300x169.jpg 300w, https:\/\/www.naturparkmagazin.de\/vdn\/wp-content\/uploads\/sites\/3\/img-2268_Neu-620x349.jpg 620w, https:\/\/www.naturparkmagazin.de\/vdn\/wp-content\/uploads\/sites\/3\/img-2268_Neu-200x113.jpg 200w\" sizes=\"(max-width: 500px) 100vw, 500px\" \/><\/a><\/p>\n<p>Au\u00dferdem gibt es hier in der Hauptsaison eine Menge zu erleben. Ende April bis Anfang Mai beginnt es mit der wundersch\u00f6nen Obstbl\u00fctezeit, die zum Radeln und Verweilen einl\u00e4dt. Viele Tourenangebote mit Rastm\u00f6glichkeiten laden dazu ein, die Streuobstwiesen zu besuchen. Noch sch\u00f6ner ist es, wenn reifes Obst an den B\u00e4umen zum Greifen nahe ist. Dann bin ich am liebsten den ganzen Tag in den Wiesen unterwegs und genie\u00dfe die k\u00f6stliche Vielfalt, die eine Streuobstwiese zu bieten hat. Die Saison wird abgerundet durch unseren allj\u00e4hrlichen Apfeltag, an dem alles dargeboten wird, was unseren Naturpark, den Pomologischen Garten und das Streuobstgebiet so besonders machen.<\/p>\n<p style=\"text-align: center\"><a href=\"https:\/\/www.naturparkmagazin.de\/vdn\/wp-content\/uploads\/sites\/3\/dllingen-apfeltage-9-12-005.jpg\"><img decoding=\"async\" loading=\"lazy\" class=\"aligncenter size-large wp-image-2098\" title=\"Der D\u00f6llinger Apfeltag  2012. Im letzten Jahr konnten die Besucher \u00fcber 80 alte und neue Apfelsorten staunen - Copyright: VDN\/Peter Meyer\" alt=\"Der D\u00f6llinger Apfeltag  2012. Im letzten Jahr konnten die Besucher \u00fcber 80 alte und neue Apfelsorten staunen - Copyright: VDN\/Peter Meyer\" src=\"https:\/\/www.naturparkmagazin.de\/vdn\/wp-content\/uploads\/sites\/3\/dllingen-apfeltage-9-12-005-940x662.jpg\" width=\"500\" height=\"351\" \/><\/a><\/p>\n<p>&nbsp;<\/p>\n","protected":false},"excerpt":{"rendered":"<p>Jana Reichel ist im Naturpark Niederlausitzer Heidelandschaft zu Hause und m\u00f6chte gern als gew\u00e4hlte \u00c4ppelmoid (2010 &#8211; 2012) und Naturpark-Botschafterin allen Besuchern zeigen, welche k\u00f6stlichen Sch\u00e4tze ihre Heimat zu bieten hat. <\/p>\n","protected":false},"author":14,"featured_media":2097,"comment_status":"open","ping_status":"open","sticky":false,"template":"","format":"standard","meta":{"_links_to":"","_links_to_target":""},"categories":[8],"tags":[],"yoast_head":"<!-- This site is optimized with the Yoast SEO plugin v19.10 - https:\/\/yoast.com\/wordpress\/plugins\/seo\/ -->\n<title>Jana Reichel, \u00c4ppelmoid und Naturpark-Botschafterin im Naturpark Niederlausitzer Heidelandschaft<\/title>\n<meta name=\"description\" content=\"Jana Reichel ist im Naturpark Niederlausitzer Heidelandschaft zu Hause und m\u00f6chte gern als gew\u00e4hlte \u00c4ppelmoid (2010 - 2012) und Naturpark-Botschafterin allen Besuchern zeigen, welche k\u00f6stlichen Sch\u00e4tze ihre Heimat zu bieten hat.\" \/>\n<meta name=\"robots\" content=\"index, follow, max-snippet:-1, max-image-preview:large, max-video-preview:-1\" \/>\n<link rel=\"canonical\" href=\"https:\/\/www.naturparkmagazin.de\/vdn\/jana-reichel-aeppelmoid-und-naturpark-botschafterin-im-naturpark-niederlausitzer-heidelandschaft\/\" \/>\n<meta property=\"og:locale\" content=\"de_DE\" \/>\n<meta property=\"og:type\" content=\"article\" \/>\n<meta property=\"og:title\" content=\"Jana Reichel, \u00c4ppelmoid und Naturpark-Botschafterin im Naturpark Niederlausitzer Heidelandschaft\" \/>\n<meta property=\"og:description\" content=\"Jana Reichel ist im Naturpark Niederlausitzer Heidelandschaft zu Hause und m\u00f6chte gern als gew\u00e4hlte \u00c4ppelmoid (2010 - 2012) und Naturpark-Botschafterin allen Besuchern zeigen, welche k\u00f6stlichen Sch\u00e4tze ihre Heimat zu bieten hat.\" \/>\n<meta property=\"og:url\" content=\"https:\/\/www.naturparkmagazin.de\/vdn\/jana-reichel-aeppelmoid-und-naturpark-botschafterin-im-naturpark-niederlausitzer-heidelandschaft\/\" \/>\n<meta property=\"og:site_name\" content=\"Verband Deutscher Naturparke\" \/>\n<meta property=\"article:published_time\" content=\"2013-08-28T06:25:40+00:00\" \/>\n<meta property=\"article:modified_time\" content=\"2013-08-22T11:38:34+00:00\" \/>\n<meta property=\"og:image\" content=\"https:\/\/www.naturparkmagazin.de\/vdn\/wp-content\/uploads\/sites\/3\/Jana-Reichel.jpg\" \/>\n\t<meta property=\"og:image:width\" content=\"1025\" \/>\n\t<meta property=\"og:image:height\" content=\"713\" \/>\n\t<meta property=\"og:image:type\" content=\"image\/jpeg\" \/>\n<meta name=\"author\" content=\"vdnnational\" \/>\n<meta name=\"twitter:label1\" content=\"Verfasst von\" \/>\n\t<meta name=\"twitter:data1\" content=\"vdnnational\" \/>\n\t<meta name=\"twitter:label2\" content=\"Gesch\u00e4tzte Lesezeit\" \/>\n\t<meta name=\"twitter:data2\" content=\"1\u00a0Minute\" \/>\n<script type=\"application\/ld+json\" class=\"yoast-schema-graph\">{\"@context\":\"https:\/\/schema.org\",\"@graph\":[{\"@type\":\"WebPage\",\"@id\":\"https:\/\/www.naturparkmagazin.de\/vdn\/jana-reichel-aeppelmoid-und-naturpark-botschafterin-im-naturpark-niederlausitzer-heidelandschaft\/\",\"url\":\"https:\/\/www.naturparkmagazin.de\/vdn\/jana-reichel-aeppelmoid-und-naturpark-botschafterin-im-naturpark-niederlausitzer-heidelandschaft\/\",\"name\":\"Jana Reichel, \u00c4ppelmoid und Naturpark-Botschafterin im Naturpark Niederlausitzer Heidelandschaft\",\"isPartOf\":{\"@id\":\"https:\/\/www.naturparkmagazin.de\/vdn\/#website\"},\"datePublished\":\"2013-08-28T06:25:40+00:00\",\"dateModified\":\"2013-08-22T11:38:34+00:00\",\"author\":{\"@id\":\"https:\/\/www.naturparkmagazin.de\/vdn\/#\/schema\/person\/e28d931df83318a48d52ae72b08d2bfb\"},\"description\":\"Jana Reichel ist im Naturpark Niederlausitzer Heidelandschaft zu Hause und m\u00f6chte gern als gew\u00e4hlte \u00c4ppelmoid (2010 - 2012) und Naturpark-Botschafterin allen Besuchern zeigen, welche k\u00f6stlichen Sch\u00e4tze ihre Heimat zu bieten hat.\",\"breadcrumb\":{\"@id\":\"https:\/\/www.naturparkmagazin.de\/vdn\/jana-reichel-aeppelmoid-und-naturpark-botschafterin-im-naturpark-niederlausitzer-heidelandschaft\/#breadcrumb\"},\"inLanguage\":\"de\",\"potentialAction\":[{\"@type\":\"ReadAction\",\"target\":[\"https:\/\/www.naturparkmagazin.de\/vdn\/jana-reichel-aeppelmoid-und-naturpark-botschafterin-im-naturpark-niederlausitzer-heidelandschaft\/\"]}]},{\"@type\":\"BreadcrumbList\",\"@id\":\"https:\/\/www.naturparkmagazin.de\/vdn\/jana-reichel-aeppelmoid-und-naturpark-botschafterin-im-naturpark-niederlausitzer-heidelandschaft\/#breadcrumb\",\"itemListElement\":[{\"@type\":\"ListItem\",\"position\":1,\"name\":\"Home\",\"item\":\"https:\/\/www.naturparkmagazin.de\/vdn\/\"},{\"@type\":\"ListItem\",\"position\":2,\"name\":\"Jana Reichel, \u00c4ppelmoid und Naturpark-Botschafterin im Naturpark Niederlausitzer Heidelandschaft\"}]},{\"@type\":\"WebSite\",\"@id\":\"https:\/\/www.naturparkmagazin.de\/vdn\/#website\",\"url\":\"https:\/\/www.naturparkmagazin.de\/vdn\/\",\"name\":\"Verband Deutscher Naturparke\",\"description\":\"Eine weitere Naturparkmagazin.de Netzwerk Seite\",\"potentialAction\":[{\"@type\":\"SearchAction\",\"target\":{\"@type\":\"EntryPoint\",\"urlTemplate\":\"https:\/\/www.naturparkmagazin.de\/vdn\/?s={search_term_string}\"},\"query-input\":\"required name=search_term_string\"}],\"inLanguage\":\"de\"},{\"@type\":\"Person\",\"@id\":\"https:\/\/www.naturparkmagazin.de\/vdn\/#\/schema\/person\/e28d931df83318a48d52ae72b08d2bfb\",\"name\":\"vdnnational\",\"url\":\"https:\/\/www.naturparkmagazin.de\/vdn\/author\/vdnnational\/\"}]}<\/script>\n<!-- \/ Yoast SEO plugin. -->","yoast_head_json":{"title":"Jana Reichel, \u00c4ppelmoid und Naturpark-Botschafterin im Naturpark Niederlausitzer Heidelandschaft","description":"Jana Reichel ist im Naturpark Niederlausitzer Heidelandschaft zu Hause und m\u00f6chte gern als gew\u00e4hlte \u00c4ppelmoid (2010 - 2012) und Naturpark-Botschafterin allen Besuchern zeigen, welche k\u00f6stlichen Sch\u00e4tze ihre Heimat zu bieten hat.","robots":{"index":"index","follow":"follow","max-snippet":"max-snippet:-1","max-image-preview":"max-image-preview:large","max-video-preview":"max-video-preview:-1"},"canonical":"https:\/\/www.naturparkmagazin.de\/vdn\/jana-reichel-aeppelmoid-und-naturpark-botschafterin-im-naturpark-niederlausitzer-heidelandschaft\/","og_locale":"de_DE","og_type":"article","og_title":"Jana Reichel, \u00c4ppelmoid und Naturpark-Botschafterin im Naturpark Niederlausitzer Heidelandschaft","og_description":"Jana Reichel ist im Naturpark Niederlausitzer Heidelandschaft zu Hause und m\u00f6chte gern als gew\u00e4hlte \u00c4ppelmoid (2010 - 2012) und Naturpark-Botschafterin allen Besuchern zeigen, welche k\u00f6stlichen Sch\u00e4tze ihre Heimat zu bieten hat.","og_url":"https:\/\/www.naturparkmagazin.de\/vdn\/jana-reichel-aeppelmoid-und-naturpark-botschafterin-im-naturpark-niederlausitzer-heidelandschaft\/","og_site_name":"Verband Deutscher Naturparke","article_published_time":"2013-08-28T06:25:40+00:00","article_modified_time":"2013-08-22T11:38:34+00:00","og_image":[{"width":1025,"height":713,"url":"https:\/\/www.naturparkmagazin.de\/vdn\/wp-content\/uploads\/sites\/3\/Jana-Reichel.jpg","type":"image\/jpeg"}],"author":"vdnnational","twitter_misc":{"Verfasst von":"vdnnational","Gesch\u00e4tzte Lesezeit":"1\u00a0Minute"},"schema":{"@context":"https:\/\/schema.org","@graph":[{"@type":"WebPage","@id":"https:\/\/www.naturparkmagazin.de\/vdn\/jana-reichel-aeppelmoid-und-naturpark-botschafterin-im-naturpark-niederlausitzer-heidelandschaft\/","url":"https:\/\/www.naturparkmagazin.de\/vdn\/jana-reichel-aeppelmoid-und-naturpark-botschafterin-im-naturpark-niederlausitzer-heidelandschaft\/","name":"Jana Reichel, \u00c4ppelmoid und Naturpark-Botschafterin im Naturpark Niederlausitzer Heidelandschaft","isPartOf":{"@id":"https:\/\/www.naturparkmagazin.de\/vdn\/#website"},"datePublished":"2013-08-28T06:25:40+00:00","dateModified":"2013-08-22T11:38:34+00:00","author":{"@id":"https:\/\/www.naturparkmagazin.de\/vdn\/#\/schema\/person\/e28d931df83318a48d52ae72b08d2bfb"},"description":"Jana Reichel ist im Naturpark Niederlausitzer Heidelandschaft zu Hause und m\u00f6chte gern als gew\u00e4hlte \u00c4ppelmoid (2010 - 2012) und Naturpark-Botschafterin allen Besuchern zeigen, welche k\u00f6stlichen Sch\u00e4tze ihre Heimat zu bieten hat.","breadcrumb":{"@id":"https:\/\/www.naturparkmagazin.de\/vdn\/jana-reichel-aeppelmoid-und-naturpark-botschafterin-im-naturpark-niederlausitzer-heidelandschaft\/#breadcrumb"},"inLanguage":"de","potentialAction":[{"@type":"ReadAction","target":["https:\/\/www.naturparkmagazin.de\/vdn\/jana-reichel-aeppelmoid-und-naturpark-botschafterin-im-naturpark-niederlausitzer-heidelandschaft\/"]}]},{"@type":"BreadcrumbList","@id":"https:\/\/www.naturparkmagazin.de\/vdn\/jana-reichel-aeppelmoid-und-naturpark-botschafterin-im-naturpark-niederlausitzer-heidelandschaft\/#breadcrumb","itemListElement":[{"@type":"ListItem","position":1,"name":"Home","item":"https:\/\/www.naturparkmagazin.de\/vdn\/"},{"@type":"ListItem","position":2,"name":"Jana Reichel, \u00c4ppelmoid und Naturpark-Botschafterin im Naturpark Niederlausitzer Heidelandschaft"}]},{"@type":"WebSite","@id":"https:\/\/www.naturparkmagazin.de\/vdn\/#website","url":"https:\/\/www.naturparkmagazin.de\/vdn\/","name":"Verband Deutscher Naturparke","description":"Eine weitere Naturparkmagazin.de Netzwerk Seite","potentialAction":[{"@type":"SearchAction","target":{"@type":"EntryPoint","urlTemplate":"https:\/\/www.naturparkmagazin.de\/vdn\/?s={search_term_string}"},"query-input":"required name=search_term_string"}],"inLanguage":"de"},{"@type":"Person","@id":"https:\/\/www.naturparkmagazin.de\/vdn\/#\/schema\/person\/e28d931df83318a48d52ae72b08d2bfb","name":"vdnnational","url":"https:\/\/www.naturparkmagazin.de\/vdn\/author\/vdnnational\/"}]}},"_links":{"self":[{"href":"https:\/\/www.naturparkmagazin.de\/vdn\/wp-json\/wp\/v2\/posts\/2096"}],"collection":[{"href":"https:\/\/www.naturparkmagazin.de\/vdn\/wp-json\/wp\/v2\/posts"}],"about":[{"href":"https:\/\/www.naturparkmagazin.de\/vdn\/wp-json\/wp\/v2\/types\/post"}],"author":[{"embeddable":true,"href":"https:\/\/www.naturparkmagazin.de\/vdn\/wp-json\/wp\/v2\/users\/14"}],"replies":[{"embeddable":true,"href":"https:\/\/www.naturparkmagazin.de\/vdn\/wp-json\/wp\/v2\/comments?post=2096"}],"version-history":[{"count":7,"href":"https:\/\/www.naturparkmagazin.de\/vdn\/wp-json\/wp\/v2\/posts\/2096\/revisions"}],"predecessor-version":[{"id":2130,"href":"https:\/\/www.naturparkmagazin.de\/vdn\/wp-json\/wp\/v2\/posts\/2096\/revisions\/2130"}],"wp:featuredmedia":[{"embeddable":true,"href":"https:\/\/www.naturparkmagazin.de\/vdn\/wp-json\/wp\/v2\/media\/2097"}],"wp:attachment":[{"href":"https:\/\/www.naturparkmagazin.de\/vdn\/wp-json\/wp\/v2\/media?parent=2096"}],"wp:term":[{"taxonomy":"category","embeddable":true,"href":"https:\/\/www.naturparkmagazin.de\/vdn\/wp-json\/wp\/v2\/categories?post=2096"},{"taxonomy":"post_tag","embeddable":true,"href":"https:\/\/www.naturparkmagazin.de\/vdn\/wp-json\/wp\/v2\/tags?post=2096"}],"curies":[{"name":"wp","href":"https:\/\/api.w.org\/{rel}","templated":true}]}}