{"id":2117,"date":"2013-08-28T08:30:44","date_gmt":"2013-08-28T06:30:44","guid":{"rendered":"http:\/\/www.naturparkmagazin.de\/vdn\/?p=2117"},"modified":"2013-08-22T13:46:40","modified_gmt":"2013-08-22T11:46:40","slug":"vdn-trauert-um-ehrenpraesidenten-dr-herbert-guenther","status":"publish","type":"post","link":"https:\/\/www.naturparkmagazin.de\/vdn\/vdn-trauert-um-ehrenpraesidenten-dr-herbert-guenther\/","title":{"rendered":"VDN trauert um Ehrenpr\u00e4sidenten Dr. Herbert G\u00fcnther"},"content":{"rendered":"<p style=\"text-align: center\"><a href=\"https:\/\/www.naturparkmagazin.de\/vdn\/wp-content\/uploads\/sites\/3\/IMG_1366_Neu.jpg\"><img decoding=\"async\" loading=\"lazy\" class=\"aligncenter size-full wp-image-2118\" title=\"Ehrenpr\u00e4sident Dr. Herbert G\u00fcnther - Copyright: VDN\" alt=\"Ehrenpr\u00e4sident Dr. Herbert G\u00fcnther - Copyright: VDN\" src=\"https:\/\/www.naturparkmagazin.de\/vdn\/wp-content\/uploads\/sites\/3\/IMG_1366_Neu.jpg\" width=\"500\" height=\"375\" srcset=\"https:\/\/www.naturparkmagazin.de\/vdn\/wp-content\/uploads\/sites\/3\/IMG_1366_Neu.jpg 448w, https:\/\/www.naturparkmagazin.de\/vdn\/wp-content\/uploads\/sites\/3\/IMG_1366_Neu-300x225.jpg 300w, https:\/\/www.naturparkmagazin.de\/vdn\/wp-content\/uploads\/sites\/3\/IMG_1366_Neu-420x315.jpg 420w, https:\/\/www.naturparkmagazin.de\/vdn\/wp-content\/uploads\/sites\/3\/IMG_1366_Neu-180x135.jpg 180w, https:\/\/www.naturparkmagazin.de\/vdn\/wp-content\/uploads\/sites\/3\/IMG_1366_Neu-95x71.jpg 95w, https:\/\/www.naturparkmagazin.de\/vdn\/wp-content\/uploads\/sites\/3\/IMG_1366_Neu-200x150.jpg 200w\" sizes=\"(max-width: 500px) 100vw, 500px\" \/><\/a><\/p>\n<p>Der Verband Deutscher Naturparke e. V. (VDN) trauert um seinen langj\u00e4hrigen Pr\u00e4sidenten und Ehrenpr\u00e4sidenten Staatsminister a.D. Dr. Herbert G\u00fcnther, der in der Nacht zum 11. August 2013 im Alter von 84 Jahren in Wiesbaden verstorben ist. Sein Tod ist ein gro\u00dfer Verlust f\u00fcr die vielen Aktiven in den Naturparken in Deutschland und f\u00fcr den VDN.<\/p>\n<p>Als Landrat des Untertaunuskreises gr\u00fcndete Dr. Herbert G\u00fcnther 1968 den Naturpark Rhein-Taunus. Von 1972 bis 1974 hat er als Landrat des Landkreises Kassel die Entwicklung des Naturparks Habichtswald mitbestimmt. 1994 w\u00e4hlte ihn die Mitgliederversammlung des Verbandes Deutscher Naturparke zum Pr\u00e4sidenten. In der Zeit seiner Pr\u00e4sidentschaft bis zum Jahre 2006 hat er die Arbeit des Verbandes entscheidend gepr\u00e4gt. Diese Arbeit war gepr\u00e4gt von der Liebe zur Natur und der Sch\u00f6nheit der so abwechslungsreichen deutschen Kulturlandschaften.<\/p>\n<p>Durch seine Reisen in viele Naturparke und als Leiter der Bewertungskommission in f\u00fcnf Bundeswettbewerben der Naturparke hat er sich einen detaillierten Einblick in die Naturparkarbeit verschafft. Durch sein Wirken haben der VDN und die Naturparke eine wesentliche Weiterentwicklung erfahren. Meilensteine waren die Erweiterung der Aufgaben der Naturparke bei der Novellierung des Bundesnaturschutzgesetzes 2002, die Verabschiedung des \u201ePetersberger Programm der Naturparke in Deutschland\u201c 2006, die Entwicklung der \u201eQualit\u00e4tsoffensive Naturparke\u201c sowie das \u201eJahr der Naturparke\u201c 2006.<\/p>\n<p>Auch nach seinem Ausscheiden als Pr\u00e4sident blieb Dr. Herbert G\u00fcnther dem VDN als Ehrenpr\u00e4sident eng verbunden. Der Verband Deutscher Naturparke und die Naturparke in Deutschland sind Dr. Herbert G\u00fcnther f\u00fcr all das, was er f\u00fcr die \u00fcber 100 Naturparke in ganz Deutschland geleistet hat, zu gro\u00dfem Dank verpflichtet. Seine beeindruckende Pers\u00f6nlichkeit, seine hohe fachliche Kompetenz, sein fr\u00f6hliches Wesen und sein offenes Herz werden dem VDN und allen Naturparken in Deutschland fehlen. Sein Andenken werden alle mit gro\u00dfer Dankbarkeit bewahren.<\/p>\n","protected":false},"excerpt":{"rendered":"<p>Der langj\u00e4hrige Pr\u00e4sident und Ehrenpr\u00e4sident des VDN Dr. Herbert G\u00fcnther starb am 11. August 2013 im Alter von 84 Jahren in Wiesbaden. Sein Tod ist ein gro\u00dfer Verlust f\u00fcr die vielen Aktiven in den Naturparken in Deutschland und f\u00fcr den VDN. <\/p>\n","protected":false},"author":14,"featured_media":2118,"comment_status":"open","ping_status":"open","sticky":false,"template":"","format":"standard","meta":{"_links_to":"","_links_to_target":""},"categories":[7],"tags":[],"yoast_head":"<!-- This site is optimized with the Yoast SEO plugin v19.10 - https:\/\/yoast.com\/wordpress\/plugins\/seo\/ -->\n<title>VDN trauert um Ehrenpr\u00e4sidenten Dr. Herbert G\u00fcnther<\/title>\n<meta name=\"description\" content=\"Der langj\u00e4hrige Pr\u00e4sident und Ehrenpr\u00e4sident des VDN Dr. Herbert G\u00fcnther starb am 11. August 2013 im Alter von 84 Jahren in Wiesbaden. Sein Tod ist ein gro\u00dfer Verlust f\u00fcr die vielen Aktiven in den Naturparken in Deutschland und f\u00fcr den VDN.\" \/>\n<meta name=\"robots\" content=\"index, follow, max-snippet:-1, max-image-preview:large, max-video-preview:-1\" \/>\n<link rel=\"canonical\" href=\"https:\/\/www.naturparkmagazin.de\/vdn\/vdn-trauert-um-ehrenpraesidenten-dr-herbert-guenther\/\" \/>\n<meta property=\"og:locale\" content=\"de_DE\" \/>\n<meta property=\"og:type\" content=\"article\" \/>\n<meta property=\"og:title\" content=\"VDN trauert um Ehrenpr\u00e4sidenten Dr. Herbert G\u00fcnther\" \/>\n<meta property=\"og:description\" content=\"Der langj\u00e4hrige Pr\u00e4sident und Ehrenpr\u00e4sident des VDN Dr. Herbert G\u00fcnther starb am 11. August 2013 im Alter von 84 Jahren in Wiesbaden. Sein Tod ist ein gro\u00dfer Verlust f\u00fcr die vielen Aktiven in den Naturparken in Deutschland und f\u00fcr den VDN.\" \/>\n<meta property=\"og:url\" content=\"https:\/\/www.naturparkmagazin.de\/vdn\/vdn-trauert-um-ehrenpraesidenten-dr-herbert-guenther\/\" \/>\n<meta property=\"og:site_name\" content=\"Verband Deutscher Naturparke\" \/>\n<meta property=\"article:published_time\" content=\"2013-08-28T06:30:44+00:00\" \/>\n<meta property=\"article:modified_time\" content=\"2013-08-22T11:46:40+00:00\" \/>\n<meta property=\"og:image\" content=\"https:\/\/www.naturparkmagazin.de\/vdn\/wp-content\/uploads\/sites\/3\/IMG_1366_Neu.jpg\" \/>\n\t<meta property=\"og:image:width\" content=\"448\" \/>\n\t<meta property=\"og:image:height\" content=\"336\" \/>\n\t<meta property=\"og:image:type\" content=\"image\/jpeg\" \/>\n<meta name=\"author\" content=\"vdnnational\" \/>\n<meta name=\"twitter:label1\" content=\"Verfasst von\" \/>\n\t<meta name=\"twitter:data1\" content=\"vdnnational\" \/>\n\t<meta name=\"twitter:label2\" content=\"Gesch\u00e4tzte Lesezeit\" \/>\n\t<meta name=\"twitter:data2\" content=\"1\u00a0Minute\" \/>\n<script type=\"application\/ld+json\" class=\"yoast-schema-graph\">{\"@context\":\"https:\/\/schema.org\",\"@graph\":[{\"@type\":\"WebPage\",\"@id\":\"https:\/\/www.naturparkmagazin.de\/vdn\/vdn-trauert-um-ehrenpraesidenten-dr-herbert-guenther\/\",\"url\":\"https:\/\/www.naturparkmagazin.de\/vdn\/vdn-trauert-um-ehrenpraesidenten-dr-herbert-guenther\/\",\"name\":\"VDN trauert um Ehrenpr\u00e4sidenten Dr. Herbert G\u00fcnther\",\"isPartOf\":{\"@id\":\"https:\/\/www.naturparkmagazin.de\/vdn\/#website\"},\"datePublished\":\"2013-08-28T06:30:44+00:00\",\"dateModified\":\"2013-08-22T11:46:40+00:00\",\"author\":{\"@id\":\"https:\/\/www.naturparkmagazin.de\/vdn\/#\/schema\/person\/e28d931df83318a48d52ae72b08d2bfb\"},\"description\":\"Der langj\u00e4hrige Pr\u00e4sident und Ehrenpr\u00e4sident des VDN Dr. Herbert G\u00fcnther starb am 11. August 2013 im Alter von 84 Jahren in Wiesbaden. Sein Tod ist ein gro\u00dfer Verlust f\u00fcr die vielen Aktiven in den Naturparken in Deutschland und f\u00fcr den VDN.\",\"breadcrumb\":{\"@id\":\"https:\/\/www.naturparkmagazin.de\/vdn\/vdn-trauert-um-ehrenpraesidenten-dr-herbert-guenther\/#breadcrumb\"},\"inLanguage\":\"de\",\"potentialAction\":[{\"@type\":\"ReadAction\",\"target\":[\"https:\/\/www.naturparkmagazin.de\/vdn\/vdn-trauert-um-ehrenpraesidenten-dr-herbert-guenther\/\"]}]},{\"@type\":\"BreadcrumbList\",\"@id\":\"https:\/\/www.naturparkmagazin.de\/vdn\/vdn-trauert-um-ehrenpraesidenten-dr-herbert-guenther\/#breadcrumb\",\"itemListElement\":[{\"@type\":\"ListItem\",\"position\":1,\"name\":\"Home\",\"item\":\"https:\/\/www.naturparkmagazin.de\/vdn\/\"},{\"@type\":\"ListItem\",\"position\":2,\"name\":\"VDN trauert um Ehrenpr\u00e4sidenten Dr. Herbert G\u00fcnther\"}]},{\"@type\":\"WebSite\",\"@id\":\"https:\/\/www.naturparkmagazin.de\/vdn\/#website\",\"url\":\"https:\/\/www.naturparkmagazin.de\/vdn\/\",\"name\":\"Verband Deutscher Naturparke\",\"description\":\"Eine weitere Naturparkmagazin.de Netzwerk Seite\",\"potentialAction\":[{\"@type\":\"SearchAction\",\"target\":{\"@type\":\"EntryPoint\",\"urlTemplate\":\"https:\/\/www.naturparkmagazin.de\/vdn\/?s={search_term_string}\"},\"query-input\":\"required name=search_term_string\"}],\"inLanguage\":\"de\"},{\"@type\":\"Person\",\"@id\":\"https:\/\/www.naturparkmagazin.de\/vdn\/#\/schema\/person\/e28d931df83318a48d52ae72b08d2bfb\",\"name\":\"vdnnational\",\"url\":\"https:\/\/www.naturparkmagazin.de\/vdn\/author\/vdnnational\/\"}]}<\/script>\n<!-- \/ Yoast SEO plugin. -->","yoast_head_json":{"title":"VDN trauert um Ehrenpr\u00e4sidenten Dr. Herbert G\u00fcnther","description":"Der langj\u00e4hrige Pr\u00e4sident und Ehrenpr\u00e4sident des VDN Dr. Herbert G\u00fcnther starb am 11. August 2013 im Alter von 84 Jahren in Wiesbaden. Sein Tod ist ein gro\u00dfer Verlust f\u00fcr die vielen Aktiven in den Naturparken in Deutschland und f\u00fcr den VDN.","robots":{"index":"index","follow":"follow","max-snippet":"max-snippet:-1","max-image-preview":"max-image-preview:large","max-video-preview":"max-video-preview:-1"},"canonical":"https:\/\/www.naturparkmagazin.de\/vdn\/vdn-trauert-um-ehrenpraesidenten-dr-herbert-guenther\/","og_locale":"de_DE","og_type":"article","og_title":"VDN trauert um Ehrenpr\u00e4sidenten Dr. Herbert G\u00fcnther","og_description":"Der langj\u00e4hrige Pr\u00e4sident und Ehrenpr\u00e4sident des VDN Dr. Herbert G\u00fcnther starb am 11. August 2013 im Alter von 84 Jahren in Wiesbaden. Sein Tod ist ein gro\u00dfer Verlust f\u00fcr die vielen Aktiven in den Naturparken in Deutschland und f\u00fcr den VDN.","og_url":"https:\/\/www.naturparkmagazin.de\/vdn\/vdn-trauert-um-ehrenpraesidenten-dr-herbert-guenther\/","og_site_name":"Verband Deutscher Naturparke","article_published_time":"2013-08-28T06:30:44+00:00","article_modified_time":"2013-08-22T11:46:40+00:00","og_image":[{"width":448,"height":336,"url":"https:\/\/www.naturparkmagazin.de\/vdn\/wp-content\/uploads\/sites\/3\/IMG_1366_Neu.jpg","type":"image\/jpeg"}],"author":"vdnnational","twitter_misc":{"Verfasst von":"vdnnational","Gesch\u00e4tzte Lesezeit":"1\u00a0Minute"},"schema":{"@context":"https:\/\/schema.org","@graph":[{"@type":"WebPage","@id":"https:\/\/www.naturparkmagazin.de\/vdn\/vdn-trauert-um-ehrenpraesidenten-dr-herbert-guenther\/","url":"https:\/\/www.naturparkmagazin.de\/vdn\/vdn-trauert-um-ehrenpraesidenten-dr-herbert-guenther\/","name":"VDN trauert um Ehrenpr\u00e4sidenten Dr. Herbert G\u00fcnther","isPartOf":{"@id":"https:\/\/www.naturparkmagazin.de\/vdn\/#website"},"datePublished":"2013-08-28T06:30:44+00:00","dateModified":"2013-08-22T11:46:40+00:00","author":{"@id":"https:\/\/www.naturparkmagazin.de\/vdn\/#\/schema\/person\/e28d931df83318a48d52ae72b08d2bfb"},"description":"Der langj\u00e4hrige Pr\u00e4sident und Ehrenpr\u00e4sident des VDN Dr. Herbert G\u00fcnther starb am 11. August 2013 im Alter von 84 Jahren in Wiesbaden. Sein Tod ist ein gro\u00dfer Verlust f\u00fcr die vielen Aktiven in den Naturparken in Deutschland und f\u00fcr den VDN.","breadcrumb":{"@id":"https:\/\/www.naturparkmagazin.de\/vdn\/vdn-trauert-um-ehrenpraesidenten-dr-herbert-guenther\/#breadcrumb"},"inLanguage":"de","potentialAction":[{"@type":"ReadAction","target":["https:\/\/www.naturparkmagazin.de\/vdn\/vdn-trauert-um-ehrenpraesidenten-dr-herbert-guenther\/"]}]},{"@type":"BreadcrumbList","@id":"https:\/\/www.naturparkmagazin.de\/vdn\/vdn-trauert-um-ehrenpraesidenten-dr-herbert-guenther\/#breadcrumb","itemListElement":[{"@type":"ListItem","position":1,"name":"Home","item":"https:\/\/www.naturparkmagazin.de\/vdn\/"},{"@type":"ListItem","position":2,"name":"VDN trauert um Ehrenpr\u00e4sidenten Dr. Herbert G\u00fcnther"}]},{"@type":"WebSite","@id":"https:\/\/www.naturparkmagazin.de\/vdn\/#website","url":"https:\/\/www.naturparkmagazin.de\/vdn\/","name":"Verband Deutscher Naturparke","description":"Eine weitere Naturparkmagazin.de Netzwerk Seite","potentialAction":[{"@type":"SearchAction","target":{"@type":"EntryPoint","urlTemplate":"https:\/\/www.naturparkmagazin.de\/vdn\/?s={search_term_string}"},"query-input":"required name=search_term_string"}],"inLanguage":"de"},{"@type":"Person","@id":"https:\/\/www.naturparkmagazin.de\/vdn\/#\/schema\/person\/e28d931df83318a48d52ae72b08d2bfb","name":"vdnnational","url":"https:\/\/www.naturparkmagazin.de\/vdn\/author\/vdnnational\/"}]}},"_links":{"self":[{"href":"https:\/\/www.naturparkmagazin.de\/vdn\/wp-json\/wp\/v2\/posts\/2117"}],"collection":[{"href":"https:\/\/www.naturparkmagazin.de\/vdn\/wp-json\/wp\/v2\/posts"}],"about":[{"href":"https:\/\/www.naturparkmagazin.de\/vdn\/wp-json\/wp\/v2\/types\/post"}],"author":[{"embeddable":true,"href":"https:\/\/www.naturparkmagazin.de\/vdn\/wp-json\/wp\/v2\/users\/14"}],"replies":[{"embeddable":true,"href":"https:\/\/www.naturparkmagazin.de\/vdn\/wp-json\/wp\/v2\/comments?post=2117"}],"version-history":[{"count":13,"href":"https:\/\/www.naturparkmagazin.de\/vdn\/wp-json\/wp\/v2\/posts\/2117\/revisions"}],"predecessor-version":[{"id":2336,"href":"https:\/\/www.naturparkmagazin.de\/vdn\/wp-json\/wp\/v2\/posts\/2117\/revisions\/2336"}],"wp:featuredmedia":[{"embeddable":true,"href":"https:\/\/www.naturparkmagazin.de\/vdn\/wp-json\/wp\/v2\/media\/2118"}],"wp:attachment":[{"href":"https:\/\/www.naturparkmagazin.de\/vdn\/wp-json\/wp\/v2\/media?parent=2117"}],"wp:term":[{"taxonomy":"category","embeddable":true,"href":"https:\/\/www.naturparkmagazin.de\/vdn\/wp-json\/wp\/v2\/categories?post=2117"},{"taxonomy":"post_tag","embeddable":true,"href":"https:\/\/www.naturparkmagazin.de\/vdn\/wp-json\/wp\/v2\/tags?post=2117"}],"curies":[{"name":"wp","href":"https:\/\/api.w.org\/{rel}","templated":true}]}}