{"id":2124,"date":"2013-08-28T08:15:33","date_gmt":"2013-08-28T06:15:33","guid":{"rendered":"http:\/\/www.naturparkmagazin.de\/vdn\/?p=2124"},"modified":"2013-08-22T13:40:19","modified_gmt":"2013-08-22T11:40:19","slug":"windbuchen","status":"publish","type":"post","link":"https:\/\/www.naturparkmagazin.de\/vdn\/windbuchen\/","title":{"rendered":"\u201eWindbuchen\u201c"},"content":{"rendered":"<p style=\"text-align: center\"><a href=\"https:\/\/www.naturparkmagazin.de\/vdn\/wp-content\/uploads\/sites\/3\/windbuchen-2974-2977-klein.jpg\"><img decoding=\"async\" loading=\"lazy\" class=\"aligncenter size-large wp-image-2125\" title=\"Foto des Monats: &quot;Windbuchen&quot; - Copyright: VDN\/Thomas Kaiser\" alt=\"Foto des Monats: &quot;Windbuchen&quot; - Copyright: VDN\/Thomas Kaiser\" src=\"https:\/\/www.naturparkmagazin.de\/vdn\/wp-content\/uploads\/sites\/3\/windbuchen-2974-2977-klein-940x705.jpg\" width=\"500\" height=\"374\" srcset=\"https:\/\/www.naturparkmagazin.de\/vdn\/wp-content\/uploads\/sites\/3\/windbuchen-2974-2977-klein-940x705.jpg 940w, https:\/\/www.naturparkmagazin.de\/vdn\/wp-content\/uploads\/sites\/3\/windbuchen-2974-2977-klein-300x225.jpg 300w, https:\/\/www.naturparkmagazin.de\/vdn\/wp-content\/uploads\/sites\/3\/windbuchen-2974-2977-klein-620x465.jpg 620w, https:\/\/www.naturparkmagazin.de\/vdn\/wp-content\/uploads\/sites\/3\/windbuchen-2974-2977-klein-580x435.jpg 580w, https:\/\/www.naturparkmagazin.de\/vdn\/wp-content\/uploads\/sites\/3\/windbuchen-2974-2977-klein-420x315.jpg 420w, https:\/\/www.naturparkmagazin.de\/vdn\/wp-content\/uploads\/sites\/3\/windbuchen-2974-2977-klein-180x135.jpg 180w, https:\/\/www.naturparkmagazin.de\/vdn\/wp-content\/uploads\/sites\/3\/windbuchen-2974-2977-klein-95x71.jpg 95w, https:\/\/www.naturparkmagazin.de\/vdn\/wp-content\/uploads\/sites\/3\/windbuchen-2974-2977-klein-670x503.jpg 670w, https:\/\/www.naturparkmagazin.de\/vdn\/wp-content\/uploads\/sites\/3\/windbuchen-2974-2977-klein-200x150.jpg 200w, https:\/\/www.naturparkmagazin.de\/vdn\/wp-content\/uploads\/sites\/3\/windbuchen-2974-2977-klein.jpg 1000w\" sizes=\"(max-width: 500px) 100vw, 500px\" \/><\/a><\/p>\n<p>Mit der Aufnahme \u201eWindbuchen\u201c konnte Thomas Kaiser die Jury \u00fcberzeugen und gewinnt im Juli den Fotowettbewerb \u201eAugenblick Natur!\u201c 2013.<\/p>\n<p>Die Besonderheit der Aufnahme aus dem Naturpark S\u00fcdschwarzwald liegt f\u00fcr die Jury in dem &#8222;Bruch von Sch\u00e4rfe und Kontrast zwischen den \u00c4sten im Bildvordergrund und dem zweiten, vollst\u00e4ndig abgebildeten Baum, der bereits ein wenig vom Nebel verh\u00fcllt ist. B\u00e4ume, deren Wuchs durch den Wind gepr\u00e4gt sind, genie\u00dfen in vielen Kulturen und den dazugeh\u00f6renden darstellenden K\u00fcnsten gro\u00dfe Aufmerksamkeit.&#8220;<\/p>\n<p>Viele weitere sch\u00f6ne Fotos aus den Naturparken finden Sie im Naturparke-<a href=\"http:\/\/www.naturparkfotos.de\/\">Fotoportal<\/a>.<\/p>\n<p>&nbsp;<\/p>\n","protected":false},"excerpt":{"rendered":"<p>Das Fotomotiv  &#8222;Windbuchen&#8220; von Thomas Kaiser ist unser Foto des Monats. Im Fotowettbewerb \u201eAugenblick Natur!\u201c 2013 k\u00fcrte die Jury das Motiv zum Siegerbild des Monats Juli.<\/p>\n","protected":false},"author":14,"featured_media":2125,"comment_status":"open","ping_status":"open","sticky":false,"template":"","format":"standard","meta":{"_links_to":"","_links_to_target":""},"categories":[10],"tags":[],"yoast_head":"<!-- This site is optimized with the Yoast SEO plugin v19.10 - https:\/\/yoast.com\/wordpress\/plugins\/seo\/ -->\n<title>\u201eWindbuchen\u201c<\/title>\n<meta name=\"description\" content=\"Das Fotomotiv &quot;Windbuchen&quot; von Thomas Kaiser ist unser Foto des Monats. Im Fotowettbewerb \u201eAugenblick Natur!\u201c 2013 k\u00fcrte die Jury das Motiv zum Siegerbild des Monats Juli.\" \/>\n<meta name=\"robots\" content=\"index, follow, max-snippet:-1, max-image-preview:large, max-video-preview:-1\" \/>\n<link rel=\"canonical\" href=\"https:\/\/www.naturparkmagazin.de\/vdn\/windbuchen\/\" \/>\n<meta property=\"og:locale\" content=\"de_DE\" \/>\n<meta property=\"og:type\" content=\"article\" \/>\n<meta property=\"og:title\" content=\"\u201eWindbuchen\u201c\" \/>\n<meta property=\"og:description\" content=\"Das Fotomotiv &quot;Windbuchen&quot; von Thomas Kaiser ist unser Foto des Monats. Im Fotowettbewerb \u201eAugenblick Natur!\u201c 2013 k\u00fcrte die Jury das Motiv zum Siegerbild des Monats Juli.\" \/>\n<meta property=\"og:url\" content=\"https:\/\/www.naturparkmagazin.de\/vdn\/windbuchen\/\" \/>\n<meta property=\"og:site_name\" content=\"Verband Deutscher Naturparke\" \/>\n<meta property=\"article:published_time\" content=\"2013-08-28T06:15:33+00:00\" \/>\n<meta property=\"article:modified_time\" content=\"2013-08-22T11:40:19+00:00\" \/>\n<meta property=\"og:image\" content=\"https:\/\/www.naturparkmagazin.de\/vdn\/wp-content\/uploads\/sites\/3\/windbuchen-2974-2977-klein.jpg\" \/>\n\t<meta property=\"og:image:width\" content=\"1000\" \/>\n\t<meta property=\"og:image:height\" content=\"750\" \/>\n\t<meta property=\"og:image:type\" content=\"image\/jpeg\" \/>\n<meta name=\"author\" content=\"vdnnational\" \/>\n<meta name=\"twitter:label1\" content=\"Verfasst von\" \/>\n\t<meta name=\"twitter:data1\" content=\"vdnnational\" \/>\n<script type=\"application\/ld+json\" class=\"yoast-schema-graph\">{\"@context\":\"https:\/\/schema.org\",\"@graph\":[{\"@type\":\"WebPage\",\"@id\":\"https:\/\/www.naturparkmagazin.de\/vdn\/windbuchen\/\",\"url\":\"https:\/\/www.naturparkmagazin.de\/vdn\/windbuchen\/\",\"name\":\"\u201eWindbuchen\u201c\",\"isPartOf\":{\"@id\":\"https:\/\/www.naturparkmagazin.de\/vdn\/#website\"},\"datePublished\":\"2013-08-28T06:15:33+00:00\",\"dateModified\":\"2013-08-22T11:40:19+00:00\",\"author\":{\"@id\":\"https:\/\/www.naturparkmagazin.de\/vdn\/#\/schema\/person\/e28d931df83318a48d52ae72b08d2bfb\"},\"description\":\"Das Fotomotiv \\\"Windbuchen\\\" von Thomas Kaiser ist unser Foto des Monats. Im Fotowettbewerb \u201eAugenblick Natur!\u201c 2013 k\u00fcrte die Jury das Motiv zum Siegerbild des Monats Juli.\",\"breadcrumb\":{\"@id\":\"https:\/\/www.naturparkmagazin.de\/vdn\/windbuchen\/#breadcrumb\"},\"inLanguage\":\"de\",\"potentialAction\":[{\"@type\":\"ReadAction\",\"target\":[\"https:\/\/www.naturparkmagazin.de\/vdn\/windbuchen\/\"]}]},{\"@type\":\"BreadcrumbList\",\"@id\":\"https:\/\/www.naturparkmagazin.de\/vdn\/windbuchen\/#breadcrumb\",\"itemListElement\":[{\"@type\":\"ListItem\",\"position\":1,\"name\":\"Home\",\"item\":\"https:\/\/www.naturparkmagazin.de\/vdn\/\"},{\"@type\":\"ListItem\",\"position\":2,\"name\":\"\u201eWindbuchen\u201c\"}]},{\"@type\":\"WebSite\",\"@id\":\"https:\/\/www.naturparkmagazin.de\/vdn\/#website\",\"url\":\"https:\/\/www.naturparkmagazin.de\/vdn\/\",\"name\":\"Verband Deutscher Naturparke\",\"description\":\"Eine weitere Naturparkmagazin.de Netzwerk Seite\",\"potentialAction\":[{\"@type\":\"SearchAction\",\"target\":{\"@type\":\"EntryPoint\",\"urlTemplate\":\"https:\/\/www.naturparkmagazin.de\/vdn\/?s={search_term_string}\"},\"query-input\":\"required name=search_term_string\"}],\"inLanguage\":\"de\"},{\"@type\":\"Person\",\"@id\":\"https:\/\/www.naturparkmagazin.de\/vdn\/#\/schema\/person\/e28d931df83318a48d52ae72b08d2bfb\",\"name\":\"vdnnational\",\"url\":\"https:\/\/www.naturparkmagazin.de\/vdn\/author\/vdnnational\/\"}]}<\/script>\n<!-- \/ Yoast SEO plugin. -->","yoast_head_json":{"title":"\u201eWindbuchen\u201c","description":"Das Fotomotiv \"Windbuchen\" von Thomas Kaiser ist unser Foto des Monats. Im Fotowettbewerb \u201eAugenblick Natur!\u201c 2013 k\u00fcrte die Jury das Motiv zum Siegerbild des Monats Juli.","robots":{"index":"index","follow":"follow","max-snippet":"max-snippet:-1","max-image-preview":"max-image-preview:large","max-video-preview":"max-video-preview:-1"},"canonical":"https:\/\/www.naturparkmagazin.de\/vdn\/windbuchen\/","og_locale":"de_DE","og_type":"article","og_title":"\u201eWindbuchen\u201c","og_description":"Das Fotomotiv \"Windbuchen\" von Thomas Kaiser ist unser Foto des Monats. Im Fotowettbewerb \u201eAugenblick Natur!\u201c 2013 k\u00fcrte die Jury das Motiv zum Siegerbild des Monats Juli.","og_url":"https:\/\/www.naturparkmagazin.de\/vdn\/windbuchen\/","og_site_name":"Verband Deutscher Naturparke","article_published_time":"2013-08-28T06:15:33+00:00","article_modified_time":"2013-08-22T11:40:19+00:00","og_image":[{"width":1000,"height":750,"url":"https:\/\/www.naturparkmagazin.de\/vdn\/wp-content\/uploads\/sites\/3\/windbuchen-2974-2977-klein.jpg","type":"image\/jpeg"}],"author":"vdnnational","twitter_misc":{"Verfasst von":"vdnnational"},"schema":{"@context":"https:\/\/schema.org","@graph":[{"@type":"WebPage","@id":"https:\/\/www.naturparkmagazin.de\/vdn\/windbuchen\/","url":"https:\/\/www.naturparkmagazin.de\/vdn\/windbuchen\/","name":"\u201eWindbuchen\u201c","isPartOf":{"@id":"https:\/\/www.naturparkmagazin.de\/vdn\/#website"},"datePublished":"2013-08-28T06:15:33+00:00","dateModified":"2013-08-22T11:40:19+00:00","author":{"@id":"https:\/\/www.naturparkmagazin.de\/vdn\/#\/schema\/person\/e28d931df83318a48d52ae72b08d2bfb"},"description":"Das Fotomotiv \"Windbuchen\" von Thomas Kaiser ist unser Foto des Monats. Im Fotowettbewerb \u201eAugenblick Natur!\u201c 2013 k\u00fcrte die Jury das Motiv zum Siegerbild des Monats Juli.","breadcrumb":{"@id":"https:\/\/www.naturparkmagazin.de\/vdn\/windbuchen\/#breadcrumb"},"inLanguage":"de","potentialAction":[{"@type":"ReadAction","target":["https:\/\/www.naturparkmagazin.de\/vdn\/windbuchen\/"]}]},{"@type":"BreadcrumbList","@id":"https:\/\/www.naturparkmagazin.de\/vdn\/windbuchen\/#breadcrumb","itemListElement":[{"@type":"ListItem","position":1,"name":"Home","item":"https:\/\/www.naturparkmagazin.de\/vdn\/"},{"@type":"ListItem","position":2,"name":"\u201eWindbuchen\u201c"}]},{"@type":"WebSite","@id":"https:\/\/www.naturparkmagazin.de\/vdn\/#website","url":"https:\/\/www.naturparkmagazin.de\/vdn\/","name":"Verband Deutscher Naturparke","description":"Eine weitere Naturparkmagazin.de Netzwerk Seite","potentialAction":[{"@type":"SearchAction","target":{"@type":"EntryPoint","urlTemplate":"https:\/\/www.naturparkmagazin.de\/vdn\/?s={search_term_string}"},"query-input":"required name=search_term_string"}],"inLanguage":"de"},{"@type":"Person","@id":"https:\/\/www.naturparkmagazin.de\/vdn\/#\/schema\/person\/e28d931df83318a48d52ae72b08d2bfb","name":"vdnnational","url":"https:\/\/www.naturparkmagazin.de\/vdn\/author\/vdnnational\/"}]}},"_links":{"self":[{"href":"https:\/\/www.naturparkmagazin.de\/vdn\/wp-json\/wp\/v2\/posts\/2124"}],"collection":[{"href":"https:\/\/www.naturparkmagazin.de\/vdn\/wp-json\/wp\/v2\/posts"}],"about":[{"href":"https:\/\/www.naturparkmagazin.de\/vdn\/wp-json\/wp\/v2\/types\/post"}],"author":[{"embeddable":true,"href":"https:\/\/www.naturparkmagazin.de\/vdn\/wp-json\/wp\/v2\/users\/14"}],"replies":[{"embeddable":true,"href":"https:\/\/www.naturparkmagazin.de\/vdn\/wp-json\/wp\/v2\/comments?post=2124"}],"version-history":[{"count":6,"href":"https:\/\/www.naturparkmagazin.de\/vdn\/wp-json\/wp\/v2\/posts\/2124\/revisions"}],"predecessor-version":[{"id":2127,"href":"https:\/\/www.naturparkmagazin.de\/vdn\/wp-json\/wp\/v2\/posts\/2124\/revisions\/2127"}],"wp:featuredmedia":[{"embeddable":true,"href":"https:\/\/www.naturparkmagazin.de\/vdn\/wp-json\/wp\/v2\/media\/2125"}],"wp:attachment":[{"href":"https:\/\/www.naturparkmagazin.de\/vdn\/wp-json\/wp\/v2\/media?parent=2124"}],"wp:term":[{"taxonomy":"category","embeddable":true,"href":"https:\/\/www.naturparkmagazin.de\/vdn\/wp-json\/wp\/v2\/categories?post=2124"},{"taxonomy":"post_tag","embeddable":true,"href":"https:\/\/www.naturparkmagazin.de\/vdn\/wp-json\/wp\/v2\/tags?post=2124"}],"curies":[{"name":"wp","href":"https:\/\/api.w.org\/{rel}","templated":true}]}}