{"id":2226,"date":"2013-09-25T08:00:09","date_gmt":"2013-09-25T06:00:09","guid":{"rendered":"http:\/\/www.naturparkmagazin.de\/vdn\/?p=2226"},"modified":"2013-09-24T15:25:24","modified_gmt":"2013-09-24T13:25:24","slug":"warum-heisst-der-fliegenpilz-eigentlich-fliegenpilz","status":"publish","type":"post","link":"https:\/\/www.naturparkmagazin.de\/vdn\/warum-heisst-der-fliegenpilz-eigentlich-fliegenpilz\/","title":{"rendered":"Warum hei\u00dft der Fliegenpilz eigentlich Fliegenpilz?"},"content":{"rendered":"<p style=\"text-align: center\"><a href=\"https:\/\/www.naturparkmagazin.de\/vdn\/wp-content\/uploads\/sites\/3\/Fliegenpilz_bearb.jpg\"><img decoding=\"async\" loading=\"lazy\" class=\"aligncenter size-full wp-image-2227\" title=\"Fliegenpilz - Copyright: LUXFOX\" alt=\"Fliegenpilz - Copyright: LUXFOX\" src=\"https:\/\/www.naturparkmagazin.de\/vdn\/wp-content\/uploads\/sites\/3\/Fliegenpilz_bearb.jpg\" width=\"640\" height=\"406\" srcset=\"https:\/\/www.naturparkmagazin.de\/vdn\/wp-content\/uploads\/sites\/3\/Fliegenpilz_bearb.jpg 640w, https:\/\/www.naturparkmagazin.de\/vdn\/wp-content\/uploads\/sites\/3\/Fliegenpilz_bearb-300x190.jpg 300w, https:\/\/www.naturparkmagazin.de\/vdn\/wp-content\/uploads\/sites\/3\/Fliegenpilz_bearb-620x393.jpg 620w, https:\/\/www.naturparkmagazin.de\/vdn\/wp-content\/uploads\/sites\/3\/Fliegenpilz_bearb-200x127.jpg 200w\" sizes=\"(max-width: 640px) 100vw, 640px\" \/><\/a><\/p>\n<p>Von Juli bis Oktober steht in unseren Fichten- und Birkenw\u00e4ldern ein Pilz mit rotem Hut und wei\u00dfen Flecken &#8211; der Fliegenpilz. Aber warum hei\u00dft der eigentlich so? Ob der Pilz wohl fliegen kann? Oder m\u00f6gen ihn die Fliegen ganz besonders gerne?<\/p>\n<p>Fliegen kann der Pilz nicht und die Fliegen m\u00f6gen ihn auch nicht besonders, denn fr\u00fcher benutzten die Menschen ihn als Fliegenfalle! Dazu wurde der Fliegenpilz in kleine St\u00fccke geschnitten und in gezuckerter Milch eingelegt. Das Gemisch wurde dann an einen Ort gestellt, an dem die Fliegen besonders st\u00f6rten. Durch den Geruch wurden die Fliegen angelockt und fielen nach dem Naschen anscheinend tot um. Tats\u00e4chlich werden die Fliegen aber nur bet\u00e4ubt und k\u00f6nnen, nachdem das Gift seine Wirkung verloren hat, wieder weiterfliegen. Nachmachen sollte man das als Mensch allerdings nicht, denn der Fliegenpilz ist f\u00fcr Menschen wirklich sehr, sehr giftig!<\/p>\n","protected":false},"excerpt":{"rendered":"<p>Von Juli bis Oktober steht in unseren Fichten- und Birkenw\u00e4ldern ein Pilz mit rotem Hut und wei\u00dfen Flecken &#8211; der Fliegenpilz. Aber warum hei\u00dft der eigentlich so?<\/p>\n","protected":false},"author":14,"featured_media":2227,"comment_status":"open","ping_status":"open","sticky":false,"template":"","format":"standard","meta":{"_links_to":"","_links_to_target":""},"categories":[617],"tags":[],"yoast_head":"<!-- This site is optimized with the Yoast SEO plugin v19.10 - https:\/\/yoast.com\/wordpress\/plugins\/seo\/ -->\n<title>Warum hei\u00dft der Fliegenpilz eigentlich Fliegenpilz?<\/title>\n<meta name=\"description\" content=\"Von Juli bis Oktober steht in unseren Fichten- und Birkenw\u00e4ldern ein Pilz mit rotem Hut und wei\u00dfen Flecken - der Fliegenpilz. Aber warum hei\u00dft der eigentlich so?\" \/>\n<meta name=\"robots\" content=\"index, follow, max-snippet:-1, max-image-preview:large, max-video-preview:-1\" \/>\n<link rel=\"canonical\" href=\"https:\/\/www.naturparkmagazin.de\/vdn\/warum-heisst-der-fliegenpilz-eigentlich-fliegenpilz\/\" \/>\n<meta property=\"og:locale\" content=\"de_DE\" \/>\n<meta property=\"og:type\" content=\"article\" \/>\n<meta property=\"og:title\" content=\"Warum hei\u00dft der Fliegenpilz eigentlich Fliegenpilz?\" \/>\n<meta property=\"og:description\" content=\"Von Juli bis Oktober steht in unseren Fichten- und Birkenw\u00e4ldern ein Pilz mit rotem Hut und wei\u00dfen Flecken - der Fliegenpilz. Aber warum hei\u00dft der eigentlich so?\" \/>\n<meta property=\"og:url\" content=\"https:\/\/www.naturparkmagazin.de\/vdn\/warum-heisst-der-fliegenpilz-eigentlich-fliegenpilz\/\" \/>\n<meta property=\"og:site_name\" content=\"Verband Deutscher Naturparke\" \/>\n<meta property=\"article:published_time\" content=\"2013-09-25T06:00:09+00:00\" \/>\n<meta property=\"article:modified_time\" content=\"2013-09-24T13:25:24+00:00\" \/>\n<meta property=\"og:image\" content=\"https:\/\/www.naturparkmagazin.de\/vdn\/wp-content\/uploads\/sites\/3\/Fliegenpilz_bearb.jpg\" \/>\n\t<meta property=\"og:image:width\" content=\"640\" \/>\n\t<meta property=\"og:image:height\" content=\"406\" \/>\n\t<meta property=\"og:image:type\" content=\"image\/jpeg\" \/>\n<meta name=\"author\" content=\"vdnnational\" \/>\n<meta name=\"twitter:label1\" content=\"Verfasst von\" \/>\n\t<meta name=\"twitter:data1\" content=\"vdnnational\" \/>\n\t<meta name=\"twitter:label2\" content=\"Gesch\u00e4tzte Lesezeit\" \/>\n\t<meta name=\"twitter:data2\" content=\"1\u00a0Minute\" \/>\n<script type=\"application\/ld+json\" class=\"yoast-schema-graph\">{\"@context\":\"https:\/\/schema.org\",\"@graph\":[{\"@type\":\"WebPage\",\"@id\":\"https:\/\/www.naturparkmagazin.de\/vdn\/warum-heisst-der-fliegenpilz-eigentlich-fliegenpilz\/\",\"url\":\"https:\/\/www.naturparkmagazin.de\/vdn\/warum-heisst-der-fliegenpilz-eigentlich-fliegenpilz\/\",\"name\":\"Warum hei\u00dft der Fliegenpilz eigentlich Fliegenpilz?\",\"isPartOf\":{\"@id\":\"https:\/\/www.naturparkmagazin.de\/vdn\/#website\"},\"datePublished\":\"2013-09-25T06:00:09+00:00\",\"dateModified\":\"2013-09-24T13:25:24+00:00\",\"author\":{\"@id\":\"https:\/\/www.naturparkmagazin.de\/vdn\/#\/schema\/person\/e28d931df83318a48d52ae72b08d2bfb\"},\"description\":\"Von Juli bis Oktober steht in unseren Fichten- und Birkenw\u00e4ldern ein Pilz mit rotem Hut und wei\u00dfen Flecken - der Fliegenpilz. Aber warum hei\u00dft der eigentlich so?\",\"breadcrumb\":{\"@id\":\"https:\/\/www.naturparkmagazin.de\/vdn\/warum-heisst-der-fliegenpilz-eigentlich-fliegenpilz\/#breadcrumb\"},\"inLanguage\":\"de\",\"potentialAction\":[{\"@type\":\"ReadAction\",\"target\":[\"https:\/\/www.naturparkmagazin.de\/vdn\/warum-heisst-der-fliegenpilz-eigentlich-fliegenpilz\/\"]}]},{\"@type\":\"BreadcrumbList\",\"@id\":\"https:\/\/www.naturparkmagazin.de\/vdn\/warum-heisst-der-fliegenpilz-eigentlich-fliegenpilz\/#breadcrumb\",\"itemListElement\":[{\"@type\":\"ListItem\",\"position\":1,\"name\":\"Home\",\"item\":\"https:\/\/www.naturparkmagazin.de\/vdn\/\"},{\"@type\":\"ListItem\",\"position\":2,\"name\":\"Warum hei\u00dft der Fliegenpilz eigentlich Fliegenpilz?\"}]},{\"@type\":\"WebSite\",\"@id\":\"https:\/\/www.naturparkmagazin.de\/vdn\/#website\",\"url\":\"https:\/\/www.naturparkmagazin.de\/vdn\/\",\"name\":\"Verband Deutscher Naturparke\",\"description\":\"Eine weitere Naturparkmagazin.de Netzwerk Seite\",\"potentialAction\":[{\"@type\":\"SearchAction\",\"target\":{\"@type\":\"EntryPoint\",\"urlTemplate\":\"https:\/\/www.naturparkmagazin.de\/vdn\/?s={search_term_string}\"},\"query-input\":\"required name=search_term_string\"}],\"inLanguage\":\"de\"},{\"@type\":\"Person\",\"@id\":\"https:\/\/www.naturparkmagazin.de\/vdn\/#\/schema\/person\/e28d931df83318a48d52ae72b08d2bfb\",\"name\":\"vdnnational\",\"url\":\"https:\/\/www.naturparkmagazin.de\/vdn\/author\/vdnnational\/\"}]}<\/script>\n<!-- \/ Yoast SEO plugin. -->","yoast_head_json":{"title":"Warum hei\u00dft der Fliegenpilz eigentlich Fliegenpilz?","description":"Von Juli bis Oktober steht in unseren Fichten- und Birkenw\u00e4ldern ein Pilz mit rotem Hut und wei\u00dfen Flecken - der Fliegenpilz. Aber warum hei\u00dft der eigentlich so?","robots":{"index":"index","follow":"follow","max-snippet":"max-snippet:-1","max-image-preview":"max-image-preview:large","max-video-preview":"max-video-preview:-1"},"canonical":"https:\/\/www.naturparkmagazin.de\/vdn\/warum-heisst-der-fliegenpilz-eigentlich-fliegenpilz\/","og_locale":"de_DE","og_type":"article","og_title":"Warum hei\u00dft der Fliegenpilz eigentlich Fliegenpilz?","og_description":"Von Juli bis Oktober steht in unseren Fichten- und Birkenw\u00e4ldern ein Pilz mit rotem Hut und wei\u00dfen Flecken - der Fliegenpilz. Aber warum hei\u00dft der eigentlich so?","og_url":"https:\/\/www.naturparkmagazin.de\/vdn\/warum-heisst-der-fliegenpilz-eigentlich-fliegenpilz\/","og_site_name":"Verband Deutscher Naturparke","article_published_time":"2013-09-25T06:00:09+00:00","article_modified_time":"2013-09-24T13:25:24+00:00","og_image":[{"width":640,"height":406,"url":"https:\/\/www.naturparkmagazin.de\/vdn\/wp-content\/uploads\/sites\/3\/Fliegenpilz_bearb.jpg","type":"image\/jpeg"}],"author":"vdnnational","twitter_misc":{"Verfasst von":"vdnnational","Gesch\u00e4tzte Lesezeit":"1\u00a0Minute"},"schema":{"@context":"https:\/\/schema.org","@graph":[{"@type":"WebPage","@id":"https:\/\/www.naturparkmagazin.de\/vdn\/warum-heisst-der-fliegenpilz-eigentlich-fliegenpilz\/","url":"https:\/\/www.naturparkmagazin.de\/vdn\/warum-heisst-der-fliegenpilz-eigentlich-fliegenpilz\/","name":"Warum hei\u00dft der Fliegenpilz eigentlich Fliegenpilz?","isPartOf":{"@id":"https:\/\/www.naturparkmagazin.de\/vdn\/#website"},"datePublished":"2013-09-25T06:00:09+00:00","dateModified":"2013-09-24T13:25:24+00:00","author":{"@id":"https:\/\/www.naturparkmagazin.de\/vdn\/#\/schema\/person\/e28d931df83318a48d52ae72b08d2bfb"},"description":"Von Juli bis Oktober steht in unseren Fichten- und Birkenw\u00e4ldern ein Pilz mit rotem Hut und wei\u00dfen Flecken - der Fliegenpilz. Aber warum hei\u00dft der eigentlich so?","breadcrumb":{"@id":"https:\/\/www.naturparkmagazin.de\/vdn\/warum-heisst-der-fliegenpilz-eigentlich-fliegenpilz\/#breadcrumb"},"inLanguage":"de","potentialAction":[{"@type":"ReadAction","target":["https:\/\/www.naturparkmagazin.de\/vdn\/warum-heisst-der-fliegenpilz-eigentlich-fliegenpilz\/"]}]},{"@type":"BreadcrumbList","@id":"https:\/\/www.naturparkmagazin.de\/vdn\/warum-heisst-der-fliegenpilz-eigentlich-fliegenpilz\/#breadcrumb","itemListElement":[{"@type":"ListItem","position":1,"name":"Home","item":"https:\/\/www.naturparkmagazin.de\/vdn\/"},{"@type":"ListItem","position":2,"name":"Warum hei\u00dft der Fliegenpilz eigentlich Fliegenpilz?"}]},{"@type":"WebSite","@id":"https:\/\/www.naturparkmagazin.de\/vdn\/#website","url":"https:\/\/www.naturparkmagazin.de\/vdn\/","name":"Verband Deutscher Naturparke","description":"Eine weitere Naturparkmagazin.de Netzwerk Seite","potentialAction":[{"@type":"SearchAction","target":{"@type":"EntryPoint","urlTemplate":"https:\/\/www.naturparkmagazin.de\/vdn\/?s={search_term_string}"},"query-input":"required name=search_term_string"}],"inLanguage":"de"},{"@type":"Person","@id":"https:\/\/www.naturparkmagazin.de\/vdn\/#\/schema\/person\/e28d931df83318a48d52ae72b08d2bfb","name":"vdnnational","url":"https:\/\/www.naturparkmagazin.de\/vdn\/author\/vdnnational\/"}]}},"_links":{"self":[{"href":"https:\/\/www.naturparkmagazin.de\/vdn\/wp-json\/wp\/v2\/posts\/2226"}],"collection":[{"href":"https:\/\/www.naturparkmagazin.de\/vdn\/wp-json\/wp\/v2\/posts"}],"about":[{"href":"https:\/\/www.naturparkmagazin.de\/vdn\/wp-json\/wp\/v2\/types\/post"}],"author":[{"embeddable":true,"href":"https:\/\/www.naturparkmagazin.de\/vdn\/wp-json\/wp\/v2\/users\/14"}],"replies":[{"embeddable":true,"href":"https:\/\/www.naturparkmagazin.de\/vdn\/wp-json\/wp\/v2\/comments?post=2226"}],"version-history":[{"count":3,"href":"https:\/\/www.naturparkmagazin.de\/vdn\/wp-json\/wp\/v2\/posts\/2226\/revisions"}],"predecessor-version":[{"id":2324,"href":"https:\/\/www.naturparkmagazin.de\/vdn\/wp-json\/wp\/v2\/posts\/2226\/revisions\/2324"}],"wp:featuredmedia":[{"embeddable":true,"href":"https:\/\/www.naturparkmagazin.de\/vdn\/wp-json\/wp\/v2\/media\/2227"}],"wp:attachment":[{"href":"https:\/\/www.naturparkmagazin.de\/vdn\/wp-json\/wp\/v2\/media?parent=2226"}],"wp:term":[{"taxonomy":"category","embeddable":true,"href":"https:\/\/www.naturparkmagazin.de\/vdn\/wp-json\/wp\/v2\/categories?post=2226"},{"taxonomy":"post_tag","embeddable":true,"href":"https:\/\/www.naturparkmagazin.de\/vdn\/wp-json\/wp\/v2\/tags?post=2226"}],"curies":[{"name":"wp","href":"https:\/\/api.w.org\/{rel}","templated":true}]}}