{"id":2300,"date":"2013-09-25T08:20:47","date_gmt":"2013-09-25T06:20:47","guid":{"rendered":"http:\/\/www.naturparkmagazin.de\/vdn\/?p=2300"},"modified":"2013-09-30T13:40:57","modified_gmt":"2013-09-30T11:40:57","slug":"ausgezeichnete-qualitaet-22-naturparke-qualifizieren-sich-als-qualitaets-naturpark","status":"publish","type":"post","link":"https:\/\/www.naturparkmagazin.de\/vdn\/ausgezeichnete-qualitaet-22-naturparke-qualifizieren-sich-als-qualitaets-naturpark\/","title":{"rendered":"&#8222;Ausgezeichnete Qualit\u00e4t!&#8220; &#8211; 22 Naturparke qualifizieren sich als \u201eQualit\u00e4ts-Naturpark\u201c"},"content":{"rendered":"<p style=\"text-align: center\">\u00a0<a href=\"https:\/\/www.naturparkmagazin.de\/vdn\/wp-content\/uploads\/sites\/3\/Pressebild-1_bearb.jpg\"><img decoding=\"async\" loading=\"lazy\" class=\"aligncenter size-full wp-image-2420\" title=\"Freudige Gesichter bei der Auszeichnung zum \u201eQualit\u00e4ts-Naturpark\u201c - Copyright: VDN\" alt=\"Freudige Gesichter bei der Auszeichnung zum \u201eQualit\u00e4ts-Naturpark\u201c - Copyright: VDN\" src=\"https:\/\/www.naturparkmagazin.de\/vdn\/wp-content\/uploads\/sites\/3\/Pressebild-1_bearb.jpg\" width=\"640\" height=\"345\" srcset=\"https:\/\/www.naturparkmagazin.de\/vdn\/wp-content\/uploads\/sites\/3\/Pressebild-1_bearb.jpg 640w, https:\/\/www.naturparkmagazin.de\/vdn\/wp-content\/uploads\/sites\/3\/Pressebild-1_bearb-300x162.jpg 300w, https:\/\/www.naturparkmagazin.de\/vdn\/wp-content\/uploads\/sites\/3\/Pressebild-1_bearb-620x334.jpg 620w, https:\/\/www.naturparkmagazin.de\/vdn\/wp-content\/uploads\/sites\/3\/Pressebild-1_bearb-200x108.jpg 200w\" sizes=\"(max-width: 640px) 100vw, 640px\" \/><\/a><\/p>\n<p>22 Naturparke wurden am 26. September 2013 vom Pr\u00e4sidenten des Verbandes Deutscher Naturparke (VDN) Dr. Michael Arndt im Rahmen der \u201eQualit\u00e4tsoffensive Naturparke\u201c als \u201eQualit\u00e4ts-Naturpark\u201c ausgezeichnet. Die Auszeichnung fand auf der Er\u00f6ffnungsveranstaltung des Deutschen Naturpark-Tages 2013 im Naturpark Rothaargebirge in Schmallenberg statt.<\/p>\n<p>Ausgezeichnet wurden die Naturparke Bayerische Rh\u00f6n, Bergstra\u00dfe-Odenwald, Dr\u00f6mling, Frankenwald, Habichtswald, Hessische Rh\u00f6n, Hessischer Spessart, Lahn-Dill-Bergland, M\u00fcnden, Nuthe-Nieplitz, Oberer Bayerischer Wald, Saale-Unstrut-Triasland, Sch\u00f6nbuch, Schw\u00e4bisch-Fr\u00e4nkischer Wald, Schwalm-Nette, Schwarzwald Mitte-Nord, Stechlin-Ruppiner Land, Steigerwald, Steinhuder Meer, S\u00fcdschwarzwald, Teutoburger Wald \/ Eggegebirge\u00a0 und Uckerm\u00e4rkische Seen.<\/p>\n<p>In der \u201eQualit\u00e4tsoffensive Naturparke\u201c m\u00fcssen \u201eQualit\u00e4ts-Naturparke\u201c mindestens 250 von insgesamt 500 m\u00f6glichen Punkten erreichen. Ein Qualit\u00e4ts-Scout bereist jeden teilnehmenden Naturpark und \u00fcberpr\u00fcft und ber\u00e4t ihn im Rahmen dieser Bereisung. Insgesamt haben jetzt 74 der 104 Naturparke in Deutschland an der Qualit\u00e4tsoffensive Naturparke teilgenommen.<\/p>\n<p>Weitere Informationen zur Qualit\u00e4tsoffensive Naturparke finden Sie <a href=\"http:\/\/www.naturparke.de\/parks\/quality\" target=\"_blank\">hier<\/a>.<\/p>\n","protected":false},"excerpt":{"rendered":"<p>22 Naturparke wurden am 26. September 2013 vom Pr\u00e4sidenten des Verbandes Deutscher Naturparke (VDN) Dr. Michael Arndt im Rahmen der \u201eQualit\u00e4tsoffensive Naturparke\u201c als \u201eQualit\u00e4ts-Naturpark\u201c ausgezeichnet.<\/p>\n","protected":false},"author":14,"featured_media":2420,"comment_status":"open","ping_status":"open","sticky":false,"template":"","format":"standard","meta":{"_links_to":"","_links_to_target":""},"categories":[7],"tags":[],"yoast_head":"<!-- This site is optimized with the Yoast SEO plugin v19.10 - https:\/\/yoast.com\/wordpress\/plugins\/seo\/ -->\n<title>&quot;Ausgezeichnete Qualit\u00e4t!&quot; - 22 Naturparke qualifizieren sich als \u201eQualit\u00e4ts-Naturpark\u201c<\/title>\n<meta name=\"description\" content=\"22 Naturparke wurden am 26. September 2013 vom Pr\u00e4sidenten des Verbandes Deutscher Naturparke (VDN) Dr. Michael Arndt im Rahmen der \u201eQualit\u00e4tsoffensive Naturparke\u201c als \u201eQualit\u00e4ts-Naturpark\u201c ausgezeichnet.\" \/>\n<meta name=\"robots\" content=\"index, follow, max-snippet:-1, max-image-preview:large, max-video-preview:-1\" \/>\n<link rel=\"canonical\" href=\"https:\/\/www.naturparkmagazin.de\/vdn\/ausgezeichnete-qualitaet-22-naturparke-qualifizieren-sich-als-qualitaets-naturpark\/\" \/>\n<meta property=\"og:locale\" content=\"de_DE\" \/>\n<meta property=\"og:type\" content=\"article\" \/>\n<meta property=\"og:title\" content=\"&quot;Ausgezeichnete Qualit\u00e4t!&quot; - 22 Naturparke qualifizieren sich als \u201eQualit\u00e4ts-Naturpark\u201c\" \/>\n<meta property=\"og:description\" content=\"22 Naturparke wurden am 26. September 2013 vom Pr\u00e4sidenten des Verbandes Deutscher Naturparke (VDN) Dr. Michael Arndt im Rahmen der \u201eQualit\u00e4tsoffensive Naturparke\u201c als \u201eQualit\u00e4ts-Naturpark\u201c ausgezeichnet.\" \/>\n<meta property=\"og:url\" content=\"https:\/\/www.naturparkmagazin.de\/vdn\/ausgezeichnete-qualitaet-22-naturparke-qualifizieren-sich-als-qualitaets-naturpark\/\" \/>\n<meta property=\"og:site_name\" content=\"Verband Deutscher Naturparke\" \/>\n<meta property=\"article:published_time\" content=\"2013-09-25T06:20:47+00:00\" \/>\n<meta property=\"article:modified_time\" content=\"2013-09-30T11:40:57+00:00\" \/>\n<meta property=\"og:image\" content=\"https:\/\/www.naturparkmagazin.de\/vdn\/wp-content\/uploads\/sites\/3\/Pressebild-1_bearb.jpg\" \/>\n\t<meta property=\"og:image:width\" content=\"640\" \/>\n\t<meta property=\"og:image:height\" content=\"345\" \/>\n\t<meta property=\"og:image:type\" content=\"image\/jpeg\" \/>\n<meta name=\"author\" content=\"vdnnational\" \/>\n<meta name=\"twitter:label1\" content=\"Verfasst von\" \/>\n\t<meta name=\"twitter:data1\" content=\"vdnnational\" \/>\n\t<meta name=\"twitter:label2\" content=\"Gesch\u00e4tzte Lesezeit\" \/>\n\t<meta name=\"twitter:data2\" content=\"1\u00a0Minute\" \/>\n<script type=\"application\/ld+json\" class=\"yoast-schema-graph\">{\"@context\":\"https:\/\/schema.org\",\"@graph\":[{\"@type\":\"WebPage\",\"@id\":\"https:\/\/www.naturparkmagazin.de\/vdn\/ausgezeichnete-qualitaet-22-naturparke-qualifizieren-sich-als-qualitaets-naturpark\/\",\"url\":\"https:\/\/www.naturparkmagazin.de\/vdn\/ausgezeichnete-qualitaet-22-naturparke-qualifizieren-sich-als-qualitaets-naturpark\/\",\"name\":\"\\\"Ausgezeichnete Qualit\u00e4t!\\\" - 22 Naturparke qualifizieren sich als \u201eQualit\u00e4ts-Naturpark\u201c\",\"isPartOf\":{\"@id\":\"https:\/\/www.naturparkmagazin.de\/vdn\/#website\"},\"datePublished\":\"2013-09-25T06:20:47+00:00\",\"dateModified\":\"2013-09-30T11:40:57+00:00\",\"author\":{\"@id\":\"https:\/\/www.naturparkmagazin.de\/vdn\/#\/schema\/person\/e28d931df83318a48d52ae72b08d2bfb\"},\"description\":\"22 Naturparke wurden am 26. September 2013 vom Pr\u00e4sidenten des Verbandes Deutscher Naturparke (VDN) Dr. Michael Arndt im Rahmen der \u201eQualit\u00e4tsoffensive Naturparke\u201c als \u201eQualit\u00e4ts-Naturpark\u201c ausgezeichnet.\",\"breadcrumb\":{\"@id\":\"https:\/\/www.naturparkmagazin.de\/vdn\/ausgezeichnete-qualitaet-22-naturparke-qualifizieren-sich-als-qualitaets-naturpark\/#breadcrumb\"},\"inLanguage\":\"de\",\"potentialAction\":[{\"@type\":\"ReadAction\",\"target\":[\"https:\/\/www.naturparkmagazin.de\/vdn\/ausgezeichnete-qualitaet-22-naturparke-qualifizieren-sich-als-qualitaets-naturpark\/\"]}]},{\"@type\":\"BreadcrumbList\",\"@id\":\"https:\/\/www.naturparkmagazin.de\/vdn\/ausgezeichnete-qualitaet-22-naturparke-qualifizieren-sich-als-qualitaets-naturpark\/#breadcrumb\",\"itemListElement\":[{\"@type\":\"ListItem\",\"position\":1,\"name\":\"Home\",\"item\":\"https:\/\/www.naturparkmagazin.de\/vdn\/\"},{\"@type\":\"ListItem\",\"position\":2,\"name\":\"&#8222;Ausgezeichnete Qualit\u00e4t!&#8220; &#8211; 22 Naturparke qualifizieren sich als \u201eQualit\u00e4ts-Naturpark\u201c\"}]},{\"@type\":\"WebSite\",\"@id\":\"https:\/\/www.naturparkmagazin.de\/vdn\/#website\",\"url\":\"https:\/\/www.naturparkmagazin.de\/vdn\/\",\"name\":\"Verband Deutscher Naturparke\",\"description\":\"Eine weitere Naturparkmagazin.de Netzwerk Seite\",\"potentialAction\":[{\"@type\":\"SearchAction\",\"target\":{\"@type\":\"EntryPoint\",\"urlTemplate\":\"https:\/\/www.naturparkmagazin.de\/vdn\/?s={search_term_string}\"},\"query-input\":\"required name=search_term_string\"}],\"inLanguage\":\"de\"},{\"@type\":\"Person\",\"@id\":\"https:\/\/www.naturparkmagazin.de\/vdn\/#\/schema\/person\/e28d931df83318a48d52ae72b08d2bfb\",\"name\":\"vdnnational\",\"url\":\"https:\/\/www.naturparkmagazin.de\/vdn\/author\/vdnnational\/\"}]}<\/script>\n<!-- \/ Yoast SEO plugin. -->","yoast_head_json":{"title":"\"Ausgezeichnete Qualit\u00e4t!\" - 22 Naturparke qualifizieren sich als \u201eQualit\u00e4ts-Naturpark\u201c","description":"22 Naturparke wurden am 26. September 2013 vom Pr\u00e4sidenten des Verbandes Deutscher Naturparke (VDN) Dr. Michael Arndt im Rahmen der \u201eQualit\u00e4tsoffensive Naturparke\u201c als \u201eQualit\u00e4ts-Naturpark\u201c ausgezeichnet.","robots":{"index":"index","follow":"follow","max-snippet":"max-snippet:-1","max-image-preview":"max-image-preview:large","max-video-preview":"max-video-preview:-1"},"canonical":"https:\/\/www.naturparkmagazin.de\/vdn\/ausgezeichnete-qualitaet-22-naturparke-qualifizieren-sich-als-qualitaets-naturpark\/","og_locale":"de_DE","og_type":"article","og_title":"\"Ausgezeichnete Qualit\u00e4t!\" - 22 Naturparke qualifizieren sich als \u201eQualit\u00e4ts-Naturpark\u201c","og_description":"22 Naturparke wurden am 26. September 2013 vom Pr\u00e4sidenten des Verbandes Deutscher Naturparke (VDN) Dr. Michael Arndt im Rahmen der \u201eQualit\u00e4tsoffensive Naturparke\u201c als \u201eQualit\u00e4ts-Naturpark\u201c ausgezeichnet.","og_url":"https:\/\/www.naturparkmagazin.de\/vdn\/ausgezeichnete-qualitaet-22-naturparke-qualifizieren-sich-als-qualitaets-naturpark\/","og_site_name":"Verband Deutscher Naturparke","article_published_time":"2013-09-25T06:20:47+00:00","article_modified_time":"2013-09-30T11:40:57+00:00","og_image":[{"width":640,"height":345,"url":"https:\/\/www.naturparkmagazin.de\/vdn\/wp-content\/uploads\/sites\/3\/Pressebild-1_bearb.jpg","type":"image\/jpeg"}],"author":"vdnnational","twitter_misc":{"Verfasst von":"vdnnational","Gesch\u00e4tzte Lesezeit":"1\u00a0Minute"},"schema":{"@context":"https:\/\/schema.org","@graph":[{"@type":"WebPage","@id":"https:\/\/www.naturparkmagazin.de\/vdn\/ausgezeichnete-qualitaet-22-naturparke-qualifizieren-sich-als-qualitaets-naturpark\/","url":"https:\/\/www.naturparkmagazin.de\/vdn\/ausgezeichnete-qualitaet-22-naturparke-qualifizieren-sich-als-qualitaets-naturpark\/","name":"\"Ausgezeichnete Qualit\u00e4t!\" - 22 Naturparke qualifizieren sich als \u201eQualit\u00e4ts-Naturpark\u201c","isPartOf":{"@id":"https:\/\/www.naturparkmagazin.de\/vdn\/#website"},"datePublished":"2013-09-25T06:20:47+00:00","dateModified":"2013-09-30T11:40:57+00:00","author":{"@id":"https:\/\/www.naturparkmagazin.de\/vdn\/#\/schema\/person\/e28d931df83318a48d52ae72b08d2bfb"},"description":"22 Naturparke wurden am 26. September 2013 vom Pr\u00e4sidenten des Verbandes Deutscher Naturparke (VDN) Dr. Michael Arndt im Rahmen der \u201eQualit\u00e4tsoffensive Naturparke\u201c als \u201eQualit\u00e4ts-Naturpark\u201c ausgezeichnet.","breadcrumb":{"@id":"https:\/\/www.naturparkmagazin.de\/vdn\/ausgezeichnete-qualitaet-22-naturparke-qualifizieren-sich-als-qualitaets-naturpark\/#breadcrumb"},"inLanguage":"de","potentialAction":[{"@type":"ReadAction","target":["https:\/\/www.naturparkmagazin.de\/vdn\/ausgezeichnete-qualitaet-22-naturparke-qualifizieren-sich-als-qualitaets-naturpark\/"]}]},{"@type":"BreadcrumbList","@id":"https:\/\/www.naturparkmagazin.de\/vdn\/ausgezeichnete-qualitaet-22-naturparke-qualifizieren-sich-als-qualitaets-naturpark\/#breadcrumb","itemListElement":[{"@type":"ListItem","position":1,"name":"Home","item":"https:\/\/www.naturparkmagazin.de\/vdn\/"},{"@type":"ListItem","position":2,"name":"&#8222;Ausgezeichnete Qualit\u00e4t!&#8220; &#8211; 22 Naturparke qualifizieren sich als \u201eQualit\u00e4ts-Naturpark\u201c"}]},{"@type":"WebSite","@id":"https:\/\/www.naturparkmagazin.de\/vdn\/#website","url":"https:\/\/www.naturparkmagazin.de\/vdn\/","name":"Verband Deutscher Naturparke","description":"Eine weitere Naturparkmagazin.de Netzwerk Seite","potentialAction":[{"@type":"SearchAction","target":{"@type":"EntryPoint","urlTemplate":"https:\/\/www.naturparkmagazin.de\/vdn\/?s={search_term_string}"},"query-input":"required name=search_term_string"}],"inLanguage":"de"},{"@type":"Person","@id":"https:\/\/www.naturparkmagazin.de\/vdn\/#\/schema\/person\/e28d931df83318a48d52ae72b08d2bfb","name":"vdnnational","url":"https:\/\/www.naturparkmagazin.de\/vdn\/author\/vdnnational\/"}]}},"_links":{"self":[{"href":"https:\/\/www.naturparkmagazin.de\/vdn\/wp-json\/wp\/v2\/posts\/2300"}],"collection":[{"href":"https:\/\/www.naturparkmagazin.de\/vdn\/wp-json\/wp\/v2\/posts"}],"about":[{"href":"https:\/\/www.naturparkmagazin.de\/vdn\/wp-json\/wp\/v2\/types\/post"}],"author":[{"embeddable":true,"href":"https:\/\/www.naturparkmagazin.de\/vdn\/wp-json\/wp\/v2\/users\/14"}],"replies":[{"embeddable":true,"href":"https:\/\/www.naturparkmagazin.de\/vdn\/wp-json\/wp\/v2\/comments?post=2300"}],"version-history":[{"count":9,"href":"https:\/\/www.naturparkmagazin.de\/vdn\/wp-json\/wp\/v2\/posts\/2300\/revisions"}],"predecessor-version":[{"id":2397,"href":"https:\/\/www.naturparkmagazin.de\/vdn\/wp-json\/wp\/v2\/posts\/2300\/revisions\/2397"}],"wp:featuredmedia":[{"embeddable":true,"href":"https:\/\/www.naturparkmagazin.de\/vdn\/wp-json\/wp\/v2\/media\/2420"}],"wp:attachment":[{"href":"https:\/\/www.naturparkmagazin.de\/vdn\/wp-json\/wp\/v2\/media?parent=2300"}],"wp:term":[{"taxonomy":"category","embeddable":true,"href":"https:\/\/www.naturparkmagazin.de\/vdn\/wp-json\/wp\/v2\/categories?post=2300"},{"taxonomy":"post_tag","embeddable":true,"href":"https:\/\/www.naturparkmagazin.de\/vdn\/wp-json\/wp\/v2\/tags?post=2300"}],"curies":[{"name":"wp","href":"https:\/\/api.w.org\/{rel}","templated":true}]}}