{"id":2320,"date":"2013-09-25T08:30:42","date_gmt":"2013-09-25T06:30:42","guid":{"rendered":"http:\/\/www.naturparkmagazin.de\/vdn\/?p=2320"},"modified":"2013-09-27T11:06:31","modified_gmt":"2013-09-27T09:06:31","slug":"hand-aufs-herz-umfrage-zu-naturparken-bei-den-fraktionen-im-deutschen-bundestag","status":"publish","type":"post","link":"https:\/\/www.naturparkmagazin.de\/vdn\/hand-aufs-herz-umfrage-zu-naturparken-bei-den-fraktionen-im-deutschen-bundestag\/","title":{"rendered":"&#8222;Hand auf\u00b4s Herz!&#8220; &#8211; Umfrage zu Naturparken bei den Fraktionen im Deutschen Bundestag"},"content":{"rendered":"<p style=\"text-align: center\"><a href=\"https:\/\/www.naturparkmagazin.de\/vdn\/wp-content\/uploads\/sites\/3\/2919034_Deutscher_Bundestag_bearb1.jpg\"><img decoding=\"async\" loading=\"lazy\" class=\"aligncenter size-large wp-image-2328\" title=\"Deutscher Bundestag - Copyright: Katrin Neuhauser\" alt=\"Deutscher Bundestag - Copyright: Katrin Neuhauser\" src=\"https:\/\/www.naturparkmagazin.de\/vdn\/wp-content\/uploads\/sites\/3\/2919034_Deutscher_Bundestag_bearb1.jpg\" width=\"620\" height=\"413\" srcset=\"https:\/\/www.naturparkmagazin.de\/vdn\/wp-content\/uploads\/sites\/3\/2919034_Deutscher_Bundestag_bearb1.jpg 640w, https:\/\/www.naturparkmagazin.de\/vdn\/wp-content\/uploads\/sites\/3\/2919034_Deutscher_Bundestag_bearb1-300x200.jpg 300w, https:\/\/www.naturparkmagazin.de\/vdn\/wp-content\/uploads\/sites\/3\/2919034_Deutscher_Bundestag_bearb1-620x414.jpg 620w, https:\/\/www.naturparkmagazin.de\/vdn\/wp-content\/uploads\/sites\/3\/2919034_Deutscher_Bundestag_bearb1-200x133.jpg 200w\" sizes=\"(max-width: 620px) 100vw, 620px\" \/><\/a><\/p>\n<p>Aus Anlass seines 50j\u00e4hrigen Bestehens, das 2013 unter dem Motto \u201e50 Jahre Netzwerk Naturparke\u201c gefeiert wird, hat der Verband Deutscher Naturparke (VDN)\u00a0 im Vorfeld der Bundestagswahl alle Fraktionen im Deutschen Bundestag gebeten, sich in einer Umfrage zur Arbeit der Naturparke in Deutschland zu \u00e4u\u00dfern.<\/p>\n<p>Die Antworten der Bundestagsfraktionen von CDU\/CSU, SPD, B\u00fcndnis 90\/Die Gr\u00fcnen und Die Linke zeigen, dass die Naturparke nicht nur in der Bev\u00f6lkerung, sondern auch in der Politik ein hohes Ansehen genie\u00dfen. Dies zeigen beispielhaft die folgenden Ausz\u00fcge der Antworten der Bundestagsfraktionen:<\/p>\n<p>\u201eWir sind uns da alle einig: Naturparke sind genauso wie Nationalparke und andere Schutzgebiete das R\u00fcckgrat naturtouristischer Angebote und damit ein ganz wesentlicher Teil unserer l\u00e4ndlichen R\u00e4ume. Sie pr\u00e4gen bestimmte Regionen und sind somit identit\u00e4tsstiftend. Regionen, die Teil\u00a0 eines Naturparkes sind, k\u00f6nnen \u201esich gl\u00fccklich sch\u00e4tzen\u201c, denn Naturparke haben einen entscheidenden Anteil an der Wirtschaftskraft einer Region\u00a0 aufgrund der Bewirtschaftung, der damit verbundenen Erwirtschaftung regionaler Produkte und Attraktivit\u00e4t f\u00fcr den Tourismus.\u201c<\/p>\n<p>\u201eNaturparke sind nicht nur rechtlich verpflichtet, sondern auch au\u00dferordentlich erfolgreich darin, eine nachhaltige Regionalentwicklung zu f\u00f6rdern. Die Erfahrungen zeigen, dass durch die Ausweisung eines Naturparks eine besondere Qualit\u00e4t als Wirtschaftsstandort erreicht werden kann.\u201c<\/p>\n<p>\u201eDie Informationszentren der Naturparke sind von herausragender Bedeutung f\u00fcr die Umweltbildung. Sachkundige Ranger, die eine gute fachliche Begleitung der Besucherinnen und Besucher sicherstellen, k\u00f6nnen das Wissen um Natur und Kultur besonders eingehend vermitteln.\u201c<\/p>\n<p>\u201eNaturparke erhalten eine identifikationsstiftende Landschaft, lassen aber zugleich eine behutsame Entwicklung zu. Damit bewahren sie Geschichte und erm\u00f6glichen Zukunft.\u201c<\/p>\n<p>Die Fragen und die Antworten der Bundestagsfraktionen finden Sie Sie im Internet unter <a href=\"http:\/\/www.naturparke.de\/umfrage\" target=\"_blank\">www.naturparke.de\/umfrage<\/a>.<\/p>\n","protected":false},"excerpt":{"rendered":"<p>Aus Anlass seines 50j\u00e4hrigen Bestehens hat der Verband Deutscher Naturparke (VDN)  im Vorfeld der Bundestagswahl alle Fraktionen im Deutschen Bundestag gebeten, sich in einer Umfrage zur Arbeit der Naturparke in Deutschland zu \u00e4u\u00dfern.<\/p>\n","protected":false},"author":14,"featured_media":2328,"comment_status":"open","ping_status":"open","sticky":false,"template":"","format":"standard","meta":{"_links_to":"","_links_to_target":""},"categories":[7],"tags":[],"yoast_head":"<!-- This site is optimized with the Yoast SEO plugin v19.10 - https:\/\/yoast.com\/wordpress\/plugins\/seo\/ -->\n<title>&quot;Hand auf\u00b4s Herz!&quot; - Umfrage zu Naturparken bei den Fraktionen im Deutschen Bundestag<\/title>\n<meta name=\"description\" content=\"Aus Anlass seines 50j\u00e4hrigen Bestehens hat der Verband Deutscher Naturparke (VDN) im Vorfeld der Bundestagswahl alle Fraktionen im Deutschen Bundestag gebeten, sich in einer Umfrage zur Arbeit der Naturparke in Deutschland zu \u00e4u\u00dfern.\" \/>\n<meta name=\"robots\" content=\"index, follow, max-snippet:-1, max-image-preview:large, max-video-preview:-1\" \/>\n<link rel=\"canonical\" href=\"https:\/\/www.naturparkmagazin.de\/vdn\/hand-aufs-herz-umfrage-zu-naturparken-bei-den-fraktionen-im-deutschen-bundestag\/\" \/>\n<meta property=\"og:locale\" content=\"de_DE\" \/>\n<meta property=\"og:type\" content=\"article\" \/>\n<meta property=\"og:title\" content=\"&quot;Hand auf\u00b4s Herz!&quot; - Umfrage zu Naturparken bei den Fraktionen im Deutschen Bundestag\" \/>\n<meta property=\"og:description\" content=\"Aus Anlass seines 50j\u00e4hrigen Bestehens hat der Verband Deutscher Naturparke (VDN) im Vorfeld der Bundestagswahl alle Fraktionen im Deutschen Bundestag gebeten, sich in einer Umfrage zur Arbeit der Naturparke in Deutschland zu \u00e4u\u00dfern.\" \/>\n<meta property=\"og:url\" content=\"https:\/\/www.naturparkmagazin.de\/vdn\/hand-aufs-herz-umfrage-zu-naturparken-bei-den-fraktionen-im-deutschen-bundestag\/\" \/>\n<meta property=\"og:site_name\" content=\"Verband Deutscher Naturparke\" \/>\n<meta property=\"article:published_time\" content=\"2013-09-25T06:30:42+00:00\" \/>\n<meta property=\"article:modified_time\" content=\"2013-09-27T09:06:31+00:00\" \/>\n<meta property=\"og:image\" content=\"https:\/\/www.naturparkmagazin.de\/vdn\/wp-content\/uploads\/sites\/3\/2919034_Deutscher_Bundestag_bearb1.jpg\" \/>\n\t<meta property=\"og:image:width\" content=\"640\" \/>\n\t<meta property=\"og:image:height\" content=\"427\" \/>\n\t<meta property=\"og:image:type\" content=\"image\/jpeg\" \/>\n<meta name=\"author\" content=\"vdnnational\" \/>\n<meta name=\"twitter:label1\" content=\"Verfasst von\" \/>\n\t<meta name=\"twitter:data1\" content=\"vdnnational\" \/>\n\t<meta name=\"twitter:label2\" content=\"Gesch\u00e4tzte Lesezeit\" \/>\n\t<meta name=\"twitter:data2\" content=\"1\u00a0Minute\" \/>\n<script type=\"application\/ld+json\" class=\"yoast-schema-graph\">{\"@context\":\"https:\/\/schema.org\",\"@graph\":[{\"@type\":\"WebPage\",\"@id\":\"https:\/\/www.naturparkmagazin.de\/vdn\/hand-aufs-herz-umfrage-zu-naturparken-bei-den-fraktionen-im-deutschen-bundestag\/\",\"url\":\"https:\/\/www.naturparkmagazin.de\/vdn\/hand-aufs-herz-umfrage-zu-naturparken-bei-den-fraktionen-im-deutschen-bundestag\/\",\"name\":\"\\\"Hand auf\u00b4s Herz!\\\" - Umfrage zu Naturparken bei den Fraktionen im Deutschen Bundestag\",\"isPartOf\":{\"@id\":\"https:\/\/www.naturparkmagazin.de\/vdn\/#website\"},\"datePublished\":\"2013-09-25T06:30:42+00:00\",\"dateModified\":\"2013-09-27T09:06:31+00:00\",\"author\":{\"@id\":\"https:\/\/www.naturparkmagazin.de\/vdn\/#\/schema\/person\/e28d931df83318a48d52ae72b08d2bfb\"},\"description\":\"Aus Anlass seines 50j\u00e4hrigen Bestehens hat der Verband Deutscher Naturparke (VDN) im Vorfeld der Bundestagswahl alle Fraktionen im Deutschen Bundestag gebeten, sich in einer Umfrage zur Arbeit der Naturparke in Deutschland zu \u00e4u\u00dfern.\",\"breadcrumb\":{\"@id\":\"https:\/\/www.naturparkmagazin.de\/vdn\/hand-aufs-herz-umfrage-zu-naturparken-bei-den-fraktionen-im-deutschen-bundestag\/#breadcrumb\"},\"inLanguage\":\"de\",\"potentialAction\":[{\"@type\":\"ReadAction\",\"target\":[\"https:\/\/www.naturparkmagazin.de\/vdn\/hand-aufs-herz-umfrage-zu-naturparken-bei-den-fraktionen-im-deutschen-bundestag\/\"]}]},{\"@type\":\"BreadcrumbList\",\"@id\":\"https:\/\/www.naturparkmagazin.de\/vdn\/hand-aufs-herz-umfrage-zu-naturparken-bei-den-fraktionen-im-deutschen-bundestag\/#breadcrumb\",\"itemListElement\":[{\"@type\":\"ListItem\",\"position\":1,\"name\":\"Home\",\"item\":\"https:\/\/www.naturparkmagazin.de\/vdn\/\"},{\"@type\":\"ListItem\",\"position\":2,\"name\":\"&#8222;Hand auf\u00b4s Herz!&#8220; &#8211; Umfrage zu Naturparken bei den Fraktionen im Deutschen Bundestag\"}]},{\"@type\":\"WebSite\",\"@id\":\"https:\/\/www.naturparkmagazin.de\/vdn\/#website\",\"url\":\"https:\/\/www.naturparkmagazin.de\/vdn\/\",\"name\":\"Verband Deutscher Naturparke\",\"description\":\"Eine weitere Naturparkmagazin.de Netzwerk Seite\",\"potentialAction\":[{\"@type\":\"SearchAction\",\"target\":{\"@type\":\"EntryPoint\",\"urlTemplate\":\"https:\/\/www.naturparkmagazin.de\/vdn\/?s={search_term_string}\"},\"query-input\":\"required name=search_term_string\"}],\"inLanguage\":\"de\"},{\"@type\":\"Person\",\"@id\":\"https:\/\/www.naturparkmagazin.de\/vdn\/#\/schema\/person\/e28d931df83318a48d52ae72b08d2bfb\",\"name\":\"vdnnational\",\"url\":\"https:\/\/www.naturparkmagazin.de\/vdn\/author\/vdnnational\/\"}]}<\/script>\n<!-- \/ Yoast SEO plugin. -->","yoast_head_json":{"title":"\"Hand auf\u00b4s Herz!\" - Umfrage zu Naturparken bei den Fraktionen im Deutschen Bundestag","description":"Aus Anlass seines 50j\u00e4hrigen Bestehens hat der Verband Deutscher Naturparke (VDN) im Vorfeld der Bundestagswahl alle Fraktionen im Deutschen Bundestag gebeten, sich in einer Umfrage zur Arbeit der Naturparke in Deutschland zu \u00e4u\u00dfern.","robots":{"index":"index","follow":"follow","max-snippet":"max-snippet:-1","max-image-preview":"max-image-preview:large","max-video-preview":"max-video-preview:-1"},"canonical":"https:\/\/www.naturparkmagazin.de\/vdn\/hand-aufs-herz-umfrage-zu-naturparken-bei-den-fraktionen-im-deutschen-bundestag\/","og_locale":"de_DE","og_type":"article","og_title":"\"Hand auf\u00b4s Herz!\" - Umfrage zu Naturparken bei den Fraktionen im Deutschen Bundestag","og_description":"Aus Anlass seines 50j\u00e4hrigen Bestehens hat der Verband Deutscher Naturparke (VDN) im Vorfeld der Bundestagswahl alle Fraktionen im Deutschen Bundestag gebeten, sich in einer Umfrage zur Arbeit der Naturparke in Deutschland zu \u00e4u\u00dfern.","og_url":"https:\/\/www.naturparkmagazin.de\/vdn\/hand-aufs-herz-umfrage-zu-naturparken-bei-den-fraktionen-im-deutschen-bundestag\/","og_site_name":"Verband Deutscher Naturparke","article_published_time":"2013-09-25T06:30:42+00:00","article_modified_time":"2013-09-27T09:06:31+00:00","og_image":[{"width":640,"height":427,"url":"https:\/\/www.naturparkmagazin.de\/vdn\/wp-content\/uploads\/sites\/3\/2919034_Deutscher_Bundestag_bearb1.jpg","type":"image\/jpeg"}],"author":"vdnnational","twitter_misc":{"Verfasst von":"vdnnational","Gesch\u00e4tzte Lesezeit":"1\u00a0Minute"},"schema":{"@context":"https:\/\/schema.org","@graph":[{"@type":"WebPage","@id":"https:\/\/www.naturparkmagazin.de\/vdn\/hand-aufs-herz-umfrage-zu-naturparken-bei-den-fraktionen-im-deutschen-bundestag\/","url":"https:\/\/www.naturparkmagazin.de\/vdn\/hand-aufs-herz-umfrage-zu-naturparken-bei-den-fraktionen-im-deutschen-bundestag\/","name":"\"Hand auf\u00b4s Herz!\" - Umfrage zu Naturparken bei den Fraktionen im Deutschen Bundestag","isPartOf":{"@id":"https:\/\/www.naturparkmagazin.de\/vdn\/#website"},"datePublished":"2013-09-25T06:30:42+00:00","dateModified":"2013-09-27T09:06:31+00:00","author":{"@id":"https:\/\/www.naturparkmagazin.de\/vdn\/#\/schema\/person\/e28d931df83318a48d52ae72b08d2bfb"},"description":"Aus Anlass seines 50j\u00e4hrigen Bestehens hat der Verband Deutscher Naturparke (VDN) im Vorfeld der Bundestagswahl alle Fraktionen im Deutschen Bundestag gebeten, sich in einer Umfrage zur Arbeit der Naturparke in Deutschland zu \u00e4u\u00dfern.","breadcrumb":{"@id":"https:\/\/www.naturparkmagazin.de\/vdn\/hand-aufs-herz-umfrage-zu-naturparken-bei-den-fraktionen-im-deutschen-bundestag\/#breadcrumb"},"inLanguage":"de","potentialAction":[{"@type":"ReadAction","target":["https:\/\/www.naturparkmagazin.de\/vdn\/hand-aufs-herz-umfrage-zu-naturparken-bei-den-fraktionen-im-deutschen-bundestag\/"]}]},{"@type":"BreadcrumbList","@id":"https:\/\/www.naturparkmagazin.de\/vdn\/hand-aufs-herz-umfrage-zu-naturparken-bei-den-fraktionen-im-deutschen-bundestag\/#breadcrumb","itemListElement":[{"@type":"ListItem","position":1,"name":"Home","item":"https:\/\/www.naturparkmagazin.de\/vdn\/"},{"@type":"ListItem","position":2,"name":"&#8222;Hand auf\u00b4s Herz!&#8220; &#8211; Umfrage zu Naturparken bei den Fraktionen im Deutschen Bundestag"}]},{"@type":"WebSite","@id":"https:\/\/www.naturparkmagazin.de\/vdn\/#website","url":"https:\/\/www.naturparkmagazin.de\/vdn\/","name":"Verband Deutscher Naturparke","description":"Eine weitere Naturparkmagazin.de Netzwerk Seite","potentialAction":[{"@type":"SearchAction","target":{"@type":"EntryPoint","urlTemplate":"https:\/\/www.naturparkmagazin.de\/vdn\/?s={search_term_string}"},"query-input":"required name=search_term_string"}],"inLanguage":"de"},{"@type":"Person","@id":"https:\/\/www.naturparkmagazin.de\/vdn\/#\/schema\/person\/e28d931df83318a48d52ae72b08d2bfb","name":"vdnnational","url":"https:\/\/www.naturparkmagazin.de\/vdn\/author\/vdnnational\/"}]}},"_links":{"self":[{"href":"https:\/\/www.naturparkmagazin.de\/vdn\/wp-json\/wp\/v2\/posts\/2320"}],"collection":[{"href":"https:\/\/www.naturparkmagazin.de\/vdn\/wp-json\/wp\/v2\/posts"}],"about":[{"href":"https:\/\/www.naturparkmagazin.de\/vdn\/wp-json\/wp\/v2\/types\/post"}],"author":[{"embeddable":true,"href":"https:\/\/www.naturparkmagazin.de\/vdn\/wp-json\/wp\/v2\/users\/14"}],"replies":[{"embeddable":true,"href":"https:\/\/www.naturparkmagazin.de\/vdn\/wp-json\/wp\/v2\/comments?post=2320"}],"version-history":[{"count":9,"href":"https:\/\/www.naturparkmagazin.de\/vdn\/wp-json\/wp\/v2\/posts\/2320\/revisions"}],"predecessor-version":[{"id":2409,"href":"https:\/\/www.naturparkmagazin.de\/vdn\/wp-json\/wp\/v2\/posts\/2320\/revisions\/2409"}],"wp:featuredmedia":[{"embeddable":true,"href":"https:\/\/www.naturparkmagazin.de\/vdn\/wp-json\/wp\/v2\/media\/2328"}],"wp:attachment":[{"href":"https:\/\/www.naturparkmagazin.de\/vdn\/wp-json\/wp\/v2\/media?parent=2320"}],"wp:term":[{"taxonomy":"category","embeddable":true,"href":"https:\/\/www.naturparkmagazin.de\/vdn\/wp-json\/wp\/v2\/categories?post=2320"},{"taxonomy":"post_tag","embeddable":true,"href":"https:\/\/www.naturparkmagazin.de\/vdn\/wp-json\/wp\/v2\/tags?post=2320"}],"curies":[{"name":"wp","href":"https:\/\/api.w.org\/{rel}","templated":true}]}}