{"id":2357,"date":"2013-09-25T08:58:14","date_gmt":"2013-09-25T06:58:14","guid":{"rendered":"http:\/\/www.naturparkmagazin.de\/vdn\/?p=2357"},"modified":"2013-09-30T13:21:13","modified_gmt":"2013-09-30T11:21:13","slug":"prominent-johannes-remmel","status":"publish","type":"post","link":"https:\/\/www.naturparkmagazin.de\/vdn\/prominent-johannes-remmel\/","title":{"rendered":"Johannes Remmel, Umweltminister von NRW"},"content":{"rendered":"<p style=\"text-align: center\"><a href=\"https:\/\/www.naturparkmagazin.de\/vdn\/wp-content\/uploads\/sites\/3\/minister_Copyright_MKULNV.jpg\"><img decoding=\"async\" loading=\"lazy\" class=\"aligncenter size-large wp-image-2358\" title=\"Umweltminister von NRW Johannes Remmel - Copyright: MKULNV\" alt=\"Umweltminister von NRW Johannes Remmel - Copyright: MKULNV\" src=\"https:\/\/www.naturparkmagazin.de\/vdn\/wp-content\/uploads\/sites\/3\/minister_Copyright_MKULNV-940x1451.jpg\" width=\"620\" height=\"957\" srcset=\"https:\/\/www.naturparkmagazin.de\/vdn\/wp-content\/uploads\/sites\/3\/minister_Copyright_MKULNV-940x1451.jpg 940w, https:\/\/www.naturparkmagazin.de\/vdn\/wp-content\/uploads\/sites\/3\/minister_Copyright_MKULNV-300x463.jpg 300w, https:\/\/www.naturparkmagazin.de\/vdn\/wp-content\/uploads\/sites\/3\/minister_Copyright_MKULNV-620x957.jpg 620w, https:\/\/www.naturparkmagazin.de\/vdn\/wp-content\/uploads\/sites\/3\/minister_Copyright_MKULNV-670x1034.jpg 670w, https:\/\/www.naturparkmagazin.de\/vdn\/wp-content\/uploads\/sites\/3\/minister_Copyright_MKULNV-200x309.jpg 200w\" sizes=\"(max-width: 620px) 100vw, 620px\" \/><\/a><\/p>\n<p>\u201eNaturparke bergen ein vielf\u00e4ltiges Naturerbe, setzen sich f\u00fcr die Bewahrung unserer Heimat ein und sind wichtige Impulsgeber und Partner bei der Entwicklung des l\u00e4ndlichen Raumes. Ich freue mich, dass der VDN als Veranstaltungsort f\u00fcr den Deutschen Naturpark-Tag 2013 den Naturpark Rothaargebirge gew\u00e4hlt hat. Beide haben seit ihrer Gr\u00fcndung vor 50 Jahren Beachtliches geleistet. Hierf\u00fcr m\u00f6chte ich mich herzlich bedanken und weiterhin viel Erfolg w\u00fcnschen. Die Landesregierung von Nordrhein-Westfalen wird die wertvolle Arbeit der Naturparke auch k\u00fcnftig nach Kr\u00e4ften unterst\u00fctzen. Ich freue mich auf die weitere Zusammenarbeit!\u201c<\/p>\n<p style=\"text-align: left\">Johannes Remmel, Minister f\u00fcr Klimaschutz, Umwelt, Landwirtschaft, Natur- und Verbraucherschutz des Landes Nordrhein-Westfalen war Gastredner am Er\u00f6ffnungsabend des Deutschen Naturpark-Tages 2013 im Naturpark Rothaargebirge. Der Naturpark feiert wie der Verband Deutscher Naturparke e.V. in diesem Jahr sein 50j\u00e4hriges Jubil\u00e4um.<\/p>\n","protected":false},"excerpt":{"rendered":"<p>Johannes Remmel, Minister f\u00fcr Klimaschutz, Umwelt, Landwirtschaft, Natur- und Verbraucherschutz des Landes Nordrhein-Westfalen war Gastredner am Er\u00f6ffnungsabend des Deutschen Naturpark-Tages 2013 im Naturpark Rothaargebirge.<\/p>\n","protected":false},"author":14,"featured_media":2415,"comment_status":"open","ping_status":"open","sticky":false,"template":"","format":"standard","meta":{"_links_to":"","_links_to_target":""},"categories":[8],"tags":[],"yoast_head":"<!-- This site is optimized with the Yoast SEO plugin v19.10 - https:\/\/yoast.com\/wordpress\/plugins\/seo\/ -->\n<title>Johannes Remmel, Umweltminister von NRW<\/title>\n<meta name=\"description\" content=\"Johannes Remmel, Minister f\u00fcr Klimaschutz, Umwelt, Landwirtschaft, Natur- und Verbraucherschutz des Landes Nordrhein-Westfalen war Gastredner am Er\u00f6ffnungsabend des Deutschen Naturpark-Tages 2013 im Naturpark Rothaargebirge.\" \/>\n<meta name=\"robots\" content=\"index, follow, max-snippet:-1, max-image-preview:large, max-video-preview:-1\" \/>\n<link rel=\"canonical\" href=\"https:\/\/www.naturparkmagazin.de\/vdn\/prominent-johannes-remmel\/\" \/>\n<meta property=\"og:locale\" content=\"de_DE\" \/>\n<meta property=\"og:type\" content=\"article\" \/>\n<meta property=\"og:title\" content=\"Johannes Remmel, Umweltminister von NRW\" \/>\n<meta property=\"og:description\" content=\"Johannes Remmel, Minister f\u00fcr Klimaschutz, Umwelt, Landwirtschaft, Natur- und Verbraucherschutz des Landes Nordrhein-Westfalen war Gastredner am Er\u00f6ffnungsabend des Deutschen Naturpark-Tages 2013 im Naturpark Rothaargebirge.\" \/>\n<meta property=\"og:url\" content=\"https:\/\/www.naturparkmagazin.de\/vdn\/prominent-johannes-remmel\/\" \/>\n<meta property=\"og:site_name\" content=\"Verband Deutscher Naturparke\" \/>\n<meta property=\"article:published_time\" content=\"2013-09-25T06:58:14+00:00\" \/>\n<meta property=\"article:modified_time\" content=\"2013-09-30T11:21:13+00:00\" \/>\n<meta property=\"og:image\" content=\"https:\/\/www.naturparkmagazin.de\/vdn\/wp-content\/uploads\/sites\/3\/minister_Copyright_MKULNV_bearb.jpg\" \/>\n\t<meta property=\"og:image:width\" content=\"476\" \/>\n\t<meta property=\"og:image:height\" content=\"640\" \/>\n\t<meta property=\"og:image:type\" content=\"image\/jpeg\" \/>\n<meta name=\"author\" content=\"vdnnational\" \/>\n<meta name=\"twitter:label1\" content=\"Verfasst von\" \/>\n\t<meta name=\"twitter:data1\" content=\"vdnnational\" \/>\n\t<meta name=\"twitter:label2\" content=\"Gesch\u00e4tzte Lesezeit\" \/>\n\t<meta name=\"twitter:data2\" content=\"1\u00a0Minute\" \/>\n<script type=\"application\/ld+json\" class=\"yoast-schema-graph\">{\"@context\":\"https:\/\/schema.org\",\"@graph\":[{\"@type\":\"WebPage\",\"@id\":\"https:\/\/www.naturparkmagazin.de\/vdn\/prominent-johannes-remmel\/\",\"url\":\"https:\/\/www.naturparkmagazin.de\/vdn\/prominent-johannes-remmel\/\",\"name\":\"Johannes Remmel, Umweltminister von NRW\",\"isPartOf\":{\"@id\":\"https:\/\/www.naturparkmagazin.de\/vdn\/#website\"},\"datePublished\":\"2013-09-25T06:58:14+00:00\",\"dateModified\":\"2013-09-30T11:21:13+00:00\",\"author\":{\"@id\":\"https:\/\/www.naturparkmagazin.de\/vdn\/#\/schema\/person\/e28d931df83318a48d52ae72b08d2bfb\"},\"description\":\"Johannes Remmel, Minister f\u00fcr Klimaschutz, Umwelt, Landwirtschaft, Natur- und Verbraucherschutz des Landes Nordrhein-Westfalen war Gastredner am Er\u00f6ffnungsabend des Deutschen Naturpark-Tages 2013 im Naturpark Rothaargebirge.\",\"breadcrumb\":{\"@id\":\"https:\/\/www.naturparkmagazin.de\/vdn\/prominent-johannes-remmel\/#breadcrumb\"},\"inLanguage\":\"de\",\"potentialAction\":[{\"@type\":\"ReadAction\",\"target\":[\"https:\/\/www.naturparkmagazin.de\/vdn\/prominent-johannes-remmel\/\"]}]},{\"@type\":\"BreadcrumbList\",\"@id\":\"https:\/\/www.naturparkmagazin.de\/vdn\/prominent-johannes-remmel\/#breadcrumb\",\"itemListElement\":[{\"@type\":\"ListItem\",\"position\":1,\"name\":\"Home\",\"item\":\"https:\/\/www.naturparkmagazin.de\/vdn\/\"},{\"@type\":\"ListItem\",\"position\":2,\"name\":\"Johannes Remmel, Umweltminister von NRW\"}]},{\"@type\":\"WebSite\",\"@id\":\"https:\/\/www.naturparkmagazin.de\/vdn\/#website\",\"url\":\"https:\/\/www.naturparkmagazin.de\/vdn\/\",\"name\":\"Verband Deutscher Naturparke\",\"description\":\"Eine weitere Naturparkmagazin.de Netzwerk Seite\",\"potentialAction\":[{\"@type\":\"SearchAction\",\"target\":{\"@type\":\"EntryPoint\",\"urlTemplate\":\"https:\/\/www.naturparkmagazin.de\/vdn\/?s={search_term_string}\"},\"query-input\":\"required name=search_term_string\"}],\"inLanguage\":\"de\"},{\"@type\":\"Person\",\"@id\":\"https:\/\/www.naturparkmagazin.de\/vdn\/#\/schema\/person\/e28d931df83318a48d52ae72b08d2bfb\",\"name\":\"vdnnational\",\"url\":\"https:\/\/www.naturparkmagazin.de\/vdn\/author\/vdnnational\/\"}]}<\/script>\n<!-- \/ Yoast SEO plugin. -->","yoast_head_json":{"title":"Johannes Remmel, Umweltminister von NRW","description":"Johannes Remmel, Minister f\u00fcr Klimaschutz, Umwelt, Landwirtschaft, Natur- und Verbraucherschutz des Landes Nordrhein-Westfalen war Gastredner am Er\u00f6ffnungsabend des Deutschen Naturpark-Tages 2013 im Naturpark Rothaargebirge.","robots":{"index":"index","follow":"follow","max-snippet":"max-snippet:-1","max-image-preview":"max-image-preview:large","max-video-preview":"max-video-preview:-1"},"canonical":"https:\/\/www.naturparkmagazin.de\/vdn\/prominent-johannes-remmel\/","og_locale":"de_DE","og_type":"article","og_title":"Johannes Remmel, Umweltminister von NRW","og_description":"Johannes Remmel, Minister f\u00fcr Klimaschutz, Umwelt, Landwirtschaft, Natur- und Verbraucherschutz des Landes Nordrhein-Westfalen war Gastredner am Er\u00f6ffnungsabend des Deutschen Naturpark-Tages 2013 im Naturpark Rothaargebirge.","og_url":"https:\/\/www.naturparkmagazin.de\/vdn\/prominent-johannes-remmel\/","og_site_name":"Verband Deutscher Naturparke","article_published_time":"2013-09-25T06:58:14+00:00","article_modified_time":"2013-09-30T11:21:13+00:00","og_image":[{"width":476,"height":640,"url":"https:\/\/www.naturparkmagazin.de\/vdn\/wp-content\/uploads\/sites\/3\/minister_Copyright_MKULNV_bearb.jpg","type":"image\/jpeg"}],"author":"vdnnational","twitter_misc":{"Verfasst von":"vdnnational","Gesch\u00e4tzte Lesezeit":"1\u00a0Minute"},"schema":{"@context":"https:\/\/schema.org","@graph":[{"@type":"WebPage","@id":"https:\/\/www.naturparkmagazin.de\/vdn\/prominent-johannes-remmel\/","url":"https:\/\/www.naturparkmagazin.de\/vdn\/prominent-johannes-remmel\/","name":"Johannes Remmel, Umweltminister von NRW","isPartOf":{"@id":"https:\/\/www.naturparkmagazin.de\/vdn\/#website"},"datePublished":"2013-09-25T06:58:14+00:00","dateModified":"2013-09-30T11:21:13+00:00","author":{"@id":"https:\/\/www.naturparkmagazin.de\/vdn\/#\/schema\/person\/e28d931df83318a48d52ae72b08d2bfb"},"description":"Johannes Remmel, Minister f\u00fcr Klimaschutz, Umwelt, Landwirtschaft, Natur- und Verbraucherschutz des Landes Nordrhein-Westfalen war Gastredner am Er\u00f6ffnungsabend des Deutschen Naturpark-Tages 2013 im Naturpark Rothaargebirge.","breadcrumb":{"@id":"https:\/\/www.naturparkmagazin.de\/vdn\/prominent-johannes-remmel\/#breadcrumb"},"inLanguage":"de","potentialAction":[{"@type":"ReadAction","target":["https:\/\/www.naturparkmagazin.de\/vdn\/prominent-johannes-remmel\/"]}]},{"@type":"BreadcrumbList","@id":"https:\/\/www.naturparkmagazin.de\/vdn\/prominent-johannes-remmel\/#breadcrumb","itemListElement":[{"@type":"ListItem","position":1,"name":"Home","item":"https:\/\/www.naturparkmagazin.de\/vdn\/"},{"@type":"ListItem","position":2,"name":"Johannes Remmel, Umweltminister von NRW"}]},{"@type":"WebSite","@id":"https:\/\/www.naturparkmagazin.de\/vdn\/#website","url":"https:\/\/www.naturparkmagazin.de\/vdn\/","name":"Verband Deutscher Naturparke","description":"Eine weitere Naturparkmagazin.de Netzwerk Seite","potentialAction":[{"@type":"SearchAction","target":{"@type":"EntryPoint","urlTemplate":"https:\/\/www.naturparkmagazin.de\/vdn\/?s={search_term_string}"},"query-input":"required name=search_term_string"}],"inLanguage":"de"},{"@type":"Person","@id":"https:\/\/www.naturparkmagazin.de\/vdn\/#\/schema\/person\/e28d931df83318a48d52ae72b08d2bfb","name":"vdnnational","url":"https:\/\/www.naturparkmagazin.de\/vdn\/author\/vdnnational\/"}]}},"_links":{"self":[{"href":"https:\/\/www.naturparkmagazin.de\/vdn\/wp-json\/wp\/v2\/posts\/2357"}],"collection":[{"href":"https:\/\/www.naturparkmagazin.de\/vdn\/wp-json\/wp\/v2\/posts"}],"about":[{"href":"https:\/\/www.naturparkmagazin.de\/vdn\/wp-json\/wp\/v2\/types\/post"}],"author":[{"embeddable":true,"href":"https:\/\/www.naturparkmagazin.de\/vdn\/wp-json\/wp\/v2\/users\/14"}],"replies":[{"embeddable":true,"href":"https:\/\/www.naturparkmagazin.de\/vdn\/wp-json\/wp\/v2\/comments?post=2357"}],"version-history":[{"count":7,"href":"https:\/\/www.naturparkmagazin.de\/vdn\/wp-json\/wp\/v2\/posts\/2357\/revisions"}],"predecessor-version":[{"id":2450,"href":"https:\/\/www.naturparkmagazin.de\/vdn\/wp-json\/wp\/v2\/posts\/2357\/revisions\/2450"}],"wp:featuredmedia":[{"embeddable":true,"href":"https:\/\/www.naturparkmagazin.de\/vdn\/wp-json\/wp\/v2\/media\/2415"}],"wp:attachment":[{"href":"https:\/\/www.naturparkmagazin.de\/vdn\/wp-json\/wp\/v2\/media?parent=2357"}],"wp:term":[{"taxonomy":"category","embeddable":true,"href":"https:\/\/www.naturparkmagazin.de\/vdn\/wp-json\/wp\/v2\/categories?post=2357"},{"taxonomy":"post_tag","embeddable":true,"href":"https:\/\/www.naturparkmagazin.de\/vdn\/wp-json\/wp\/v2\/tags?post=2357"}],"curies":[{"name":"wp","href":"https:\/\/api.w.org\/{rel}","templated":true}]}}