{"id":2431,"date":"2013-10-30T08:31:54","date_gmt":"2013-10-30T06:31:54","guid":{"rendered":"http:\/\/www.naturparkmagazin.de\/vdn\/?p=2431"},"modified":"2013-10-30T16:07:23","modified_gmt":"2013-10-30T14:07:23","slug":"liebe-leserin-lieber-leser-3","status":"publish","type":"post","link":"https:\/\/www.naturparkmagazin.de\/vdn\/liebe-leserin-lieber-leser-3\/","title":{"rendered":"Liebe Leserin, lieber Leser!"},"content":{"rendered":"<p>Gerade wenn es drau\u00dfen h\u00e4ufiger nass und kalt ist, die Tage k\u00fcrzer werden und sich der Himmel in tristes Grau h\u00fcllt, w\u00e4chst das Bed\u00fcrfnis, sich etwas Gutes zu tun. Da passt es gut, dass die Naturparke mit ihren Angeboten zum Wohlf\u00fchlen beitragen: Den Alltag hinter sich lassen, sich in der Natur bewegen und entspannen und gesundes Essen genie\u00dfen. Lesen Sie mehr hier\u00fcber und zu weiteren Themen in der November-Ausgabe unseres Newsletters.<\/p>\n<p>Viel Spa\u00df beim Lesen w\u00fcnscht Ihnen<\/p>\n<p>Ulrich K\u00f6ster<\/p>\n<p>Gesch\u00e4ftsf\u00fchrer Verband Deutscher Naturparke<\/p>\n","protected":false},"excerpt":{"rendered":"<p>Gerade wenn es drau\u00dfen h\u00e4ufiger nass und kalt ist, die Tage k\u00fcrzer werden und sich der Himmel in tristes Grau h\u00fcllt, w\u00e4chst das Bed\u00fcrfnis, sich etwas Gutes zu tun. Da passt es gut, dass die Naturparke mit ihren Angeboten zum Wohlf\u00fchlen beitragen: Den Alltag hinter sich lassen, sich in der Natur bewegen und entspannen und<\/p>\n","protected":false},"author":14,"featured_media":0,"comment_status":"open","ping_status":"open","sticky":false,"template":"","format":"standard","meta":{"_links_to":"","_links_to_target":""},"categories":[52],"tags":[],"yoast_head":"<!-- This site is optimized with the Yoast SEO plugin v19.10 - https:\/\/yoast.com\/wordpress\/plugins\/seo\/ -->\n<title>Liebe Leserin, lieber Leser!<\/title>\n<meta name=\"description\" content=\"Gerade wenn es drau\u00dfen h\u00e4ufiger nass und kalt ist, die Tage k\u00fcrzer werden und sich der Himmel in tristes Grau h\u00fcllt, w\u00e4chst das Bed\u00fcrfnis, sich etwas\" \/>\n<meta name=\"robots\" content=\"index, follow, max-snippet:-1, max-image-preview:large, max-video-preview:-1\" \/>\n<link rel=\"canonical\" href=\"https:\/\/www.naturparkmagazin.de\/vdn\/liebe-leserin-lieber-leser-3\/\" \/>\n<meta property=\"og:locale\" content=\"de_DE\" \/>\n<meta property=\"og:type\" content=\"article\" \/>\n<meta property=\"og:title\" content=\"Liebe Leserin, lieber Leser!\" \/>\n<meta property=\"og:description\" content=\"Gerade wenn es drau\u00dfen h\u00e4ufiger nass und kalt ist, die Tage k\u00fcrzer werden und sich der Himmel in tristes Grau h\u00fcllt, w\u00e4chst das Bed\u00fcrfnis, sich etwas\" \/>\n<meta property=\"og:url\" content=\"https:\/\/www.naturparkmagazin.de\/vdn\/liebe-leserin-lieber-leser-3\/\" \/>\n<meta property=\"og:site_name\" content=\"Verband Deutscher Naturparke\" \/>\n<meta property=\"article:published_time\" content=\"2013-10-30T06:31:54+00:00\" \/>\n<meta property=\"article:modified_time\" content=\"2013-10-30T14:07:23+00:00\" \/>\n<meta name=\"author\" content=\"vdnnational\" \/>\n<meta name=\"twitter:label1\" content=\"Verfasst von\" \/>\n\t<meta name=\"twitter:data1\" content=\"vdnnational\" \/>\n<script type=\"application\/ld+json\" class=\"yoast-schema-graph\">{\"@context\":\"https:\/\/schema.org\",\"@graph\":[{\"@type\":\"WebPage\",\"@id\":\"https:\/\/www.naturparkmagazin.de\/vdn\/liebe-leserin-lieber-leser-3\/\",\"url\":\"https:\/\/www.naturparkmagazin.de\/vdn\/liebe-leserin-lieber-leser-3\/\",\"name\":\"Liebe Leserin, lieber Leser!\",\"isPartOf\":{\"@id\":\"https:\/\/www.naturparkmagazin.de\/vdn\/#website\"},\"datePublished\":\"2013-10-30T06:31:54+00:00\",\"dateModified\":\"2013-10-30T14:07:23+00:00\",\"author\":{\"@id\":\"https:\/\/www.naturparkmagazin.de\/vdn\/#\/schema\/person\/e28d931df83318a48d52ae72b08d2bfb\"},\"description\":\"Gerade wenn es drau\u00dfen h\u00e4ufiger nass und kalt ist, die Tage k\u00fcrzer werden und sich der Himmel in tristes Grau h\u00fcllt, w\u00e4chst das Bed\u00fcrfnis, sich etwas\",\"breadcrumb\":{\"@id\":\"https:\/\/www.naturparkmagazin.de\/vdn\/liebe-leserin-lieber-leser-3\/#breadcrumb\"},\"inLanguage\":\"de\",\"potentialAction\":[{\"@type\":\"ReadAction\",\"target\":[\"https:\/\/www.naturparkmagazin.de\/vdn\/liebe-leserin-lieber-leser-3\/\"]}]},{\"@type\":\"BreadcrumbList\",\"@id\":\"https:\/\/www.naturparkmagazin.de\/vdn\/liebe-leserin-lieber-leser-3\/#breadcrumb\",\"itemListElement\":[{\"@type\":\"ListItem\",\"position\":1,\"name\":\"Home\",\"item\":\"https:\/\/www.naturparkmagazin.de\/vdn\/\"},{\"@type\":\"ListItem\",\"position\":2,\"name\":\"Liebe Leserin, lieber Leser!\"}]},{\"@type\":\"WebSite\",\"@id\":\"https:\/\/www.naturparkmagazin.de\/vdn\/#website\",\"url\":\"https:\/\/www.naturparkmagazin.de\/vdn\/\",\"name\":\"Verband Deutscher Naturparke\",\"description\":\"Eine weitere Naturparkmagazin.de Netzwerk Seite\",\"potentialAction\":[{\"@type\":\"SearchAction\",\"target\":{\"@type\":\"EntryPoint\",\"urlTemplate\":\"https:\/\/www.naturparkmagazin.de\/vdn\/?s={search_term_string}\"},\"query-input\":\"required name=search_term_string\"}],\"inLanguage\":\"de\"},{\"@type\":\"Person\",\"@id\":\"https:\/\/www.naturparkmagazin.de\/vdn\/#\/schema\/person\/e28d931df83318a48d52ae72b08d2bfb\",\"name\":\"vdnnational\",\"url\":\"https:\/\/www.naturparkmagazin.de\/vdn\/author\/vdnnational\/\"}]}<\/script>\n<!-- \/ Yoast SEO plugin. -->","yoast_head_json":{"title":"Liebe Leserin, lieber Leser!","description":"Gerade wenn es drau\u00dfen h\u00e4ufiger nass und kalt ist, die Tage k\u00fcrzer werden und sich der Himmel in tristes Grau h\u00fcllt, w\u00e4chst das Bed\u00fcrfnis, sich etwas","robots":{"index":"index","follow":"follow","max-snippet":"max-snippet:-1","max-image-preview":"max-image-preview:large","max-video-preview":"max-video-preview:-1"},"canonical":"https:\/\/www.naturparkmagazin.de\/vdn\/liebe-leserin-lieber-leser-3\/","og_locale":"de_DE","og_type":"article","og_title":"Liebe Leserin, lieber Leser!","og_description":"Gerade wenn es drau\u00dfen h\u00e4ufiger nass und kalt ist, die Tage k\u00fcrzer werden und sich der Himmel in tristes Grau h\u00fcllt, w\u00e4chst das Bed\u00fcrfnis, sich etwas","og_url":"https:\/\/www.naturparkmagazin.de\/vdn\/liebe-leserin-lieber-leser-3\/","og_site_name":"Verband Deutscher Naturparke","article_published_time":"2013-10-30T06:31:54+00:00","article_modified_time":"2013-10-30T14:07:23+00:00","author":"vdnnational","twitter_misc":{"Verfasst von":"vdnnational"},"schema":{"@context":"https:\/\/schema.org","@graph":[{"@type":"WebPage","@id":"https:\/\/www.naturparkmagazin.de\/vdn\/liebe-leserin-lieber-leser-3\/","url":"https:\/\/www.naturparkmagazin.de\/vdn\/liebe-leserin-lieber-leser-3\/","name":"Liebe Leserin, lieber Leser!","isPartOf":{"@id":"https:\/\/www.naturparkmagazin.de\/vdn\/#website"},"datePublished":"2013-10-30T06:31:54+00:00","dateModified":"2013-10-30T14:07:23+00:00","author":{"@id":"https:\/\/www.naturparkmagazin.de\/vdn\/#\/schema\/person\/e28d931df83318a48d52ae72b08d2bfb"},"description":"Gerade wenn es drau\u00dfen h\u00e4ufiger nass und kalt ist, die Tage k\u00fcrzer werden und sich der Himmel in tristes Grau h\u00fcllt, w\u00e4chst das Bed\u00fcrfnis, sich etwas","breadcrumb":{"@id":"https:\/\/www.naturparkmagazin.de\/vdn\/liebe-leserin-lieber-leser-3\/#breadcrumb"},"inLanguage":"de","potentialAction":[{"@type":"ReadAction","target":["https:\/\/www.naturparkmagazin.de\/vdn\/liebe-leserin-lieber-leser-3\/"]}]},{"@type":"BreadcrumbList","@id":"https:\/\/www.naturparkmagazin.de\/vdn\/liebe-leserin-lieber-leser-3\/#breadcrumb","itemListElement":[{"@type":"ListItem","position":1,"name":"Home","item":"https:\/\/www.naturparkmagazin.de\/vdn\/"},{"@type":"ListItem","position":2,"name":"Liebe Leserin, lieber Leser!"}]},{"@type":"WebSite","@id":"https:\/\/www.naturparkmagazin.de\/vdn\/#website","url":"https:\/\/www.naturparkmagazin.de\/vdn\/","name":"Verband Deutscher Naturparke","description":"Eine weitere Naturparkmagazin.de Netzwerk Seite","potentialAction":[{"@type":"SearchAction","target":{"@type":"EntryPoint","urlTemplate":"https:\/\/www.naturparkmagazin.de\/vdn\/?s={search_term_string}"},"query-input":"required name=search_term_string"}],"inLanguage":"de"},{"@type":"Person","@id":"https:\/\/www.naturparkmagazin.de\/vdn\/#\/schema\/person\/e28d931df83318a48d52ae72b08d2bfb","name":"vdnnational","url":"https:\/\/www.naturparkmagazin.de\/vdn\/author\/vdnnational\/"}]}},"_links":{"self":[{"href":"https:\/\/www.naturparkmagazin.de\/vdn\/wp-json\/wp\/v2\/posts\/2431"}],"collection":[{"href":"https:\/\/www.naturparkmagazin.de\/vdn\/wp-json\/wp\/v2\/posts"}],"about":[{"href":"https:\/\/www.naturparkmagazin.de\/vdn\/wp-json\/wp\/v2\/types\/post"}],"author":[{"embeddable":true,"href":"https:\/\/www.naturparkmagazin.de\/vdn\/wp-json\/wp\/v2\/users\/14"}],"replies":[{"embeddable":true,"href":"https:\/\/www.naturparkmagazin.de\/vdn\/wp-json\/wp\/v2\/comments?post=2431"}],"version-history":[{"count":3,"href":"https:\/\/www.naturparkmagazin.de\/vdn\/wp-json\/wp\/v2\/posts\/2431\/revisions"}],"predecessor-version":[{"id":2578,"href":"https:\/\/www.naturparkmagazin.de\/vdn\/wp-json\/wp\/v2\/posts\/2431\/revisions\/2578"}],"wp:attachment":[{"href":"https:\/\/www.naturparkmagazin.de\/vdn\/wp-json\/wp\/v2\/media?parent=2431"}],"wp:term":[{"taxonomy":"category","embeddable":true,"href":"https:\/\/www.naturparkmagazin.de\/vdn\/wp-json\/wp\/v2\/categories?post=2431"},{"taxonomy":"post_tag","embeddable":true,"href":"https:\/\/www.naturparkmagazin.de\/vdn\/wp-json\/wp\/v2\/tags?post=2431"}],"curies":[{"name":"wp","href":"https:\/\/api.w.org\/{rel}","templated":true}]}}