{"id":2517,"date":"2013-10-30T08:28:42","date_gmt":"2013-10-30T06:28:42","guid":{"rendered":"http:\/\/www.naturparkmagazin.de\/vdn\/?p=2517"},"modified":"2013-10-30T16:06:40","modified_gmt":"2013-10-30T14:06:40","slug":"ein-leben-fuer-die-natur-naturparke-trauern-um-karl-decruppe","status":"publish","type":"post","link":"https:\/\/www.naturparkmagazin.de\/vdn\/ein-leben-fuer-die-natur-naturparke-trauern-um-karl-decruppe\/","title":{"rendered":"Ein Leben f\u00fcr die Natur &#8211; Naturparke trauern um Karl Decruppe"},"content":{"rendered":"<p style=\"text-align: center\"><a href=\"https:\/\/www.naturparkmagazin.de\/vdn\/wp-content\/uploads\/sites\/3\/Foto-Karl-Decruppe2.jpg\"><img decoding=\"async\" loading=\"lazy\" class=\"aligncenter size-full wp-image-2516\" title=\"Karl Decruppes Liebe galt der Natur und den Pferden\" alt=\"Karl Decruppes Liebe galt der Natur und den Pferden\" src=\"https:\/\/www.naturparkmagazin.de\/vdn\/wp-content\/uploads\/sites\/3\/Foto-Karl-Decruppe2.jpg\" width=\"644\" height=\"1332\" srcset=\"https:\/\/www.naturparkmagazin.de\/vdn\/wp-content\/uploads\/sites\/3\/Foto-Karl-Decruppe2.jpg 644w, https:\/\/www.naturparkmagazin.de\/vdn\/wp-content\/uploads\/sites\/3\/Foto-Karl-Decruppe2-300x620.jpg 300w, https:\/\/www.naturparkmagazin.de\/vdn\/wp-content\/uploads\/sites\/3\/Foto-Karl-Decruppe2-620x1282.jpg 620w, https:\/\/www.naturparkmagazin.de\/vdn\/wp-content\/uploads\/sites\/3\/Foto-Karl-Decruppe2-200x414.jpg 200w\" sizes=\"(max-width: 644px) 100vw, 644px\" \/><\/a><\/p>\n<p>Die Naturparke in Deutschland trauern um einen au\u00dfergew\u00f6hnlichen Menschen und einen Wegbereiter des Naturschutzes in Brandenburg. Am 11. Oktober 2013 starb Karl Decruppe im Alter von 58 Jahren.<\/p>\n<p>Karl Decruppe hat sich in au\u00dferordentlicher Weise f\u00fcr die Naturparke in Brandenburg und ganz Deutschland sowie insgesamt f\u00fcr den Schutz von Natur und Landschaft engagiert. Hier hat er sich gro\u00dfe und bleibende Verdienste erworben.<\/p>\n<p>Bereits 1990 ist er aktiv geworden f\u00fcr den Erhalt der Natur im heutigen Naturpark Nuthe-Nieplitz. 1991 war er Mitbegr\u00fcnder und Gesch\u00e4ftsf\u00fchrer des Landschafts-F\u00f6rdervereins Nuthe-Nieplitz-Niederung e. V., dessen Vorsitzender er sp\u00e4ter wurde und bis zu seinem Tode blieb. Ihm ist es zu verdanken, dass hier ein Naturschutzgro\u00dfprojekt\u00a0 von Bundesumweltministerium und Bundesamt f\u00fcr Naturschutz gef\u00f6rdert wurde.<\/p>\n<p>1995 wurde er Aufbauleiter des Naturpark Nuthe-Nieplitz-Auen und ab 1997 Abteilungsleiter Naturparke in der damaligen Landesanstalt f\u00fcr Gro\u00dfschutzgebiete. Seit 2002 war er Leiter des Naturparks Hoher Fl\u00e4ming und Mitglied im Bundesarbeitskreis des Verbandes Deutscher Naturparke, in dem er viele Jahre mitgearbeitet hat. 2010 wurde er in den Vorstand des VDN gew\u00e4hlt und hat seine bundesweite Arbeit f\u00fcr die Naturparke damit weiter ausgebaut.<\/p>\n<p>Karl Decruppe hat mit seinem Fachwissen, seinem Engagement und seiner Liebe zur Natur die Arbeit des VDN entscheidend mit gepr\u00e4gt und die Naturparke in Brandenburg und Deutschland weiter vorangebracht. Das Gespr\u00e4ch mit ihm, sein Rat und seine Kenntnisse, seine Begeisterungsf\u00e4higkeit und seine sachliche, l\u00f6sungsorientierte Herangehensweise auch an komplizierte Fragestellungen werden dem VDN und den Naturparken sehr fehlen.<\/p>\n","protected":false},"excerpt":{"rendered":"<p>Die Naturparke in Deutschland trauern um einen au\u00dfergew\u00f6hnlichen Menschen und einen Wegbereiter des Naturschutzes in Brandenburg. Am 11. Oktober starb Karl Decruppe im Alter von 58 Jahren.<\/p>\n","protected":false},"author":14,"featured_media":2519,"comment_status":"open","ping_status":"open","sticky":false,"template":"","format":"standard","meta":{"_links_to":"","_links_to_target":""},"categories":[7],"tags":[],"yoast_head":"<!-- This site is optimized with the Yoast SEO plugin v19.10 - https:\/\/yoast.com\/wordpress\/plugins\/seo\/ -->\n<title>Ein Leben f\u00fcr die Natur - Naturparke trauern um Karl Decruppe<\/title>\n<meta name=\"description\" content=\"Die Naturparke in Deutschland trauern um einen au\u00dfergew\u00f6hnlichen Menschen und einen Wegbereiter des Naturschutzes in Brandenburg. Am 11. Oktober starb Karl Decruppe im Alter von 58 Jahren.\" \/>\n<meta name=\"robots\" content=\"index, follow, max-snippet:-1, max-image-preview:large, max-video-preview:-1\" \/>\n<link rel=\"canonical\" href=\"https:\/\/www.naturparkmagazin.de\/vdn\/ein-leben-fuer-die-natur-naturparke-trauern-um-karl-decruppe\/\" \/>\n<meta property=\"og:locale\" content=\"de_DE\" \/>\n<meta property=\"og:type\" content=\"article\" \/>\n<meta property=\"og:title\" content=\"Ein Leben f\u00fcr die Natur - Naturparke trauern um Karl Decruppe\" \/>\n<meta property=\"og:description\" content=\"Die Naturparke in Deutschland trauern um einen au\u00dfergew\u00f6hnlichen Menschen und einen Wegbereiter des Naturschutzes in Brandenburg. Am 11. Oktober starb Karl Decruppe im Alter von 58 Jahren.\" \/>\n<meta property=\"og:url\" content=\"https:\/\/www.naturparkmagazin.de\/vdn\/ein-leben-fuer-die-natur-naturparke-trauern-um-karl-decruppe\/\" \/>\n<meta property=\"og:site_name\" content=\"Verband Deutscher Naturparke\" \/>\n<meta property=\"article:published_time\" content=\"2013-10-30T06:28:42+00:00\" \/>\n<meta property=\"article:modified_time\" content=\"2013-10-30T14:06:40+00:00\" \/>\n<meta property=\"og:image\" content=\"https:\/\/www.naturparkmagazin.de\/vdn\/wp-content\/uploads\/sites\/3\/Foto-Karl-Decruppe_klein-af.jpg\" \/>\n\t<meta property=\"og:image:width\" content=\"180\" \/>\n\t<meta property=\"og:image:height\" content=\"135\" \/>\n\t<meta property=\"og:image:type\" content=\"image\/jpeg\" \/>\n<meta name=\"author\" content=\"vdnnational\" \/>\n<meta name=\"twitter:label1\" content=\"Verfasst von\" \/>\n\t<meta name=\"twitter:data1\" content=\"vdnnational\" \/>\n\t<meta name=\"twitter:label2\" content=\"Gesch\u00e4tzte Lesezeit\" \/>\n\t<meta name=\"twitter:data2\" content=\"1\u00a0Minute\" \/>\n<script type=\"application\/ld+json\" class=\"yoast-schema-graph\">{\"@context\":\"https:\/\/schema.org\",\"@graph\":[{\"@type\":\"WebPage\",\"@id\":\"https:\/\/www.naturparkmagazin.de\/vdn\/ein-leben-fuer-die-natur-naturparke-trauern-um-karl-decruppe\/\",\"url\":\"https:\/\/www.naturparkmagazin.de\/vdn\/ein-leben-fuer-die-natur-naturparke-trauern-um-karl-decruppe\/\",\"name\":\"Ein Leben f\u00fcr die Natur - Naturparke trauern um Karl Decruppe\",\"isPartOf\":{\"@id\":\"https:\/\/www.naturparkmagazin.de\/vdn\/#website\"},\"datePublished\":\"2013-10-30T06:28:42+00:00\",\"dateModified\":\"2013-10-30T14:06:40+00:00\",\"author\":{\"@id\":\"https:\/\/www.naturparkmagazin.de\/vdn\/#\/schema\/person\/e28d931df83318a48d52ae72b08d2bfb\"},\"description\":\"Die Naturparke in Deutschland trauern um einen au\u00dfergew\u00f6hnlichen Menschen und einen Wegbereiter des Naturschutzes in Brandenburg. Am 11. Oktober starb Karl Decruppe im Alter von 58 Jahren.\",\"breadcrumb\":{\"@id\":\"https:\/\/www.naturparkmagazin.de\/vdn\/ein-leben-fuer-die-natur-naturparke-trauern-um-karl-decruppe\/#breadcrumb\"},\"inLanguage\":\"de\",\"potentialAction\":[{\"@type\":\"ReadAction\",\"target\":[\"https:\/\/www.naturparkmagazin.de\/vdn\/ein-leben-fuer-die-natur-naturparke-trauern-um-karl-decruppe\/\"]}]},{\"@type\":\"BreadcrumbList\",\"@id\":\"https:\/\/www.naturparkmagazin.de\/vdn\/ein-leben-fuer-die-natur-naturparke-trauern-um-karl-decruppe\/#breadcrumb\",\"itemListElement\":[{\"@type\":\"ListItem\",\"position\":1,\"name\":\"Home\",\"item\":\"https:\/\/www.naturparkmagazin.de\/vdn\/\"},{\"@type\":\"ListItem\",\"position\":2,\"name\":\"Ein Leben f\u00fcr die Natur &#8211; Naturparke trauern um Karl Decruppe\"}]},{\"@type\":\"WebSite\",\"@id\":\"https:\/\/www.naturparkmagazin.de\/vdn\/#website\",\"url\":\"https:\/\/www.naturparkmagazin.de\/vdn\/\",\"name\":\"Verband Deutscher Naturparke\",\"description\":\"Eine weitere Naturparkmagazin.de Netzwerk Seite\",\"potentialAction\":[{\"@type\":\"SearchAction\",\"target\":{\"@type\":\"EntryPoint\",\"urlTemplate\":\"https:\/\/www.naturparkmagazin.de\/vdn\/?s={search_term_string}\"},\"query-input\":\"required name=search_term_string\"}],\"inLanguage\":\"de\"},{\"@type\":\"Person\",\"@id\":\"https:\/\/www.naturparkmagazin.de\/vdn\/#\/schema\/person\/e28d931df83318a48d52ae72b08d2bfb\",\"name\":\"vdnnational\",\"url\":\"https:\/\/www.naturparkmagazin.de\/vdn\/author\/vdnnational\/\"}]}<\/script>\n<!-- \/ Yoast SEO plugin. -->","yoast_head_json":{"title":"Ein Leben f\u00fcr die Natur - Naturparke trauern um Karl Decruppe","description":"Die Naturparke in Deutschland trauern um einen au\u00dfergew\u00f6hnlichen Menschen und einen Wegbereiter des Naturschutzes in Brandenburg. Am 11. Oktober starb Karl Decruppe im Alter von 58 Jahren.","robots":{"index":"index","follow":"follow","max-snippet":"max-snippet:-1","max-image-preview":"max-image-preview:large","max-video-preview":"max-video-preview:-1"},"canonical":"https:\/\/www.naturparkmagazin.de\/vdn\/ein-leben-fuer-die-natur-naturparke-trauern-um-karl-decruppe\/","og_locale":"de_DE","og_type":"article","og_title":"Ein Leben f\u00fcr die Natur - Naturparke trauern um Karl Decruppe","og_description":"Die Naturparke in Deutschland trauern um einen au\u00dfergew\u00f6hnlichen Menschen und einen Wegbereiter des Naturschutzes in Brandenburg. Am 11. Oktober starb Karl Decruppe im Alter von 58 Jahren.","og_url":"https:\/\/www.naturparkmagazin.de\/vdn\/ein-leben-fuer-die-natur-naturparke-trauern-um-karl-decruppe\/","og_site_name":"Verband Deutscher Naturparke","article_published_time":"2013-10-30T06:28:42+00:00","article_modified_time":"2013-10-30T14:06:40+00:00","og_image":[{"width":180,"height":135,"url":"https:\/\/www.naturparkmagazin.de\/vdn\/wp-content\/uploads\/sites\/3\/Foto-Karl-Decruppe_klein-af.jpg","type":"image\/jpeg"}],"author":"vdnnational","twitter_misc":{"Verfasst von":"vdnnational","Gesch\u00e4tzte Lesezeit":"1\u00a0Minute"},"schema":{"@context":"https:\/\/schema.org","@graph":[{"@type":"WebPage","@id":"https:\/\/www.naturparkmagazin.de\/vdn\/ein-leben-fuer-die-natur-naturparke-trauern-um-karl-decruppe\/","url":"https:\/\/www.naturparkmagazin.de\/vdn\/ein-leben-fuer-die-natur-naturparke-trauern-um-karl-decruppe\/","name":"Ein Leben f\u00fcr die Natur - Naturparke trauern um Karl Decruppe","isPartOf":{"@id":"https:\/\/www.naturparkmagazin.de\/vdn\/#website"},"datePublished":"2013-10-30T06:28:42+00:00","dateModified":"2013-10-30T14:06:40+00:00","author":{"@id":"https:\/\/www.naturparkmagazin.de\/vdn\/#\/schema\/person\/e28d931df83318a48d52ae72b08d2bfb"},"description":"Die Naturparke in Deutschland trauern um einen au\u00dfergew\u00f6hnlichen Menschen und einen Wegbereiter des Naturschutzes in Brandenburg. Am 11. Oktober starb Karl Decruppe im Alter von 58 Jahren.","breadcrumb":{"@id":"https:\/\/www.naturparkmagazin.de\/vdn\/ein-leben-fuer-die-natur-naturparke-trauern-um-karl-decruppe\/#breadcrumb"},"inLanguage":"de","potentialAction":[{"@type":"ReadAction","target":["https:\/\/www.naturparkmagazin.de\/vdn\/ein-leben-fuer-die-natur-naturparke-trauern-um-karl-decruppe\/"]}]},{"@type":"BreadcrumbList","@id":"https:\/\/www.naturparkmagazin.de\/vdn\/ein-leben-fuer-die-natur-naturparke-trauern-um-karl-decruppe\/#breadcrumb","itemListElement":[{"@type":"ListItem","position":1,"name":"Home","item":"https:\/\/www.naturparkmagazin.de\/vdn\/"},{"@type":"ListItem","position":2,"name":"Ein Leben f\u00fcr die Natur &#8211; Naturparke trauern um Karl Decruppe"}]},{"@type":"WebSite","@id":"https:\/\/www.naturparkmagazin.de\/vdn\/#website","url":"https:\/\/www.naturparkmagazin.de\/vdn\/","name":"Verband Deutscher Naturparke","description":"Eine weitere Naturparkmagazin.de Netzwerk Seite","potentialAction":[{"@type":"SearchAction","target":{"@type":"EntryPoint","urlTemplate":"https:\/\/www.naturparkmagazin.de\/vdn\/?s={search_term_string}"},"query-input":"required name=search_term_string"}],"inLanguage":"de"},{"@type":"Person","@id":"https:\/\/www.naturparkmagazin.de\/vdn\/#\/schema\/person\/e28d931df83318a48d52ae72b08d2bfb","name":"vdnnational","url":"https:\/\/www.naturparkmagazin.de\/vdn\/author\/vdnnational\/"}]}},"_links":{"self":[{"href":"https:\/\/www.naturparkmagazin.de\/vdn\/wp-json\/wp\/v2\/posts\/2517"}],"collection":[{"href":"https:\/\/www.naturparkmagazin.de\/vdn\/wp-json\/wp\/v2\/posts"}],"about":[{"href":"https:\/\/www.naturparkmagazin.de\/vdn\/wp-json\/wp\/v2\/types\/post"}],"author":[{"embeddable":true,"href":"https:\/\/www.naturparkmagazin.de\/vdn\/wp-json\/wp\/v2\/users\/14"}],"replies":[{"embeddable":true,"href":"https:\/\/www.naturparkmagazin.de\/vdn\/wp-json\/wp\/v2\/comments?post=2517"}],"version-history":[{"count":4,"href":"https:\/\/www.naturparkmagazin.de\/vdn\/wp-json\/wp\/v2\/posts\/2517\/revisions"}],"predecessor-version":[{"id":2577,"href":"https:\/\/www.naturparkmagazin.de\/vdn\/wp-json\/wp\/v2\/posts\/2517\/revisions\/2577"}],"wp:featuredmedia":[{"embeddable":true,"href":"https:\/\/www.naturparkmagazin.de\/vdn\/wp-json\/wp\/v2\/media\/2519"}],"wp:attachment":[{"href":"https:\/\/www.naturparkmagazin.de\/vdn\/wp-json\/wp\/v2\/media?parent=2517"}],"wp:term":[{"taxonomy":"category","embeddable":true,"href":"https:\/\/www.naturparkmagazin.de\/vdn\/wp-json\/wp\/v2\/categories?post=2517"},{"taxonomy":"post_tag","embeddable":true,"href":"https:\/\/www.naturparkmagazin.de\/vdn\/wp-json\/wp\/v2\/tags?post=2517"}],"curies":[{"name":"wp","href":"https:\/\/api.w.org\/{rel}","templated":true}]}}