{"id":2646,"date":"2013-11-27T12:10:42","date_gmt":"2013-11-27T10:10:42","guid":{"rendered":"http:\/\/www.naturparkmagazin.de\/vdn\/?p=2646"},"modified":"2013-12-04T13:18:24","modified_gmt":"2013-12-04T11:18:24","slug":"im-portrait-naturpark-suedeifel","status":"publish","type":"post","link":"https:\/\/www.naturparkmagazin.de\/vdn\/im-portrait-naturpark-suedeifel\/","title":{"rendered":"&#8222;Felsenland&#8220; &#8211; Naturpark S\u00fcdeifel"},"content":{"rendered":"<div id=\"attachment_2648\" style=\"width: 510px\" class=\"wp-caption aligncenter\"><a href=\"https:\/\/www.naturparkmagazin.de\/vdn\/wp-content\/uploads\/sites\/3\/landschaft-verfremdung1web.jpg\"><img aria-describedby=\"caption-attachment-2648\" decoding=\"async\" loading=\"lazy\" class=\"size-full wp-image-2648\" title=\"Morgenstimmung im Naturpark S\u00fcdeifel - Copyright: VDN\/Justtina\" alt=\"Morgenstimmung im Naturpark S\u00fcdeifel - Copyright: VDN\/Justtina\" src=\"https:\/\/www.naturparkmagazin.de\/vdn\/wp-content\/uploads\/sites\/3\/landschaft-verfremdung1web.jpg\" width=\"500\" height=\"300\" srcset=\"https:\/\/www.naturparkmagazin.de\/vdn\/wp-content\/uploads\/sites\/3\/landschaft-verfremdung1web.jpg 500w, https:\/\/www.naturparkmagazin.de\/vdn\/wp-content\/uploads\/sites\/3\/landschaft-verfremdung1web-300x180.jpg 300w, https:\/\/www.naturparkmagazin.de\/vdn\/wp-content\/uploads\/sites\/3\/landschaft-verfremdung1web-200x120.jpg 200w\" sizes=\"(max-width: 500px) 100vw, 500px\" \/><\/a><p id=\"caption-attachment-2648\" class=\"wp-caption-text\">Morgenstimmung im Naturpark S\u00fcdeifel &#8211; Copyright: VDN\/Justtina<\/p><\/div>\n<p>Der Naturpark S\u00fcdeifel wurde 1958 gegr\u00fcndet und ist damit der \u00e4lteste Naturpark in Rheinland-Pfalz und der zweit\u00e4lteste Deutschlands. Als Teil des ersten l\u00e4nderverbindenden Naturparks in Europa, dem Deutsch-Luxemburgischen Naturpark erstreckt er sich \u00fcber eine Fl\u00e4che von 432 km\u00b2 und hat ca. 30.000 Einwohner. Mit seiner landschaftlichen Vielfalt und dem damit verbundenen Reichtum an Tier- und Pflanzenarten bietet er dem Besucher ein intensives Naturerleben.<\/p>\n<div id=\"attachment_2649\" style=\"width: 510px\" class=\"wp-caption aligncenter\"><a href=\"https:\/\/www.naturparkmagazin.de\/vdn\/wp-content\/uploads\/sites\/3\/eif-7538-nx2-np-12-10-2007web.jpg\"><img aria-describedby=\"caption-attachment-2649\" decoding=\"async\" loading=\"lazy\" class=\"size-full wp-image-2649\" title=\"Die Irrler Wasserf\u00e4lle - Copyright: Albert Wirtz\" alt=\"Die Irrler Wasserf\u00e4lle - Copyright: Albert Wirtz\" src=\"https:\/\/www.naturparkmagazin.de\/vdn\/wp-content\/uploads\/sites\/3\/eif-7538-nx2-np-12-10-2007web.jpg\" width=\"500\" height=\"300\" srcset=\"https:\/\/www.naturparkmagazin.de\/vdn\/wp-content\/uploads\/sites\/3\/eif-7538-nx2-np-12-10-2007web.jpg 500w, https:\/\/www.naturparkmagazin.de\/vdn\/wp-content\/uploads\/sites\/3\/eif-7538-nx2-np-12-10-2007web-300x180.jpg 300w, https:\/\/www.naturparkmagazin.de\/vdn\/wp-content\/uploads\/sites\/3\/eif-7538-nx2-np-12-10-2007web-200x120.jpg 200w\" sizes=\"(max-width: 500px) 100vw, 500px\" \/><\/a><p id=\"caption-attachment-2649\" class=\"wp-caption-text\">Die Irrler Wasserf\u00e4lle &#8211; Copyright: Albert Wirtz<\/p><\/div>\n<p style=\"text-align: center\">\n<p>Zur touristischen Erschlie\u00dfung unterh\u00e4lt der Naturpark ein 1.200 km langes Wanderwegenetz. Themenrouten geben Einblick in die Naturparkarbeit und offenbaren den landschaftlichen und kulturhistorischen Reichtum. Acht grenz\u00fcberschreitende Wanderbr\u00fccken stehen symbolhaft f\u00fcr den deutsch-luxemburgischen Br\u00fcckenschlag in Sachen Kultur und Natur. Geheimnisvolle Felsenlandschaften, malerische Flu\u00dft\u00e4ler, ausgedehnte W\u00e4lder, gem\u00fctliche Eifeld\u00f6rfer und sagenumwobene Zeugen l\u00e4ngst vergangener Tage machen einen Besuch im Naturpark S\u00fcdeifel zu einem ganz besonderen Erlebnis. Die rauen H\u00f6henz\u00fcge des Isleks, die sanften H\u00fcgellandschaften des Bitburger Gutlandes und die bizarren Felsformationen des Ferschweiler Plateaus \u2013 jede Landschaft repr\u00e4sentiert einen au\u00dfergew\u00f6hnlichen Formenschatz.\nLebendiges Wissen vermitteln die Erlebnis- und Infozentren im Naturpark. Einen besonderen Gaumengenuss versprechen typische Eifelspezialit\u00e4ten der Gastst\u00e4tten und Restaurants im Naturpark S\u00fcdeifel.<\/p>\n<p>Weitere Informationen zum Naturpark S\u00fcdeifel finden Sie <a href=\"http:\/\/naturpark-suedeifel.de\" target=\"_blank\">hier!<\/a><\/p>\n","protected":false},"excerpt":{"rendered":"<p>Der Naturpark S\u00fcdeifel wurde 1958 gegr\u00fcndet und ist damit der \u00e4lteste Naturpark in Rheinland-Pfalz und der zweit\u00e4lteste Deutschlands. Als Teil des ersten l\u00e4nderverbindenden Naturparks in Europa, dem Deutsch-Luxemburgischen Naturpark erstreckt er sich \u00fcber eine Fl\u00e4che von 432 km\u00b2 und hat ca. 30.000 Einwohner. Mit seiner landschaftlichen Vielfalt und dem damit verbundenen Reichtum an Tier- und Pflanzenarten bietet er dem Besucher ein intensives Naturerleben.<\/p>\n","protected":false},"author":14,"featured_media":2648,"comment_status":"open","ping_status":"open","sticky":false,"template":"","format":"standard","meta":{"_links_to":"","_links_to_target":""},"categories":[15],"tags":[],"yoast_head":"<!-- This site is optimized with the Yoast SEO plugin v19.10 - https:\/\/yoast.com\/wordpress\/plugins\/seo\/ -->\n<title>&quot;Felsenland&quot; - Naturpark S\u00fcdeifel<\/title>\n<meta name=\"description\" content=\"Der Naturpark S\u00fcdeifel wurde 1958 gegr\u00fcndet und ist damit der \u00e4lteste Naturpark in Rheinland-Pfalz und der zweit\u00e4lteste Deutschlands. Als Teil des ersten l\u00e4nderverbindenden Naturparks in Europa, dem Deutsch-Luxemburgischen Naturpark erstreckt er sich \u00fcber eine Fl\u00e4che von 432 km\u00b2 und hat ca. 30.000 Einwohner. Mit seiner landschaftlichen Vielfalt und dem damit verbundenen Reichtum an Tier- und Pflanzenarten bietet er dem Besucher ein intensives Naturerleben.\" \/>\n<meta name=\"robots\" content=\"index, follow, max-snippet:-1, max-image-preview:large, max-video-preview:-1\" \/>\n<link rel=\"canonical\" href=\"https:\/\/www.naturparkmagazin.de\/vdn\/im-portrait-naturpark-suedeifel\/\" \/>\n<meta property=\"og:locale\" content=\"de_DE\" \/>\n<meta property=\"og:type\" content=\"article\" \/>\n<meta property=\"og:title\" content=\"&quot;Felsenland&quot; - Naturpark S\u00fcdeifel\" \/>\n<meta property=\"og:description\" content=\"Der Naturpark S\u00fcdeifel wurde 1958 gegr\u00fcndet und ist damit der \u00e4lteste Naturpark in Rheinland-Pfalz und der zweit\u00e4lteste Deutschlands. Als Teil des ersten l\u00e4nderverbindenden Naturparks in Europa, dem Deutsch-Luxemburgischen Naturpark erstreckt er sich \u00fcber eine Fl\u00e4che von 432 km\u00b2 und hat ca. 30.000 Einwohner. Mit seiner landschaftlichen Vielfalt und dem damit verbundenen Reichtum an Tier- und Pflanzenarten bietet er dem Besucher ein intensives Naturerleben.\" \/>\n<meta property=\"og:url\" content=\"https:\/\/www.naturparkmagazin.de\/vdn\/im-portrait-naturpark-suedeifel\/\" \/>\n<meta property=\"og:site_name\" content=\"Verband Deutscher Naturparke\" \/>\n<meta property=\"article:published_time\" content=\"2013-11-27T10:10:42+00:00\" \/>\n<meta property=\"article:modified_time\" content=\"2013-12-04T11:18:24+00:00\" \/>\n<meta property=\"og:image\" content=\"https:\/\/www.naturparkmagazin.de\/vdn\/wp-content\/uploads\/sites\/3\/landschaft-verfremdung1web.jpg\" \/>\n\t<meta property=\"og:image:width\" content=\"500\" \/>\n\t<meta property=\"og:image:height\" content=\"300\" \/>\n\t<meta property=\"og:image:type\" content=\"image\/jpeg\" \/>\n<meta name=\"author\" content=\"vdnnational\" \/>\n<meta name=\"twitter:label1\" content=\"Verfasst von\" \/>\n\t<meta name=\"twitter:data1\" content=\"vdnnational\" \/>\n\t<meta name=\"twitter:label2\" content=\"Gesch\u00e4tzte Lesezeit\" \/>\n\t<meta name=\"twitter:data2\" content=\"1\u00a0Minute\" \/>\n<script type=\"application\/ld+json\" class=\"yoast-schema-graph\">{\"@context\":\"https:\/\/schema.org\",\"@graph\":[{\"@type\":\"WebPage\",\"@id\":\"https:\/\/www.naturparkmagazin.de\/vdn\/im-portrait-naturpark-suedeifel\/\",\"url\":\"https:\/\/www.naturparkmagazin.de\/vdn\/im-portrait-naturpark-suedeifel\/\",\"name\":\"\\\"Felsenland\\\" - Naturpark S\u00fcdeifel\",\"isPartOf\":{\"@id\":\"https:\/\/www.naturparkmagazin.de\/vdn\/#website\"},\"datePublished\":\"2013-11-27T10:10:42+00:00\",\"dateModified\":\"2013-12-04T11:18:24+00:00\",\"author\":{\"@id\":\"https:\/\/www.naturparkmagazin.de\/vdn\/#\/schema\/person\/e28d931df83318a48d52ae72b08d2bfb\"},\"description\":\"Der Naturpark S\u00fcdeifel wurde 1958 gegr\u00fcndet und ist damit der \u00e4lteste Naturpark in Rheinland-Pfalz und der zweit\u00e4lteste Deutschlands. Als Teil des ersten l\u00e4nderverbindenden Naturparks in Europa, dem Deutsch-Luxemburgischen Naturpark erstreckt er sich \u00fcber eine Fl\u00e4che von 432 km\u00b2 und hat ca. 30.000 Einwohner. Mit seiner landschaftlichen Vielfalt und dem damit verbundenen Reichtum an Tier- und Pflanzenarten bietet er dem Besucher ein intensives Naturerleben.\",\"breadcrumb\":{\"@id\":\"https:\/\/www.naturparkmagazin.de\/vdn\/im-portrait-naturpark-suedeifel\/#breadcrumb\"},\"inLanguage\":\"de\",\"potentialAction\":[{\"@type\":\"ReadAction\",\"target\":[\"https:\/\/www.naturparkmagazin.de\/vdn\/im-portrait-naturpark-suedeifel\/\"]}]},{\"@type\":\"BreadcrumbList\",\"@id\":\"https:\/\/www.naturparkmagazin.de\/vdn\/im-portrait-naturpark-suedeifel\/#breadcrumb\",\"itemListElement\":[{\"@type\":\"ListItem\",\"position\":1,\"name\":\"Home\",\"item\":\"https:\/\/www.naturparkmagazin.de\/vdn\/\"},{\"@type\":\"ListItem\",\"position\":2,\"name\":\"&#8222;Felsenland&#8220; &#8211; Naturpark S\u00fcdeifel\"}]},{\"@type\":\"WebSite\",\"@id\":\"https:\/\/www.naturparkmagazin.de\/vdn\/#website\",\"url\":\"https:\/\/www.naturparkmagazin.de\/vdn\/\",\"name\":\"Verband Deutscher Naturparke\",\"description\":\"Eine weitere Naturparkmagazin.de Netzwerk Seite\",\"potentialAction\":[{\"@type\":\"SearchAction\",\"target\":{\"@type\":\"EntryPoint\",\"urlTemplate\":\"https:\/\/www.naturparkmagazin.de\/vdn\/?s={search_term_string}\"},\"query-input\":\"required name=search_term_string\"}],\"inLanguage\":\"de\"},{\"@type\":\"Person\",\"@id\":\"https:\/\/www.naturparkmagazin.de\/vdn\/#\/schema\/person\/e28d931df83318a48d52ae72b08d2bfb\",\"name\":\"vdnnational\",\"url\":\"https:\/\/www.naturparkmagazin.de\/vdn\/author\/vdnnational\/\"}]}<\/script>\n<!-- \/ Yoast SEO plugin. -->","yoast_head_json":{"title":"\"Felsenland\" - Naturpark S\u00fcdeifel","description":"Der Naturpark S\u00fcdeifel wurde 1958 gegr\u00fcndet und ist damit der \u00e4lteste Naturpark in Rheinland-Pfalz und der zweit\u00e4lteste Deutschlands. Als Teil des ersten l\u00e4nderverbindenden Naturparks in Europa, dem Deutsch-Luxemburgischen Naturpark erstreckt er sich \u00fcber eine Fl\u00e4che von 432 km\u00b2 und hat ca. 30.000 Einwohner. Mit seiner landschaftlichen Vielfalt und dem damit verbundenen Reichtum an Tier- und Pflanzenarten bietet er dem Besucher ein intensives Naturerleben.","robots":{"index":"index","follow":"follow","max-snippet":"max-snippet:-1","max-image-preview":"max-image-preview:large","max-video-preview":"max-video-preview:-1"},"canonical":"https:\/\/www.naturparkmagazin.de\/vdn\/im-portrait-naturpark-suedeifel\/","og_locale":"de_DE","og_type":"article","og_title":"\"Felsenland\" - Naturpark S\u00fcdeifel","og_description":"Der Naturpark S\u00fcdeifel wurde 1958 gegr\u00fcndet und ist damit der \u00e4lteste Naturpark in Rheinland-Pfalz und der zweit\u00e4lteste Deutschlands. Als Teil des ersten l\u00e4nderverbindenden Naturparks in Europa, dem Deutsch-Luxemburgischen Naturpark erstreckt er sich \u00fcber eine Fl\u00e4che von 432 km\u00b2 und hat ca. 30.000 Einwohner. Mit seiner landschaftlichen Vielfalt und dem damit verbundenen Reichtum an Tier- und Pflanzenarten bietet er dem Besucher ein intensives Naturerleben.","og_url":"https:\/\/www.naturparkmagazin.de\/vdn\/im-portrait-naturpark-suedeifel\/","og_site_name":"Verband Deutscher Naturparke","article_published_time":"2013-11-27T10:10:42+00:00","article_modified_time":"2013-12-04T11:18:24+00:00","og_image":[{"width":500,"height":300,"url":"https:\/\/www.naturparkmagazin.de\/vdn\/wp-content\/uploads\/sites\/3\/landschaft-verfremdung1web.jpg","type":"image\/jpeg"}],"author":"vdnnational","twitter_misc":{"Verfasst von":"vdnnational","Gesch\u00e4tzte Lesezeit":"1\u00a0Minute"},"schema":{"@context":"https:\/\/schema.org","@graph":[{"@type":"WebPage","@id":"https:\/\/www.naturparkmagazin.de\/vdn\/im-portrait-naturpark-suedeifel\/","url":"https:\/\/www.naturparkmagazin.de\/vdn\/im-portrait-naturpark-suedeifel\/","name":"\"Felsenland\" - Naturpark S\u00fcdeifel","isPartOf":{"@id":"https:\/\/www.naturparkmagazin.de\/vdn\/#website"},"datePublished":"2013-11-27T10:10:42+00:00","dateModified":"2013-12-04T11:18:24+00:00","author":{"@id":"https:\/\/www.naturparkmagazin.de\/vdn\/#\/schema\/person\/e28d931df83318a48d52ae72b08d2bfb"},"description":"Der Naturpark S\u00fcdeifel wurde 1958 gegr\u00fcndet und ist damit der \u00e4lteste Naturpark in Rheinland-Pfalz und der zweit\u00e4lteste Deutschlands. Als Teil des ersten l\u00e4nderverbindenden Naturparks in Europa, dem Deutsch-Luxemburgischen Naturpark erstreckt er sich \u00fcber eine Fl\u00e4che von 432 km\u00b2 und hat ca. 30.000 Einwohner. Mit seiner landschaftlichen Vielfalt und dem damit verbundenen Reichtum an Tier- und Pflanzenarten bietet er dem Besucher ein intensives Naturerleben.","breadcrumb":{"@id":"https:\/\/www.naturparkmagazin.de\/vdn\/im-portrait-naturpark-suedeifel\/#breadcrumb"},"inLanguage":"de","potentialAction":[{"@type":"ReadAction","target":["https:\/\/www.naturparkmagazin.de\/vdn\/im-portrait-naturpark-suedeifel\/"]}]},{"@type":"BreadcrumbList","@id":"https:\/\/www.naturparkmagazin.de\/vdn\/im-portrait-naturpark-suedeifel\/#breadcrumb","itemListElement":[{"@type":"ListItem","position":1,"name":"Home","item":"https:\/\/www.naturparkmagazin.de\/vdn\/"},{"@type":"ListItem","position":2,"name":"&#8222;Felsenland&#8220; &#8211; Naturpark S\u00fcdeifel"}]},{"@type":"WebSite","@id":"https:\/\/www.naturparkmagazin.de\/vdn\/#website","url":"https:\/\/www.naturparkmagazin.de\/vdn\/","name":"Verband Deutscher Naturparke","description":"Eine weitere Naturparkmagazin.de Netzwerk Seite","potentialAction":[{"@type":"SearchAction","target":{"@type":"EntryPoint","urlTemplate":"https:\/\/www.naturparkmagazin.de\/vdn\/?s={search_term_string}"},"query-input":"required name=search_term_string"}],"inLanguage":"de"},{"@type":"Person","@id":"https:\/\/www.naturparkmagazin.de\/vdn\/#\/schema\/person\/e28d931df83318a48d52ae72b08d2bfb","name":"vdnnational","url":"https:\/\/www.naturparkmagazin.de\/vdn\/author\/vdnnational\/"}]}},"_links":{"self":[{"href":"https:\/\/www.naturparkmagazin.de\/vdn\/wp-json\/wp\/v2\/posts\/2646"}],"collection":[{"href":"https:\/\/www.naturparkmagazin.de\/vdn\/wp-json\/wp\/v2\/posts"}],"about":[{"href":"https:\/\/www.naturparkmagazin.de\/vdn\/wp-json\/wp\/v2\/types\/post"}],"author":[{"embeddable":true,"href":"https:\/\/www.naturparkmagazin.de\/vdn\/wp-json\/wp\/v2\/users\/14"}],"replies":[{"embeddable":true,"href":"https:\/\/www.naturparkmagazin.de\/vdn\/wp-json\/wp\/v2\/comments?post=2646"}],"version-history":[{"count":6,"href":"https:\/\/www.naturparkmagazin.de\/vdn\/wp-json\/wp\/v2\/posts\/2646\/revisions"}],"predecessor-version":[{"id":2763,"href":"https:\/\/www.naturparkmagazin.de\/vdn\/wp-json\/wp\/v2\/posts\/2646\/revisions\/2763"}],"wp:featuredmedia":[{"embeddable":true,"href":"https:\/\/www.naturparkmagazin.de\/vdn\/wp-json\/wp\/v2\/media\/2648"}],"wp:attachment":[{"href":"https:\/\/www.naturparkmagazin.de\/vdn\/wp-json\/wp\/v2\/media?parent=2646"}],"wp:term":[{"taxonomy":"category","embeddable":true,"href":"https:\/\/www.naturparkmagazin.de\/vdn\/wp-json\/wp\/v2\/categories?post=2646"},{"taxonomy":"post_tag","embeddable":true,"href":"https:\/\/www.naturparkmagazin.de\/vdn\/wp-json\/wp\/v2\/tags?post=2646"}],"curies":[{"name":"wp","href":"https:\/\/api.w.org\/{rel}","templated":true}]}}