{"id":2665,"date":"2013-11-27T12:15:14","date_gmt":"2013-11-27T10:15:14","guid":{"rendered":"http:\/\/www.naturparkmagazin.de\/vdn\/?p=2665"},"modified":"2013-12-04T13:17:18","modified_gmt":"2013-12-04T11:17:18","slug":"weihnachtsbaum-fuer-den-deutschen-bundestag-fichte-aus-dem-naturpark-duebener-heide","status":"publish","type":"post","link":"https:\/\/www.naturparkmagazin.de\/vdn\/weihnachtsbaum-fuer-den-deutschen-bundestag-fichte-aus-dem-naturpark-duebener-heide\/","title":{"rendered":"&#8222;Weihnachtsgru\u00df&#8220; &#8211; Fichte aus der D\u00fcbener Heide f\u00fcr den Deutschen Bundestag"},"content":{"rendered":"<div id=\"attachment_2738\" style=\"width: 510px\" class=\"wp-caption aligncenter\"><a href=\"https:\/\/www.naturparkmagazin.de\/vdn\/wp-content\/uploads\/sites\/3\/IMG_8755web.jpg\"><img aria-describedby=\"caption-attachment-2738\" decoding=\"async\" loading=\"lazy\" class=\"size-full wp-image-2738\" title=\"Copyright: Naturpark D\u00fcbener Heide\" alt=\"Copyright: Naturpark D\u00fcbener Heide\" src=\"https:\/\/www.naturparkmagazin.de\/vdn\/wp-content\/uploads\/sites\/3\/IMG_8755web.jpg\" width=\"500\" height=\"300\" srcset=\"https:\/\/www.naturparkmagazin.de\/vdn\/wp-content\/uploads\/sites\/3\/IMG_8755web.jpg 500w, https:\/\/www.naturparkmagazin.de\/vdn\/wp-content\/uploads\/sites\/3\/IMG_8755web-300x180.jpg 300w, https:\/\/www.naturparkmagazin.de\/vdn\/wp-content\/uploads\/sites\/3\/IMG_8755web-200x120.jpg 200w\" sizes=\"(max-width: 500px) 100vw, 500px\" \/><\/a><p id=\"caption-attachment-2738\" class=\"wp-caption-text\">Copyright: Naturpark D\u00fcbener Heide<\/p><\/div>\n<p style=\"text-align: center\">\n<p>Einen ganz besonderen Weihnachtsgru\u00df \u00fcberbrachte der Naturpark D\u00fcbener Heide den Mitgliedern und Mitarbeitern des Deutschen Bundestages am 29. November 2013: einen Weihnachtsbaum. \u00dcberreicht wurde die f\u00fcnf Meter hohe Fichte an den Pr\u00e4sidenten des Deutschen Bundestages, Prof. Dr. Norbert Lammert, MdB, vom Vorsitzenden des Naturpark D\u00fcbener Heide e.V. Axel Mitzka und dem Pr\u00e4sidenten des Verbandes Deutscher Naturparke e. V. Dr. Michael Arndt gemeinsam mit Sch\u00fclerinnen und Sch\u00fclern der evangelischen Grundschule Bad D\u00fcben. Begleitet wurden sie von der diesj\u00e4hrigen Repr\u00e4sentantin des Naturparks, der K\u00f6hlerliesel Swetlana Ebert.<\/p>\n<p><a href=\"http:\/\/www.naturparke.de\/system\/articledownloads\/369\/original\/PM_11-11-3_Weihnachtsbaum_Duebenerheide_final.pdf?1385975380\" target=\"_blank\">Hier k\u00f6nnen Sie die Pressemitteilung lesen!<\/a><\/p>\n","protected":false},"excerpt":{"rendered":"<p>Einen ganz besonderen Weihnachtsgru\u00df \u00fcberbrachte der Naturpark D\u00fcbener Heide den Mitgliedern und Mitarbeitern des Deutschen Bundestages am 29. November 2013: einen Weihnachtsbaum.<\/p>\n","protected":false},"author":14,"featured_media":2738,"comment_status":"open","ping_status":"open","sticky":false,"template":"","format":"standard","meta":{"_links_to":"","_links_to_target":""},"categories":[7],"tags":[],"yoast_head":"<!-- This site is optimized with the Yoast SEO plugin v19.10 - https:\/\/yoast.com\/wordpress\/plugins\/seo\/ -->\n<title>&quot;Weihnachtsgru\u00df&quot; - Fichte aus der D\u00fcbener Heide f\u00fcr den Deutschen Bundestag<\/title>\n<meta name=\"description\" content=\"Einen ganz besonderen Weihnachtsgru\u00df \u00fcberbrachte der Naturpark D\u00fcbener Heide den Mitgliedern und Mitarbeitern des Deutschen Bundestages am 29. November 2013: einen Weihnachtsbaum.\" \/>\n<meta name=\"robots\" content=\"index, follow, max-snippet:-1, max-image-preview:large, max-video-preview:-1\" \/>\n<link rel=\"canonical\" href=\"https:\/\/www.naturparkmagazin.de\/vdn\/weihnachtsbaum-fuer-den-deutschen-bundestag-fichte-aus-dem-naturpark-duebener-heide\/\" \/>\n<meta property=\"og:locale\" content=\"de_DE\" \/>\n<meta property=\"og:type\" content=\"article\" \/>\n<meta property=\"og:title\" content=\"&quot;Weihnachtsgru\u00df&quot; - Fichte aus der D\u00fcbener Heide f\u00fcr den Deutschen Bundestag\" \/>\n<meta property=\"og:description\" content=\"Einen ganz besonderen Weihnachtsgru\u00df \u00fcberbrachte der Naturpark D\u00fcbener Heide den Mitgliedern und Mitarbeitern des Deutschen Bundestages am 29. November 2013: einen Weihnachtsbaum.\" \/>\n<meta property=\"og:url\" content=\"https:\/\/www.naturparkmagazin.de\/vdn\/weihnachtsbaum-fuer-den-deutschen-bundestag-fichte-aus-dem-naturpark-duebener-heide\/\" \/>\n<meta property=\"og:site_name\" content=\"Verband Deutscher Naturparke\" \/>\n<meta property=\"article:published_time\" content=\"2013-11-27T10:15:14+00:00\" \/>\n<meta property=\"article:modified_time\" content=\"2013-12-04T11:17:18+00:00\" \/>\n<meta property=\"og:image\" content=\"https:\/\/www.naturparkmagazin.de\/vdn\/wp-content\/uploads\/sites\/3\/IMG_8755web.jpg\" \/>\n\t<meta property=\"og:image:width\" content=\"500\" \/>\n\t<meta property=\"og:image:height\" content=\"300\" \/>\n\t<meta property=\"og:image:type\" content=\"image\/jpeg\" \/>\n<meta name=\"author\" content=\"vdnnational\" \/>\n<meta name=\"twitter:label1\" content=\"Verfasst von\" \/>\n\t<meta name=\"twitter:data1\" content=\"vdnnational\" \/>\n\t<meta name=\"twitter:label2\" content=\"Gesch\u00e4tzte Lesezeit\" \/>\n\t<meta name=\"twitter:data2\" content=\"1\u00a0Minute\" \/>\n<script type=\"application\/ld+json\" class=\"yoast-schema-graph\">{\"@context\":\"https:\/\/schema.org\",\"@graph\":[{\"@type\":\"WebPage\",\"@id\":\"https:\/\/www.naturparkmagazin.de\/vdn\/weihnachtsbaum-fuer-den-deutschen-bundestag-fichte-aus-dem-naturpark-duebener-heide\/\",\"url\":\"https:\/\/www.naturparkmagazin.de\/vdn\/weihnachtsbaum-fuer-den-deutschen-bundestag-fichte-aus-dem-naturpark-duebener-heide\/\",\"name\":\"\\\"Weihnachtsgru\u00df\\\" - Fichte aus der D\u00fcbener Heide f\u00fcr den Deutschen Bundestag\",\"isPartOf\":{\"@id\":\"https:\/\/www.naturparkmagazin.de\/vdn\/#website\"},\"datePublished\":\"2013-11-27T10:15:14+00:00\",\"dateModified\":\"2013-12-04T11:17:18+00:00\",\"author\":{\"@id\":\"https:\/\/www.naturparkmagazin.de\/vdn\/#\/schema\/person\/e28d931df83318a48d52ae72b08d2bfb\"},\"description\":\"Einen ganz besonderen Weihnachtsgru\u00df \u00fcberbrachte der Naturpark D\u00fcbener Heide den Mitgliedern und Mitarbeitern des Deutschen Bundestages am 29. November 2013: einen Weihnachtsbaum.\",\"breadcrumb\":{\"@id\":\"https:\/\/www.naturparkmagazin.de\/vdn\/weihnachtsbaum-fuer-den-deutschen-bundestag-fichte-aus-dem-naturpark-duebener-heide\/#breadcrumb\"},\"inLanguage\":\"de\",\"potentialAction\":[{\"@type\":\"ReadAction\",\"target\":[\"https:\/\/www.naturparkmagazin.de\/vdn\/weihnachtsbaum-fuer-den-deutschen-bundestag-fichte-aus-dem-naturpark-duebener-heide\/\"]}]},{\"@type\":\"BreadcrumbList\",\"@id\":\"https:\/\/www.naturparkmagazin.de\/vdn\/weihnachtsbaum-fuer-den-deutschen-bundestag-fichte-aus-dem-naturpark-duebener-heide\/#breadcrumb\",\"itemListElement\":[{\"@type\":\"ListItem\",\"position\":1,\"name\":\"Home\",\"item\":\"https:\/\/www.naturparkmagazin.de\/vdn\/\"},{\"@type\":\"ListItem\",\"position\":2,\"name\":\"&#8222;Weihnachtsgru\u00df&#8220; &#8211; Fichte aus der D\u00fcbener Heide f\u00fcr den Deutschen Bundestag\"}]},{\"@type\":\"WebSite\",\"@id\":\"https:\/\/www.naturparkmagazin.de\/vdn\/#website\",\"url\":\"https:\/\/www.naturparkmagazin.de\/vdn\/\",\"name\":\"Verband Deutscher Naturparke\",\"description\":\"Eine weitere Naturparkmagazin.de Netzwerk Seite\",\"potentialAction\":[{\"@type\":\"SearchAction\",\"target\":{\"@type\":\"EntryPoint\",\"urlTemplate\":\"https:\/\/www.naturparkmagazin.de\/vdn\/?s={search_term_string}\"},\"query-input\":\"required name=search_term_string\"}],\"inLanguage\":\"de\"},{\"@type\":\"Person\",\"@id\":\"https:\/\/www.naturparkmagazin.de\/vdn\/#\/schema\/person\/e28d931df83318a48d52ae72b08d2bfb\",\"name\":\"vdnnational\",\"url\":\"https:\/\/www.naturparkmagazin.de\/vdn\/author\/vdnnational\/\"}]}<\/script>\n<!-- \/ Yoast SEO plugin. -->","yoast_head_json":{"title":"\"Weihnachtsgru\u00df\" - Fichte aus der D\u00fcbener Heide f\u00fcr den Deutschen Bundestag","description":"Einen ganz besonderen Weihnachtsgru\u00df \u00fcberbrachte der Naturpark D\u00fcbener Heide den Mitgliedern und Mitarbeitern des Deutschen Bundestages am 29. November 2013: einen Weihnachtsbaum.","robots":{"index":"index","follow":"follow","max-snippet":"max-snippet:-1","max-image-preview":"max-image-preview:large","max-video-preview":"max-video-preview:-1"},"canonical":"https:\/\/www.naturparkmagazin.de\/vdn\/weihnachtsbaum-fuer-den-deutschen-bundestag-fichte-aus-dem-naturpark-duebener-heide\/","og_locale":"de_DE","og_type":"article","og_title":"\"Weihnachtsgru\u00df\" - Fichte aus der D\u00fcbener Heide f\u00fcr den Deutschen Bundestag","og_description":"Einen ganz besonderen Weihnachtsgru\u00df \u00fcberbrachte der Naturpark D\u00fcbener Heide den Mitgliedern und Mitarbeitern des Deutschen Bundestages am 29. November 2013: einen Weihnachtsbaum.","og_url":"https:\/\/www.naturparkmagazin.de\/vdn\/weihnachtsbaum-fuer-den-deutschen-bundestag-fichte-aus-dem-naturpark-duebener-heide\/","og_site_name":"Verband Deutscher Naturparke","article_published_time":"2013-11-27T10:15:14+00:00","article_modified_time":"2013-12-04T11:17:18+00:00","og_image":[{"width":500,"height":300,"url":"https:\/\/www.naturparkmagazin.de\/vdn\/wp-content\/uploads\/sites\/3\/IMG_8755web.jpg","type":"image\/jpeg"}],"author":"vdnnational","twitter_misc":{"Verfasst von":"vdnnational","Gesch\u00e4tzte Lesezeit":"1\u00a0Minute"},"schema":{"@context":"https:\/\/schema.org","@graph":[{"@type":"WebPage","@id":"https:\/\/www.naturparkmagazin.de\/vdn\/weihnachtsbaum-fuer-den-deutschen-bundestag-fichte-aus-dem-naturpark-duebener-heide\/","url":"https:\/\/www.naturparkmagazin.de\/vdn\/weihnachtsbaum-fuer-den-deutschen-bundestag-fichte-aus-dem-naturpark-duebener-heide\/","name":"\"Weihnachtsgru\u00df\" - Fichte aus der D\u00fcbener Heide f\u00fcr den Deutschen Bundestag","isPartOf":{"@id":"https:\/\/www.naturparkmagazin.de\/vdn\/#website"},"datePublished":"2013-11-27T10:15:14+00:00","dateModified":"2013-12-04T11:17:18+00:00","author":{"@id":"https:\/\/www.naturparkmagazin.de\/vdn\/#\/schema\/person\/e28d931df83318a48d52ae72b08d2bfb"},"description":"Einen ganz besonderen Weihnachtsgru\u00df \u00fcberbrachte der Naturpark D\u00fcbener Heide den Mitgliedern und Mitarbeitern des Deutschen Bundestages am 29. November 2013: einen Weihnachtsbaum.","breadcrumb":{"@id":"https:\/\/www.naturparkmagazin.de\/vdn\/weihnachtsbaum-fuer-den-deutschen-bundestag-fichte-aus-dem-naturpark-duebener-heide\/#breadcrumb"},"inLanguage":"de","potentialAction":[{"@type":"ReadAction","target":["https:\/\/www.naturparkmagazin.de\/vdn\/weihnachtsbaum-fuer-den-deutschen-bundestag-fichte-aus-dem-naturpark-duebener-heide\/"]}]},{"@type":"BreadcrumbList","@id":"https:\/\/www.naturparkmagazin.de\/vdn\/weihnachtsbaum-fuer-den-deutschen-bundestag-fichte-aus-dem-naturpark-duebener-heide\/#breadcrumb","itemListElement":[{"@type":"ListItem","position":1,"name":"Home","item":"https:\/\/www.naturparkmagazin.de\/vdn\/"},{"@type":"ListItem","position":2,"name":"&#8222;Weihnachtsgru\u00df&#8220; &#8211; Fichte aus der D\u00fcbener Heide f\u00fcr den Deutschen Bundestag"}]},{"@type":"WebSite","@id":"https:\/\/www.naturparkmagazin.de\/vdn\/#website","url":"https:\/\/www.naturparkmagazin.de\/vdn\/","name":"Verband Deutscher Naturparke","description":"Eine weitere Naturparkmagazin.de Netzwerk Seite","potentialAction":[{"@type":"SearchAction","target":{"@type":"EntryPoint","urlTemplate":"https:\/\/www.naturparkmagazin.de\/vdn\/?s={search_term_string}"},"query-input":"required name=search_term_string"}],"inLanguage":"de"},{"@type":"Person","@id":"https:\/\/www.naturparkmagazin.de\/vdn\/#\/schema\/person\/e28d931df83318a48d52ae72b08d2bfb","name":"vdnnational","url":"https:\/\/www.naturparkmagazin.de\/vdn\/author\/vdnnational\/"}]}},"_links":{"self":[{"href":"https:\/\/www.naturparkmagazin.de\/vdn\/wp-json\/wp\/v2\/posts\/2665"}],"collection":[{"href":"https:\/\/www.naturparkmagazin.de\/vdn\/wp-json\/wp\/v2\/posts"}],"about":[{"href":"https:\/\/www.naturparkmagazin.de\/vdn\/wp-json\/wp\/v2\/types\/post"}],"author":[{"embeddable":true,"href":"https:\/\/www.naturparkmagazin.de\/vdn\/wp-json\/wp\/v2\/users\/14"}],"replies":[{"embeddable":true,"href":"https:\/\/www.naturparkmagazin.de\/vdn\/wp-json\/wp\/v2\/comments?post=2665"}],"version-history":[{"count":9,"href":"https:\/\/www.naturparkmagazin.de\/vdn\/wp-json\/wp\/v2\/posts\/2665\/revisions"}],"predecessor-version":[{"id":2761,"href":"https:\/\/www.naturparkmagazin.de\/vdn\/wp-json\/wp\/v2\/posts\/2665\/revisions\/2761"}],"wp:featuredmedia":[{"embeddable":true,"href":"https:\/\/www.naturparkmagazin.de\/vdn\/wp-json\/wp\/v2\/media\/2738"}],"wp:attachment":[{"href":"https:\/\/www.naturparkmagazin.de\/vdn\/wp-json\/wp\/v2\/media?parent=2665"}],"wp:term":[{"taxonomy":"category","embeddable":true,"href":"https:\/\/www.naturparkmagazin.de\/vdn\/wp-json\/wp\/v2\/categories?post=2665"},{"taxonomy":"post_tag","embeddable":true,"href":"https:\/\/www.naturparkmagazin.de\/vdn\/wp-json\/wp\/v2\/tags?post=2665"}],"curies":[{"name":"wp","href":"https:\/\/api.w.org\/{rel}","templated":true}]}}