{"id":2670,"date":"2013-11-27T12:00:23","date_gmt":"2013-11-27T10:00:23","guid":{"rendered":"http:\/\/www.naturparkmagazin.de\/vdn\/?p=2670"},"modified":"2013-12-04T13:31:08","modified_gmt":"2013-12-04T11:31:08","slug":"50-jahre-verband-deutscher-naturparke-ministerin-hoefken-wird-naturpark-botschafterin","status":"publish","type":"post","link":"https:\/\/www.naturparkmagazin.de\/vdn\/50-jahre-verband-deutscher-naturparke-ministerin-hoefken-wird-naturpark-botschafterin\/","title":{"rendered":"&#8222;50 Jahre Netzwerk Naturparke&#8220; &#8211;  Ministerin H\u00f6fken wird Naturpark-Botschafterin"},"content":{"rendered":"<div id=\"attachment_2672\" style=\"width: 510px\" class=\"wp-caption aligncenter\"><a href=\"https:\/\/www.naturparkmagazin.de\/vdn\/wp-content\/uploads\/sites\/3\/Urkunden\u00fcbergabe-an-Min-H\u00f6fken-web.jpg\"><img aria-describedby=\"caption-attachment-2672\" decoding=\"async\" loading=\"lazy\" class=\"size-full wp-image-2672\" title=\"Urkunden\u00fcbergabe an Ministerin H\u00f6fken - Copyright: VDN\" alt=\"Urkunden\u00fcbergabe an Ministerin H\u00f6fken - Copyright: VDN\" src=\"https:\/\/www.naturparkmagazin.de\/vdn\/wp-content\/uploads\/sites\/3\/Urkunden\u00fcbergabe-an-Min-H\u00f6fken-web.jpg\" width=\"500\" height=\"300\" srcset=\"https:\/\/www.naturparkmagazin.de\/vdn\/wp-content\/uploads\/sites\/3\/Urkunden\u00fcbergabe-an-Min-H\u00f6fken-web.jpg 500w, https:\/\/www.naturparkmagazin.de\/vdn\/wp-content\/uploads\/sites\/3\/Urkunden\u00fcbergabe-an-Min-H\u00f6fken-web-300x180.jpg 300w, https:\/\/www.naturparkmagazin.de\/vdn\/wp-content\/uploads\/sites\/3\/Urkunden\u00fcbergabe-an-Min-H\u00f6fken-web-200x120.jpg 200w\" sizes=\"(max-width: 500px) 100vw, 500px\" \/><\/a><p id=\"caption-attachment-2672\" class=\"wp-caption-text\">Urkunden\u00fcbergabe an Ministerin H\u00f6fken &#8211; Copyright: VDN<\/p><\/div>\n<p style=\"text-align: center\">\n<p>Auf der Veranstaltung \u201eNaturparke im Wandel der Zeit\u201c wurde Ulrike H\u00f6fken, Staatsministerin f\u00fcr Umwelt, Landwirtschaft, Ern\u00e4hrung, Weinbau und Forsten Rheinland-Pfalz, am 21. November 2013 in Irrel im Naturpark S\u00fcdeifel zur \u201eNaturpark-Botschafterin\u201c f\u00fcr die Naturparke in Rheinland-Pfalz ernannt. Verliehen wurde ihr dieser Titel vor \u00fcber 90 G\u00e4sten von den rheinland-pf\u00e4lzischen Naturparken Nassau, Nordeifel, Pf\u00e4lzerwald, Rhein-Westerwald, Saar-Hunsr\u00fcck, Soonwald-Nahe, S\u00fcdeifel und Vulkaneifel gemeinsam mit dem Verband Deutscher Naturparke (VDN).\nAnlass f\u00fcr die Jubil\u00e4umsveranstaltung war die Gr\u00fcndung des VDN als Dachverband der damals 23 Naturparke vor 50 Jahren am 10. Oktober 1963 in Irrel. Heute gibt es 104 Naturparke in Deutschland, die zusammen 27% der Fl\u00e4che Deutschlands einnehmen, darunter acht Naturparke in Rheinland-Pfalz.<\/p>\n<p><a href=\"http:\/\/www.naturparke.de\/system\/articledownloads\/365\/original\/Pressemitteilung_Irrel_21112013.pdf?1385052823\" target=\"_blank\">Hier k\u00f6nnen Sie die Pressemitteilung einsehen<\/a><\/p>\n","protected":false},"excerpt":{"rendered":"<p>Ulrike H\u00f6fken, Staatsministerin f\u00fcr Umwelt, Landwirtschaft, Ern\u00e4hrung, Weinbau und Forsten Rheinland-Pfalz, wurde in Irrel im Naturpark S\u00fcdeifel zur \u201eNaturpark-Botschafterin\u201c der Naturparke in Rheinland-Pfalz ernannt. <\/p>\n","protected":false},"author":14,"featured_media":2672,"comment_status":"open","ping_status":"open","sticky":false,"template":"","format":"standard","meta":{"_links_to":"","_links_to_target":""},"categories":[7],"tags":[],"yoast_head":"<!-- This site is optimized with the Yoast SEO plugin v19.10 - https:\/\/yoast.com\/wordpress\/plugins\/seo\/ -->\n<title>&quot;50 Jahre Netzwerk Naturparke&quot; - Ministerin H\u00f6fken wird Naturpark-Botschafterin<\/title>\n<meta name=\"description\" content=\"Ulrike H\u00f6fken, Staatsministerin f\u00fcr Umwelt, Landwirtschaft, Ern\u00e4hrung, Weinbau und Forsten Rheinland-Pfalz, wurde in Irrel im Naturpark S\u00fcdeifel zur \u201eNaturpark-Botschafterin\u201c der Naturparke in Rheinland-Pfalz ernannt.\" \/>\n<meta name=\"robots\" content=\"index, follow, max-snippet:-1, max-image-preview:large, max-video-preview:-1\" \/>\n<link rel=\"canonical\" href=\"https:\/\/www.naturparkmagazin.de\/vdn\/50-jahre-verband-deutscher-naturparke-ministerin-hoefken-wird-naturpark-botschafterin\/\" \/>\n<meta property=\"og:locale\" content=\"de_DE\" \/>\n<meta property=\"og:type\" content=\"article\" \/>\n<meta property=\"og:title\" content=\"&quot;50 Jahre Netzwerk Naturparke&quot; - Ministerin H\u00f6fken wird Naturpark-Botschafterin\" \/>\n<meta property=\"og:description\" content=\"Ulrike H\u00f6fken, Staatsministerin f\u00fcr Umwelt, Landwirtschaft, Ern\u00e4hrung, Weinbau und Forsten Rheinland-Pfalz, wurde in Irrel im Naturpark S\u00fcdeifel zur \u201eNaturpark-Botschafterin\u201c der Naturparke in Rheinland-Pfalz ernannt.\" \/>\n<meta property=\"og:url\" content=\"https:\/\/www.naturparkmagazin.de\/vdn\/50-jahre-verband-deutscher-naturparke-ministerin-hoefken-wird-naturpark-botschafterin\/\" \/>\n<meta property=\"og:site_name\" content=\"Verband Deutscher Naturparke\" \/>\n<meta property=\"article:published_time\" content=\"2013-11-27T10:00:23+00:00\" \/>\n<meta property=\"article:modified_time\" content=\"2013-12-04T11:31:08+00:00\" \/>\n<meta property=\"og:image\" content=\"https:\/\/www.naturparkmagazin.de\/vdn\/wp-content\/uploads\/sites\/3\/Urkunden\u00fcbergabe-an-Min-H\u00f6fken-web.jpg\" \/>\n\t<meta property=\"og:image:width\" content=\"500\" \/>\n\t<meta property=\"og:image:height\" content=\"300\" \/>\n\t<meta property=\"og:image:type\" content=\"image\/jpeg\" \/>\n<meta name=\"author\" content=\"vdnnational\" \/>\n<meta name=\"twitter:label1\" content=\"Verfasst von\" \/>\n\t<meta name=\"twitter:data1\" content=\"vdnnational\" \/>\n\t<meta name=\"twitter:label2\" content=\"Gesch\u00e4tzte Lesezeit\" \/>\n\t<meta name=\"twitter:data2\" content=\"1\u00a0Minute\" \/>\n<script type=\"application\/ld+json\" class=\"yoast-schema-graph\">{\"@context\":\"https:\/\/schema.org\",\"@graph\":[{\"@type\":\"WebPage\",\"@id\":\"https:\/\/www.naturparkmagazin.de\/vdn\/50-jahre-verband-deutscher-naturparke-ministerin-hoefken-wird-naturpark-botschafterin\/\",\"url\":\"https:\/\/www.naturparkmagazin.de\/vdn\/50-jahre-verband-deutscher-naturparke-ministerin-hoefken-wird-naturpark-botschafterin\/\",\"name\":\"\\\"50 Jahre Netzwerk Naturparke\\\" - Ministerin H\u00f6fken wird Naturpark-Botschafterin\",\"isPartOf\":{\"@id\":\"https:\/\/www.naturparkmagazin.de\/vdn\/#website\"},\"datePublished\":\"2013-11-27T10:00:23+00:00\",\"dateModified\":\"2013-12-04T11:31:08+00:00\",\"author\":{\"@id\":\"https:\/\/www.naturparkmagazin.de\/vdn\/#\/schema\/person\/e28d931df83318a48d52ae72b08d2bfb\"},\"description\":\"Ulrike H\u00f6fken, Staatsministerin f\u00fcr Umwelt, Landwirtschaft, Ern\u00e4hrung, Weinbau und Forsten Rheinland-Pfalz, wurde in Irrel im Naturpark S\u00fcdeifel zur \u201eNaturpark-Botschafterin\u201c der Naturparke in Rheinland-Pfalz ernannt.\",\"breadcrumb\":{\"@id\":\"https:\/\/www.naturparkmagazin.de\/vdn\/50-jahre-verband-deutscher-naturparke-ministerin-hoefken-wird-naturpark-botschafterin\/#breadcrumb\"},\"inLanguage\":\"de\",\"potentialAction\":[{\"@type\":\"ReadAction\",\"target\":[\"https:\/\/www.naturparkmagazin.de\/vdn\/50-jahre-verband-deutscher-naturparke-ministerin-hoefken-wird-naturpark-botschafterin\/\"]}]},{\"@type\":\"BreadcrumbList\",\"@id\":\"https:\/\/www.naturparkmagazin.de\/vdn\/50-jahre-verband-deutscher-naturparke-ministerin-hoefken-wird-naturpark-botschafterin\/#breadcrumb\",\"itemListElement\":[{\"@type\":\"ListItem\",\"position\":1,\"name\":\"Home\",\"item\":\"https:\/\/www.naturparkmagazin.de\/vdn\/\"},{\"@type\":\"ListItem\",\"position\":2,\"name\":\"&#8222;50 Jahre Netzwerk Naturparke&#8220; &#8211; Ministerin H\u00f6fken wird Naturpark-Botschafterin\"}]},{\"@type\":\"WebSite\",\"@id\":\"https:\/\/www.naturparkmagazin.de\/vdn\/#website\",\"url\":\"https:\/\/www.naturparkmagazin.de\/vdn\/\",\"name\":\"Verband Deutscher Naturparke\",\"description\":\"Eine weitere Naturparkmagazin.de Netzwerk Seite\",\"potentialAction\":[{\"@type\":\"SearchAction\",\"target\":{\"@type\":\"EntryPoint\",\"urlTemplate\":\"https:\/\/www.naturparkmagazin.de\/vdn\/?s={search_term_string}\"},\"query-input\":\"required name=search_term_string\"}],\"inLanguage\":\"de\"},{\"@type\":\"Person\",\"@id\":\"https:\/\/www.naturparkmagazin.de\/vdn\/#\/schema\/person\/e28d931df83318a48d52ae72b08d2bfb\",\"name\":\"vdnnational\",\"url\":\"https:\/\/www.naturparkmagazin.de\/vdn\/author\/vdnnational\/\"}]}<\/script>\n<!-- \/ Yoast SEO plugin. -->","yoast_head_json":{"title":"\"50 Jahre Netzwerk Naturparke\" - Ministerin H\u00f6fken wird Naturpark-Botschafterin","description":"Ulrike H\u00f6fken, Staatsministerin f\u00fcr Umwelt, Landwirtschaft, Ern\u00e4hrung, Weinbau und Forsten Rheinland-Pfalz, wurde in Irrel im Naturpark S\u00fcdeifel zur \u201eNaturpark-Botschafterin\u201c der Naturparke in Rheinland-Pfalz ernannt.","robots":{"index":"index","follow":"follow","max-snippet":"max-snippet:-1","max-image-preview":"max-image-preview:large","max-video-preview":"max-video-preview:-1"},"canonical":"https:\/\/www.naturparkmagazin.de\/vdn\/50-jahre-verband-deutscher-naturparke-ministerin-hoefken-wird-naturpark-botschafterin\/","og_locale":"de_DE","og_type":"article","og_title":"\"50 Jahre Netzwerk Naturparke\" - Ministerin H\u00f6fken wird Naturpark-Botschafterin","og_description":"Ulrike H\u00f6fken, Staatsministerin f\u00fcr Umwelt, Landwirtschaft, Ern\u00e4hrung, Weinbau und Forsten Rheinland-Pfalz, wurde in Irrel im Naturpark S\u00fcdeifel zur \u201eNaturpark-Botschafterin\u201c der Naturparke in Rheinland-Pfalz ernannt.","og_url":"https:\/\/www.naturparkmagazin.de\/vdn\/50-jahre-verband-deutscher-naturparke-ministerin-hoefken-wird-naturpark-botschafterin\/","og_site_name":"Verband Deutscher Naturparke","article_published_time":"2013-11-27T10:00:23+00:00","article_modified_time":"2013-12-04T11:31:08+00:00","og_image":[{"width":500,"height":300,"url":"https:\/\/www.naturparkmagazin.de\/vdn\/wp-content\/uploads\/sites\/3\/Urkunden\u00fcbergabe-an-Min-H\u00f6fken-web.jpg","type":"image\/jpeg"}],"author":"vdnnational","twitter_misc":{"Verfasst von":"vdnnational","Gesch\u00e4tzte Lesezeit":"1\u00a0Minute"},"schema":{"@context":"https:\/\/schema.org","@graph":[{"@type":"WebPage","@id":"https:\/\/www.naturparkmagazin.de\/vdn\/50-jahre-verband-deutscher-naturparke-ministerin-hoefken-wird-naturpark-botschafterin\/","url":"https:\/\/www.naturparkmagazin.de\/vdn\/50-jahre-verband-deutscher-naturparke-ministerin-hoefken-wird-naturpark-botschafterin\/","name":"\"50 Jahre Netzwerk Naturparke\" - Ministerin H\u00f6fken wird Naturpark-Botschafterin","isPartOf":{"@id":"https:\/\/www.naturparkmagazin.de\/vdn\/#website"},"datePublished":"2013-11-27T10:00:23+00:00","dateModified":"2013-12-04T11:31:08+00:00","author":{"@id":"https:\/\/www.naturparkmagazin.de\/vdn\/#\/schema\/person\/e28d931df83318a48d52ae72b08d2bfb"},"description":"Ulrike H\u00f6fken, Staatsministerin f\u00fcr Umwelt, Landwirtschaft, Ern\u00e4hrung, Weinbau und Forsten Rheinland-Pfalz, wurde in Irrel im Naturpark S\u00fcdeifel zur \u201eNaturpark-Botschafterin\u201c der Naturparke in Rheinland-Pfalz ernannt.","breadcrumb":{"@id":"https:\/\/www.naturparkmagazin.de\/vdn\/50-jahre-verband-deutscher-naturparke-ministerin-hoefken-wird-naturpark-botschafterin\/#breadcrumb"},"inLanguage":"de","potentialAction":[{"@type":"ReadAction","target":["https:\/\/www.naturparkmagazin.de\/vdn\/50-jahre-verband-deutscher-naturparke-ministerin-hoefken-wird-naturpark-botschafterin\/"]}]},{"@type":"BreadcrumbList","@id":"https:\/\/www.naturparkmagazin.de\/vdn\/50-jahre-verband-deutscher-naturparke-ministerin-hoefken-wird-naturpark-botschafterin\/#breadcrumb","itemListElement":[{"@type":"ListItem","position":1,"name":"Home","item":"https:\/\/www.naturparkmagazin.de\/vdn\/"},{"@type":"ListItem","position":2,"name":"&#8222;50 Jahre Netzwerk Naturparke&#8220; &#8211; Ministerin H\u00f6fken wird Naturpark-Botschafterin"}]},{"@type":"WebSite","@id":"https:\/\/www.naturparkmagazin.de\/vdn\/#website","url":"https:\/\/www.naturparkmagazin.de\/vdn\/","name":"Verband Deutscher Naturparke","description":"Eine weitere Naturparkmagazin.de Netzwerk Seite","potentialAction":[{"@type":"SearchAction","target":{"@type":"EntryPoint","urlTemplate":"https:\/\/www.naturparkmagazin.de\/vdn\/?s={search_term_string}"},"query-input":"required name=search_term_string"}],"inLanguage":"de"},{"@type":"Person","@id":"https:\/\/www.naturparkmagazin.de\/vdn\/#\/schema\/person\/e28d931df83318a48d52ae72b08d2bfb","name":"vdnnational","url":"https:\/\/www.naturparkmagazin.de\/vdn\/author\/vdnnational\/"}]}},"_links":{"self":[{"href":"https:\/\/www.naturparkmagazin.de\/vdn\/wp-json\/wp\/v2\/posts\/2670"}],"collection":[{"href":"https:\/\/www.naturparkmagazin.de\/vdn\/wp-json\/wp\/v2\/posts"}],"about":[{"href":"https:\/\/www.naturparkmagazin.de\/vdn\/wp-json\/wp\/v2\/types\/post"}],"author":[{"embeddable":true,"href":"https:\/\/www.naturparkmagazin.de\/vdn\/wp-json\/wp\/v2\/users\/14"}],"replies":[{"embeddable":true,"href":"https:\/\/www.naturparkmagazin.de\/vdn\/wp-json\/wp\/v2\/comments?post=2670"}],"version-history":[{"count":9,"href":"https:\/\/www.naturparkmagazin.de\/vdn\/wp-json\/wp\/v2\/posts\/2670\/revisions"}],"predecessor-version":[{"id":2768,"href":"https:\/\/www.naturparkmagazin.de\/vdn\/wp-json\/wp\/v2\/posts\/2670\/revisions\/2768"}],"wp:featuredmedia":[{"embeddable":true,"href":"https:\/\/www.naturparkmagazin.de\/vdn\/wp-json\/wp\/v2\/media\/2672"}],"wp:attachment":[{"href":"https:\/\/www.naturparkmagazin.de\/vdn\/wp-json\/wp\/v2\/media?parent=2670"}],"wp:term":[{"taxonomy":"category","embeddable":true,"href":"https:\/\/www.naturparkmagazin.de\/vdn\/wp-json\/wp\/v2\/categories?post=2670"},{"taxonomy":"post_tag","embeddable":true,"href":"https:\/\/www.naturparkmagazin.de\/vdn\/wp-json\/wp\/v2\/tags?post=2670"}],"curies":[{"name":"wp","href":"https:\/\/api.w.org\/{rel}","templated":true}]}}