{"id":2701,"date":"2013-11-27T12:05:39","date_gmt":"2013-11-27T11:05:39","guid":{"rendered":"http:\/\/www.naturparkmagazin.de\/vdn\/?p=2701"},"modified":"2014-04-09T13:32:23","modified_gmt":"2014-04-09T11:32:23","slug":"vorfreuden-weihnachtsmaerkte-co","status":"publish","type":"post","link":"https:\/\/www.naturparkmagazin.de\/vdn\/vorfreuden-weihnachtsmaerkte-co\/","title":{"rendered":"&#8222;Vorfreude&#8220; &#8211; Weihnachtsm\u00e4rkte und mehr"},"content":{"rendered":"<div id=\"attachment_2677\" style=\"width: 510px\" class=\"wp-caption aligncenter\"><a href=\"https:\/\/www.naturparkmagazin.de\/vdn\/wp-content\/uploads\/sites\/3\/132_Adventsmarkt_Moellnweb.jpg\"><img aria-describedby=\"caption-attachment-2677\" decoding=\"async\" loading=\"lazy\" class=\"size-full wp-image-2677\" title=\"Adventsmarkt in Moelln - Copyright: VDN\/Thomas Ebelt\" alt=\"Adventsmarkt in Moelln - Copyright: VDN\/Thomas Ebelt\" src=\"https:\/\/www.naturparkmagazin.de\/vdn\/wp-content\/uploads\/sites\/3\/132_Adventsmarkt_Moellnweb.jpg\" width=\"500\" height=\"300\" srcset=\"https:\/\/www.naturparkmagazin.de\/vdn\/wp-content\/uploads\/sites\/3\/132_Adventsmarkt_Moellnweb.jpg 500w, https:\/\/www.naturparkmagazin.de\/vdn\/wp-content\/uploads\/sites\/3\/132_Adventsmarkt_Moellnweb-300x180.jpg 300w, https:\/\/www.naturparkmagazin.de\/vdn\/wp-content\/uploads\/sites\/3\/132_Adventsmarkt_Moellnweb-200x120.jpg 200w\" sizes=\"(max-width: 500px) 100vw, 500px\" \/><\/a><p id=\"caption-attachment-2677\" class=\"wp-caption-text\">Adventsmarkt in Moelln &#8211; Copyright: VDN\/Thomas Ebelt<\/p><\/div>\n<p style=\"text-align: center\">\n<p>Mit der winterlichen K\u00e4lte beginnt f\u00fcr viele Menschen die sch\u00f6nste Zeit des Jahres. In vielen D\u00f6rfern und St\u00e4dten werden mit dem Beginn der Adventszeit gleichzeitig auch die Weihnachtsm\u00e4rkte er\u00f6ffnet. In den St\u00e4dten, romantisch hinter Schlosstoren oder \u00a0zwischen hohen Burgmauern und in kleinen D\u00f6rfern bezaubern liebevoll gestaltete St\u00e4nde und herrliche Kulissen die Menschen. In der Luft liegen die s\u00fc\u00dfen D\u00fcfte von gebrannten Mandeln, Lebkuchen und Spekulatius und am Gl\u00fchweinstand trifft man sich zum Aufw\u00e4rmen mit Freunden und Familie.<\/p>\n<p>In den Naturparken gibt es dieses Jahr wieder zahlreiche Weihnachtsm\u00e4rkte sowie winterliche Veranstaltungen wie Schneeschuhtouren und Waldweihnacht.<\/p>\n<p>Wir haben hier eine kleine Auswahl f\u00fcr Sie zusammengestellt:<\/p>\n<p><a href=\"http:\/\/www.naturpark-altmuehltal.de\/weihnachtsmaerkte\/\" target=\"_blank\">Naturpark Altm\u00fchltal<\/a><\/p>\n<p><a href=\"http:\/\/www.deutsche-weihnachtsmaerkte.de\/News-Sch%C3%B6nste-Weihnachtsm%C3%A4rkte-im-Schwarzwald_5886.html\" target=\"_blank\">Naturparke im Schwarzwald ( S\u00fcdschwarzwald; Schwarzwald Mitte\/Nord)<\/a><\/p>\n<p><a href=\"http:\/\/www.die-naturparkfuehrer.de\/naturparkfuehrer_termine.html\" target=\"_blank\">Naturpark Schw\u00e4bisch-Fr\u00e4nkischer Wald<\/a><\/p>\n<p><a href=\"http:\/\/www.harz-online.de\/weihnachtsmarkt\/\" target=\"_blank\">Naturparke im Harz (Harz\/Niedersachsen &amp; Sachsen-Anhalt; S\u00fcdharz)<\/a><\/p>\n<p><a href=\"http:\/\/www.lueneburger-heide.de\/themen\/Weihnachtsmarkt\" target=\"_blank\">Naturpark L\u00fcneburger Heide<\/a><\/p>\n<p><a href=\"http:\/\/www.nordbrandenburg.de\/component\/eventlist\/details\/13-weihnachtsmarkt.html\" target=\"_blank\">Naturpark Stechlin-Ruppiner Land<\/a><\/p>\n<p><a href=\"http:\/\/www.erzgebirge.de\/advent\/veranstaltungen\/die-weihnachtsmaerkte-im-erzgebirge-und-vogtland-artikel8135858.php\" target=\"_blank\">Naturpark Erzgebirge\/Vogtland<\/a><\/p>\n<p><a href=\"http:\/\/www.rhoen.de\/urlaub-kultur-ferien-wellness\/aktiv-freizeit\/weihnachtsmaerkte-rhoen\/m_8596\" target=\"_blank\">Naturpark Hessische und Bayerische Rh\u00f6n<\/a><\/p>\n<p><a href=\"http:\/\/www.dasbergische.de\/\" target=\"_blank\">Naturpark Bergisches Land<\/a><\/p>\n","protected":false},"excerpt":{"rendered":"<p>Mit der winterlichen K\u00e4lte beginnt f\u00fcr viele Menschen die sch\u00f6nste Zeit des Jahres. In vielen D\u00f6rfern und St\u00e4dten werden mit dem Beginn der Adventszeit gleichzeitig auch die Weihnachtsm\u00e4rkte er\u00f6ffnet. In der Luft liegen die s\u00fc\u00dfen D\u00fcfte von gebrannten Mandeln, Lebkuchen und Spekulatius und am Gl\u00fchweinstand trifft man sich zum Aufw\u00e4rmen mit Freunden und Familie. <\/p>\n","protected":false},"author":14,"featured_media":2677,"comment_status":"open","ping_status":"open","sticky":false,"template":"","format":"standard","meta":{"_links_to":"","_links_to_target":""},"categories":[11],"tags":[],"yoast_head":"<!-- This site is optimized with the Yoast SEO plugin v19.10 - https:\/\/yoast.com\/wordpress\/plugins\/seo\/ -->\n<title>&quot;Vorfreude&quot; - Weihnachtsm\u00e4rkte und mehr<\/title>\n<meta name=\"description\" content=\"Mit der winterlichen K\u00e4lte beginnt f\u00fcr viele Menschen die sch\u00f6nste Zeit des Jahres. In vielen D\u00f6rfern und St\u00e4dten werden mit dem Beginn der Adventszeit gleichzeitig auch die Weihnachtsm\u00e4rkte er\u00f6ffnet. In der Luft liegen die s\u00fc\u00dfen D\u00fcfte von gebrannten Mandeln, Lebkuchen und Spekulatius und am Gl\u00fchweinstand trifft man sich zum Aufw\u00e4rmen mit Freunden und Familie.\" \/>\n<meta name=\"robots\" content=\"index, follow, max-snippet:-1, max-image-preview:large, max-video-preview:-1\" \/>\n<link rel=\"canonical\" href=\"https:\/\/www.naturparkmagazin.de\/vdn\/vorfreuden-weihnachtsmaerkte-co\/\" \/>\n<meta property=\"og:locale\" content=\"de_DE\" \/>\n<meta property=\"og:type\" content=\"article\" \/>\n<meta property=\"og:title\" content=\"&quot;Vorfreude&quot; - Weihnachtsm\u00e4rkte und mehr\" \/>\n<meta property=\"og:description\" content=\"Mit der winterlichen K\u00e4lte beginnt f\u00fcr viele Menschen die sch\u00f6nste Zeit des Jahres. In vielen D\u00f6rfern und St\u00e4dten werden mit dem Beginn der Adventszeit gleichzeitig auch die Weihnachtsm\u00e4rkte er\u00f6ffnet. In der Luft liegen die s\u00fc\u00dfen D\u00fcfte von gebrannten Mandeln, Lebkuchen und Spekulatius und am Gl\u00fchweinstand trifft man sich zum Aufw\u00e4rmen mit Freunden und Familie.\" \/>\n<meta property=\"og:url\" content=\"https:\/\/www.naturparkmagazin.de\/vdn\/vorfreuden-weihnachtsmaerkte-co\/\" \/>\n<meta property=\"og:site_name\" content=\"Verband Deutscher Naturparke\" \/>\n<meta property=\"article:published_time\" content=\"2013-11-27T11:05:39+00:00\" \/>\n<meta property=\"article:modified_time\" content=\"2014-04-09T11:32:23+00:00\" \/>\n<meta property=\"og:image\" content=\"https:\/\/www.naturparkmagazin.de\/vdn\/wp-content\/uploads\/sites\/3\/132_Adventsmarkt_Moellnweb.jpg\" \/>\n\t<meta property=\"og:image:width\" content=\"500\" \/>\n\t<meta property=\"og:image:height\" content=\"300\" \/>\n\t<meta property=\"og:image:type\" content=\"image\/jpeg\" \/>\n<meta name=\"author\" content=\"vdnnational\" \/>\n<meta name=\"twitter:label1\" content=\"Verfasst von\" \/>\n\t<meta name=\"twitter:data1\" content=\"vdnnational\" \/>\n\t<meta name=\"twitter:label2\" content=\"Gesch\u00e4tzte Lesezeit\" \/>\n\t<meta name=\"twitter:data2\" content=\"1\u00a0Minute\" \/>\n<script type=\"application\/ld+json\" class=\"yoast-schema-graph\">{\"@context\":\"https:\/\/schema.org\",\"@graph\":[{\"@type\":\"WebPage\",\"@id\":\"https:\/\/www.naturparkmagazin.de\/vdn\/vorfreuden-weihnachtsmaerkte-co\/\",\"url\":\"https:\/\/www.naturparkmagazin.de\/vdn\/vorfreuden-weihnachtsmaerkte-co\/\",\"name\":\"\\\"Vorfreude\\\" - Weihnachtsm\u00e4rkte und mehr\",\"isPartOf\":{\"@id\":\"https:\/\/www.naturparkmagazin.de\/vdn\/#website\"},\"datePublished\":\"2013-11-27T11:05:39+00:00\",\"dateModified\":\"2014-04-09T11:32:23+00:00\",\"author\":{\"@id\":\"https:\/\/www.naturparkmagazin.de\/vdn\/#\/schema\/person\/e28d931df83318a48d52ae72b08d2bfb\"},\"description\":\"Mit der winterlichen K\u00e4lte beginnt f\u00fcr viele Menschen die sch\u00f6nste Zeit des Jahres. In vielen D\u00f6rfern und St\u00e4dten werden mit dem Beginn der Adventszeit gleichzeitig auch die Weihnachtsm\u00e4rkte er\u00f6ffnet. In der Luft liegen die s\u00fc\u00dfen D\u00fcfte von gebrannten Mandeln, Lebkuchen und Spekulatius und am Gl\u00fchweinstand trifft man sich zum Aufw\u00e4rmen mit Freunden und Familie.\",\"breadcrumb\":{\"@id\":\"https:\/\/www.naturparkmagazin.de\/vdn\/vorfreuden-weihnachtsmaerkte-co\/#breadcrumb\"},\"inLanguage\":\"de\",\"potentialAction\":[{\"@type\":\"ReadAction\",\"target\":[\"https:\/\/www.naturparkmagazin.de\/vdn\/vorfreuden-weihnachtsmaerkte-co\/\"]}]},{\"@type\":\"BreadcrumbList\",\"@id\":\"https:\/\/www.naturparkmagazin.de\/vdn\/vorfreuden-weihnachtsmaerkte-co\/#breadcrumb\",\"itemListElement\":[{\"@type\":\"ListItem\",\"position\":1,\"name\":\"Home\",\"item\":\"https:\/\/www.naturparkmagazin.de\/vdn\/\"},{\"@type\":\"ListItem\",\"position\":2,\"name\":\"&#8222;Vorfreude&#8220; &#8211; Weihnachtsm\u00e4rkte und mehr\"}]},{\"@type\":\"WebSite\",\"@id\":\"https:\/\/www.naturparkmagazin.de\/vdn\/#website\",\"url\":\"https:\/\/www.naturparkmagazin.de\/vdn\/\",\"name\":\"Verband Deutscher Naturparke\",\"description\":\"Eine weitere Naturparkmagazin.de Netzwerk Seite\",\"potentialAction\":[{\"@type\":\"SearchAction\",\"target\":{\"@type\":\"EntryPoint\",\"urlTemplate\":\"https:\/\/www.naturparkmagazin.de\/vdn\/?s={search_term_string}\"},\"query-input\":\"required name=search_term_string\"}],\"inLanguage\":\"de\"},{\"@type\":\"Person\",\"@id\":\"https:\/\/www.naturparkmagazin.de\/vdn\/#\/schema\/person\/e28d931df83318a48d52ae72b08d2bfb\",\"name\":\"vdnnational\",\"url\":\"https:\/\/www.naturparkmagazin.de\/vdn\/author\/vdnnational\/\"}]}<\/script>\n<!-- \/ Yoast SEO plugin. -->","yoast_head_json":{"title":"\"Vorfreude\" - Weihnachtsm\u00e4rkte und mehr","description":"Mit der winterlichen K\u00e4lte beginnt f\u00fcr viele Menschen die sch\u00f6nste Zeit des Jahres. In vielen D\u00f6rfern und St\u00e4dten werden mit dem Beginn der Adventszeit gleichzeitig auch die Weihnachtsm\u00e4rkte er\u00f6ffnet. In der Luft liegen die s\u00fc\u00dfen D\u00fcfte von gebrannten Mandeln, Lebkuchen und Spekulatius und am Gl\u00fchweinstand trifft man sich zum Aufw\u00e4rmen mit Freunden und Familie.","robots":{"index":"index","follow":"follow","max-snippet":"max-snippet:-1","max-image-preview":"max-image-preview:large","max-video-preview":"max-video-preview:-1"},"canonical":"https:\/\/www.naturparkmagazin.de\/vdn\/vorfreuden-weihnachtsmaerkte-co\/","og_locale":"de_DE","og_type":"article","og_title":"\"Vorfreude\" - Weihnachtsm\u00e4rkte und mehr","og_description":"Mit der winterlichen K\u00e4lte beginnt f\u00fcr viele Menschen die sch\u00f6nste Zeit des Jahres. In vielen D\u00f6rfern und St\u00e4dten werden mit dem Beginn der Adventszeit gleichzeitig auch die Weihnachtsm\u00e4rkte er\u00f6ffnet. In der Luft liegen die s\u00fc\u00dfen D\u00fcfte von gebrannten Mandeln, Lebkuchen und Spekulatius und am Gl\u00fchweinstand trifft man sich zum Aufw\u00e4rmen mit Freunden und Familie.","og_url":"https:\/\/www.naturparkmagazin.de\/vdn\/vorfreuden-weihnachtsmaerkte-co\/","og_site_name":"Verband Deutscher Naturparke","article_published_time":"2013-11-27T11:05:39+00:00","article_modified_time":"2014-04-09T11:32:23+00:00","og_image":[{"width":500,"height":300,"url":"https:\/\/www.naturparkmagazin.de\/vdn\/wp-content\/uploads\/sites\/3\/132_Adventsmarkt_Moellnweb.jpg","type":"image\/jpeg"}],"author":"vdnnational","twitter_misc":{"Verfasst von":"vdnnational","Gesch\u00e4tzte Lesezeit":"1\u00a0Minute"},"schema":{"@context":"https:\/\/schema.org","@graph":[{"@type":"WebPage","@id":"https:\/\/www.naturparkmagazin.de\/vdn\/vorfreuden-weihnachtsmaerkte-co\/","url":"https:\/\/www.naturparkmagazin.de\/vdn\/vorfreuden-weihnachtsmaerkte-co\/","name":"\"Vorfreude\" - Weihnachtsm\u00e4rkte und mehr","isPartOf":{"@id":"https:\/\/www.naturparkmagazin.de\/vdn\/#website"},"datePublished":"2013-11-27T11:05:39+00:00","dateModified":"2014-04-09T11:32:23+00:00","author":{"@id":"https:\/\/www.naturparkmagazin.de\/vdn\/#\/schema\/person\/e28d931df83318a48d52ae72b08d2bfb"},"description":"Mit der winterlichen K\u00e4lte beginnt f\u00fcr viele Menschen die sch\u00f6nste Zeit des Jahres. In vielen D\u00f6rfern und St\u00e4dten werden mit dem Beginn der Adventszeit gleichzeitig auch die Weihnachtsm\u00e4rkte er\u00f6ffnet. In der Luft liegen die s\u00fc\u00dfen D\u00fcfte von gebrannten Mandeln, Lebkuchen und Spekulatius und am Gl\u00fchweinstand trifft man sich zum Aufw\u00e4rmen mit Freunden und Familie.","breadcrumb":{"@id":"https:\/\/www.naturparkmagazin.de\/vdn\/vorfreuden-weihnachtsmaerkte-co\/#breadcrumb"},"inLanguage":"de","potentialAction":[{"@type":"ReadAction","target":["https:\/\/www.naturparkmagazin.de\/vdn\/vorfreuden-weihnachtsmaerkte-co\/"]}]},{"@type":"BreadcrumbList","@id":"https:\/\/www.naturparkmagazin.de\/vdn\/vorfreuden-weihnachtsmaerkte-co\/#breadcrumb","itemListElement":[{"@type":"ListItem","position":1,"name":"Home","item":"https:\/\/www.naturparkmagazin.de\/vdn\/"},{"@type":"ListItem","position":2,"name":"&#8222;Vorfreude&#8220; &#8211; Weihnachtsm\u00e4rkte und mehr"}]},{"@type":"WebSite","@id":"https:\/\/www.naturparkmagazin.de\/vdn\/#website","url":"https:\/\/www.naturparkmagazin.de\/vdn\/","name":"Verband Deutscher Naturparke","description":"Eine weitere Naturparkmagazin.de Netzwerk Seite","potentialAction":[{"@type":"SearchAction","target":{"@type":"EntryPoint","urlTemplate":"https:\/\/www.naturparkmagazin.de\/vdn\/?s={search_term_string}"},"query-input":"required name=search_term_string"}],"inLanguage":"de"},{"@type":"Person","@id":"https:\/\/www.naturparkmagazin.de\/vdn\/#\/schema\/person\/e28d931df83318a48d52ae72b08d2bfb","name":"vdnnational","url":"https:\/\/www.naturparkmagazin.de\/vdn\/author\/vdnnational\/"}]}},"_links":{"self":[{"href":"https:\/\/www.naturparkmagazin.de\/vdn\/wp-json\/wp\/v2\/posts\/2701"}],"collection":[{"href":"https:\/\/www.naturparkmagazin.de\/vdn\/wp-json\/wp\/v2\/posts"}],"about":[{"href":"https:\/\/www.naturparkmagazin.de\/vdn\/wp-json\/wp\/v2\/types\/post"}],"author":[{"embeddable":true,"href":"https:\/\/www.naturparkmagazin.de\/vdn\/wp-json\/wp\/v2\/users\/14"}],"replies":[{"embeddable":true,"href":"https:\/\/www.naturparkmagazin.de\/vdn\/wp-json\/wp\/v2\/comments?post=2701"}],"version-history":[{"count":7,"href":"https:\/\/www.naturparkmagazin.de\/vdn\/wp-json\/wp\/v2\/posts\/2701\/revisions"}],"predecessor-version":[{"id":2765,"href":"https:\/\/www.naturparkmagazin.de\/vdn\/wp-json\/wp\/v2\/posts\/2701\/revisions\/2765"}],"wp:featuredmedia":[{"embeddable":true,"href":"https:\/\/www.naturparkmagazin.de\/vdn\/wp-json\/wp\/v2\/media\/2677"}],"wp:attachment":[{"href":"https:\/\/www.naturparkmagazin.de\/vdn\/wp-json\/wp\/v2\/media?parent=2701"}],"wp:term":[{"taxonomy":"category","embeddable":true,"href":"https:\/\/www.naturparkmagazin.de\/vdn\/wp-json\/wp\/v2\/categories?post=2701"},{"taxonomy":"post_tag","embeddable":true,"href":"https:\/\/www.naturparkmagazin.de\/vdn\/wp-json\/wp\/v2\/tags?post=2701"}],"curies":[{"name":"wp","href":"https:\/\/api.w.org\/{rel}","templated":true}]}}