{"id":2713,"date":"2013-11-28T12:04:36","date_gmt":"2013-11-28T10:04:36","guid":{"rendered":"http:\/\/www.naturparkmagazin.de\/vdn\/?p=2713"},"modified":"2013-12-04T13:14:50","modified_gmt":"2013-12-04T11:14:50","slug":"wild-gekocht-wildente-mit-maronen","status":"publish","type":"post","link":"https:\/\/www.naturparkmagazin.de\/vdn\/wild-gekocht-wildente-mit-maronen\/","title":{"rendered":"&#8222;Wild gekocht&#8220; &#8211; Wildente mit Maronen"},"content":{"rendered":"<div id=\"attachment_2717\" style=\"width: 310px\" class=\"wp-caption aligncenter\"><a href=\"https:\/\/www.naturparkmagazin.de\/vdn\/wp-content\/uploads\/sites\/3\/Enteweb.jpg\"><img aria-describedby=\"caption-attachment-2717\" decoding=\"async\" loading=\"lazy\" class=\"size-full wp-image-2717\" title=\"Wildente mit Maronen - Copyright: Stephan Schl\u00f6sser\" alt=\"Wildente mit Maronen - Copyright: Stephan Schl\u00f6sser\" src=\"https:\/\/www.naturparkmagazin.de\/vdn\/wp-content\/uploads\/sites\/3\/Enteweb.jpg\" width=\"300\" height=\"500\" srcset=\"https:\/\/www.naturparkmagazin.de\/vdn\/wp-content\/uploads\/sites\/3\/Enteweb.jpg 300w, https:\/\/www.naturparkmagazin.de\/vdn\/wp-content\/uploads\/sites\/3\/Enteweb-200x333.jpg 200w\" sizes=\"(max-width: 300px) 100vw, 300px\" \/><\/a><p id=\"caption-attachment-2717\" class=\"wp-caption-text\">Wildente mit Maronen &#8211; Copyright: Stephan Schl\u00f6sser<\/p><\/div>\n<p style=\"text-align: center\">\n<p><!--[if gte mso 9]&gt;--><\/p>\n<p><!--[if gte mso 9]&gt;--><\/p>\n<p>&nbsp;<\/p>\n<p>Die &#8222;wilde&#8220; K\u00fcche ist nicht nur etwas f\u00fcr geschulte Gaumen oder Gourmets, sondern auch f\u00fcr Wild-Laien. Ob Hirschcarpaccio mit Soja-Dressing, Rehnuss mit Holundersauce, Wildente mit Maronen oder Wildschweinburger &#8211; Wildfleisch bedeutet gesunden Genuss und bringt Abwechslung in die K\u00fcche. Unser Rezept aus dem Naturpark S\u00fcdeifel stammt aus der Region im Grenzgebiet zu Luxemburg.<\/p>\n<p><strong><em><span style=\"text-decoration: underline;color: #339966\">Zutaten f\u00fcr 6 Personen<\/span><\/em><\/strong><\/p>\n<p><em><span style=\"color: #339966\">1 Wildente (ca. 1,5 kg)<\/span><\/em>\n<em><span style=\"color: #339966\"> 400 g gesch\u00e4lte Maronen<\/span><\/em>\n<em><span style=\"color: #339966\"> 1 l Wildfond<\/span><\/em>\n<em><span style=\"color: #339966\"> 200 ml wei\u00dfer Portwein<\/span><\/em>\n<em><span style=\"color: #339966\"> 1 M\u00f6hre<\/span><\/em>\n<em><span style=\"color: #339966\"> 1 Stangensellerie<\/span><\/em>\n<em><span style=\"color: #339966\"> 1\/2 Lauchstange<\/span><\/em>\n<em><span style=\"color: #339966\"> 1 Zweibel<\/span><\/em>\n<em><span style=\"color: #339966\"> 1 Lorbeerblatt<\/span><\/em>\n<em><span style=\"color: #339966\"> 2 Gew\u00fcrznelken<\/span><\/em>\n<em><span style=\"color: #339966\"> Salz und Pfeffer<\/span><\/em>\n<em><span style=\"color: #339966\"> \u00d6l zum Anbraten<\/span><\/em>\n<em><span style=\"color: #339966\"> Mehlschwitze oder Speisest\u00e4rke<\/span><\/em><\/p>\n<p>Zubereitung: 30 Minuten\nGaren: 45 Minuten<\/p>\n<p>Den Ofen auf 170 Grad Umluft vorheizen. Die ges\u00e4uberte Ente auswaschen. Die Ente innen und au\u00dfen mit Salz und Pfeffer w\u00fcrzen. 150 g Maronen in die Ente f\u00fcllen. In einem gro\u00dfen, vorgeheizten Br\u00e4ter die Ente mit \u00d6l anbraten. Mit Portwein und Wildfond abl\u00f6schen. M\u00f6hre und Zwiebel sch\u00e4len und mit Sellerie und Lauch b\u00fcndeln und in die Br\u00fche geben. Lorbeerblatt und Nelken hinzuf\u00fcgen. Die Ente im Ofen 45 Minuten garen. Nach 20 Minuten die restlichen Maronen hinzuf\u00fcgen. Ab und zu die Ente mit der Br\u00fche \u00fcbergie\u00dfen.<\/p>\n<p>Nach Ende der Garzeit die Ente aus dem B\u00e4ter nehmen und mit einer Gefl\u00fcgelschere portionieren. Den dabei entstehenden Fleischsaft in die Bratensauce geben. das Gem\u00fcseb\u00fcndel herausnehmen und Sauce &#8211; wenn n\u00f6tig &#8211; nachw\u00fcrzen und binden.<\/p>\n<p><em>Tipp:<\/em> Die Ente kann auch roh in den Ofen gestellt werden. Den Ofen dann f\u00fcr die ersten 10 Minuten auf 210 Grad erhitzen, damit die Ente schneller kolorieren kann.<\/p>\n<p>&nbsp;<\/p>\n<p>&nbsp;<\/p>\n<p><a href=\"https:\/\/www.naturparkmagazin.de\/vdn\/wp-content\/uploads\/sites\/3\/Titelwebmini1.jpg\"><img decoding=\"async\" loading=\"lazy\" class=\"size-full wp-image-2746 alignleft\" title=\"Copyright: Stephan Schl\u00f6sser\" alt=\"Copyright: Stephan Schl\u00f6sser\" src=\"https:\/\/www.naturparkmagazin.de\/vdn\/wp-content\/uploads\/sites\/3\/Titelwebmini1.jpg\" width=\"90\" height=\"150\" \/><\/a><\/p>\n<p>&nbsp;<\/p>\n<p class=\"MsoNormal\" style=\"text-align: left\">Unser &#8222;Rezept des Monats&#8220; stammt aus einem neuen Kochbuch vom Fotografen aus der S\u00fcdeifel Stephan Schl\u00f6sser (<a href=\"http:\/\/www.schloesser-studios.de\/\" target=\"_blank\">www.schloesser-studios.de<\/a>) und dem luxemburgischen Koch Davis Albert (<a href=\"http:\/\/www.lernznoire.lu\" target=\"_blank\">www.lernznoire.lu<\/a>). Das\u00a0 Buch ist <a href=\"http:\/\/www.editions-schortgen.lu\/FR\/Catalogue\/Detail.asp?Id=231\" target=\"_blank\">online<\/a> oder in allen Buchhandlungen zum Preis von 34,50 \u20ac zu beziehen.<\/p>\n<p class=\"MsoNormal\"><span style=\"font-size: 11.5pt;color: black\"><span>\u00a0\u00a0\u00a0\u00a0\u00a0\u00a0\u00a0\u00a0\u00a0\u00a0\u00a0\u00a0\u00a0\u00a0\u00a0 <\/span>\n<\/span><\/p>\n","protected":false},"excerpt":{"rendered":"<p>Als Teil des Deutsch-Luxemburgischen Naturparks geht der Naturpark S\u00fcdeifel auch auf dem Gebiet der Kulinarik wunderbare grenz\u00fcberschreitende Verbindungen ein. Unser Rezept aus der &#8222;wilden&#8220; K\u00fcche ist nicht nur etwas f\u00fcr geschulte Gaumen oder Gourmets, sondern auch f\u00fcr Wild-Laien. Der Koch Davis Albert und der Fotograf Stephan Schl\u00f6sser stellen Ihnen zum Dezember einen Gaumenschmaus aus der Region im Grenzgebiet zu Luxemburg vor. Ein Tipp vielleicht f\u00fcr Ihr Weinnachtsmenue!<\/p>\n","protected":false},"author":14,"featured_media":2718,"comment_status":"open","ping_status":"open","sticky":false,"template":"","format":"standard","meta":{"_links_to":"","_links_to_target":""},"categories":[14],"tags":[],"yoast_head":"<!-- This site is optimized with the Yoast SEO plugin v19.10 - https:\/\/yoast.com\/wordpress\/plugins\/seo\/ -->\n<title>&quot;Wild gekocht&quot; - Wildente mit Maronen<\/title>\n<meta name=\"description\" content=\"Als Teil des Deutsch-Luxemburgischen Naturparks geht der Naturpark S\u00fcdeifel auch auf dem Gebiet der Kulinarik wunderbare grenz\u00fcberschreitende Verbindungen ein. Unser Rezept aus der &quot;wilden&quot; K\u00fcche ist nicht nur etwas f\u00fcr geschulte Gaumen oder Gourmets, sondern auch f\u00fcr Wild-Laien. Der Koch Davis Albert und der Fotograf Stephan Schl\u00f6sser stellen Ihnen zum Dezember einen Gaumenschmaus aus der Region im Grenzgebiet zu Luxemburg vor. Ein Tipp vielleicht f\u00fcr Ihr Weinnachtsmenue!\" \/>\n<meta name=\"robots\" content=\"index, follow, max-snippet:-1, max-image-preview:large, max-video-preview:-1\" \/>\n<link rel=\"canonical\" href=\"https:\/\/www.naturparkmagazin.de\/vdn\/wild-gekocht-wildente-mit-maronen\/\" \/>\n<meta property=\"og:locale\" content=\"de_DE\" \/>\n<meta property=\"og:type\" content=\"article\" \/>\n<meta property=\"og:title\" content=\"&quot;Wild gekocht&quot; - Wildente mit Maronen\" \/>\n<meta property=\"og:description\" content=\"Als Teil des Deutsch-Luxemburgischen Naturparks geht der Naturpark S\u00fcdeifel auch auf dem Gebiet der Kulinarik wunderbare grenz\u00fcberschreitende Verbindungen ein. Unser Rezept aus der &quot;wilden&quot; K\u00fcche ist nicht nur etwas f\u00fcr geschulte Gaumen oder Gourmets, sondern auch f\u00fcr Wild-Laien. Der Koch Davis Albert und der Fotograf Stephan Schl\u00f6sser stellen Ihnen zum Dezember einen Gaumenschmaus aus der Region im Grenzgebiet zu Luxemburg vor. Ein Tipp vielleicht f\u00fcr Ihr Weinnachtsmenue!\" \/>\n<meta property=\"og:url\" content=\"https:\/\/www.naturparkmagazin.de\/vdn\/wild-gekocht-wildente-mit-maronen\/\" \/>\n<meta property=\"og:site_name\" content=\"Verband Deutscher Naturparke\" \/>\n<meta property=\"article:published_time\" content=\"2013-11-28T10:04:36+00:00\" \/>\n<meta property=\"article:modified_time\" content=\"2013-12-04T11:14:50+00:00\" \/>\n<meta property=\"og:image\" content=\"https:\/\/www.naturparkmagazin.de\/vdn\/wp-content\/uploads\/sites\/3\/Entebeitrag.jpg\" \/>\n\t<meta property=\"og:image:width\" content=\"500\" \/>\n\t<meta property=\"og:image:height\" content=\"300\" \/>\n\t<meta property=\"og:image:type\" content=\"image\/jpeg\" \/>\n<meta name=\"author\" content=\"vdnnational\" \/>\n<meta name=\"twitter:label1\" content=\"Verfasst von\" \/>\n\t<meta name=\"twitter:data1\" content=\"vdnnational\" \/>\n\t<meta name=\"twitter:label2\" content=\"Gesch\u00e4tzte Lesezeit\" \/>\n\t<meta name=\"twitter:data2\" content=\"2\u00a0Minuten\" \/>\n<script type=\"application\/ld+json\" class=\"yoast-schema-graph\">{\"@context\":\"https:\/\/schema.org\",\"@graph\":[{\"@type\":\"WebPage\",\"@id\":\"https:\/\/www.naturparkmagazin.de\/vdn\/wild-gekocht-wildente-mit-maronen\/\",\"url\":\"https:\/\/www.naturparkmagazin.de\/vdn\/wild-gekocht-wildente-mit-maronen\/\",\"name\":\"\\\"Wild gekocht\\\" - Wildente mit Maronen\",\"isPartOf\":{\"@id\":\"https:\/\/www.naturparkmagazin.de\/vdn\/#website\"},\"datePublished\":\"2013-11-28T10:04:36+00:00\",\"dateModified\":\"2013-12-04T11:14:50+00:00\",\"author\":{\"@id\":\"https:\/\/www.naturparkmagazin.de\/vdn\/#\/schema\/person\/e28d931df83318a48d52ae72b08d2bfb\"},\"description\":\"Als Teil des Deutsch-Luxemburgischen Naturparks geht der Naturpark S\u00fcdeifel auch auf dem Gebiet der Kulinarik wunderbare grenz\u00fcberschreitende Verbindungen ein. Unser Rezept aus der \\\"wilden\\\" K\u00fcche ist nicht nur etwas f\u00fcr geschulte Gaumen oder Gourmets, sondern auch f\u00fcr Wild-Laien. Der Koch Davis Albert und der Fotograf Stephan Schl\u00f6sser stellen Ihnen zum Dezember einen Gaumenschmaus aus der Region im Grenzgebiet zu Luxemburg vor. Ein Tipp vielleicht f\u00fcr Ihr Weinnachtsmenue!\",\"breadcrumb\":{\"@id\":\"https:\/\/www.naturparkmagazin.de\/vdn\/wild-gekocht-wildente-mit-maronen\/#breadcrumb\"},\"inLanguage\":\"de\",\"potentialAction\":[{\"@type\":\"ReadAction\",\"target\":[\"https:\/\/www.naturparkmagazin.de\/vdn\/wild-gekocht-wildente-mit-maronen\/\"]}]},{\"@type\":\"BreadcrumbList\",\"@id\":\"https:\/\/www.naturparkmagazin.de\/vdn\/wild-gekocht-wildente-mit-maronen\/#breadcrumb\",\"itemListElement\":[{\"@type\":\"ListItem\",\"position\":1,\"name\":\"Home\",\"item\":\"https:\/\/www.naturparkmagazin.de\/vdn\/\"},{\"@type\":\"ListItem\",\"position\":2,\"name\":\"&#8222;Wild gekocht&#8220; &#8211; Wildente mit Maronen\"}]},{\"@type\":\"WebSite\",\"@id\":\"https:\/\/www.naturparkmagazin.de\/vdn\/#website\",\"url\":\"https:\/\/www.naturparkmagazin.de\/vdn\/\",\"name\":\"Verband Deutscher Naturparke\",\"description\":\"Eine weitere Naturparkmagazin.de Netzwerk Seite\",\"potentialAction\":[{\"@type\":\"SearchAction\",\"target\":{\"@type\":\"EntryPoint\",\"urlTemplate\":\"https:\/\/www.naturparkmagazin.de\/vdn\/?s={search_term_string}\"},\"query-input\":\"required name=search_term_string\"}],\"inLanguage\":\"de\"},{\"@type\":\"Person\",\"@id\":\"https:\/\/www.naturparkmagazin.de\/vdn\/#\/schema\/person\/e28d931df83318a48d52ae72b08d2bfb\",\"name\":\"vdnnational\",\"url\":\"https:\/\/www.naturparkmagazin.de\/vdn\/author\/vdnnational\/\"}]}<\/script>\n<!-- \/ Yoast SEO plugin. -->","yoast_head_json":{"title":"\"Wild gekocht\" - Wildente mit Maronen","description":"Als Teil des Deutsch-Luxemburgischen Naturparks geht der Naturpark S\u00fcdeifel auch auf dem Gebiet der Kulinarik wunderbare grenz\u00fcberschreitende Verbindungen ein. Unser Rezept aus der \"wilden\" K\u00fcche ist nicht nur etwas f\u00fcr geschulte Gaumen oder Gourmets, sondern auch f\u00fcr Wild-Laien. Der Koch Davis Albert und der Fotograf Stephan Schl\u00f6sser stellen Ihnen zum Dezember einen Gaumenschmaus aus der Region im Grenzgebiet zu Luxemburg vor. Ein Tipp vielleicht f\u00fcr Ihr Weinnachtsmenue!","robots":{"index":"index","follow":"follow","max-snippet":"max-snippet:-1","max-image-preview":"max-image-preview:large","max-video-preview":"max-video-preview:-1"},"canonical":"https:\/\/www.naturparkmagazin.de\/vdn\/wild-gekocht-wildente-mit-maronen\/","og_locale":"de_DE","og_type":"article","og_title":"\"Wild gekocht\" - Wildente mit Maronen","og_description":"Als Teil des Deutsch-Luxemburgischen Naturparks geht der Naturpark S\u00fcdeifel auch auf dem Gebiet der Kulinarik wunderbare grenz\u00fcberschreitende Verbindungen ein. Unser Rezept aus der \"wilden\" K\u00fcche ist nicht nur etwas f\u00fcr geschulte Gaumen oder Gourmets, sondern auch f\u00fcr Wild-Laien. Der Koch Davis Albert und der Fotograf Stephan Schl\u00f6sser stellen Ihnen zum Dezember einen Gaumenschmaus aus der Region im Grenzgebiet zu Luxemburg vor. Ein Tipp vielleicht f\u00fcr Ihr Weinnachtsmenue!","og_url":"https:\/\/www.naturparkmagazin.de\/vdn\/wild-gekocht-wildente-mit-maronen\/","og_site_name":"Verband Deutscher Naturparke","article_published_time":"2013-11-28T10:04:36+00:00","article_modified_time":"2013-12-04T11:14:50+00:00","og_image":[{"width":500,"height":300,"url":"https:\/\/www.naturparkmagazin.de\/vdn\/wp-content\/uploads\/sites\/3\/Entebeitrag.jpg","type":"image\/jpeg"}],"author":"vdnnational","twitter_misc":{"Verfasst von":"vdnnational","Gesch\u00e4tzte Lesezeit":"2\u00a0Minuten"},"schema":{"@context":"https:\/\/schema.org","@graph":[{"@type":"WebPage","@id":"https:\/\/www.naturparkmagazin.de\/vdn\/wild-gekocht-wildente-mit-maronen\/","url":"https:\/\/www.naturparkmagazin.de\/vdn\/wild-gekocht-wildente-mit-maronen\/","name":"\"Wild gekocht\" - Wildente mit Maronen","isPartOf":{"@id":"https:\/\/www.naturparkmagazin.de\/vdn\/#website"},"datePublished":"2013-11-28T10:04:36+00:00","dateModified":"2013-12-04T11:14:50+00:00","author":{"@id":"https:\/\/www.naturparkmagazin.de\/vdn\/#\/schema\/person\/e28d931df83318a48d52ae72b08d2bfb"},"description":"Als Teil des Deutsch-Luxemburgischen Naturparks geht der Naturpark S\u00fcdeifel auch auf dem Gebiet der Kulinarik wunderbare grenz\u00fcberschreitende Verbindungen ein. Unser Rezept aus der \"wilden\" K\u00fcche ist nicht nur etwas f\u00fcr geschulte Gaumen oder Gourmets, sondern auch f\u00fcr Wild-Laien. Der Koch Davis Albert und der Fotograf Stephan Schl\u00f6sser stellen Ihnen zum Dezember einen Gaumenschmaus aus der Region im Grenzgebiet zu Luxemburg vor. Ein Tipp vielleicht f\u00fcr Ihr Weinnachtsmenue!","breadcrumb":{"@id":"https:\/\/www.naturparkmagazin.de\/vdn\/wild-gekocht-wildente-mit-maronen\/#breadcrumb"},"inLanguage":"de","potentialAction":[{"@type":"ReadAction","target":["https:\/\/www.naturparkmagazin.de\/vdn\/wild-gekocht-wildente-mit-maronen\/"]}]},{"@type":"BreadcrumbList","@id":"https:\/\/www.naturparkmagazin.de\/vdn\/wild-gekocht-wildente-mit-maronen\/#breadcrumb","itemListElement":[{"@type":"ListItem","position":1,"name":"Home","item":"https:\/\/www.naturparkmagazin.de\/vdn\/"},{"@type":"ListItem","position":2,"name":"&#8222;Wild gekocht&#8220; &#8211; Wildente mit Maronen"}]},{"@type":"WebSite","@id":"https:\/\/www.naturparkmagazin.de\/vdn\/#website","url":"https:\/\/www.naturparkmagazin.de\/vdn\/","name":"Verband Deutscher Naturparke","description":"Eine weitere Naturparkmagazin.de Netzwerk Seite","potentialAction":[{"@type":"SearchAction","target":{"@type":"EntryPoint","urlTemplate":"https:\/\/www.naturparkmagazin.de\/vdn\/?s={search_term_string}"},"query-input":"required name=search_term_string"}],"inLanguage":"de"},{"@type":"Person","@id":"https:\/\/www.naturparkmagazin.de\/vdn\/#\/schema\/person\/e28d931df83318a48d52ae72b08d2bfb","name":"vdnnational","url":"https:\/\/www.naturparkmagazin.de\/vdn\/author\/vdnnational\/"}]}},"_links":{"self":[{"href":"https:\/\/www.naturparkmagazin.de\/vdn\/wp-json\/wp\/v2\/posts\/2713"}],"collection":[{"href":"https:\/\/www.naturparkmagazin.de\/vdn\/wp-json\/wp\/v2\/posts"}],"about":[{"href":"https:\/\/www.naturparkmagazin.de\/vdn\/wp-json\/wp\/v2\/types\/post"}],"author":[{"embeddable":true,"href":"https:\/\/www.naturparkmagazin.de\/vdn\/wp-json\/wp\/v2\/users\/14"}],"replies":[{"embeddable":true,"href":"https:\/\/www.naturparkmagazin.de\/vdn\/wp-json\/wp\/v2\/comments?post=2713"}],"version-history":[{"count":22,"href":"https:\/\/www.naturparkmagazin.de\/vdn\/wp-json\/wp\/v2\/posts\/2713\/revisions"}],"predecessor-version":[{"id":2989,"href":"https:\/\/www.naturparkmagazin.de\/vdn\/wp-json\/wp\/v2\/posts\/2713\/revisions\/2989"}],"wp:featuredmedia":[{"embeddable":true,"href":"https:\/\/www.naturparkmagazin.de\/vdn\/wp-json\/wp\/v2\/media\/2718"}],"wp:attachment":[{"href":"https:\/\/www.naturparkmagazin.de\/vdn\/wp-json\/wp\/v2\/media?parent=2713"}],"wp:term":[{"taxonomy":"category","embeddable":true,"href":"https:\/\/www.naturparkmagazin.de\/vdn\/wp-json\/wp\/v2\/categories?post=2713"},{"taxonomy":"post_tag","embeddable":true,"href":"https:\/\/www.naturparkmagazin.de\/vdn\/wp-json\/wp\/v2\/tags?post=2713"}],"curies":[{"name":"wp","href":"https:\/\/api.w.org\/{rel}","templated":true}]}}