{"id":2792,"date":"2013-12-16T14:23:35","date_gmt":"2013-12-16T12:23:35","guid":{"rendered":"http:\/\/www.naturparkmagazin.de\/vdn\/?p=2792"},"modified":"2014-01-24T19:01:28","modified_gmt":"2014-01-24T17:01:28","slug":"naturpark-schwarzwald-mittenord","status":"publish","type":"post","link":"https:\/\/www.naturparkmagazin.de\/vdn\/naturpark-schwarzwald-mittenord\/","title":{"rendered":"Wilde Natur und urige Geschmackserlebnisse &#8211; Naturpark Schwarzwald Mitte\/Nord"},"content":{"rendered":"<div id=\"attachment_2793\" style=\"width: 510px\" class=\"wp-caption aligncenter\"><a href=\"https:\/\/www.naturparkmagazin.de\/vdn\/wp-content\/uploads\/sites\/3\/bild1.jpg\"><img aria-describedby=\"caption-attachment-2793\" decoding=\"async\" loading=\"lazy\" class=\"size-full wp-image-2793\" title=\"Copyright: Naturpark Schwarzwald Mitte\/Nord\" alt=\"Copyright: Naturpark Schwarzwald Mitte\/Nord\" src=\"https:\/\/www.naturparkmagazin.de\/vdn\/wp-content\/uploads\/sites\/3\/bild1.jpg\" width=\"500\" height=\"300\" srcset=\"https:\/\/www.naturparkmagazin.de\/vdn\/wp-content\/uploads\/sites\/3\/bild1.jpg 500w, https:\/\/www.naturparkmagazin.de\/vdn\/wp-content\/uploads\/sites\/3\/bild1-300x180.jpg 300w, https:\/\/www.naturparkmagazin.de\/vdn\/wp-content\/uploads\/sites\/3\/bild1-200x120.jpg 200w\" sizes=\"(max-width: 500px) 100vw, 500px\" \/><\/a><p id=\"caption-attachment-2793\" class=\"wp-caption-text\">Copyright: Naturpark Schwarzwald Mitte\/Nord<\/p><\/div>\n<p>Wilde Natur und urige Geschmackserlebnisse erwarten Sie im Naturpark <a href=\"https:\/\/www.naturparkmagazin.de\/schwarzwald\/\" target=\"_blank\">Schwarzwald Mitte\/Nord<\/a>. Bei uns k\u00f6nnen Sie die Natur aktiv erleben, z.B. beim Radeln oder Wandern und echte Schwarzw\u00e4lder Spezialit\u00e4ten bei den Naturpark-Wirten kosten. Die typische Schwarzw\u00e4lder Kulturlandschaft mit ihrem Wechsel zwischen ausgedehnten, naturnahen W\u00e4ldern und offenen Wiesen- und Weidenfl\u00e4chen, pr\u00e4gt das Landschaftsbild des Naturparks.<\/p>\n<p>In diese Landschaft eingebettet sind wertvolle Lebensr\u00e4ume, wie eiszeitliche Karseen oder Moore, die Heimat f\u00fcr eine Vielzahl von gef\u00e4hrdeten Tierarten wie Kreuzotter, Sperlingskauz sowie selbstverst\u00e4ndlich den Charaktervogel des Schwarzwalds, das Auerhuhn, geworden sind. Klimatisch zeigt sich der Naturpark an seiner West-Flanke nahezu mediterran in den badischen Weinbaugebieten und fast skandinavisch auf der mit 1164 Metern h\u00f6chsten Erhebung, der Hornisgrinde.<\/p>\n<div id=\"attachment_2855\" style=\"width: 510px\" class=\"wp-caption aligncenter\"><a href=\"https:\/\/www.naturparkmagazin.de\/vdn\/wp-content\/uploads\/sites\/3\/bild-3.jpg\"><img aria-describedby=\"caption-attachment-2855\" decoding=\"async\" loading=\"lazy\" class=\"size-full wp-image-2855 \" title=\"Schneeschuhwanderung - Copyright: VDN\/Siegfried Filipp\" alt=\"Schneeschuhwanderung - Copyright: VDN\/Siegfried Filipp\" src=\"https:\/\/www.naturparkmagazin.de\/vdn\/wp-content\/uploads\/sites\/3\/bild-3.jpg\" width=\"500\" height=\"300\" srcset=\"https:\/\/www.naturparkmagazin.de\/vdn\/wp-content\/uploads\/sites\/3\/bild-3.jpg 500w, https:\/\/www.naturparkmagazin.de\/vdn\/wp-content\/uploads\/sites\/3\/bild-3-300x180.jpg 300w, https:\/\/www.naturparkmagazin.de\/vdn\/wp-content\/uploads\/sites\/3\/bild-3-200x120.jpg 200w\" sizes=\"(max-width: 500px) 100vw, 500px\" \/><\/a><p id=\"caption-attachment-2855\" class=\"wp-caption-text\">Schneeschuhwanderung &#8211; Copyright: VDN\/Siegfried Filipp<\/p><\/div>\n<p>Der Naturpark ist ein Paradies f\u00fcr alle, die Natur aktiv erleben wollen \u2013 und das zu jeder Jahreszeit! Das Angebot f\u00fcr Aktive ist vielf\u00e4ltig: Ob im Sommer auf dem Rad \u00fcber den 260 km langen Naturpark-Radweg, in Wanderstiefeln \u00fcber unsere besonderen Erlebnispfade oder im Winter mit Schneeschuhen durch die verschneite Landschaft stapfen.<\/p>\n<div id=\"attachment_2886\" style=\"width: 249px\" class=\"wp-caption aligncenter\"><a href=\"https:\/\/www.naturparkmagazin.de\/vdn\/wp-content\/uploads\/sites\/3\/echt-Schwarzwald_Logo_4c_mit_Text.jpg\"><img aria-describedby=\"caption-attachment-2886\" decoding=\"async\" loading=\"lazy\" class=\" wp-image-2886 \" title=\"echt Schwarzwald -Logo - Copyright: Naturpark Schwarzwald Mitte\/Nord\" alt=\"echt Schwarzwald -Logo - Copyright: Naturpark Schwarzwald Mitte\/Nord\" src=\"https:\/\/www.naturparkmagazin.de\/vdn\/wp-content\/uploads\/sites\/3\/echt-Schwarzwald_Logo_4c_mit_Text.jpg\" width=\"239\" height=\"207\" srcset=\"https:\/\/www.naturparkmagazin.de\/vdn\/wp-content\/uploads\/sites\/3\/echt-Schwarzwald_Logo_4c_mit_Text.jpg 500w, https:\/\/www.naturparkmagazin.de\/vdn\/wp-content\/uploads\/sites\/3\/echt-Schwarzwald_Logo_4c_mit_Text-300x260.jpg 300w, https:\/\/www.naturparkmagazin.de\/vdn\/wp-content\/uploads\/sites\/3\/echt-Schwarzwald_Logo_4c_mit_Text-200x173.jpg 200w\" sizes=\"(max-width: 239px) 100vw, 239px\" \/><\/a><p id=\"caption-attachment-2886\" class=\"wp-caption-text\">echt Schwarzwald -Logo &#8211; Copyright: Naturpark Schwarzwald Mitte\/Nord<\/p><\/div>\n<p>Sie sollten sich den echten Schwarzwald aber auch schmecken lassen. Probieren Sie regionale Spezialit\u00e4ten bei einem der 50 Naturpark-Wirte und besuchen Sie unsere zahlreichen Naturpark-M\u00e4rkte oder den Brunch auf dem Bauernhof, der j\u00e4hrlich am ersten August-Sonntag stattfindet. Kosten Sie auch die Leckereien unserer Regionalmarke \u201eecht Schwarzwald\u201c. Im Herbst und Winter l\u00e4dt Sie der Naturpark zu seinen Genuss-Messen ein.<\/p>\n<p>Alle Termine und aktuelle Infos gibt\u2019s unter: <a href=\"http:\/\/www.naturparkschwarzwald.de\">www.naturparkschwarzwald.de<\/a><\/p>\n<p>&nbsp;<\/p>\n<p><strong><em>Kontakt:<\/em><\/strong>\nNaturpark Schwarzwald Mitte\/Nord\nNaturpark-Haus auf dem Ruhestein\nSchwarzwaldhochstra\u00dfe 2, 77889 Seebach\n<a href=\"http:\/\/www.naturparkschwarzwald.de\">www.naturparkschwarzwald.de<\/a><\/p>\n","protected":false},"excerpt":{"rendered":"<p>Wilde Natur und urige Geschmackserlebnisse  erwarten Sie im Naturpark Schwarzwald Mitte\/Nord. Bei uns k\u00f6nnen Sie die Natur aktiv erleben, z.B. beim Radeln oder Wandern und echte Schwarzw\u00e4lder Spezialit\u00e4ten bei den Naturpark-Wirten kosten. Die typische Schwarzw\u00e4lder Kulturlandschaft mit ihrem Wechsel zwischen ausgedehnten, naturnahen W\u00e4ldern und offenen Wiesen- und Weidenfl\u00e4chen, pr\u00e4gt das Landschaftsbild des Naturparks. <\/p>\n","protected":false},"author":14,"featured_media":2793,"comment_status":"open","ping_status":"open","sticky":false,"template":"","format":"standard","meta":{"_links_to":"","_links_to_target":""},"categories":[15],"tags":[],"yoast_head":"<!-- This site is optimized with the Yoast SEO plugin v19.10 - https:\/\/yoast.com\/wordpress\/plugins\/seo\/ -->\n<title>Wilde Natur und urige Geschmackserlebnisse - Naturpark Schwarzwald Mitte\/Nord<\/title>\n<meta name=\"description\" content=\"Wilde Natur und urige Geschmackserlebnisse erwarten Sie im Naturpark Schwarzwald Mitte\/Nord. Bei uns k\u00f6nnen Sie die Natur aktiv erleben, z.B. beim Radeln oder Wandern und echte Schwarzw\u00e4lder Spezialit\u00e4ten bei den Naturpark-Wirten kosten. Die typische Schwarzw\u00e4lder Kulturlandschaft mit ihrem Wechsel zwischen ausgedehnten, naturnahen W\u00e4ldern und offenen Wiesen- und Weidenfl\u00e4chen, pr\u00e4gt das Landschaftsbild des Naturparks.\" \/>\n<meta name=\"robots\" content=\"index, follow, max-snippet:-1, max-image-preview:large, max-video-preview:-1\" \/>\n<link rel=\"canonical\" href=\"https:\/\/www.naturparkmagazin.de\/vdn\/naturpark-schwarzwald-mittenord\/\" \/>\n<meta property=\"og:locale\" content=\"de_DE\" \/>\n<meta property=\"og:type\" content=\"article\" \/>\n<meta property=\"og:title\" content=\"Wilde Natur und urige Geschmackserlebnisse - Naturpark Schwarzwald Mitte\/Nord\" \/>\n<meta property=\"og:description\" content=\"Wilde Natur und urige Geschmackserlebnisse erwarten Sie im Naturpark Schwarzwald Mitte\/Nord. Bei uns k\u00f6nnen Sie die Natur aktiv erleben, z.B. beim Radeln oder Wandern und echte Schwarzw\u00e4lder Spezialit\u00e4ten bei den Naturpark-Wirten kosten. Die typische Schwarzw\u00e4lder Kulturlandschaft mit ihrem Wechsel zwischen ausgedehnten, naturnahen W\u00e4ldern und offenen Wiesen- und Weidenfl\u00e4chen, pr\u00e4gt das Landschaftsbild des Naturparks.\" \/>\n<meta property=\"og:url\" content=\"https:\/\/www.naturparkmagazin.de\/vdn\/naturpark-schwarzwald-mittenord\/\" \/>\n<meta property=\"og:site_name\" content=\"Verband Deutscher Naturparke\" \/>\n<meta property=\"article:published_time\" content=\"2013-12-16T12:23:35+00:00\" \/>\n<meta property=\"article:modified_time\" content=\"2014-01-24T17:01:28+00:00\" \/>\n<meta property=\"og:image\" content=\"https:\/\/www.naturparkmagazin.de\/vdn\/wp-content\/uploads\/sites\/3\/bild1.jpg\" \/>\n\t<meta property=\"og:image:width\" content=\"500\" \/>\n\t<meta property=\"og:image:height\" content=\"300\" \/>\n\t<meta property=\"og:image:type\" content=\"image\/jpeg\" \/>\n<meta name=\"author\" content=\"vdnnational\" \/>\n<meta name=\"twitter:label1\" content=\"Verfasst von\" \/>\n\t<meta name=\"twitter:data1\" content=\"vdnnational\" \/>\n\t<meta name=\"twitter:label2\" content=\"Gesch\u00e4tzte Lesezeit\" \/>\n\t<meta name=\"twitter:data2\" content=\"2\u00a0Minuten\" \/>\n<script type=\"application\/ld+json\" class=\"yoast-schema-graph\">{\"@context\":\"https:\/\/schema.org\",\"@graph\":[{\"@type\":\"WebPage\",\"@id\":\"https:\/\/www.naturparkmagazin.de\/vdn\/naturpark-schwarzwald-mittenord\/\",\"url\":\"https:\/\/www.naturparkmagazin.de\/vdn\/naturpark-schwarzwald-mittenord\/\",\"name\":\"Wilde Natur und urige Geschmackserlebnisse - Naturpark Schwarzwald Mitte\/Nord\",\"isPartOf\":{\"@id\":\"https:\/\/www.naturparkmagazin.de\/vdn\/#website\"},\"datePublished\":\"2013-12-16T12:23:35+00:00\",\"dateModified\":\"2014-01-24T17:01:28+00:00\",\"author\":{\"@id\":\"https:\/\/www.naturparkmagazin.de\/vdn\/#\/schema\/person\/e28d931df83318a48d52ae72b08d2bfb\"},\"description\":\"Wilde Natur und urige Geschmackserlebnisse erwarten Sie im Naturpark Schwarzwald Mitte\/Nord. Bei uns k\u00f6nnen Sie die Natur aktiv erleben, z.B. beim Radeln oder Wandern und echte Schwarzw\u00e4lder Spezialit\u00e4ten bei den Naturpark-Wirten kosten. Die typische Schwarzw\u00e4lder Kulturlandschaft mit ihrem Wechsel zwischen ausgedehnten, naturnahen W\u00e4ldern und offenen Wiesen- und Weidenfl\u00e4chen, pr\u00e4gt das Landschaftsbild des Naturparks.\",\"breadcrumb\":{\"@id\":\"https:\/\/www.naturparkmagazin.de\/vdn\/naturpark-schwarzwald-mittenord\/#breadcrumb\"},\"inLanguage\":\"de\",\"potentialAction\":[{\"@type\":\"ReadAction\",\"target\":[\"https:\/\/www.naturparkmagazin.de\/vdn\/naturpark-schwarzwald-mittenord\/\"]}]},{\"@type\":\"BreadcrumbList\",\"@id\":\"https:\/\/www.naturparkmagazin.de\/vdn\/naturpark-schwarzwald-mittenord\/#breadcrumb\",\"itemListElement\":[{\"@type\":\"ListItem\",\"position\":1,\"name\":\"Home\",\"item\":\"https:\/\/www.naturparkmagazin.de\/vdn\/\"},{\"@type\":\"ListItem\",\"position\":2,\"name\":\"Wilde Natur und urige Geschmackserlebnisse &#8211; Naturpark Schwarzwald Mitte\/Nord\"}]},{\"@type\":\"WebSite\",\"@id\":\"https:\/\/www.naturparkmagazin.de\/vdn\/#website\",\"url\":\"https:\/\/www.naturparkmagazin.de\/vdn\/\",\"name\":\"Verband Deutscher Naturparke\",\"description\":\"Eine weitere Naturparkmagazin.de Netzwerk Seite\",\"potentialAction\":[{\"@type\":\"SearchAction\",\"target\":{\"@type\":\"EntryPoint\",\"urlTemplate\":\"https:\/\/www.naturparkmagazin.de\/vdn\/?s={search_term_string}\"},\"query-input\":\"required name=search_term_string\"}],\"inLanguage\":\"de\"},{\"@type\":\"Person\",\"@id\":\"https:\/\/www.naturparkmagazin.de\/vdn\/#\/schema\/person\/e28d931df83318a48d52ae72b08d2bfb\",\"name\":\"vdnnational\",\"url\":\"https:\/\/www.naturparkmagazin.de\/vdn\/author\/vdnnational\/\"}]}<\/script>\n<!-- \/ Yoast SEO plugin. -->","yoast_head_json":{"title":"Wilde Natur und urige Geschmackserlebnisse - Naturpark Schwarzwald Mitte\/Nord","description":"Wilde Natur und urige Geschmackserlebnisse erwarten Sie im Naturpark Schwarzwald Mitte\/Nord. Bei uns k\u00f6nnen Sie die Natur aktiv erleben, z.B. beim Radeln oder Wandern und echte Schwarzw\u00e4lder Spezialit\u00e4ten bei den Naturpark-Wirten kosten. Die typische Schwarzw\u00e4lder Kulturlandschaft mit ihrem Wechsel zwischen ausgedehnten, naturnahen W\u00e4ldern und offenen Wiesen- und Weidenfl\u00e4chen, pr\u00e4gt das Landschaftsbild des Naturparks.","robots":{"index":"index","follow":"follow","max-snippet":"max-snippet:-1","max-image-preview":"max-image-preview:large","max-video-preview":"max-video-preview:-1"},"canonical":"https:\/\/www.naturparkmagazin.de\/vdn\/naturpark-schwarzwald-mittenord\/","og_locale":"de_DE","og_type":"article","og_title":"Wilde Natur und urige Geschmackserlebnisse - Naturpark Schwarzwald Mitte\/Nord","og_description":"Wilde Natur und urige Geschmackserlebnisse erwarten Sie im Naturpark Schwarzwald Mitte\/Nord. Bei uns k\u00f6nnen Sie die Natur aktiv erleben, z.B. beim Radeln oder Wandern und echte Schwarzw\u00e4lder Spezialit\u00e4ten bei den Naturpark-Wirten kosten. Die typische Schwarzw\u00e4lder Kulturlandschaft mit ihrem Wechsel zwischen ausgedehnten, naturnahen W\u00e4ldern und offenen Wiesen- und Weidenfl\u00e4chen, pr\u00e4gt das Landschaftsbild des Naturparks.","og_url":"https:\/\/www.naturparkmagazin.de\/vdn\/naturpark-schwarzwald-mittenord\/","og_site_name":"Verband Deutscher Naturparke","article_published_time":"2013-12-16T12:23:35+00:00","article_modified_time":"2014-01-24T17:01:28+00:00","og_image":[{"width":500,"height":300,"url":"https:\/\/www.naturparkmagazin.de\/vdn\/wp-content\/uploads\/sites\/3\/bild1.jpg","type":"image\/jpeg"}],"author":"vdnnational","twitter_misc":{"Verfasst von":"vdnnational","Gesch\u00e4tzte Lesezeit":"2\u00a0Minuten"},"schema":{"@context":"https:\/\/schema.org","@graph":[{"@type":"WebPage","@id":"https:\/\/www.naturparkmagazin.de\/vdn\/naturpark-schwarzwald-mittenord\/","url":"https:\/\/www.naturparkmagazin.de\/vdn\/naturpark-schwarzwald-mittenord\/","name":"Wilde Natur und urige Geschmackserlebnisse - Naturpark Schwarzwald Mitte\/Nord","isPartOf":{"@id":"https:\/\/www.naturparkmagazin.de\/vdn\/#website"},"datePublished":"2013-12-16T12:23:35+00:00","dateModified":"2014-01-24T17:01:28+00:00","author":{"@id":"https:\/\/www.naturparkmagazin.de\/vdn\/#\/schema\/person\/e28d931df83318a48d52ae72b08d2bfb"},"description":"Wilde Natur und urige Geschmackserlebnisse erwarten Sie im Naturpark Schwarzwald Mitte\/Nord. Bei uns k\u00f6nnen Sie die Natur aktiv erleben, z.B. beim Radeln oder Wandern und echte Schwarzw\u00e4lder Spezialit\u00e4ten bei den Naturpark-Wirten kosten. Die typische Schwarzw\u00e4lder Kulturlandschaft mit ihrem Wechsel zwischen ausgedehnten, naturnahen W\u00e4ldern und offenen Wiesen- und Weidenfl\u00e4chen, pr\u00e4gt das Landschaftsbild des Naturparks.","breadcrumb":{"@id":"https:\/\/www.naturparkmagazin.de\/vdn\/naturpark-schwarzwald-mittenord\/#breadcrumb"},"inLanguage":"de","potentialAction":[{"@type":"ReadAction","target":["https:\/\/www.naturparkmagazin.de\/vdn\/naturpark-schwarzwald-mittenord\/"]}]},{"@type":"BreadcrumbList","@id":"https:\/\/www.naturparkmagazin.de\/vdn\/naturpark-schwarzwald-mittenord\/#breadcrumb","itemListElement":[{"@type":"ListItem","position":1,"name":"Home","item":"https:\/\/www.naturparkmagazin.de\/vdn\/"},{"@type":"ListItem","position":2,"name":"Wilde Natur und urige Geschmackserlebnisse &#8211; Naturpark Schwarzwald Mitte\/Nord"}]},{"@type":"WebSite","@id":"https:\/\/www.naturparkmagazin.de\/vdn\/#website","url":"https:\/\/www.naturparkmagazin.de\/vdn\/","name":"Verband Deutscher Naturparke","description":"Eine weitere Naturparkmagazin.de Netzwerk Seite","potentialAction":[{"@type":"SearchAction","target":{"@type":"EntryPoint","urlTemplate":"https:\/\/www.naturparkmagazin.de\/vdn\/?s={search_term_string}"},"query-input":"required name=search_term_string"}],"inLanguage":"de"},{"@type":"Person","@id":"https:\/\/www.naturparkmagazin.de\/vdn\/#\/schema\/person\/e28d931df83318a48d52ae72b08d2bfb","name":"vdnnational","url":"https:\/\/www.naturparkmagazin.de\/vdn\/author\/vdnnational\/"}]}},"_links":{"self":[{"href":"https:\/\/www.naturparkmagazin.de\/vdn\/wp-json\/wp\/v2\/posts\/2792"}],"collection":[{"href":"https:\/\/www.naturparkmagazin.de\/vdn\/wp-json\/wp\/v2\/posts"}],"about":[{"href":"https:\/\/www.naturparkmagazin.de\/vdn\/wp-json\/wp\/v2\/types\/post"}],"author":[{"embeddable":true,"href":"https:\/\/www.naturparkmagazin.de\/vdn\/wp-json\/wp\/v2\/users\/14"}],"replies":[{"embeddable":true,"href":"https:\/\/www.naturparkmagazin.de\/vdn\/wp-json\/wp\/v2\/comments?post=2792"}],"version-history":[{"count":8,"href":"https:\/\/www.naturparkmagazin.de\/vdn\/wp-json\/wp\/v2\/posts\/2792\/revisions"}],"predecessor-version":[{"id":3108,"href":"https:\/\/www.naturparkmagazin.de\/vdn\/wp-json\/wp\/v2\/posts\/2792\/revisions\/3108"}],"wp:featuredmedia":[{"embeddable":true,"href":"https:\/\/www.naturparkmagazin.de\/vdn\/wp-json\/wp\/v2\/media\/2793"}],"wp:attachment":[{"href":"https:\/\/www.naturparkmagazin.de\/vdn\/wp-json\/wp\/v2\/media?parent=2792"}],"wp:term":[{"taxonomy":"category","embeddable":true,"href":"https:\/\/www.naturparkmagazin.de\/vdn\/wp-json\/wp\/v2\/categories?post=2792"},{"taxonomy":"post_tag","embeddable":true,"href":"https:\/\/www.naturparkmagazin.de\/vdn\/wp-json\/wp\/v2\/tags?post=2792"}],"curies":[{"name":"wp","href":"https:\/\/api.w.org\/{rel}","templated":true}]}}