{"id":2797,"date":"2013-12-16T14:33:51","date_gmt":"2013-12-16T12:33:51","guid":{"rendered":"http:\/\/www.naturparkmagazin.de\/vdn\/?p=2797"},"modified":"2013-12-16T17:11:35","modified_gmt":"2013-12-16T15:11:35","slug":"foto-des-monats-januar-leben-und-tod-von-gernot-blum","status":"publish","type":"post","link":"https:\/\/www.naturparkmagazin.de\/vdn\/foto-des-monats-januar-leben-und-tod-von-gernot-blum\/","title":{"rendered":"Foto des Monats Januar &#8211; \u201eLeben und Tod\u201c  von Gernot Blum"},"content":{"rendered":"<div id=\"attachment_2799\" style=\"width: 510px\" class=\"wp-caption aligncenter\"><a href=\"https:\/\/www.naturparkmagazin.de\/vdn\/wp-content\/uploads\/sites\/3\/Platz-1_G.-Blum.png\"><img aria-describedby=\"caption-attachment-2799\" decoding=\"async\" loading=\"lazy\" class=\"size-full wp-image-2799\" title=\"Copyright: VDN\/Gernot Blum\" alt=\"Copyright: VDN\/Gernot Blum\" src=\"https:\/\/www.naturparkmagazin.de\/vdn\/wp-content\/uploads\/sites\/3\/Platz-1_G.-Blum.png\" width=\"500\" height=\"300\" srcset=\"https:\/\/www.naturparkmagazin.de\/vdn\/wp-content\/uploads\/sites\/3\/Platz-1_G.-Blum.png 500w, https:\/\/www.naturparkmagazin.de\/vdn\/wp-content\/uploads\/sites\/3\/Platz-1_G.-Blum-300x180.png 300w, https:\/\/www.naturparkmagazin.de\/vdn\/wp-content\/uploads\/sites\/3\/Platz-1_G.-Blum-200x120.png 200w\" sizes=\"(max-width: 500px) 100vw, 500px\" \/><\/a><p id=\"caption-attachment-2799\" class=\"wp-caption-text\">Copyright: VDN\/Gernot Blum<\/p><\/div>\n<p>Mit seinem winterlichen Portrait \u201eLeben und Tod\u201c eines Rotmilans, aufgenommen im Naturpark Lauenburgische Seen, wurde Gernot Blum, Naturfotograf aus Gro\u00df Sarau, vom Verband Deutscher Naturparke e. V. zum Jahressieger im deutschlandweiten Fotowettbewerb \u201eAugenblick Natur!\u201c 2013 gek\u00fcrt. \u201eDie auf den Punkt komponierte Aufnahme, f\u00fcr deren Entstehung ohne Zweifel Erfahrung, Geduld und eine Portion Gl\u00fcck notwendig waren, geh\u00f6rt zu den Bildern, die das hohe Niveau des Wettbewerbs begr\u00fcnden\u201c, \u00a0urteilt die Jury in Ihrer Laudatio. Als Preis f\u00fcr den Jahressieg erh\u00e4lt Blum ein Fotosafari-Wochenende im Naturpark Sternberger Seenland. Der Fotowettbewerb wird unterst\u00fctzt von den Unternehmen Kaufland und Lidl.<\/p>\n<p>Viele weitere sch\u00f6ne Fotos aus den Naturparken finden Sie im <a href=\"http:\/\/www.naturparkfotos.de\" target=\"_blank\">Naturparke-Fotoportal<\/a><\/p>\n<p><a href=\"http:\/\/www.naturparke.de\/system\/articledownloads\/372\/original\/PM_12-2013-2__Jahressieger_Fotowettbewerb_2013_final.pdf?1386684785\" target=\"_blank\">&gt;&gt; Hier k\u00f6nnen Sie die Pressemitteilung einsehen<\/a><\/p>\n","protected":false},"excerpt":{"rendered":"<p>Mit seinem winterlichen Portrait \u201eLeben und Tod\u201c eines Rotmilans, aufgenommen im Naturpark Lauenburgische Seen, wurde Gernot Blum, Naturfotograf aus Gro\u00df Sarau, vom Verband Deutscher Naturparke e. V. zum Jahressieger im deutschlandweiten Fotowettbewerb \u201eAugenblick Natur!\u201c 2013 gek\u00fcrt.<\/p>\n","protected":false},"author":14,"featured_media":2799,"comment_status":"open","ping_status":"open","sticky":false,"template":"","format":"standard","meta":{"_links_to":"","_links_to_target":""},"categories":[10],"tags":[],"yoast_head":"<!-- This site is optimized with the Yoast SEO plugin v19.10 - https:\/\/yoast.com\/wordpress\/plugins\/seo\/ -->\n<title>Foto des Monats Januar - \u201eLeben und Tod\u201c von Gernot Blum<\/title>\n<meta name=\"description\" content=\"Mit seinem winterlichen Portrait \u201eLeben und Tod\u201c eines Rotmilans, aufgenommen im Naturpark Lauenburgische Seen, wurde Gernot Blum, Naturfotograf aus Gro\u00df Sarau, vom Verband Deutscher Naturparke e. V. zum Jahressieger im deutschlandweiten Fotowettbewerb \u201eAugenblick Natur!\u201c 2013 gek\u00fcrt.\" \/>\n<meta name=\"robots\" content=\"index, follow, max-snippet:-1, max-image-preview:large, max-video-preview:-1\" \/>\n<link rel=\"canonical\" href=\"https:\/\/www.naturparkmagazin.de\/vdn\/foto-des-monats-januar-leben-und-tod-von-gernot-blum\/\" \/>\n<meta property=\"og:locale\" content=\"de_DE\" \/>\n<meta property=\"og:type\" content=\"article\" \/>\n<meta property=\"og:title\" content=\"Foto des Monats Januar - \u201eLeben und Tod\u201c von Gernot Blum\" \/>\n<meta property=\"og:description\" content=\"Mit seinem winterlichen Portrait \u201eLeben und Tod\u201c eines Rotmilans, aufgenommen im Naturpark Lauenburgische Seen, wurde Gernot Blum, Naturfotograf aus Gro\u00df Sarau, vom Verband Deutscher Naturparke e. V. zum Jahressieger im deutschlandweiten Fotowettbewerb \u201eAugenblick Natur!\u201c 2013 gek\u00fcrt.\" \/>\n<meta property=\"og:url\" content=\"https:\/\/www.naturparkmagazin.de\/vdn\/foto-des-monats-januar-leben-und-tod-von-gernot-blum\/\" \/>\n<meta property=\"og:site_name\" content=\"Verband Deutscher Naturparke\" \/>\n<meta property=\"article:published_time\" content=\"2013-12-16T12:33:51+00:00\" \/>\n<meta property=\"article:modified_time\" content=\"2013-12-16T15:11:35+00:00\" \/>\n<meta property=\"og:image\" content=\"https:\/\/www.naturparkmagazin.de\/vdn\/wp-content\/uploads\/sites\/3\/Platz-1_G.-Blum.png\" \/>\n\t<meta property=\"og:image:width\" content=\"500\" \/>\n\t<meta property=\"og:image:height\" content=\"300\" \/>\n\t<meta property=\"og:image:type\" content=\"image\/png\" \/>\n<meta name=\"author\" content=\"vdnnational\" \/>\n<meta name=\"twitter:label1\" content=\"Verfasst von\" \/>\n\t<meta name=\"twitter:data1\" content=\"vdnnational\" \/>\n\t<meta name=\"twitter:label2\" content=\"Gesch\u00e4tzte Lesezeit\" \/>\n\t<meta name=\"twitter:data2\" content=\"1\u00a0Minute\" \/>\n<script type=\"application\/ld+json\" class=\"yoast-schema-graph\">{\"@context\":\"https:\/\/schema.org\",\"@graph\":[{\"@type\":\"WebPage\",\"@id\":\"https:\/\/www.naturparkmagazin.de\/vdn\/foto-des-monats-januar-leben-und-tod-von-gernot-blum\/\",\"url\":\"https:\/\/www.naturparkmagazin.de\/vdn\/foto-des-monats-januar-leben-und-tod-von-gernot-blum\/\",\"name\":\"Foto des Monats Januar - \u201eLeben und Tod\u201c von Gernot Blum\",\"isPartOf\":{\"@id\":\"https:\/\/www.naturparkmagazin.de\/vdn\/#website\"},\"datePublished\":\"2013-12-16T12:33:51+00:00\",\"dateModified\":\"2013-12-16T15:11:35+00:00\",\"author\":{\"@id\":\"https:\/\/www.naturparkmagazin.de\/vdn\/#\/schema\/person\/e28d931df83318a48d52ae72b08d2bfb\"},\"description\":\"Mit seinem winterlichen Portrait \u201eLeben und Tod\u201c eines Rotmilans, aufgenommen im Naturpark Lauenburgische Seen, wurde Gernot Blum, Naturfotograf aus Gro\u00df Sarau, vom Verband Deutscher Naturparke e. V. zum Jahressieger im deutschlandweiten Fotowettbewerb \u201eAugenblick Natur!\u201c 2013 gek\u00fcrt.\",\"breadcrumb\":{\"@id\":\"https:\/\/www.naturparkmagazin.de\/vdn\/foto-des-monats-januar-leben-und-tod-von-gernot-blum\/#breadcrumb\"},\"inLanguage\":\"de\",\"potentialAction\":[{\"@type\":\"ReadAction\",\"target\":[\"https:\/\/www.naturparkmagazin.de\/vdn\/foto-des-monats-januar-leben-und-tod-von-gernot-blum\/\"]}]},{\"@type\":\"BreadcrumbList\",\"@id\":\"https:\/\/www.naturparkmagazin.de\/vdn\/foto-des-monats-januar-leben-und-tod-von-gernot-blum\/#breadcrumb\",\"itemListElement\":[{\"@type\":\"ListItem\",\"position\":1,\"name\":\"Home\",\"item\":\"https:\/\/www.naturparkmagazin.de\/vdn\/\"},{\"@type\":\"ListItem\",\"position\":2,\"name\":\"Foto des Monats Januar &#8211; \u201eLeben und Tod\u201c von Gernot Blum\"}]},{\"@type\":\"WebSite\",\"@id\":\"https:\/\/www.naturparkmagazin.de\/vdn\/#website\",\"url\":\"https:\/\/www.naturparkmagazin.de\/vdn\/\",\"name\":\"Verband Deutscher Naturparke\",\"description\":\"Eine weitere Naturparkmagazin.de Netzwerk Seite\",\"potentialAction\":[{\"@type\":\"SearchAction\",\"target\":{\"@type\":\"EntryPoint\",\"urlTemplate\":\"https:\/\/www.naturparkmagazin.de\/vdn\/?s={search_term_string}\"},\"query-input\":\"required name=search_term_string\"}],\"inLanguage\":\"de\"},{\"@type\":\"Person\",\"@id\":\"https:\/\/www.naturparkmagazin.de\/vdn\/#\/schema\/person\/e28d931df83318a48d52ae72b08d2bfb\",\"name\":\"vdnnational\",\"url\":\"https:\/\/www.naturparkmagazin.de\/vdn\/author\/vdnnational\/\"}]}<\/script>\n<!-- \/ Yoast SEO plugin. -->","yoast_head_json":{"title":"Foto des Monats Januar - \u201eLeben und Tod\u201c von Gernot Blum","description":"Mit seinem winterlichen Portrait \u201eLeben und Tod\u201c eines Rotmilans, aufgenommen im Naturpark Lauenburgische Seen, wurde Gernot Blum, Naturfotograf aus Gro\u00df Sarau, vom Verband Deutscher Naturparke e. V. zum Jahressieger im deutschlandweiten Fotowettbewerb \u201eAugenblick Natur!\u201c 2013 gek\u00fcrt.","robots":{"index":"index","follow":"follow","max-snippet":"max-snippet:-1","max-image-preview":"max-image-preview:large","max-video-preview":"max-video-preview:-1"},"canonical":"https:\/\/www.naturparkmagazin.de\/vdn\/foto-des-monats-januar-leben-und-tod-von-gernot-blum\/","og_locale":"de_DE","og_type":"article","og_title":"Foto des Monats Januar - \u201eLeben und Tod\u201c von Gernot Blum","og_description":"Mit seinem winterlichen Portrait \u201eLeben und Tod\u201c eines Rotmilans, aufgenommen im Naturpark Lauenburgische Seen, wurde Gernot Blum, Naturfotograf aus Gro\u00df Sarau, vom Verband Deutscher Naturparke e. V. zum Jahressieger im deutschlandweiten Fotowettbewerb \u201eAugenblick Natur!\u201c 2013 gek\u00fcrt.","og_url":"https:\/\/www.naturparkmagazin.de\/vdn\/foto-des-monats-januar-leben-und-tod-von-gernot-blum\/","og_site_name":"Verband Deutscher Naturparke","article_published_time":"2013-12-16T12:33:51+00:00","article_modified_time":"2013-12-16T15:11:35+00:00","og_image":[{"width":500,"height":300,"url":"https:\/\/www.naturparkmagazin.de\/vdn\/wp-content\/uploads\/sites\/3\/Platz-1_G.-Blum.png","type":"image\/png"}],"author":"vdnnational","twitter_misc":{"Verfasst von":"vdnnational","Gesch\u00e4tzte Lesezeit":"1\u00a0Minute"},"schema":{"@context":"https:\/\/schema.org","@graph":[{"@type":"WebPage","@id":"https:\/\/www.naturparkmagazin.de\/vdn\/foto-des-monats-januar-leben-und-tod-von-gernot-blum\/","url":"https:\/\/www.naturparkmagazin.de\/vdn\/foto-des-monats-januar-leben-und-tod-von-gernot-blum\/","name":"Foto des Monats Januar - \u201eLeben und Tod\u201c von Gernot Blum","isPartOf":{"@id":"https:\/\/www.naturparkmagazin.de\/vdn\/#website"},"datePublished":"2013-12-16T12:33:51+00:00","dateModified":"2013-12-16T15:11:35+00:00","author":{"@id":"https:\/\/www.naturparkmagazin.de\/vdn\/#\/schema\/person\/e28d931df83318a48d52ae72b08d2bfb"},"description":"Mit seinem winterlichen Portrait \u201eLeben und Tod\u201c eines Rotmilans, aufgenommen im Naturpark Lauenburgische Seen, wurde Gernot Blum, Naturfotograf aus Gro\u00df Sarau, vom Verband Deutscher Naturparke e. V. zum Jahressieger im deutschlandweiten Fotowettbewerb \u201eAugenblick Natur!\u201c 2013 gek\u00fcrt.","breadcrumb":{"@id":"https:\/\/www.naturparkmagazin.de\/vdn\/foto-des-monats-januar-leben-und-tod-von-gernot-blum\/#breadcrumb"},"inLanguage":"de","potentialAction":[{"@type":"ReadAction","target":["https:\/\/www.naturparkmagazin.de\/vdn\/foto-des-monats-januar-leben-und-tod-von-gernot-blum\/"]}]},{"@type":"BreadcrumbList","@id":"https:\/\/www.naturparkmagazin.de\/vdn\/foto-des-monats-januar-leben-und-tod-von-gernot-blum\/#breadcrumb","itemListElement":[{"@type":"ListItem","position":1,"name":"Home","item":"https:\/\/www.naturparkmagazin.de\/vdn\/"},{"@type":"ListItem","position":2,"name":"Foto des Monats Januar &#8211; \u201eLeben und Tod\u201c von Gernot Blum"}]},{"@type":"WebSite","@id":"https:\/\/www.naturparkmagazin.de\/vdn\/#website","url":"https:\/\/www.naturparkmagazin.de\/vdn\/","name":"Verband Deutscher Naturparke","description":"Eine weitere Naturparkmagazin.de Netzwerk Seite","potentialAction":[{"@type":"SearchAction","target":{"@type":"EntryPoint","urlTemplate":"https:\/\/www.naturparkmagazin.de\/vdn\/?s={search_term_string}"},"query-input":"required name=search_term_string"}],"inLanguage":"de"},{"@type":"Person","@id":"https:\/\/www.naturparkmagazin.de\/vdn\/#\/schema\/person\/e28d931df83318a48d52ae72b08d2bfb","name":"vdnnational","url":"https:\/\/www.naturparkmagazin.de\/vdn\/author\/vdnnational\/"}]}},"_links":{"self":[{"href":"https:\/\/www.naturparkmagazin.de\/vdn\/wp-json\/wp\/v2\/posts\/2797"}],"collection":[{"href":"https:\/\/www.naturparkmagazin.de\/vdn\/wp-json\/wp\/v2\/posts"}],"about":[{"href":"https:\/\/www.naturparkmagazin.de\/vdn\/wp-json\/wp\/v2\/types\/post"}],"author":[{"embeddable":true,"href":"https:\/\/www.naturparkmagazin.de\/vdn\/wp-json\/wp\/v2\/users\/14"}],"replies":[{"embeddable":true,"href":"https:\/\/www.naturparkmagazin.de\/vdn\/wp-json\/wp\/v2\/comments?post=2797"}],"version-history":[{"count":2,"href":"https:\/\/www.naturparkmagazin.de\/vdn\/wp-json\/wp\/v2\/posts\/2797\/revisions"}],"predecessor-version":[{"id":2802,"href":"https:\/\/www.naturparkmagazin.de\/vdn\/wp-json\/wp\/v2\/posts\/2797\/revisions\/2802"}],"wp:featuredmedia":[{"embeddable":true,"href":"https:\/\/www.naturparkmagazin.de\/vdn\/wp-json\/wp\/v2\/media\/2799"}],"wp:attachment":[{"href":"https:\/\/www.naturparkmagazin.de\/vdn\/wp-json\/wp\/v2\/media?parent=2797"}],"wp:term":[{"taxonomy":"category","embeddable":true,"href":"https:\/\/www.naturparkmagazin.de\/vdn\/wp-json\/wp\/v2\/categories?post=2797"},{"taxonomy":"post_tag","embeddable":true,"href":"https:\/\/www.naturparkmagazin.de\/vdn\/wp-json\/wp\/v2\/tags?post=2797"}],"curies":[{"name":"wp","href":"https:\/\/api.w.org\/{rel}","templated":true}]}}