{"id":2809,"date":"2013-12-16T15:03:32","date_gmt":"2013-12-16T13:03:32","guid":{"rendered":"http:\/\/www.naturparkmagazin.de\/vdn\/?p=2809"},"modified":"2014-01-22T13:30:07","modified_gmt":"2014-01-22T11:30:07","slug":"naturpark-botschafterin-andrea-rothfuss","status":"publish","type":"post","link":"https:\/\/www.naturparkmagazin.de\/vdn\/naturpark-botschafterin-andrea-rothfuss\/","title":{"rendered":"Naturpark-Botschafterin Andrea Rothfu\u00df"},"content":{"rendered":"<div id=\"attachment_2810\" style=\"width: 383px\" class=\"wp-caption aligncenter\"><a href=\"https:\/\/www.naturparkmagazin.de\/vdn\/wp-content\/uploads\/sites\/3\/Andrea_Rothfuss300_500.jpg\"><img aria-describedby=\"caption-attachment-2810\" decoding=\"async\" loading=\"lazy\" class=\"size-full wp-image-2810 \" title=\"Andrea Rothfu\u00df, Skirennfahrerin und Naturpark-Botschafterin im Naturpark Schwarzwald Mitte\/Nord - Copyright: Naturpark Schwarzwald Mitte\/Nord\" alt=\"Andrea Rothfu\u00df, Skirennfahrerin und Naturpark-Botschafterin im Naturpark Schwarzwald Mitte\/Nord - Copyright: Naturpark Schwarzwald Mitte\/Nord\" src=\"https:\/\/www.naturparkmagazin.de\/vdn\/wp-content\/uploads\/sites\/3\/Andrea_Rothfuss300_500.jpg\" width=\"373\" height=\"500\" srcset=\"https:\/\/www.naturparkmagazin.de\/vdn\/wp-content\/uploads\/sites\/3\/Andrea_Rothfuss300_500.jpg 373w, https:\/\/www.naturparkmagazin.de\/vdn\/wp-content\/uploads\/sites\/3\/Andrea_Rothfuss300_500-300x402.jpg 300w, https:\/\/www.naturparkmagazin.de\/vdn\/wp-content\/uploads\/sites\/3\/Andrea_Rothfuss300_500-135x180.jpg 135w, https:\/\/www.naturparkmagazin.de\/vdn\/wp-content\/uploads\/sites\/3\/Andrea_Rothfuss300_500-53x71.jpg 53w, https:\/\/www.naturparkmagazin.de\/vdn\/wp-content\/uploads\/sites\/3\/Andrea_Rothfuss300_500-200x268.jpg 200w\" sizes=\"(max-width: 373px) 100vw, 373px\" \/><\/a><p id=\"caption-attachment-2810\" class=\"wp-caption-text\">Andrea Rothfu\u00df, Skirennfahrerin und Naturpark-Botschafterin im Naturpark Schwarzwald Mitte\/Nord &#8211; Copyright: Naturpark Schwarzwald Mitte\/Nord<\/p><\/div>\n<p>Ich f\u00fchle mich wohl im Naturpark Schwarzwald Mitte\/Nord, weil er f\u00fcr jeden eine gro\u00dfe Vielfalt an Natur, Sport und Entspannung bietet. F\u00fcr mich pers\u00f6nlich als Sportlerin ist dies ideal, so kann ich mir z.B. am Ruhestein, wo \u00fcbrigens auch das Naturpark-Haus zu finden ist, eine Auszeit vom Alltag g\u00f6nnen!<\/p>\n<p>Der Ruhestein ist zu jeder Jahreszeit Ausgangspunkt f\u00fcr eine Vielzahl an Aktivit\u00e4ten. Im Sommer kommen hier Radfahrer, Wanderer, Tagesausfl\u00fcgler und Naturliebhaber zusammen. Und auch im Winter herrscht hier immer viel Betrieb, dann laden Schnee und Sonnenschein zum Langlaufen oder einer Schneeschuhwanderung ein. Zu Fu\u00df gelangt man schnell auf das Plateau des Seekopfs. Von hier oben hat man einen phantastischen Blick auf den Wilden See, einen der sch\u00f6nsten Karseen des Nordschwarzwalds sowie in die umliegenden Schwarzwald-T\u00e4ler.<\/p>\n","protected":false},"excerpt":{"rendered":"<p>Andrea Rothfu\u00df ist Studentin und erfolgreiche Skirennl\u00e4uferin. Warum sie die Botschafterin des Naturparks Schwarzwald Mitte\/Nord ist, verr\u00e4t sie Ihnen gern!<\/p>\n","protected":false},"author":14,"featured_media":2811,"comment_status":"open","ping_status":"open","sticky":false,"template":"","format":"standard","meta":{"_links_to":"","_links_to_target":""},"categories":[8],"tags":[],"yoast_head":"<!-- This site is optimized with the Yoast SEO plugin v19.10 - https:\/\/yoast.com\/wordpress\/plugins\/seo\/ -->\n<title>Naturpark-Botschafterin Andrea Rothfu\u00df<\/title>\n<meta name=\"description\" content=\"Andrea Rothfu\u00df ist Studentin und erfolgreiche Skirennl\u00e4uferin. Warum sie die Botschafterin des Naturparks Schwarzwald Mitte\/Nord ist, verr\u00e4t sie Ihnen gern!\" \/>\n<meta name=\"robots\" content=\"index, follow, max-snippet:-1, max-image-preview:large, max-video-preview:-1\" \/>\n<link rel=\"canonical\" href=\"https:\/\/www.naturparkmagazin.de\/vdn\/naturpark-botschafterin-andrea-rothfuss\/\" \/>\n<meta property=\"og:locale\" content=\"de_DE\" \/>\n<meta property=\"og:type\" content=\"article\" \/>\n<meta property=\"og:title\" content=\"Naturpark-Botschafterin Andrea Rothfu\u00df\" \/>\n<meta property=\"og:description\" content=\"Andrea Rothfu\u00df ist Studentin und erfolgreiche Skirennl\u00e4uferin. Warum sie die Botschafterin des Naturparks Schwarzwald Mitte\/Nord ist, verr\u00e4t sie Ihnen gern!\" \/>\n<meta property=\"og:url\" content=\"https:\/\/www.naturparkmagazin.de\/vdn\/naturpark-botschafterin-andrea-rothfuss\/\" \/>\n<meta property=\"og:site_name\" content=\"Verband Deutscher Naturparke\" \/>\n<meta property=\"article:published_time\" content=\"2013-12-16T13:03:32+00:00\" \/>\n<meta property=\"article:modified_time\" content=\"2014-01-22T11:30:07+00:00\" \/>\n<meta property=\"og:image\" content=\"https:\/\/www.naturparkmagazin.de\/vdn\/wp-content\/uploads\/sites\/3\/Andrea_Rothfuss_Beitragsbild.jpg\" \/>\n\t<meta property=\"og:image:width\" content=\"135\" \/>\n\t<meta property=\"og:image:height\" content=\"181\" \/>\n\t<meta property=\"og:image:type\" content=\"image\/jpeg\" \/>\n<meta name=\"author\" content=\"vdnnational\" \/>\n<meta name=\"twitter:label1\" content=\"Verfasst von\" \/>\n\t<meta name=\"twitter:data1\" content=\"vdnnational\" \/>\n\t<meta name=\"twitter:label2\" content=\"Gesch\u00e4tzte Lesezeit\" \/>\n\t<meta name=\"twitter:data2\" content=\"1\u00a0Minute\" \/>\n<script type=\"application\/ld+json\" class=\"yoast-schema-graph\">{\"@context\":\"https:\/\/schema.org\",\"@graph\":[{\"@type\":\"WebPage\",\"@id\":\"https:\/\/www.naturparkmagazin.de\/vdn\/naturpark-botschafterin-andrea-rothfuss\/\",\"url\":\"https:\/\/www.naturparkmagazin.de\/vdn\/naturpark-botschafterin-andrea-rothfuss\/\",\"name\":\"Naturpark-Botschafterin Andrea Rothfu\u00df\",\"isPartOf\":{\"@id\":\"https:\/\/www.naturparkmagazin.de\/vdn\/#website\"},\"datePublished\":\"2013-12-16T13:03:32+00:00\",\"dateModified\":\"2014-01-22T11:30:07+00:00\",\"author\":{\"@id\":\"https:\/\/www.naturparkmagazin.de\/vdn\/#\/schema\/person\/e28d931df83318a48d52ae72b08d2bfb\"},\"description\":\"Andrea Rothfu\u00df ist Studentin und erfolgreiche Skirennl\u00e4uferin. Warum sie die Botschafterin des Naturparks Schwarzwald Mitte\/Nord ist, verr\u00e4t sie Ihnen gern!\",\"breadcrumb\":{\"@id\":\"https:\/\/www.naturparkmagazin.de\/vdn\/naturpark-botschafterin-andrea-rothfuss\/#breadcrumb\"},\"inLanguage\":\"de\",\"potentialAction\":[{\"@type\":\"ReadAction\",\"target\":[\"https:\/\/www.naturparkmagazin.de\/vdn\/naturpark-botschafterin-andrea-rothfuss\/\"]}]},{\"@type\":\"BreadcrumbList\",\"@id\":\"https:\/\/www.naturparkmagazin.de\/vdn\/naturpark-botschafterin-andrea-rothfuss\/#breadcrumb\",\"itemListElement\":[{\"@type\":\"ListItem\",\"position\":1,\"name\":\"Home\",\"item\":\"https:\/\/www.naturparkmagazin.de\/vdn\/\"},{\"@type\":\"ListItem\",\"position\":2,\"name\":\"Naturpark-Botschafterin Andrea Rothfu\u00df\"}]},{\"@type\":\"WebSite\",\"@id\":\"https:\/\/www.naturparkmagazin.de\/vdn\/#website\",\"url\":\"https:\/\/www.naturparkmagazin.de\/vdn\/\",\"name\":\"Verband Deutscher Naturparke\",\"description\":\"Eine weitere Naturparkmagazin.de Netzwerk Seite\",\"potentialAction\":[{\"@type\":\"SearchAction\",\"target\":{\"@type\":\"EntryPoint\",\"urlTemplate\":\"https:\/\/www.naturparkmagazin.de\/vdn\/?s={search_term_string}\"},\"query-input\":\"required name=search_term_string\"}],\"inLanguage\":\"de\"},{\"@type\":\"Person\",\"@id\":\"https:\/\/www.naturparkmagazin.de\/vdn\/#\/schema\/person\/e28d931df83318a48d52ae72b08d2bfb\",\"name\":\"vdnnational\",\"url\":\"https:\/\/www.naturparkmagazin.de\/vdn\/author\/vdnnational\/\"}]}<\/script>\n<!-- \/ Yoast SEO plugin. -->","yoast_head_json":{"title":"Naturpark-Botschafterin Andrea Rothfu\u00df","description":"Andrea Rothfu\u00df ist Studentin und erfolgreiche Skirennl\u00e4uferin. Warum sie die Botschafterin des Naturparks Schwarzwald Mitte\/Nord ist, verr\u00e4t sie Ihnen gern!","robots":{"index":"index","follow":"follow","max-snippet":"max-snippet:-1","max-image-preview":"max-image-preview:large","max-video-preview":"max-video-preview:-1"},"canonical":"https:\/\/www.naturparkmagazin.de\/vdn\/naturpark-botschafterin-andrea-rothfuss\/","og_locale":"de_DE","og_type":"article","og_title":"Naturpark-Botschafterin Andrea Rothfu\u00df","og_description":"Andrea Rothfu\u00df ist Studentin und erfolgreiche Skirennl\u00e4uferin. Warum sie die Botschafterin des Naturparks Schwarzwald Mitte\/Nord ist, verr\u00e4t sie Ihnen gern!","og_url":"https:\/\/www.naturparkmagazin.de\/vdn\/naturpark-botschafterin-andrea-rothfuss\/","og_site_name":"Verband Deutscher Naturparke","article_published_time":"2013-12-16T13:03:32+00:00","article_modified_time":"2014-01-22T11:30:07+00:00","og_image":[{"width":135,"height":181,"url":"https:\/\/www.naturparkmagazin.de\/vdn\/wp-content\/uploads\/sites\/3\/Andrea_Rothfuss_Beitragsbild.jpg","type":"image\/jpeg"}],"author":"vdnnational","twitter_misc":{"Verfasst von":"vdnnational","Gesch\u00e4tzte Lesezeit":"1\u00a0Minute"},"schema":{"@context":"https:\/\/schema.org","@graph":[{"@type":"WebPage","@id":"https:\/\/www.naturparkmagazin.de\/vdn\/naturpark-botschafterin-andrea-rothfuss\/","url":"https:\/\/www.naturparkmagazin.de\/vdn\/naturpark-botschafterin-andrea-rothfuss\/","name":"Naturpark-Botschafterin Andrea Rothfu\u00df","isPartOf":{"@id":"https:\/\/www.naturparkmagazin.de\/vdn\/#website"},"datePublished":"2013-12-16T13:03:32+00:00","dateModified":"2014-01-22T11:30:07+00:00","author":{"@id":"https:\/\/www.naturparkmagazin.de\/vdn\/#\/schema\/person\/e28d931df83318a48d52ae72b08d2bfb"},"description":"Andrea Rothfu\u00df ist Studentin und erfolgreiche Skirennl\u00e4uferin. Warum sie die Botschafterin des Naturparks Schwarzwald Mitte\/Nord ist, verr\u00e4t sie Ihnen gern!","breadcrumb":{"@id":"https:\/\/www.naturparkmagazin.de\/vdn\/naturpark-botschafterin-andrea-rothfuss\/#breadcrumb"},"inLanguage":"de","potentialAction":[{"@type":"ReadAction","target":["https:\/\/www.naturparkmagazin.de\/vdn\/naturpark-botschafterin-andrea-rothfuss\/"]}]},{"@type":"BreadcrumbList","@id":"https:\/\/www.naturparkmagazin.de\/vdn\/naturpark-botschafterin-andrea-rothfuss\/#breadcrumb","itemListElement":[{"@type":"ListItem","position":1,"name":"Home","item":"https:\/\/www.naturparkmagazin.de\/vdn\/"},{"@type":"ListItem","position":2,"name":"Naturpark-Botschafterin Andrea Rothfu\u00df"}]},{"@type":"WebSite","@id":"https:\/\/www.naturparkmagazin.de\/vdn\/#website","url":"https:\/\/www.naturparkmagazin.de\/vdn\/","name":"Verband Deutscher Naturparke","description":"Eine weitere Naturparkmagazin.de Netzwerk Seite","potentialAction":[{"@type":"SearchAction","target":{"@type":"EntryPoint","urlTemplate":"https:\/\/www.naturparkmagazin.de\/vdn\/?s={search_term_string}"},"query-input":"required name=search_term_string"}],"inLanguage":"de"},{"@type":"Person","@id":"https:\/\/www.naturparkmagazin.de\/vdn\/#\/schema\/person\/e28d931df83318a48d52ae72b08d2bfb","name":"vdnnational","url":"https:\/\/www.naturparkmagazin.de\/vdn\/author\/vdnnational\/"}]}},"_links":{"self":[{"href":"https:\/\/www.naturparkmagazin.de\/vdn\/wp-json\/wp\/v2\/posts\/2809"}],"collection":[{"href":"https:\/\/www.naturparkmagazin.de\/vdn\/wp-json\/wp\/v2\/posts"}],"about":[{"href":"https:\/\/www.naturparkmagazin.de\/vdn\/wp-json\/wp\/v2\/types\/post"}],"author":[{"embeddable":true,"href":"https:\/\/www.naturparkmagazin.de\/vdn\/wp-json\/wp\/v2\/users\/14"}],"replies":[{"embeddable":true,"href":"https:\/\/www.naturparkmagazin.de\/vdn\/wp-json\/wp\/v2\/comments?post=2809"}],"version-history":[{"count":5,"href":"https:\/\/www.naturparkmagazin.de\/vdn\/wp-json\/wp\/v2\/posts\/2809\/revisions"}],"predecessor-version":[{"id":2880,"href":"https:\/\/www.naturparkmagazin.de\/vdn\/wp-json\/wp\/v2\/posts\/2809\/revisions\/2880"}],"wp:featuredmedia":[{"embeddable":true,"href":"https:\/\/www.naturparkmagazin.de\/vdn\/wp-json\/wp\/v2\/media\/2811"}],"wp:attachment":[{"href":"https:\/\/www.naturparkmagazin.de\/vdn\/wp-json\/wp\/v2\/media?parent=2809"}],"wp:term":[{"taxonomy":"category","embeddable":true,"href":"https:\/\/www.naturparkmagazin.de\/vdn\/wp-json\/wp\/v2\/categories?post=2809"},{"taxonomy":"post_tag","embeddable":true,"href":"https:\/\/www.naturparkmagazin.de\/vdn\/wp-json\/wp\/v2\/tags?post=2809"}],"curies":[{"name":"wp","href":"https:\/\/api.w.org\/{rel}","templated":true}]}}