{"id":2925,"date":"2014-01-21T15:03:26","date_gmt":"2014-01-21T13:03:26","guid":{"rendered":"http:\/\/www.naturparkmagazin.de\/vdn\/?p=2925"},"modified":"2014-02-14T17:36:27","modified_gmt":"2014-02-14T15:36:27","slug":"foto-des-monats-februar-eiszeit-von-guenter-linderer","status":"publish","type":"post","link":"https:\/\/www.naturparkmagazin.de\/vdn\/foto-des-monats-februar-eiszeit-von-guenter-linderer\/","title":{"rendered":"Foto des Monats Februar &#8211; \u201eEiszeit\u201c  von G\u00fcnter Linderer"},"content":{"rendered":"<div id=\"attachment_2927\" style=\"width: 510px\" class=\"wp-caption aligncenter\"><a href=\"https:\/\/www.naturparkmagazin.de\/vdn\/wp-content\/uploads\/sites\/3\/DSCN2983_Beitrag.jpg\"><img aria-describedby=\"caption-attachment-2927\" decoding=\"async\" loading=\"lazy\" class=\"size-full wp-image-2927\" title=\"Copyright: VDN\/ G\u00fcnter Linderer\" alt=\"Copyright: VDN\/ G\u00fcnter Linderer\" src=\"https:\/\/www.naturparkmagazin.de\/vdn\/wp-content\/uploads\/sites\/3\/DSCN2983_Beitrag.jpg\" width=\"500\" height=\"300\" srcset=\"https:\/\/www.naturparkmagazin.de\/vdn\/wp-content\/uploads\/sites\/3\/DSCN2983_Beitrag.jpg 500w, https:\/\/www.naturparkmagazin.de\/vdn\/wp-content\/uploads\/sites\/3\/DSCN2983_Beitrag-300x180.jpg 300w, https:\/\/www.naturparkmagazin.de\/vdn\/wp-content\/uploads\/sites\/3\/DSCN2983_Beitrag-200x120.jpg 200w\" sizes=\"(max-width: 500px) 100vw, 500px\" \/><\/a><p id=\"caption-attachment-2927\" class=\"wp-caption-text\">Copyright: VDN\/ G\u00fcnter Linderer<\/p><\/div>\n<p>Passend zum Thema unseres Newsletters pr\u00e4sentieren wir Ihnen unser Bild des Monats Februar, aufgenommen im Naturpark Schwarzwald Mitte\/Nord.<\/p>\n<p>Im Fotowettbewerb \u201eNat\u00fcrlich vielf\u00e4ltig &#8211; Naturparke!\u201c, den der VDN 2013 in Kooperation mit dem DuMont Kalenderverlag durchf\u00fchrte, wurde G\u00fcnter Linderer von der Jury mit diesem Motiv unter die 12 Gewinner gew\u00e4hlt. Damit sicherte er sich eine Ver\u00f6ffentlichung im Fotokunst-Kalender \u201eNat\u00fcrlich vielf\u00e4ltig &#8211; Naturparke!\u201c 2015 des DuMont Kalenderverlags.<\/p>\n<p>Alle weiteren Gewinner sowie viele weitere sch\u00f6ne Fotos aus den Naturparken finden Sie im <a title=\"Naturparke-Fotoportal\" href=\"http:\/\/www.naturparkfotos.de\/photoportal\/photos?page=1http:\/\/\">Naturparke-Fotoportal<\/a><\/p>\n<p>&gt;&gt; Hier k\u00f6nnen Sie die Pressemitteilung einsehen<\/p>\n","protected":false},"excerpt":{"rendered":"<p>Passend zum Thema unseres Newsletters pr\u00e4sentieren wir Ihnen unser Bild des Monats Februar, aufgenommen im Naturpark Schwarzwald Mitte\/Nord.<\/p>\n","protected":false},"author":14,"featured_media":2928,"comment_status":"open","ping_status":"open","sticky":false,"template":"","format":"standard","meta":{"_links_to":"","_links_to_target":""},"categories":[10],"tags":[],"yoast_head":"<!-- This site is optimized with the Yoast SEO plugin v19.10 - https:\/\/yoast.com\/wordpress\/plugins\/seo\/ -->\n<title>Foto des Monats Februar - \u201eEiszeit\u201c von G\u00fcnter Linderer<\/title>\n<meta name=\"description\" content=\"Passend zum Thema unseres Newsletters pr\u00e4sentieren wir Ihnen unser Bild des Monats Februar, aufgenommen im Naturpark Schwarzwald Mitte\/Nord.\" \/>\n<meta name=\"robots\" content=\"index, follow, max-snippet:-1, max-image-preview:large, max-video-preview:-1\" \/>\n<link rel=\"canonical\" href=\"https:\/\/www.naturparkmagazin.de\/vdn\/foto-des-monats-februar-eiszeit-von-guenter-linderer\/\" \/>\n<meta property=\"og:locale\" content=\"de_DE\" \/>\n<meta property=\"og:type\" content=\"article\" \/>\n<meta property=\"og:title\" content=\"Foto des Monats Februar - \u201eEiszeit\u201c von G\u00fcnter Linderer\" \/>\n<meta property=\"og:description\" content=\"Passend zum Thema unseres Newsletters pr\u00e4sentieren wir Ihnen unser Bild des Monats Februar, aufgenommen im Naturpark Schwarzwald Mitte\/Nord.\" \/>\n<meta property=\"og:url\" content=\"https:\/\/www.naturparkmagazin.de\/vdn\/foto-des-monats-februar-eiszeit-von-guenter-linderer\/\" \/>\n<meta property=\"og:site_name\" content=\"Verband Deutscher Naturparke\" \/>\n<meta property=\"article:published_time\" content=\"2014-01-21T13:03:26+00:00\" \/>\n<meta property=\"article:modified_time\" content=\"2014-02-14T15:36:27+00:00\" \/>\n<meta property=\"og:image\" content=\"https:\/\/www.naturparkmagazin.de\/vdn\/wp-content\/uploads\/sites\/3\/Foto-des-Monats-Beitragsbild.jpg\" \/>\n\t<meta property=\"og:image:width\" content=\"180\" \/>\n\t<meta property=\"og:image:height\" content=\"135\" \/>\n\t<meta property=\"og:image:type\" content=\"image\/jpeg\" \/>\n<meta name=\"author\" content=\"vdnnational\" \/>\n<meta name=\"twitter:label1\" content=\"Verfasst von\" \/>\n\t<meta name=\"twitter:data1\" content=\"vdnnational\" \/>\n\t<meta name=\"twitter:label2\" content=\"Gesch\u00e4tzte Lesezeit\" \/>\n\t<meta name=\"twitter:data2\" content=\"1\u00a0Minute\" \/>\n<script type=\"application\/ld+json\" class=\"yoast-schema-graph\">{\"@context\":\"https:\/\/schema.org\",\"@graph\":[{\"@type\":\"WebPage\",\"@id\":\"https:\/\/www.naturparkmagazin.de\/vdn\/foto-des-monats-februar-eiszeit-von-guenter-linderer\/\",\"url\":\"https:\/\/www.naturparkmagazin.de\/vdn\/foto-des-monats-februar-eiszeit-von-guenter-linderer\/\",\"name\":\"Foto des Monats Februar - \u201eEiszeit\u201c von G\u00fcnter Linderer\",\"isPartOf\":{\"@id\":\"https:\/\/www.naturparkmagazin.de\/vdn\/#website\"},\"datePublished\":\"2014-01-21T13:03:26+00:00\",\"dateModified\":\"2014-02-14T15:36:27+00:00\",\"author\":{\"@id\":\"https:\/\/www.naturparkmagazin.de\/vdn\/#\/schema\/person\/e28d931df83318a48d52ae72b08d2bfb\"},\"description\":\"Passend zum Thema unseres Newsletters pr\u00e4sentieren wir Ihnen unser Bild des Monats Februar, aufgenommen im Naturpark Schwarzwald Mitte\/Nord.\",\"breadcrumb\":{\"@id\":\"https:\/\/www.naturparkmagazin.de\/vdn\/foto-des-monats-februar-eiszeit-von-guenter-linderer\/#breadcrumb\"},\"inLanguage\":\"de\",\"potentialAction\":[{\"@type\":\"ReadAction\",\"target\":[\"https:\/\/www.naturparkmagazin.de\/vdn\/foto-des-monats-februar-eiszeit-von-guenter-linderer\/\"]}]},{\"@type\":\"BreadcrumbList\",\"@id\":\"https:\/\/www.naturparkmagazin.de\/vdn\/foto-des-monats-februar-eiszeit-von-guenter-linderer\/#breadcrumb\",\"itemListElement\":[{\"@type\":\"ListItem\",\"position\":1,\"name\":\"Home\",\"item\":\"https:\/\/www.naturparkmagazin.de\/vdn\/\"},{\"@type\":\"ListItem\",\"position\":2,\"name\":\"Foto des Monats Februar &#8211; \u201eEiszeit\u201c von G\u00fcnter Linderer\"}]},{\"@type\":\"WebSite\",\"@id\":\"https:\/\/www.naturparkmagazin.de\/vdn\/#website\",\"url\":\"https:\/\/www.naturparkmagazin.de\/vdn\/\",\"name\":\"Verband Deutscher Naturparke\",\"description\":\"Eine weitere Naturparkmagazin.de Netzwerk Seite\",\"potentialAction\":[{\"@type\":\"SearchAction\",\"target\":{\"@type\":\"EntryPoint\",\"urlTemplate\":\"https:\/\/www.naturparkmagazin.de\/vdn\/?s={search_term_string}\"},\"query-input\":\"required name=search_term_string\"}],\"inLanguage\":\"de\"},{\"@type\":\"Person\",\"@id\":\"https:\/\/www.naturparkmagazin.de\/vdn\/#\/schema\/person\/e28d931df83318a48d52ae72b08d2bfb\",\"name\":\"vdnnational\",\"url\":\"https:\/\/www.naturparkmagazin.de\/vdn\/author\/vdnnational\/\"}]}<\/script>\n<!-- \/ Yoast SEO plugin. -->","yoast_head_json":{"title":"Foto des Monats Februar - \u201eEiszeit\u201c von G\u00fcnter Linderer","description":"Passend zum Thema unseres Newsletters pr\u00e4sentieren wir Ihnen unser Bild des Monats Februar, aufgenommen im Naturpark Schwarzwald Mitte\/Nord.","robots":{"index":"index","follow":"follow","max-snippet":"max-snippet:-1","max-image-preview":"max-image-preview:large","max-video-preview":"max-video-preview:-1"},"canonical":"https:\/\/www.naturparkmagazin.de\/vdn\/foto-des-monats-februar-eiszeit-von-guenter-linderer\/","og_locale":"de_DE","og_type":"article","og_title":"Foto des Monats Februar - \u201eEiszeit\u201c von G\u00fcnter Linderer","og_description":"Passend zum Thema unseres Newsletters pr\u00e4sentieren wir Ihnen unser Bild des Monats Februar, aufgenommen im Naturpark Schwarzwald Mitte\/Nord.","og_url":"https:\/\/www.naturparkmagazin.de\/vdn\/foto-des-monats-februar-eiszeit-von-guenter-linderer\/","og_site_name":"Verband Deutscher Naturparke","article_published_time":"2014-01-21T13:03:26+00:00","article_modified_time":"2014-02-14T15:36:27+00:00","og_image":[{"width":180,"height":135,"url":"https:\/\/www.naturparkmagazin.de\/vdn\/wp-content\/uploads\/sites\/3\/Foto-des-Monats-Beitragsbild.jpg","type":"image\/jpeg"}],"author":"vdnnational","twitter_misc":{"Verfasst von":"vdnnational","Gesch\u00e4tzte Lesezeit":"1\u00a0Minute"},"schema":{"@context":"https:\/\/schema.org","@graph":[{"@type":"WebPage","@id":"https:\/\/www.naturparkmagazin.de\/vdn\/foto-des-monats-februar-eiszeit-von-guenter-linderer\/","url":"https:\/\/www.naturparkmagazin.de\/vdn\/foto-des-monats-februar-eiszeit-von-guenter-linderer\/","name":"Foto des Monats Februar - \u201eEiszeit\u201c von G\u00fcnter Linderer","isPartOf":{"@id":"https:\/\/www.naturparkmagazin.de\/vdn\/#website"},"datePublished":"2014-01-21T13:03:26+00:00","dateModified":"2014-02-14T15:36:27+00:00","author":{"@id":"https:\/\/www.naturparkmagazin.de\/vdn\/#\/schema\/person\/e28d931df83318a48d52ae72b08d2bfb"},"description":"Passend zum Thema unseres Newsletters pr\u00e4sentieren wir Ihnen unser Bild des Monats Februar, aufgenommen im Naturpark Schwarzwald Mitte\/Nord.","breadcrumb":{"@id":"https:\/\/www.naturparkmagazin.de\/vdn\/foto-des-monats-februar-eiszeit-von-guenter-linderer\/#breadcrumb"},"inLanguage":"de","potentialAction":[{"@type":"ReadAction","target":["https:\/\/www.naturparkmagazin.de\/vdn\/foto-des-monats-februar-eiszeit-von-guenter-linderer\/"]}]},{"@type":"BreadcrumbList","@id":"https:\/\/www.naturparkmagazin.de\/vdn\/foto-des-monats-februar-eiszeit-von-guenter-linderer\/#breadcrumb","itemListElement":[{"@type":"ListItem","position":1,"name":"Home","item":"https:\/\/www.naturparkmagazin.de\/vdn\/"},{"@type":"ListItem","position":2,"name":"Foto des Monats Februar &#8211; \u201eEiszeit\u201c von G\u00fcnter Linderer"}]},{"@type":"WebSite","@id":"https:\/\/www.naturparkmagazin.de\/vdn\/#website","url":"https:\/\/www.naturparkmagazin.de\/vdn\/","name":"Verband Deutscher Naturparke","description":"Eine weitere Naturparkmagazin.de Netzwerk Seite","potentialAction":[{"@type":"SearchAction","target":{"@type":"EntryPoint","urlTemplate":"https:\/\/www.naturparkmagazin.de\/vdn\/?s={search_term_string}"},"query-input":"required name=search_term_string"}],"inLanguage":"de"},{"@type":"Person","@id":"https:\/\/www.naturparkmagazin.de\/vdn\/#\/schema\/person\/e28d931df83318a48d52ae72b08d2bfb","name":"vdnnational","url":"https:\/\/www.naturparkmagazin.de\/vdn\/author\/vdnnational\/"}]}},"_links":{"self":[{"href":"https:\/\/www.naturparkmagazin.de\/vdn\/wp-json\/wp\/v2\/posts\/2925"}],"collection":[{"href":"https:\/\/www.naturparkmagazin.de\/vdn\/wp-json\/wp\/v2\/posts"}],"about":[{"href":"https:\/\/www.naturparkmagazin.de\/vdn\/wp-json\/wp\/v2\/types\/post"}],"author":[{"embeddable":true,"href":"https:\/\/www.naturparkmagazin.de\/vdn\/wp-json\/wp\/v2\/users\/14"}],"replies":[{"embeddable":true,"href":"https:\/\/www.naturparkmagazin.de\/vdn\/wp-json\/wp\/v2\/comments?post=2925"}],"version-history":[{"count":4,"href":"https:\/\/www.naturparkmagazin.de\/vdn\/wp-json\/wp\/v2\/posts\/2925\/revisions"}],"predecessor-version":[{"id":2931,"href":"https:\/\/www.naturparkmagazin.de\/vdn\/wp-json\/wp\/v2\/posts\/2925\/revisions\/2931"}],"wp:featuredmedia":[{"embeddable":true,"href":"https:\/\/www.naturparkmagazin.de\/vdn\/wp-json\/wp\/v2\/media\/2928"}],"wp:attachment":[{"href":"https:\/\/www.naturparkmagazin.de\/vdn\/wp-json\/wp\/v2\/media?parent=2925"}],"wp:term":[{"taxonomy":"category","embeddable":true,"href":"https:\/\/www.naturparkmagazin.de\/vdn\/wp-json\/wp\/v2\/categories?post=2925"},{"taxonomy":"post_tag","embeddable":true,"href":"https:\/\/www.naturparkmagazin.de\/vdn\/wp-json\/wp\/v2\/tags?post=2925"}],"curies":[{"name":"wp","href":"https:\/\/api.w.org\/{rel}","templated":true}]}}