{"id":2957,"date":"2014-01-21T14:41:06","date_gmt":"2014-01-21T12:41:06","guid":{"rendered":"http:\/\/www.naturparkmagazin.de\/vdn\/?p=2957"},"modified":"2014-02-14T17:37:18","modified_gmt":"2014-02-14T15:37:18","slug":"naturpark-botschafterin-ines-pepert","status":"publish","type":"post","link":"https:\/\/www.naturparkmagazin.de\/vdn\/naturpark-botschafterin-ines-pepert\/","title":{"rendered":"Naturpark Botschafterin Ines Papert"},"content":{"rendered":"<div id=\"attachment_2959\" style=\"width: 310px\" class=\"wp-caption aligncenter\"><a href=\"https:\/\/www.naturparkmagazin.de\/vdn\/wp-content\/uploads\/sites\/3\/ines-papert_Beitrag.jpg\"><img aria-describedby=\"caption-attachment-2959\" decoding=\"async\" loading=\"lazy\" class=\"size-full wp-image-2959\" title=\"Ines Papert, Eiskletterweltmeisterin und Naturpark-Botschafterin im Naturpark D\u00fcbener Heide - Copyright: Naturpark D\u00fcbener Heide\" alt=\"Ines Papert, Eiskletterweltmeisterin und Naturpark-Botschafterin im Naturpark D\u00fcbener Heide - Copyright: Naturpark D\u00fcbener Heide\" src=\"https:\/\/www.naturparkmagazin.de\/vdn\/wp-content\/uploads\/sites\/3\/ines-papert_Beitrag.jpg\" width=\"300\" height=\"500\" srcset=\"https:\/\/www.naturparkmagazin.de\/vdn\/wp-content\/uploads\/sites\/3\/ines-papert_Beitrag.jpg 300w, https:\/\/www.naturparkmagazin.de\/vdn\/wp-content\/uploads\/sites\/3\/ines-papert_Beitrag-200x333.jpg 200w\" sizes=\"(max-width: 300px) 100vw, 300px\" \/><\/a><p id=\"caption-attachment-2959\" class=\"wp-caption-text\">Ines Papert, Eiskletterweltmeisterin und Naturpark-Botschafterin im Naturpark D\u00fcbener Heide &#8211; Copyright: Naturpark D\u00fcbener Heide<\/p><\/div>\n<p>Ines Papert, aufgewachsen in der nords\u00e4chsischen Kleinstadt Bad D\u00fcben, z\u00e4hlt zu den besten Kletterinnen der Welt, besonders im Eis. 2001 gewann sie das erste Mal den Gesamtweltcup im Eisklettern. Warum sie Naturpark-Botschafterin im Naturpark D\u00fcbener Heide ist, verr\u00e4t sie Ihnen gerne.<\/p>\n<p>\u201eMeine gro\u00dfe Naturverbundenheit habe ich meiner alten Heimat, der D\u00fcbener Heide zu verdanken. Schon als Kinder sind wir durch die W\u00e4lder gestreift und auf B\u00e4ume geklettert. Das war ein solider Grundstein f\u00fcr meine jetzige Leidenschaft, das Besteigen hoher W\u00e4nde und schwieriger Gipfel.<\/p>\n<p>Mein Lieblingsort in der D\u00fcbener Heide ist der Gesundbrunnen. Dort bin ich als Kind mit meinen Freunden oft hingeradelt. Der Gesundbrunnen befindet sich in der N\u00e4he meines Elternhauses in der Hammerm\u00fchle. Auch jetzt besuche ich ihn noch, wenn ich gelegentlich in der alten Heimat bin, pfl\u00fccke einen Korb Heidelbeeren auf dem Weg dorthin und nehme ich ein Schluck des gesunden Wassers. Die Ruhe dort ist einmalig!\u201c<\/p>\n<p>Weitere Informationen zu Ines Papert finden Sie hier<\/p>\n<p><a href=\"http:\/\/ines-papert.de\/de\/home\">http:\/\/ines-papert.de\/de\/home<\/a><\/p>\n<p style=\"text-align: center\">\n","protected":false},"excerpt":{"rendered":"<p>Ines Papert, aufgewachsen in der nords\u00e4chsischen Kleinstadt Bad D\u00fcben, z\u00e4hlt zu den besten Kletterinnen der Welt, besonders im Eis. 2001 gewann sie das erste Mal den Gesamtweltcup im Eisklettern. Warum sie Naturpark-Botschafterin im Naturpark D\u00fcbener Heide ist, verr\u00e4t sie Ihnen gerne.<\/p>\n","protected":false},"author":14,"featured_media":2958,"comment_status":"open","ping_status":"open","sticky":false,"template":"","format":"standard","meta":{"_links_to":"","_links_to_target":""},"categories":[8],"tags":[],"yoast_head":"<!-- This site is optimized with the Yoast SEO plugin v19.10 - https:\/\/yoast.com\/wordpress\/plugins\/seo\/ -->\n<title>Naturpark Botschafterin Ines Papert<\/title>\n<meta name=\"description\" content=\"Ines Papert, aufgewachsen in der nords\u00e4chsischen Kleinstadt Bad D\u00fcben, z\u00e4hlt zu den besten Kletterinnen der Welt, besonders im Eis. 2001 gewann sie das erste Mal den Gesamtweltcup im Eisklettern. Warum sie Naturpark-Botschafterin im Naturpark D\u00fcbener Heide ist, verr\u00e4t sie Ihnen gerne.\" \/>\n<meta name=\"robots\" content=\"index, follow, max-snippet:-1, max-image-preview:large, max-video-preview:-1\" \/>\n<link rel=\"canonical\" href=\"https:\/\/www.naturparkmagazin.de\/vdn\/naturpark-botschafterin-ines-pepert\/\" \/>\n<meta property=\"og:locale\" content=\"de_DE\" \/>\n<meta property=\"og:type\" content=\"article\" \/>\n<meta property=\"og:title\" content=\"Naturpark Botschafterin Ines Papert\" \/>\n<meta property=\"og:description\" content=\"Ines Papert, aufgewachsen in der nords\u00e4chsischen Kleinstadt Bad D\u00fcben, z\u00e4hlt zu den besten Kletterinnen der Welt, besonders im Eis. 2001 gewann sie das erste Mal den Gesamtweltcup im Eisklettern. Warum sie Naturpark-Botschafterin im Naturpark D\u00fcbener Heide ist, verr\u00e4t sie Ihnen gerne.\" \/>\n<meta property=\"og:url\" content=\"https:\/\/www.naturparkmagazin.de\/vdn\/naturpark-botschafterin-ines-pepert\/\" \/>\n<meta property=\"og:site_name\" content=\"Verband Deutscher Naturparke\" \/>\n<meta property=\"article:published_time\" content=\"2014-01-21T12:41:06+00:00\" \/>\n<meta property=\"article:modified_time\" content=\"2014-02-14T15:37:18+00:00\" \/>\n<meta property=\"og:image\" content=\"https:\/\/www.naturparkmagazin.de\/vdn\/wp-content\/uploads\/sites\/3\/ines-papert_Beitragsbild.jpg\" \/>\n\t<meta property=\"og:image:width\" content=\"135\" \/>\n\t<meta property=\"og:image:height\" content=\"180\" \/>\n\t<meta property=\"og:image:type\" content=\"image\/jpeg\" \/>\n<meta name=\"author\" content=\"vdnnational\" \/>\n<meta name=\"twitter:label1\" content=\"Verfasst von\" \/>\n\t<meta name=\"twitter:data1\" content=\"vdnnational\" \/>\n\t<meta name=\"twitter:label2\" content=\"Gesch\u00e4tzte Lesezeit\" \/>\n\t<meta name=\"twitter:data2\" content=\"1\u00a0Minute\" \/>\n<script type=\"application\/ld+json\" class=\"yoast-schema-graph\">{\"@context\":\"https:\/\/schema.org\",\"@graph\":[{\"@type\":\"WebPage\",\"@id\":\"https:\/\/www.naturparkmagazin.de\/vdn\/naturpark-botschafterin-ines-pepert\/\",\"url\":\"https:\/\/www.naturparkmagazin.de\/vdn\/naturpark-botschafterin-ines-pepert\/\",\"name\":\"Naturpark Botschafterin Ines Papert\",\"isPartOf\":{\"@id\":\"https:\/\/www.naturparkmagazin.de\/vdn\/#website\"},\"datePublished\":\"2014-01-21T12:41:06+00:00\",\"dateModified\":\"2014-02-14T15:37:18+00:00\",\"author\":{\"@id\":\"https:\/\/www.naturparkmagazin.de\/vdn\/#\/schema\/person\/e28d931df83318a48d52ae72b08d2bfb\"},\"description\":\"Ines Papert, aufgewachsen in der nords\u00e4chsischen Kleinstadt Bad D\u00fcben, z\u00e4hlt zu den besten Kletterinnen der Welt, besonders im Eis. 2001 gewann sie das erste Mal den Gesamtweltcup im Eisklettern. Warum sie Naturpark-Botschafterin im Naturpark D\u00fcbener Heide ist, verr\u00e4t sie Ihnen gerne.\",\"breadcrumb\":{\"@id\":\"https:\/\/www.naturparkmagazin.de\/vdn\/naturpark-botschafterin-ines-pepert\/#breadcrumb\"},\"inLanguage\":\"de\",\"potentialAction\":[{\"@type\":\"ReadAction\",\"target\":[\"https:\/\/www.naturparkmagazin.de\/vdn\/naturpark-botschafterin-ines-pepert\/\"]}]},{\"@type\":\"BreadcrumbList\",\"@id\":\"https:\/\/www.naturparkmagazin.de\/vdn\/naturpark-botschafterin-ines-pepert\/#breadcrumb\",\"itemListElement\":[{\"@type\":\"ListItem\",\"position\":1,\"name\":\"Home\",\"item\":\"https:\/\/www.naturparkmagazin.de\/vdn\/\"},{\"@type\":\"ListItem\",\"position\":2,\"name\":\"Naturpark Botschafterin Ines Papert\"}]},{\"@type\":\"WebSite\",\"@id\":\"https:\/\/www.naturparkmagazin.de\/vdn\/#website\",\"url\":\"https:\/\/www.naturparkmagazin.de\/vdn\/\",\"name\":\"Verband Deutscher Naturparke\",\"description\":\"Eine weitere Naturparkmagazin.de Netzwerk Seite\",\"potentialAction\":[{\"@type\":\"SearchAction\",\"target\":{\"@type\":\"EntryPoint\",\"urlTemplate\":\"https:\/\/www.naturparkmagazin.de\/vdn\/?s={search_term_string}\"},\"query-input\":\"required name=search_term_string\"}],\"inLanguage\":\"de\"},{\"@type\":\"Person\",\"@id\":\"https:\/\/www.naturparkmagazin.de\/vdn\/#\/schema\/person\/e28d931df83318a48d52ae72b08d2bfb\",\"name\":\"vdnnational\",\"url\":\"https:\/\/www.naturparkmagazin.de\/vdn\/author\/vdnnational\/\"}]}<\/script>\n<!-- \/ Yoast SEO plugin. -->","yoast_head_json":{"title":"Naturpark Botschafterin Ines Papert","description":"Ines Papert, aufgewachsen in der nords\u00e4chsischen Kleinstadt Bad D\u00fcben, z\u00e4hlt zu den besten Kletterinnen der Welt, besonders im Eis. 2001 gewann sie das erste Mal den Gesamtweltcup im Eisklettern. Warum sie Naturpark-Botschafterin im Naturpark D\u00fcbener Heide ist, verr\u00e4t sie Ihnen gerne.","robots":{"index":"index","follow":"follow","max-snippet":"max-snippet:-1","max-image-preview":"max-image-preview:large","max-video-preview":"max-video-preview:-1"},"canonical":"https:\/\/www.naturparkmagazin.de\/vdn\/naturpark-botschafterin-ines-pepert\/","og_locale":"de_DE","og_type":"article","og_title":"Naturpark Botschafterin Ines Papert","og_description":"Ines Papert, aufgewachsen in der nords\u00e4chsischen Kleinstadt Bad D\u00fcben, z\u00e4hlt zu den besten Kletterinnen der Welt, besonders im Eis. 2001 gewann sie das erste Mal den Gesamtweltcup im Eisklettern. Warum sie Naturpark-Botschafterin im Naturpark D\u00fcbener Heide ist, verr\u00e4t sie Ihnen gerne.","og_url":"https:\/\/www.naturparkmagazin.de\/vdn\/naturpark-botschafterin-ines-pepert\/","og_site_name":"Verband Deutscher Naturparke","article_published_time":"2014-01-21T12:41:06+00:00","article_modified_time":"2014-02-14T15:37:18+00:00","og_image":[{"width":135,"height":180,"url":"https:\/\/www.naturparkmagazin.de\/vdn\/wp-content\/uploads\/sites\/3\/ines-papert_Beitragsbild.jpg","type":"image\/jpeg"}],"author":"vdnnational","twitter_misc":{"Verfasst von":"vdnnational","Gesch\u00e4tzte Lesezeit":"1\u00a0Minute"},"schema":{"@context":"https:\/\/schema.org","@graph":[{"@type":"WebPage","@id":"https:\/\/www.naturparkmagazin.de\/vdn\/naturpark-botschafterin-ines-pepert\/","url":"https:\/\/www.naturparkmagazin.de\/vdn\/naturpark-botschafterin-ines-pepert\/","name":"Naturpark Botschafterin Ines Papert","isPartOf":{"@id":"https:\/\/www.naturparkmagazin.de\/vdn\/#website"},"datePublished":"2014-01-21T12:41:06+00:00","dateModified":"2014-02-14T15:37:18+00:00","author":{"@id":"https:\/\/www.naturparkmagazin.de\/vdn\/#\/schema\/person\/e28d931df83318a48d52ae72b08d2bfb"},"description":"Ines Papert, aufgewachsen in der nords\u00e4chsischen Kleinstadt Bad D\u00fcben, z\u00e4hlt zu den besten Kletterinnen der Welt, besonders im Eis. 2001 gewann sie das erste Mal den Gesamtweltcup im Eisklettern. Warum sie Naturpark-Botschafterin im Naturpark D\u00fcbener Heide ist, verr\u00e4t sie Ihnen gerne.","breadcrumb":{"@id":"https:\/\/www.naturparkmagazin.de\/vdn\/naturpark-botschafterin-ines-pepert\/#breadcrumb"},"inLanguage":"de","potentialAction":[{"@type":"ReadAction","target":["https:\/\/www.naturparkmagazin.de\/vdn\/naturpark-botschafterin-ines-pepert\/"]}]},{"@type":"BreadcrumbList","@id":"https:\/\/www.naturparkmagazin.de\/vdn\/naturpark-botschafterin-ines-pepert\/#breadcrumb","itemListElement":[{"@type":"ListItem","position":1,"name":"Home","item":"https:\/\/www.naturparkmagazin.de\/vdn\/"},{"@type":"ListItem","position":2,"name":"Naturpark Botschafterin Ines Papert"}]},{"@type":"WebSite","@id":"https:\/\/www.naturparkmagazin.de\/vdn\/#website","url":"https:\/\/www.naturparkmagazin.de\/vdn\/","name":"Verband Deutscher Naturparke","description":"Eine weitere Naturparkmagazin.de Netzwerk Seite","potentialAction":[{"@type":"SearchAction","target":{"@type":"EntryPoint","urlTemplate":"https:\/\/www.naturparkmagazin.de\/vdn\/?s={search_term_string}"},"query-input":"required name=search_term_string"}],"inLanguage":"de"},{"@type":"Person","@id":"https:\/\/www.naturparkmagazin.de\/vdn\/#\/schema\/person\/e28d931df83318a48d52ae72b08d2bfb","name":"vdnnational","url":"https:\/\/www.naturparkmagazin.de\/vdn\/author\/vdnnational\/"}]}},"_links":{"self":[{"href":"https:\/\/www.naturparkmagazin.de\/vdn\/wp-json\/wp\/v2\/posts\/2957"}],"collection":[{"href":"https:\/\/www.naturparkmagazin.de\/vdn\/wp-json\/wp\/v2\/posts"}],"about":[{"href":"https:\/\/www.naturparkmagazin.de\/vdn\/wp-json\/wp\/v2\/types\/post"}],"author":[{"embeddable":true,"href":"https:\/\/www.naturparkmagazin.de\/vdn\/wp-json\/wp\/v2\/users\/14"}],"replies":[{"embeddable":true,"href":"https:\/\/www.naturparkmagazin.de\/vdn\/wp-json\/wp\/v2\/comments?post=2957"}],"version-history":[{"count":4,"href":"https:\/\/www.naturparkmagazin.de\/vdn\/wp-json\/wp\/v2\/posts\/2957\/revisions"}],"predecessor-version":[{"id":3171,"href":"https:\/\/www.naturparkmagazin.de\/vdn\/wp-json\/wp\/v2\/posts\/2957\/revisions\/3171"}],"wp:featuredmedia":[{"embeddable":true,"href":"https:\/\/www.naturparkmagazin.de\/vdn\/wp-json\/wp\/v2\/media\/2958"}],"wp:attachment":[{"href":"https:\/\/www.naturparkmagazin.de\/vdn\/wp-json\/wp\/v2\/media?parent=2957"}],"wp:term":[{"taxonomy":"category","embeddable":true,"href":"https:\/\/www.naturparkmagazin.de\/vdn\/wp-json\/wp\/v2\/categories?post=2957"},{"taxonomy":"post_tag","embeddable":true,"href":"https:\/\/www.naturparkmagazin.de\/vdn\/wp-json\/wp\/v2\/tags?post=2957"}],"curies":[{"name":"wp","href":"https:\/\/api.w.org\/{rel}","templated":true}]}}