{"id":2973,"date":"2014-01-21T14:33:22","date_gmt":"2014-01-21T12:33:22","guid":{"rendered":"http:\/\/www.naturparkmagazin.de\/vdn\/?p=2973"},"modified":"2014-02-14T17:37:58","modified_gmt":"2014-02-14T15:37:58","slug":"baeume-bestimmen-im-winter","status":"publish","type":"post","link":"https:\/\/www.naturparkmagazin.de\/vdn\/baeume-bestimmen-im-winter\/","title":{"rendered":"B\u00e4ume bestimmen im Winter"},"content":{"rendered":"<div id=\"attachment_2975\" style=\"width: 510px\" class=\"wp-caption aligncenter\"><a href=\"https:\/\/www.naturparkmagazin.de\/vdn\/wp-content\/uploads\/sites\/3\/ahornknospen_portal_passig_gemacht_filtered_beitrag.jpg\"><img aria-describedby=\"caption-attachment-2975\" decoding=\"async\" loading=\"lazy\" class=\"size-full wp-image-2975\" title=\"Ahornknospen - Copyright: VDN\/ Ulrike Sobick\" alt=\"Ahornknospen - Copyright: VDN\/ Ulrike Sobick\" src=\"https:\/\/www.naturparkmagazin.de\/vdn\/wp-content\/uploads\/sites\/3\/ahornknospen_portal_passig_gemacht_filtered_beitrag.jpg\" width=\"500\" height=\"300\" srcset=\"https:\/\/www.naturparkmagazin.de\/vdn\/wp-content\/uploads\/sites\/3\/ahornknospen_portal_passig_gemacht_filtered_beitrag.jpg 500w, https:\/\/www.naturparkmagazin.de\/vdn\/wp-content\/uploads\/sites\/3\/ahornknospen_portal_passig_gemacht_filtered_beitrag-300x180.jpg 300w, https:\/\/www.naturparkmagazin.de\/vdn\/wp-content\/uploads\/sites\/3\/ahornknospen_portal_passig_gemacht_filtered_beitrag-200x120.jpg 200w\" sizes=\"(max-width: 500px) 100vw, 500px\" \/><\/a><p id=\"caption-attachment-2975\" class=\"wp-caption-text\">Ahornknospen &#8211; Copyright: VDN\/ Ulrike Sobick<\/p><\/div>\n<p>Still ruht der Baum?<\/p>\n<p>Schnee und Eis bedecken die Landschaft, Laubb\u00e4ume und Str\u00e4ucher sehen aus wie abgestorben und nirgendwo ist ein Lebenszeichen zu entdecken.<\/p>\n<p>Doch der erste Eindruck t\u00e4uscht, das neue Leben schlummert nur und wartet auf den Fr\u00fchlingsstartschuss. Wer jetzt genau hinschaut, kann schon die ersten Anzeichen entdecken.<\/p>\n<p>Laubb\u00e4ume und Str\u00e4ucher haben n\u00e4mlich schon im Herbst f\u00fcr den n\u00e4chsten Fr\u00fchling vorgesorgt. An ihren Zweigen sitzen bereits jetzt die Knospen, aus denen sp\u00e4ter Bl\u00e4tter und Bl\u00fcten austreiben. Gut verpackt warten sie auf w\u00e4rmere Tage.<\/p>\n<p>Die \u00e4u\u00dfere Schicht einer Knospe bildet eine Art Schutzschild &#8211; manchmal behaart, manchmal nackt, oft hart und von klebrigem Harz umgeben, dass die empfindlichen kleinen Bl\u00e4tter und Bl\u00fcten im Inneren vor dem Frost sch\u00fctzt. Tats\u00e4chlich sind in den kleinen Knospen Bl\u00e4tter und Bl\u00fcten schon angelegt. Nur sind sie jetzt noch winzig klein und ganz unter den harten Au\u00dfenbl\u00e4ttern der Knospe versteckt. So \u00fcberstehen sie auch k\u00e4lteste Temperaturen.<\/p>\n<p>Wenn Du Dir jetzt die B\u00e4ume und Str\u00e4ucher mal genauer ansiehst, kannst Du erkennen wie unterschiedlich die Knospen aussehen. Farbe, Gr\u00f6\u00dfe, Struktur und Anordnung am Zweig sind von Art zu Art unterschiedlich. Manche B\u00e4ume lassen sich sogar leichter an ihren Knospen erkennen als an ihren Bl\u00e4ttern.<\/p>\n<p>Wenn Du genau wissen willst, was sich in der Knospe versteckt, musst Du sie dir genauer ansehen: In den kleinen Knospen sind meist nur Bl\u00e4tter vorhanden, die dickeren Knospen enthalten h\u00e4ufig die Anlagen f\u00fcr Bl\u00fcten. Und dann gibt\u00b4s da noch ganz dicke Knospen &#8211; wie z.B. die des Apfelbaums, darin befinden sich sowohl Anlagen f\u00fcr Bl\u00e4tter als auch f\u00fcr Apfelbl\u00fcten.<\/p>\n<p>Schau doch einfach mal wie viele verschiedene Knospenarten Du in eurem Garten oder bei eurem n\u00e4chsten Spaziergang so findest.<\/p>\n<p>&nbsp;<\/p>\n","protected":false},"excerpt":{"rendered":"<p>Still ruht der Baum? Der erste Eindruck t\u00e4uscht, das neue Leben schlummert nur und wartet auf den Fr\u00fchlingsstartschuss. Schauen Sie einmal genau hin!<\/p>\n","protected":false},"author":14,"featured_media":2974,"comment_status":"open","ping_status":"open","sticky":false,"template":"","format":"standard","meta":{"_links_to":"","_links_to_target":""},"categories":[617],"tags":[],"yoast_head":"<!-- This site is optimized with the Yoast SEO plugin v19.10 - https:\/\/yoast.com\/wordpress\/plugins\/seo\/ -->\n<title>B\u00e4ume bestimmen im Winter<\/title>\n<meta name=\"description\" content=\"Still ruht der Baum? Der erste Eindruck t\u00e4uscht, das neue Leben schlummert nur und wartet auf den Fr\u00fchlingsstartschuss. Schauen Sie einmal genau hin!\" \/>\n<meta name=\"robots\" content=\"index, follow, max-snippet:-1, max-image-preview:large, max-video-preview:-1\" \/>\n<link rel=\"canonical\" href=\"https:\/\/www.naturparkmagazin.de\/vdn\/baeume-bestimmen-im-winter\/\" \/>\n<meta property=\"og:locale\" content=\"de_DE\" \/>\n<meta property=\"og:type\" content=\"article\" \/>\n<meta property=\"og:title\" content=\"B\u00e4ume bestimmen im Winter\" \/>\n<meta property=\"og:description\" content=\"Still ruht der Baum? Der erste Eindruck t\u00e4uscht, das neue Leben schlummert nur und wartet auf den Fr\u00fchlingsstartschuss. Schauen Sie einmal genau hin!\" \/>\n<meta property=\"og:url\" content=\"https:\/\/www.naturparkmagazin.de\/vdn\/baeume-bestimmen-im-winter\/\" \/>\n<meta property=\"og:site_name\" content=\"Verband Deutscher Naturparke\" \/>\n<meta property=\"article:published_time\" content=\"2014-01-21T12:33:22+00:00\" \/>\n<meta property=\"article:modified_time\" content=\"2014-02-14T15:37:58+00:00\" \/>\n<meta property=\"og:image\" content=\"https:\/\/www.naturparkmagazin.de\/vdn\/wp-content\/uploads\/sites\/3\/ahornknospen_portal_passig_gemacht_filtered_beitragsbild.jpg\" \/>\n\t<meta property=\"og:image:width\" content=\"180\" \/>\n\t<meta property=\"og:image:height\" content=\"135\" \/>\n\t<meta property=\"og:image:type\" content=\"image\/jpeg\" \/>\n<meta name=\"author\" content=\"vdnnational\" \/>\n<meta name=\"twitter:label1\" content=\"Verfasst von\" \/>\n\t<meta name=\"twitter:data1\" content=\"vdnnational\" \/>\n\t<meta name=\"twitter:label2\" content=\"Gesch\u00e4tzte Lesezeit\" \/>\n\t<meta name=\"twitter:data2\" content=\"2\u00a0Minuten\" \/>\n<script type=\"application\/ld+json\" class=\"yoast-schema-graph\">{\"@context\":\"https:\/\/schema.org\",\"@graph\":[{\"@type\":\"WebPage\",\"@id\":\"https:\/\/www.naturparkmagazin.de\/vdn\/baeume-bestimmen-im-winter\/\",\"url\":\"https:\/\/www.naturparkmagazin.de\/vdn\/baeume-bestimmen-im-winter\/\",\"name\":\"B\u00e4ume bestimmen im Winter\",\"isPartOf\":{\"@id\":\"https:\/\/www.naturparkmagazin.de\/vdn\/#website\"},\"datePublished\":\"2014-01-21T12:33:22+00:00\",\"dateModified\":\"2014-02-14T15:37:58+00:00\",\"author\":{\"@id\":\"https:\/\/www.naturparkmagazin.de\/vdn\/#\/schema\/person\/e28d931df83318a48d52ae72b08d2bfb\"},\"description\":\"Still ruht der Baum? Der erste Eindruck t\u00e4uscht, das neue Leben schlummert nur und wartet auf den Fr\u00fchlingsstartschuss. Schauen Sie einmal genau hin!\",\"breadcrumb\":{\"@id\":\"https:\/\/www.naturparkmagazin.de\/vdn\/baeume-bestimmen-im-winter\/#breadcrumb\"},\"inLanguage\":\"de\",\"potentialAction\":[{\"@type\":\"ReadAction\",\"target\":[\"https:\/\/www.naturparkmagazin.de\/vdn\/baeume-bestimmen-im-winter\/\"]}]},{\"@type\":\"BreadcrumbList\",\"@id\":\"https:\/\/www.naturparkmagazin.de\/vdn\/baeume-bestimmen-im-winter\/#breadcrumb\",\"itemListElement\":[{\"@type\":\"ListItem\",\"position\":1,\"name\":\"Home\",\"item\":\"https:\/\/www.naturparkmagazin.de\/vdn\/\"},{\"@type\":\"ListItem\",\"position\":2,\"name\":\"B\u00e4ume bestimmen im Winter\"}]},{\"@type\":\"WebSite\",\"@id\":\"https:\/\/www.naturparkmagazin.de\/vdn\/#website\",\"url\":\"https:\/\/www.naturparkmagazin.de\/vdn\/\",\"name\":\"Verband Deutscher Naturparke\",\"description\":\"Eine weitere Naturparkmagazin.de Netzwerk Seite\",\"potentialAction\":[{\"@type\":\"SearchAction\",\"target\":{\"@type\":\"EntryPoint\",\"urlTemplate\":\"https:\/\/www.naturparkmagazin.de\/vdn\/?s={search_term_string}\"},\"query-input\":\"required name=search_term_string\"}],\"inLanguage\":\"de\"},{\"@type\":\"Person\",\"@id\":\"https:\/\/www.naturparkmagazin.de\/vdn\/#\/schema\/person\/e28d931df83318a48d52ae72b08d2bfb\",\"name\":\"vdnnational\",\"url\":\"https:\/\/www.naturparkmagazin.de\/vdn\/author\/vdnnational\/\"}]}<\/script>\n<!-- \/ Yoast SEO plugin. -->","yoast_head_json":{"title":"B\u00e4ume bestimmen im Winter","description":"Still ruht der Baum? Der erste Eindruck t\u00e4uscht, das neue Leben schlummert nur und wartet auf den Fr\u00fchlingsstartschuss. Schauen Sie einmal genau hin!","robots":{"index":"index","follow":"follow","max-snippet":"max-snippet:-1","max-image-preview":"max-image-preview:large","max-video-preview":"max-video-preview:-1"},"canonical":"https:\/\/www.naturparkmagazin.de\/vdn\/baeume-bestimmen-im-winter\/","og_locale":"de_DE","og_type":"article","og_title":"B\u00e4ume bestimmen im Winter","og_description":"Still ruht der Baum? Der erste Eindruck t\u00e4uscht, das neue Leben schlummert nur und wartet auf den Fr\u00fchlingsstartschuss. Schauen Sie einmal genau hin!","og_url":"https:\/\/www.naturparkmagazin.de\/vdn\/baeume-bestimmen-im-winter\/","og_site_name":"Verband Deutscher Naturparke","article_published_time":"2014-01-21T12:33:22+00:00","article_modified_time":"2014-02-14T15:37:58+00:00","og_image":[{"width":180,"height":135,"url":"https:\/\/www.naturparkmagazin.de\/vdn\/wp-content\/uploads\/sites\/3\/ahornknospen_portal_passig_gemacht_filtered_beitragsbild.jpg","type":"image\/jpeg"}],"author":"vdnnational","twitter_misc":{"Verfasst von":"vdnnational","Gesch\u00e4tzte Lesezeit":"2\u00a0Minuten"},"schema":{"@context":"https:\/\/schema.org","@graph":[{"@type":"WebPage","@id":"https:\/\/www.naturparkmagazin.de\/vdn\/baeume-bestimmen-im-winter\/","url":"https:\/\/www.naturparkmagazin.de\/vdn\/baeume-bestimmen-im-winter\/","name":"B\u00e4ume bestimmen im Winter","isPartOf":{"@id":"https:\/\/www.naturparkmagazin.de\/vdn\/#website"},"datePublished":"2014-01-21T12:33:22+00:00","dateModified":"2014-02-14T15:37:58+00:00","author":{"@id":"https:\/\/www.naturparkmagazin.de\/vdn\/#\/schema\/person\/e28d931df83318a48d52ae72b08d2bfb"},"description":"Still ruht der Baum? Der erste Eindruck t\u00e4uscht, das neue Leben schlummert nur und wartet auf den Fr\u00fchlingsstartschuss. Schauen Sie einmal genau hin!","breadcrumb":{"@id":"https:\/\/www.naturparkmagazin.de\/vdn\/baeume-bestimmen-im-winter\/#breadcrumb"},"inLanguage":"de","potentialAction":[{"@type":"ReadAction","target":["https:\/\/www.naturparkmagazin.de\/vdn\/baeume-bestimmen-im-winter\/"]}]},{"@type":"BreadcrumbList","@id":"https:\/\/www.naturparkmagazin.de\/vdn\/baeume-bestimmen-im-winter\/#breadcrumb","itemListElement":[{"@type":"ListItem","position":1,"name":"Home","item":"https:\/\/www.naturparkmagazin.de\/vdn\/"},{"@type":"ListItem","position":2,"name":"B\u00e4ume bestimmen im Winter"}]},{"@type":"WebSite","@id":"https:\/\/www.naturparkmagazin.de\/vdn\/#website","url":"https:\/\/www.naturparkmagazin.de\/vdn\/","name":"Verband Deutscher Naturparke","description":"Eine weitere Naturparkmagazin.de Netzwerk Seite","potentialAction":[{"@type":"SearchAction","target":{"@type":"EntryPoint","urlTemplate":"https:\/\/www.naturparkmagazin.de\/vdn\/?s={search_term_string}"},"query-input":"required name=search_term_string"}],"inLanguage":"de"},{"@type":"Person","@id":"https:\/\/www.naturparkmagazin.de\/vdn\/#\/schema\/person\/e28d931df83318a48d52ae72b08d2bfb","name":"vdnnational","url":"https:\/\/www.naturparkmagazin.de\/vdn\/author\/vdnnational\/"}]}},"_links":{"self":[{"href":"https:\/\/www.naturparkmagazin.de\/vdn\/wp-json\/wp\/v2\/posts\/2973"}],"collection":[{"href":"https:\/\/www.naturparkmagazin.de\/vdn\/wp-json\/wp\/v2\/posts"}],"about":[{"href":"https:\/\/www.naturparkmagazin.de\/vdn\/wp-json\/wp\/v2\/types\/post"}],"author":[{"embeddable":true,"href":"https:\/\/www.naturparkmagazin.de\/vdn\/wp-json\/wp\/v2\/users\/14"}],"replies":[{"embeddable":true,"href":"https:\/\/www.naturparkmagazin.de\/vdn\/wp-json\/wp\/v2\/comments?post=2973"}],"version-history":[{"count":2,"href":"https:\/\/www.naturparkmagazin.de\/vdn\/wp-json\/wp\/v2\/posts\/2973\/revisions"}],"predecessor-version":[{"id":3022,"href":"https:\/\/www.naturparkmagazin.de\/vdn\/wp-json\/wp\/v2\/posts\/2973\/revisions\/3022"}],"wp:featuredmedia":[{"embeddable":true,"href":"https:\/\/www.naturparkmagazin.de\/vdn\/wp-json\/wp\/v2\/media\/2974"}],"wp:attachment":[{"href":"https:\/\/www.naturparkmagazin.de\/vdn\/wp-json\/wp\/v2\/media?parent=2973"}],"wp:term":[{"taxonomy":"category","embeddable":true,"href":"https:\/\/www.naturparkmagazin.de\/vdn\/wp-json\/wp\/v2\/categories?post=2973"},{"taxonomy":"post_tag","embeddable":true,"href":"https:\/\/www.naturparkmagazin.de\/vdn\/wp-json\/wp\/v2\/tags?post=2973"}],"curies":[{"name":"wp","href":"https:\/\/api.w.org\/{rel}","templated":true}]}}