{"id":3142,"date":"2014-02-19T13:00:51","date_gmt":"2014-02-19T11:00:51","guid":{"rendered":"http:\/\/www.naturparkmagazin.de\/vdn\/?p=3142"},"modified":"2014-02-20T10:54:25","modified_gmt":"2014-02-20T09:54:25","slug":"liebe-leserin-lieber-leser-7","status":"publish","type":"post","link":"https:\/\/www.naturparkmagazin.de\/vdn\/liebe-leserin-lieber-leser-7\/","title":{"rendered":"Liebe Leserin, lieber Leser!"},"content":{"rendered":"<p>Kennen Sie das alte Volkslied &#8222;Im M\u00e4rzen der Bauer \u2026&#8220;? Es stammt bereits\u00a0 aus dem 19. Jahrhundert und ruft Erinnerungen wach an die Zeit, als Landwirte ihre Felder noch ohne Unterst\u00fctzung durch Maschinen bestellen mussten. Damals war es f\u00fcr die Menschen in den meisten F\u00e4llen eindeutig, woher ihre Nahrungsmittel kommen. Im Zuge der Industrialisierung und Globalisierung hat sich die Beziehung der Menschen zur Herkunft ihrer Lebensmittel und auch zur Landwirtschaft ver\u00e4ndert. Jetzt ist ein Umschwung festzustellen. Bereits seit einigen Jahren gibt es den Trend, dass die Menschen wieder mehr Interesse an ihrer direkten Umgebung, an ihrer Heimat haben. Er hat jetzt auch die Lebensmittelbranche erreicht. Das Interesse an Produkten aus der Region w\u00e4chst. Regionalit\u00e4t und regionale Produkte, daf\u00fcr stehen die Naturparke seit vielen Jahren. Naturparke liegen also voll im Trend! Lesen Sie mehr hier\u00fcber und zu weiteren Themen in der M\u00e4rz-Ausgabe unseres Newsletters.<\/p>\n<p>Viel Spa\u00df beim Lesen w\u00fcnscht Ihnen<\/p>\n<p>Ulrich K\u00f6ster\nGesch\u00e4ftsf\u00fchrer Verband Deutscher Naturparke<\/p>\n","protected":false},"excerpt":{"rendered":"<p>Kennen Sie das alte Volkslied &#8222;Im M\u00e4rzen der Bauer \u2026&#8220;? Es stammt bereits\u00a0 aus dem 19. Jahrhundert und ruft Erinnerungen wach an die Zeit, als Landwirte ihre Felder noch ohne Unterst\u00fctzung durch Maschinen bestellen mussten. Damals war es f\u00fcr die Menschen in den meisten F\u00e4llen eindeutig, woher ihre Nahrungsmittel kommen. Im Zuge der Industrialisierung und<\/p>\n","protected":false},"author":14,"featured_media":0,"comment_status":"open","ping_status":"open","sticky":false,"template":"","format":"standard","meta":{"_links_to":"","_links_to_target":""},"categories":[52],"tags":[],"yoast_head":"<!-- This site is optimized with the Yoast SEO plugin v19.10 - https:\/\/yoast.com\/wordpress\/plugins\/seo\/ -->\n<title>Liebe Leserin, lieber Leser!<\/title>\n<meta name=\"description\" content=\"Kennen Sie das alte Volkslied &quot;Im M\u00e4rzen der Bauer \u2026&quot;? Es stammt bereits\u00a0 aus dem 19. Jahrhundert und ruft Erinnerungen wach an die Zeit, als Landwirte\" \/>\n<meta name=\"robots\" content=\"index, follow, max-snippet:-1, max-image-preview:large, max-video-preview:-1\" \/>\n<link rel=\"canonical\" href=\"https:\/\/www.naturparkmagazin.de\/vdn\/liebe-leserin-lieber-leser-7\/\" \/>\n<meta property=\"og:locale\" content=\"de_DE\" \/>\n<meta property=\"og:type\" content=\"article\" \/>\n<meta property=\"og:title\" content=\"Liebe Leserin, lieber Leser!\" \/>\n<meta property=\"og:description\" content=\"Kennen Sie das alte Volkslied &quot;Im M\u00e4rzen der Bauer \u2026&quot;? Es stammt bereits\u00a0 aus dem 19. Jahrhundert und ruft Erinnerungen wach an die Zeit, als Landwirte\" \/>\n<meta property=\"og:url\" content=\"https:\/\/www.naturparkmagazin.de\/vdn\/liebe-leserin-lieber-leser-7\/\" \/>\n<meta property=\"og:site_name\" content=\"Verband Deutscher Naturparke\" \/>\n<meta property=\"article:published_time\" content=\"2014-02-19T11:00:51+00:00\" \/>\n<meta property=\"article:modified_time\" content=\"2014-02-20T09:54:25+00:00\" \/>\n<meta name=\"author\" content=\"vdnnational\" \/>\n<meta name=\"twitter:label1\" content=\"Verfasst von\" \/>\n\t<meta name=\"twitter:data1\" content=\"vdnnational\" \/>\n\t<meta name=\"twitter:label2\" content=\"Gesch\u00e4tzte Lesezeit\" \/>\n\t<meta name=\"twitter:data2\" content=\"1\u00a0Minute\" \/>\n<script type=\"application\/ld+json\" class=\"yoast-schema-graph\">{\"@context\":\"https:\/\/schema.org\",\"@graph\":[{\"@type\":\"WebPage\",\"@id\":\"https:\/\/www.naturparkmagazin.de\/vdn\/liebe-leserin-lieber-leser-7\/\",\"url\":\"https:\/\/www.naturparkmagazin.de\/vdn\/liebe-leserin-lieber-leser-7\/\",\"name\":\"Liebe Leserin, lieber Leser!\",\"isPartOf\":{\"@id\":\"https:\/\/www.naturparkmagazin.de\/vdn\/#website\"},\"datePublished\":\"2014-02-19T11:00:51+00:00\",\"dateModified\":\"2014-02-20T09:54:25+00:00\",\"author\":{\"@id\":\"https:\/\/www.naturparkmagazin.de\/vdn\/#\/schema\/person\/e28d931df83318a48d52ae72b08d2bfb\"},\"description\":\"Kennen Sie das alte Volkslied \\\"Im M\u00e4rzen der Bauer \u2026\\\"? Es stammt bereits\u00a0 aus dem 19. Jahrhundert und ruft Erinnerungen wach an die Zeit, als Landwirte\",\"breadcrumb\":{\"@id\":\"https:\/\/www.naturparkmagazin.de\/vdn\/liebe-leserin-lieber-leser-7\/#breadcrumb\"},\"inLanguage\":\"de\",\"potentialAction\":[{\"@type\":\"ReadAction\",\"target\":[\"https:\/\/www.naturparkmagazin.de\/vdn\/liebe-leserin-lieber-leser-7\/\"]}]},{\"@type\":\"BreadcrumbList\",\"@id\":\"https:\/\/www.naturparkmagazin.de\/vdn\/liebe-leserin-lieber-leser-7\/#breadcrumb\",\"itemListElement\":[{\"@type\":\"ListItem\",\"position\":1,\"name\":\"Home\",\"item\":\"https:\/\/www.naturparkmagazin.de\/vdn\/\"},{\"@type\":\"ListItem\",\"position\":2,\"name\":\"Liebe Leserin, lieber Leser!\"}]},{\"@type\":\"WebSite\",\"@id\":\"https:\/\/www.naturparkmagazin.de\/vdn\/#website\",\"url\":\"https:\/\/www.naturparkmagazin.de\/vdn\/\",\"name\":\"Verband Deutscher Naturparke\",\"description\":\"Eine weitere Naturparkmagazin.de Netzwerk Seite\",\"potentialAction\":[{\"@type\":\"SearchAction\",\"target\":{\"@type\":\"EntryPoint\",\"urlTemplate\":\"https:\/\/www.naturparkmagazin.de\/vdn\/?s={search_term_string}\"},\"query-input\":\"required name=search_term_string\"}],\"inLanguage\":\"de\"},{\"@type\":\"Person\",\"@id\":\"https:\/\/www.naturparkmagazin.de\/vdn\/#\/schema\/person\/e28d931df83318a48d52ae72b08d2bfb\",\"name\":\"vdnnational\",\"url\":\"https:\/\/www.naturparkmagazin.de\/vdn\/author\/vdnnational\/\"}]}<\/script>\n<!-- \/ Yoast SEO plugin. -->","yoast_head_json":{"title":"Liebe Leserin, lieber Leser!","description":"Kennen Sie das alte Volkslied \"Im M\u00e4rzen der Bauer \u2026\"? Es stammt bereits\u00a0 aus dem 19. Jahrhundert und ruft Erinnerungen wach an die Zeit, als Landwirte","robots":{"index":"index","follow":"follow","max-snippet":"max-snippet:-1","max-image-preview":"max-image-preview:large","max-video-preview":"max-video-preview:-1"},"canonical":"https:\/\/www.naturparkmagazin.de\/vdn\/liebe-leserin-lieber-leser-7\/","og_locale":"de_DE","og_type":"article","og_title":"Liebe Leserin, lieber Leser!","og_description":"Kennen Sie das alte Volkslied \"Im M\u00e4rzen der Bauer \u2026\"? Es stammt bereits\u00a0 aus dem 19. Jahrhundert und ruft Erinnerungen wach an die Zeit, als Landwirte","og_url":"https:\/\/www.naturparkmagazin.de\/vdn\/liebe-leserin-lieber-leser-7\/","og_site_name":"Verband Deutscher Naturparke","article_published_time":"2014-02-19T11:00:51+00:00","article_modified_time":"2014-02-20T09:54:25+00:00","author":"vdnnational","twitter_misc":{"Verfasst von":"vdnnational","Gesch\u00e4tzte Lesezeit":"1\u00a0Minute"},"schema":{"@context":"https:\/\/schema.org","@graph":[{"@type":"WebPage","@id":"https:\/\/www.naturparkmagazin.de\/vdn\/liebe-leserin-lieber-leser-7\/","url":"https:\/\/www.naturparkmagazin.de\/vdn\/liebe-leserin-lieber-leser-7\/","name":"Liebe Leserin, lieber Leser!","isPartOf":{"@id":"https:\/\/www.naturparkmagazin.de\/vdn\/#website"},"datePublished":"2014-02-19T11:00:51+00:00","dateModified":"2014-02-20T09:54:25+00:00","author":{"@id":"https:\/\/www.naturparkmagazin.de\/vdn\/#\/schema\/person\/e28d931df83318a48d52ae72b08d2bfb"},"description":"Kennen Sie das alte Volkslied \"Im M\u00e4rzen der Bauer \u2026\"? Es stammt bereits\u00a0 aus dem 19. Jahrhundert und ruft Erinnerungen wach an die Zeit, als Landwirte","breadcrumb":{"@id":"https:\/\/www.naturparkmagazin.de\/vdn\/liebe-leserin-lieber-leser-7\/#breadcrumb"},"inLanguage":"de","potentialAction":[{"@type":"ReadAction","target":["https:\/\/www.naturparkmagazin.de\/vdn\/liebe-leserin-lieber-leser-7\/"]}]},{"@type":"BreadcrumbList","@id":"https:\/\/www.naturparkmagazin.de\/vdn\/liebe-leserin-lieber-leser-7\/#breadcrumb","itemListElement":[{"@type":"ListItem","position":1,"name":"Home","item":"https:\/\/www.naturparkmagazin.de\/vdn\/"},{"@type":"ListItem","position":2,"name":"Liebe Leserin, lieber Leser!"}]},{"@type":"WebSite","@id":"https:\/\/www.naturparkmagazin.de\/vdn\/#website","url":"https:\/\/www.naturparkmagazin.de\/vdn\/","name":"Verband Deutscher Naturparke","description":"Eine weitere Naturparkmagazin.de Netzwerk Seite","potentialAction":[{"@type":"SearchAction","target":{"@type":"EntryPoint","urlTemplate":"https:\/\/www.naturparkmagazin.de\/vdn\/?s={search_term_string}"},"query-input":"required name=search_term_string"}],"inLanguage":"de"},{"@type":"Person","@id":"https:\/\/www.naturparkmagazin.de\/vdn\/#\/schema\/person\/e28d931df83318a48d52ae72b08d2bfb","name":"vdnnational","url":"https:\/\/www.naturparkmagazin.de\/vdn\/author\/vdnnational\/"}]}},"_links":{"self":[{"href":"https:\/\/www.naturparkmagazin.de\/vdn\/wp-json\/wp\/v2\/posts\/3142"}],"collection":[{"href":"https:\/\/www.naturparkmagazin.de\/vdn\/wp-json\/wp\/v2\/posts"}],"about":[{"href":"https:\/\/www.naturparkmagazin.de\/vdn\/wp-json\/wp\/v2\/types\/post"}],"author":[{"embeddable":true,"href":"https:\/\/www.naturparkmagazin.de\/vdn\/wp-json\/wp\/v2\/users\/14"}],"replies":[{"embeddable":true,"href":"https:\/\/www.naturparkmagazin.de\/vdn\/wp-json\/wp\/v2\/comments?post=3142"}],"version-history":[{"count":4,"href":"https:\/\/www.naturparkmagazin.de\/vdn\/wp-json\/wp\/v2\/posts\/3142\/revisions"}],"predecessor-version":[{"id":3289,"href":"https:\/\/www.naturparkmagazin.de\/vdn\/wp-json\/wp\/v2\/posts\/3142\/revisions\/3289"}],"wp:attachment":[{"href":"https:\/\/www.naturparkmagazin.de\/vdn\/wp-json\/wp\/v2\/media?parent=3142"}],"wp:term":[{"taxonomy":"category","embeddable":true,"href":"https:\/\/www.naturparkmagazin.de\/vdn\/wp-json\/wp\/v2\/categories?post=3142"},{"taxonomy":"post_tag","embeddable":true,"href":"https:\/\/www.naturparkmagazin.de\/vdn\/wp-json\/wp\/v2\/tags?post=3142"}],"curies":[{"name":"wp","href":"https:\/\/api.w.org\/{rel}","templated":true}]}}