{"id":3145,"date":"2014-02-19T13:00:56","date_gmt":"2014-02-19T11:00:56","guid":{"rendered":"http:\/\/www.naturparkmagazin.de\/vdn\/?p=3145"},"modified":"2014-02-20T11:45:55","modified_gmt":"2014-02-20T10:45:55","slug":"foto-des-monats-maerz-die-linien-der-feldraine-von-joerg-willems","status":"publish","type":"post","link":"https:\/\/www.naturparkmagazin.de\/vdn\/foto-des-monats-maerz-die-linien-der-feldraine-von-joerg-willems\/","title":{"rendered":"Foto des Monats M\u00e4rz &#8211; &#8222;Die Linien der Feldraine&#8220; von J\u00f6rg Willems"},"content":{"rendered":"<div id=\"attachment_3146\" style=\"width: 510px\" class=\"wp-caption aligncenter\"><a href=\"https:\/\/www.naturparkmagazin.de\/vdn\/wp-content\/uploads\/sites\/3\/img-1954rbbp_beitragsbild_500x300.jpg\"><img aria-describedby=\"caption-attachment-3146\" decoding=\"async\" loading=\"lazy\" class=\"size-full wp-image-3146\" title=\"&quot;Die Linien der Feldraine&quot;  - Copyright: VDN\/ J\u00f6rg Willems\" alt=\"&quot;Die Linien der Feldraine&quot;  - Copyright: VDN\/ J\u00f6rg Willems\" src=\"https:\/\/www.naturparkmagazin.de\/vdn\/wp-content\/uploads\/sites\/3\/img-1954rbbp_beitragsbild_500x300.jpg\" width=\"500\" height=\"300\" srcset=\"https:\/\/www.naturparkmagazin.de\/vdn\/wp-content\/uploads\/sites\/3\/img-1954rbbp_beitragsbild_500x300.jpg 500w, https:\/\/www.naturparkmagazin.de\/vdn\/wp-content\/uploads\/sites\/3\/img-1954rbbp_beitragsbild_500x300-300x180.jpg 300w, https:\/\/www.naturparkmagazin.de\/vdn\/wp-content\/uploads\/sites\/3\/img-1954rbbp_beitragsbild_500x300-200x120.jpg 200w\" sizes=\"(max-width: 500px) 100vw, 500px\" \/><\/a><p id=\"caption-attachment-3146\" class=\"wp-caption-text\">&#8222;Die Linien der Feldraine&#8220; &#8211; Copyright: VDN\/ J\u00f6rg Willems<\/p><\/div>\n<p>Passend zum Thema unseres Newsletters pr\u00e4sentieren wir Ihnen unser Bild des Monats M\u00e4rz, aufgenommen im Naturpark Habichtswald.<\/p>\n<p>\u201eIn dem Blick von einem H\u00fcgel auf aneinandergrenzende Ackerfl\u00e4chen, Baumreihen und Feldraine, auf Linien und geometrische Figuren, die von der Agrarkultur in die Landschaft eingeschrieben wurden, sehen wir das Thema des Monats, \u201eFeldraine im Naturpark\u201c, am direktesten umgesetzt\u201c schrieb die Jury des Fotowettbewerbs \u201eAugenblick Natur!\u201c im August 2013 und k\u00fcrte die Aufnahme von J\u00f6rg Willems zum Monatssieger. Der Fotowettbewerb wird unterst\u00fctzt von den Unternehmen Kaufland und Lidl.<\/p>\n<p>Viele weitere sch\u00f6ne Fotos aus den Naturparken finden Sie im <a title=\"Naturpark-Fotoportal\" href=\"http:\/\/www.naturparkfotos.de\/\">Naturparke-Fotoportal<\/a>.<\/p>\n","protected":false},"excerpt":{"rendered":"<p>&#8222;Feldraine im Naturpark&#8220; lautete das &#8222;Thema des Monats&#8220; im August 2013 im Fotowettbewerb &#8222;Augenblick Natur&#8220;. Thematisch passend zur M\u00e4rzausgabe unseres Newsletters pr\u00e4sentieren wir Ihnen das Bildmotiv des Monatssiegers, aufgenommen im Naturpark Habichtswald.<\/p>\n","protected":false},"author":14,"featured_media":3147,"comment_status":"open","ping_status":"open","sticky":false,"template":"","format":"standard","meta":{"_links_to":"","_links_to_target":""},"categories":[10],"tags":[],"yoast_head":"<!-- This site is optimized with the Yoast SEO plugin v19.10 - https:\/\/yoast.com\/wordpress\/plugins\/seo\/ -->\n<title>Foto des Monats M\u00e4rz - &quot;Die Linien der Feldraine&quot; von J\u00f6rg Willems<\/title>\n<meta name=\"description\" content=\"&quot;Feldraine im Naturpark&quot; lautete das &quot;Thema des Monats&quot; im August 2013 im Fotowettbewerb &quot;Augenblick Natur&quot;. Thematisch passend zur M\u00e4rzausgabe unseres Newsletters pr\u00e4sentieren wir Ihnen das Bildmotiv des Monatssiegers, aufgenommen im Naturpark Habichtswald.\" \/>\n<meta name=\"robots\" content=\"index, follow, max-snippet:-1, max-image-preview:large, max-video-preview:-1\" \/>\n<link rel=\"canonical\" href=\"https:\/\/www.naturparkmagazin.de\/vdn\/foto-des-monats-maerz-die-linien-der-feldraine-von-joerg-willems\/\" \/>\n<meta property=\"og:locale\" content=\"de_DE\" \/>\n<meta property=\"og:type\" content=\"article\" \/>\n<meta property=\"og:title\" content=\"Foto des Monats M\u00e4rz - &quot;Die Linien der Feldraine&quot; von J\u00f6rg Willems\" \/>\n<meta property=\"og:description\" content=\"&quot;Feldraine im Naturpark&quot; lautete das &quot;Thema des Monats&quot; im August 2013 im Fotowettbewerb &quot;Augenblick Natur&quot;. Thematisch passend zur M\u00e4rzausgabe unseres Newsletters pr\u00e4sentieren wir Ihnen das Bildmotiv des Monatssiegers, aufgenommen im Naturpark Habichtswald.\" \/>\n<meta property=\"og:url\" content=\"https:\/\/www.naturparkmagazin.de\/vdn\/foto-des-monats-maerz-die-linien-der-feldraine-von-joerg-willems\/\" \/>\n<meta property=\"og:site_name\" content=\"Verband Deutscher Naturparke\" \/>\n<meta property=\"article:published_time\" content=\"2014-02-19T11:00:56+00:00\" \/>\n<meta property=\"article:modified_time\" content=\"2014-02-20T10:45:55+00:00\" \/>\n<meta property=\"og:image\" content=\"https:\/\/www.naturparkmagazin.de\/vdn\/wp-content\/uploads\/sites\/3\/img-1954rbbp_beitragsbild.jpg\" \/>\n\t<meta property=\"og:image:width\" content=\"180\" \/>\n\t<meta property=\"og:image:height\" content=\"135\" \/>\n\t<meta property=\"og:image:type\" content=\"image\/jpeg\" \/>\n<meta name=\"author\" content=\"vdnnational\" \/>\n<meta name=\"twitter:label1\" content=\"Verfasst von\" \/>\n\t<meta name=\"twitter:data1\" content=\"vdnnational\" \/>\n\t<meta name=\"twitter:label2\" content=\"Gesch\u00e4tzte Lesezeit\" \/>\n\t<meta name=\"twitter:data2\" content=\"1\u00a0Minute\" \/>\n<script type=\"application\/ld+json\" class=\"yoast-schema-graph\">{\"@context\":\"https:\/\/schema.org\",\"@graph\":[{\"@type\":\"WebPage\",\"@id\":\"https:\/\/www.naturparkmagazin.de\/vdn\/foto-des-monats-maerz-die-linien-der-feldraine-von-joerg-willems\/\",\"url\":\"https:\/\/www.naturparkmagazin.de\/vdn\/foto-des-monats-maerz-die-linien-der-feldraine-von-joerg-willems\/\",\"name\":\"Foto des Monats M\u00e4rz - \\\"Die Linien der Feldraine\\\" von J\u00f6rg Willems\",\"isPartOf\":{\"@id\":\"https:\/\/www.naturparkmagazin.de\/vdn\/#website\"},\"datePublished\":\"2014-02-19T11:00:56+00:00\",\"dateModified\":\"2014-02-20T10:45:55+00:00\",\"author\":{\"@id\":\"https:\/\/www.naturparkmagazin.de\/vdn\/#\/schema\/person\/e28d931df83318a48d52ae72b08d2bfb\"},\"description\":\"\\\"Feldraine im Naturpark\\\" lautete das \\\"Thema des Monats\\\" im August 2013 im Fotowettbewerb \\\"Augenblick Natur\\\". Thematisch passend zur M\u00e4rzausgabe unseres Newsletters pr\u00e4sentieren wir Ihnen das Bildmotiv des Monatssiegers, aufgenommen im Naturpark Habichtswald.\",\"breadcrumb\":{\"@id\":\"https:\/\/www.naturparkmagazin.de\/vdn\/foto-des-monats-maerz-die-linien-der-feldraine-von-joerg-willems\/#breadcrumb\"},\"inLanguage\":\"de\",\"potentialAction\":[{\"@type\":\"ReadAction\",\"target\":[\"https:\/\/www.naturparkmagazin.de\/vdn\/foto-des-monats-maerz-die-linien-der-feldraine-von-joerg-willems\/\"]}]},{\"@type\":\"BreadcrumbList\",\"@id\":\"https:\/\/www.naturparkmagazin.de\/vdn\/foto-des-monats-maerz-die-linien-der-feldraine-von-joerg-willems\/#breadcrumb\",\"itemListElement\":[{\"@type\":\"ListItem\",\"position\":1,\"name\":\"Home\",\"item\":\"https:\/\/www.naturparkmagazin.de\/vdn\/\"},{\"@type\":\"ListItem\",\"position\":2,\"name\":\"Foto des Monats M\u00e4rz &#8211; &#8222;Die Linien der Feldraine&#8220; von J\u00f6rg Willems\"}]},{\"@type\":\"WebSite\",\"@id\":\"https:\/\/www.naturparkmagazin.de\/vdn\/#website\",\"url\":\"https:\/\/www.naturparkmagazin.de\/vdn\/\",\"name\":\"Verband Deutscher Naturparke\",\"description\":\"Eine weitere Naturparkmagazin.de Netzwerk Seite\",\"potentialAction\":[{\"@type\":\"SearchAction\",\"target\":{\"@type\":\"EntryPoint\",\"urlTemplate\":\"https:\/\/www.naturparkmagazin.de\/vdn\/?s={search_term_string}\"},\"query-input\":\"required name=search_term_string\"}],\"inLanguage\":\"de\"},{\"@type\":\"Person\",\"@id\":\"https:\/\/www.naturparkmagazin.de\/vdn\/#\/schema\/person\/e28d931df83318a48d52ae72b08d2bfb\",\"name\":\"vdnnational\",\"url\":\"https:\/\/www.naturparkmagazin.de\/vdn\/author\/vdnnational\/\"}]}<\/script>\n<!-- \/ Yoast SEO plugin. -->","yoast_head_json":{"title":"Foto des Monats M\u00e4rz - \"Die Linien der Feldraine\" von J\u00f6rg Willems","description":"\"Feldraine im Naturpark\" lautete das \"Thema des Monats\" im August 2013 im Fotowettbewerb \"Augenblick Natur\". Thematisch passend zur M\u00e4rzausgabe unseres Newsletters pr\u00e4sentieren wir Ihnen das Bildmotiv des Monatssiegers, aufgenommen im Naturpark Habichtswald.","robots":{"index":"index","follow":"follow","max-snippet":"max-snippet:-1","max-image-preview":"max-image-preview:large","max-video-preview":"max-video-preview:-1"},"canonical":"https:\/\/www.naturparkmagazin.de\/vdn\/foto-des-monats-maerz-die-linien-der-feldraine-von-joerg-willems\/","og_locale":"de_DE","og_type":"article","og_title":"Foto des Monats M\u00e4rz - \"Die Linien der Feldraine\" von J\u00f6rg Willems","og_description":"\"Feldraine im Naturpark\" lautete das \"Thema des Monats\" im August 2013 im Fotowettbewerb \"Augenblick Natur\". Thematisch passend zur M\u00e4rzausgabe unseres Newsletters pr\u00e4sentieren wir Ihnen das Bildmotiv des Monatssiegers, aufgenommen im Naturpark Habichtswald.","og_url":"https:\/\/www.naturparkmagazin.de\/vdn\/foto-des-monats-maerz-die-linien-der-feldraine-von-joerg-willems\/","og_site_name":"Verband Deutscher Naturparke","article_published_time":"2014-02-19T11:00:56+00:00","article_modified_time":"2014-02-20T10:45:55+00:00","og_image":[{"width":180,"height":135,"url":"https:\/\/www.naturparkmagazin.de\/vdn\/wp-content\/uploads\/sites\/3\/img-1954rbbp_beitragsbild.jpg","type":"image\/jpeg"}],"author":"vdnnational","twitter_misc":{"Verfasst von":"vdnnational","Gesch\u00e4tzte Lesezeit":"1\u00a0Minute"},"schema":{"@context":"https:\/\/schema.org","@graph":[{"@type":"WebPage","@id":"https:\/\/www.naturparkmagazin.de\/vdn\/foto-des-monats-maerz-die-linien-der-feldraine-von-joerg-willems\/","url":"https:\/\/www.naturparkmagazin.de\/vdn\/foto-des-monats-maerz-die-linien-der-feldraine-von-joerg-willems\/","name":"Foto des Monats M\u00e4rz - \"Die Linien der Feldraine\" von J\u00f6rg Willems","isPartOf":{"@id":"https:\/\/www.naturparkmagazin.de\/vdn\/#website"},"datePublished":"2014-02-19T11:00:56+00:00","dateModified":"2014-02-20T10:45:55+00:00","author":{"@id":"https:\/\/www.naturparkmagazin.de\/vdn\/#\/schema\/person\/e28d931df83318a48d52ae72b08d2bfb"},"description":"\"Feldraine im Naturpark\" lautete das \"Thema des Monats\" im August 2013 im Fotowettbewerb \"Augenblick Natur\". Thematisch passend zur M\u00e4rzausgabe unseres Newsletters pr\u00e4sentieren wir Ihnen das Bildmotiv des Monatssiegers, aufgenommen im Naturpark Habichtswald.","breadcrumb":{"@id":"https:\/\/www.naturparkmagazin.de\/vdn\/foto-des-monats-maerz-die-linien-der-feldraine-von-joerg-willems\/#breadcrumb"},"inLanguage":"de","potentialAction":[{"@type":"ReadAction","target":["https:\/\/www.naturparkmagazin.de\/vdn\/foto-des-monats-maerz-die-linien-der-feldraine-von-joerg-willems\/"]}]},{"@type":"BreadcrumbList","@id":"https:\/\/www.naturparkmagazin.de\/vdn\/foto-des-monats-maerz-die-linien-der-feldraine-von-joerg-willems\/#breadcrumb","itemListElement":[{"@type":"ListItem","position":1,"name":"Home","item":"https:\/\/www.naturparkmagazin.de\/vdn\/"},{"@type":"ListItem","position":2,"name":"Foto des Monats M\u00e4rz &#8211; &#8222;Die Linien der Feldraine&#8220; von J\u00f6rg Willems"}]},{"@type":"WebSite","@id":"https:\/\/www.naturparkmagazin.de\/vdn\/#website","url":"https:\/\/www.naturparkmagazin.de\/vdn\/","name":"Verband Deutscher Naturparke","description":"Eine weitere Naturparkmagazin.de Netzwerk Seite","potentialAction":[{"@type":"SearchAction","target":{"@type":"EntryPoint","urlTemplate":"https:\/\/www.naturparkmagazin.de\/vdn\/?s={search_term_string}"},"query-input":"required name=search_term_string"}],"inLanguage":"de"},{"@type":"Person","@id":"https:\/\/www.naturparkmagazin.de\/vdn\/#\/schema\/person\/e28d931df83318a48d52ae72b08d2bfb","name":"vdnnational","url":"https:\/\/www.naturparkmagazin.de\/vdn\/author\/vdnnational\/"}]}},"_links":{"self":[{"href":"https:\/\/www.naturparkmagazin.de\/vdn\/wp-json\/wp\/v2\/posts\/3145"}],"collection":[{"href":"https:\/\/www.naturparkmagazin.de\/vdn\/wp-json\/wp\/v2\/posts"}],"about":[{"href":"https:\/\/www.naturparkmagazin.de\/vdn\/wp-json\/wp\/v2\/types\/post"}],"author":[{"embeddable":true,"href":"https:\/\/www.naturparkmagazin.de\/vdn\/wp-json\/wp\/v2\/users\/14"}],"replies":[{"embeddable":true,"href":"https:\/\/www.naturparkmagazin.de\/vdn\/wp-json\/wp\/v2\/comments?post=3145"}],"version-history":[{"count":5,"href":"https:\/\/www.naturparkmagazin.de\/vdn\/wp-json\/wp\/v2\/posts\/3145\/revisions"}],"predecessor-version":[{"id":3297,"href":"https:\/\/www.naturparkmagazin.de\/vdn\/wp-json\/wp\/v2\/posts\/3145\/revisions\/3297"}],"wp:featuredmedia":[{"embeddable":true,"href":"https:\/\/www.naturparkmagazin.de\/vdn\/wp-json\/wp\/v2\/media\/3147"}],"wp:attachment":[{"href":"https:\/\/www.naturparkmagazin.de\/vdn\/wp-json\/wp\/v2\/media?parent=3145"}],"wp:term":[{"taxonomy":"category","embeddable":true,"href":"https:\/\/www.naturparkmagazin.de\/vdn\/wp-json\/wp\/v2\/categories?post=3145"},{"taxonomy":"post_tag","embeddable":true,"href":"https:\/\/www.naturparkmagazin.de\/vdn\/wp-json\/wp\/v2\/tags?post=3145"}],"curies":[{"name":"wp","href":"https:\/\/api.w.org\/{rel}","templated":true}]}}