{"id":3158,"date":"2014-02-19T13:00:29","date_gmt":"2014-02-19T11:00:29","guid":{"rendered":"http:\/\/www.naturparkmagazin.de\/vdn\/?p=3158"},"modified":"2014-02-20T12:29:22","modified_gmt":"2014-02-20T11:29:22","slug":"produkt-des-monats-loecherwerk","status":"publish","type":"post","link":"https:\/\/www.naturparkmagazin.de\/vdn\/produkt-des-monats-loecherwerk\/","title":{"rendered":"Produkt des Monats: \u201eL\u00f6cherwerk\u201c &#8211; Kressesieb aus dem Naturpark Pf\u00e4lzerwald"},"content":{"rendered":"<div id=\"attachment_3304\" style=\"width: 838px\" class=\"wp-caption aligncenter\"><a href=\"https:\/\/www.naturparkmagazin.de\/vdn\/wp-content\/uploads\/sites\/3\/701006-Kressesieb-wei\u00df-+-sieb.jpg\"><img aria-describedby=\"caption-attachment-3304\" decoding=\"async\" loading=\"lazy\" class=\"size-full wp-image-3304\" title=\"Kressesieb - Copyright: Naturgenuss GmbH\" alt=\"Kressesieb - Copyright: Naturgenuss GmbH\" src=\"https:\/\/www.naturparkmagazin.de\/vdn\/wp-content\/uploads\/sites\/3\/701006-Kressesieb-wei\u00df-+-sieb.jpg\" width=\"828\" height=\"602\" srcset=\"https:\/\/www.naturparkmagazin.de\/vdn\/wp-content\/uploads\/sites\/3\/701006-Kressesieb-wei\u00df-+-sieb.jpg 828w, https:\/\/www.naturparkmagazin.de\/vdn\/wp-content\/uploads\/sites\/3\/701006-Kressesieb-wei\u00df-+-sieb-300x218.jpg 300w, https:\/\/www.naturparkmagazin.de\/vdn\/wp-content\/uploads\/sites\/3\/701006-Kressesieb-wei\u00df-+-sieb-620x451.jpg 620w, https:\/\/www.naturparkmagazin.de\/vdn\/wp-content\/uploads\/sites\/3\/701006-Kressesieb-wei\u00df-+-sieb-670x487.jpg 670w, https:\/\/www.naturparkmagazin.de\/vdn\/wp-content\/uploads\/sites\/3\/701006-Kressesieb-wei\u00df-+-sieb-200x145.jpg 200w\" sizes=\"(max-width: 828px) 100vw, 828px\" \/><\/a><p id=\"caption-attachment-3304\" class=\"wp-caption-text\">Kressesieb &#8211; Copyright: Naturgenuss GmbH<\/p><\/div>\n<p>Das Kressesieb aus dem Naturpark Pf\u00e4lzerwald ist wie ein eigener kleiner Garten in der K\u00fcche! Ernten Sie t\u00e4glich Gesundheit\u00a0 und verfeinern Sie ihre Salate, So\u00dfen sowie Kr\u00e4uterquark oder verwenden Sie die Kresse einfach als Brotbelag.<\/p>\n<p>&#8222;Qualit\u00e4t f\u00fcr ein gutes Leben&#8220; &#8211; dies ist der Anspruch, mit dem die Firma Eschenfelder seit 1988 ihre Produkte mit innovativem Geist und viel Liebe zum Detail herstellt. \u00a0Auf qualitativ hochwertige Rohstoffe aus der Region sowie eine Verarbeitung, die zuverl\u00e4ssig gute Produkte hervorbringt, wird gr\u00f6\u00dfter Wert gelegt. Eine einfache Handhabung und nachhaltige Funktion der Ger\u00e4te zeichnet die Produkte der Firma Eschenfelder GmbH aus.<\/p>\n<p>Das Kressesieb sowie viele weitere Spezialit\u00e4ten aus Naturparken k\u00f6nnen Sie im <a href=\"http:\/\/www.naturpark-spezialitaeten.de\" target=\"_blank\">Naturpark-Spezialit\u00e4ten-Shop<\/a> bestellen.<\/p>\n","protected":false},"excerpt":{"rendered":"<p>Das Kressesieb aus dem Naturpark Pf\u00e4lzerwald ist wie ein eigener kleiner Garten in der K\u00fcche! Ernten Sie t\u00e4glich Gesundheit  und verfeinern Sie ihre Speisen. <\/p>\n","protected":false},"author":14,"featured_media":3161,"comment_status":"open","ping_status":"open","sticky":false,"template":"","format":"standard","meta":{"_links_to":"","_links_to_target":""},"categories":[13],"tags":[],"yoast_head":"<!-- This site is optimized with the Yoast SEO plugin v19.10 - https:\/\/yoast.com\/wordpress\/plugins\/seo\/ -->\n<title>Produkt des Monats: \u201eL\u00f6cherwerk\u201c - Kressesieb aus dem Naturpark Pf\u00e4lzerwald<\/title>\n<meta name=\"description\" content=\"Das Kressesieb aus dem Naturpark Pf\u00e4lzerwald ist wie ein eigener kleiner Garten in der K\u00fcche! Ernten Sie t\u00e4glich Gesundheit und verfeinern Sie ihre Speisen.\" \/>\n<meta name=\"robots\" content=\"index, follow, max-snippet:-1, max-image-preview:large, max-video-preview:-1\" \/>\n<link rel=\"canonical\" href=\"https:\/\/www.naturparkmagazin.de\/vdn\/produkt-des-monats-loecherwerk\/\" \/>\n<meta property=\"og:locale\" content=\"de_DE\" \/>\n<meta property=\"og:type\" content=\"article\" \/>\n<meta property=\"og:title\" content=\"Produkt des Monats: \u201eL\u00f6cherwerk\u201c - Kressesieb aus dem Naturpark Pf\u00e4lzerwald\" \/>\n<meta property=\"og:description\" content=\"Das Kressesieb aus dem Naturpark Pf\u00e4lzerwald ist wie ein eigener kleiner Garten in der K\u00fcche! Ernten Sie t\u00e4glich Gesundheit und verfeinern Sie ihre Speisen.\" \/>\n<meta property=\"og:url\" content=\"https:\/\/www.naturparkmagazin.de\/vdn\/produkt-des-monats-loecherwerk\/\" \/>\n<meta property=\"og:site_name\" content=\"Verband Deutscher Naturparke\" \/>\n<meta property=\"article:published_time\" content=\"2014-02-19T11:00:29+00:00\" \/>\n<meta property=\"article:modified_time\" content=\"2014-02-20T11:29:22+00:00\" \/>\n<meta property=\"og:image\" content=\"https:\/\/www.naturparkmagazin.de\/vdn\/wp-content\/uploads\/sites\/3\/701006-Kressesieb-wei\u00df-+-sieb_beitragsbild.jpg\" \/>\n\t<meta property=\"og:image:width\" content=\"180\" \/>\n\t<meta property=\"og:image:height\" content=\"135\" \/>\n\t<meta property=\"og:image:type\" content=\"image\/jpeg\" \/>\n<meta name=\"author\" content=\"vdnnational\" \/>\n<meta name=\"twitter:label1\" content=\"Verfasst von\" \/>\n\t<meta name=\"twitter:data1\" content=\"vdnnational\" \/>\n\t<meta name=\"twitter:label2\" content=\"Gesch\u00e4tzte Lesezeit\" \/>\n\t<meta name=\"twitter:data2\" content=\"1\u00a0Minute\" \/>\n<script type=\"application\/ld+json\" class=\"yoast-schema-graph\">{\"@context\":\"https:\/\/schema.org\",\"@graph\":[{\"@type\":\"WebPage\",\"@id\":\"https:\/\/www.naturparkmagazin.de\/vdn\/produkt-des-monats-loecherwerk\/\",\"url\":\"https:\/\/www.naturparkmagazin.de\/vdn\/produkt-des-monats-loecherwerk\/\",\"name\":\"Produkt des Monats: \u201eL\u00f6cherwerk\u201c - Kressesieb aus dem Naturpark Pf\u00e4lzerwald\",\"isPartOf\":{\"@id\":\"https:\/\/www.naturparkmagazin.de\/vdn\/#website\"},\"datePublished\":\"2014-02-19T11:00:29+00:00\",\"dateModified\":\"2014-02-20T11:29:22+00:00\",\"author\":{\"@id\":\"https:\/\/www.naturparkmagazin.de\/vdn\/#\/schema\/person\/e28d931df83318a48d52ae72b08d2bfb\"},\"description\":\"Das Kressesieb aus dem Naturpark Pf\u00e4lzerwald ist wie ein eigener kleiner Garten in der K\u00fcche! Ernten Sie t\u00e4glich Gesundheit und verfeinern Sie ihre Speisen.\",\"breadcrumb\":{\"@id\":\"https:\/\/www.naturparkmagazin.de\/vdn\/produkt-des-monats-loecherwerk\/#breadcrumb\"},\"inLanguage\":\"de\",\"potentialAction\":[{\"@type\":\"ReadAction\",\"target\":[\"https:\/\/www.naturparkmagazin.de\/vdn\/produkt-des-monats-loecherwerk\/\"]}]},{\"@type\":\"BreadcrumbList\",\"@id\":\"https:\/\/www.naturparkmagazin.de\/vdn\/produkt-des-monats-loecherwerk\/#breadcrumb\",\"itemListElement\":[{\"@type\":\"ListItem\",\"position\":1,\"name\":\"Home\",\"item\":\"https:\/\/www.naturparkmagazin.de\/vdn\/\"},{\"@type\":\"ListItem\",\"position\":2,\"name\":\"Produkt des Monats: \u201eL\u00f6cherwerk\u201c &#8211; Kressesieb aus dem Naturpark Pf\u00e4lzerwald\"}]},{\"@type\":\"WebSite\",\"@id\":\"https:\/\/www.naturparkmagazin.de\/vdn\/#website\",\"url\":\"https:\/\/www.naturparkmagazin.de\/vdn\/\",\"name\":\"Verband Deutscher Naturparke\",\"description\":\"Eine weitere Naturparkmagazin.de Netzwerk Seite\",\"potentialAction\":[{\"@type\":\"SearchAction\",\"target\":{\"@type\":\"EntryPoint\",\"urlTemplate\":\"https:\/\/www.naturparkmagazin.de\/vdn\/?s={search_term_string}\"},\"query-input\":\"required name=search_term_string\"}],\"inLanguage\":\"de\"},{\"@type\":\"Person\",\"@id\":\"https:\/\/www.naturparkmagazin.de\/vdn\/#\/schema\/person\/e28d931df83318a48d52ae72b08d2bfb\",\"name\":\"vdnnational\",\"url\":\"https:\/\/www.naturparkmagazin.de\/vdn\/author\/vdnnational\/\"}]}<\/script>\n<!-- \/ Yoast SEO plugin. -->","yoast_head_json":{"title":"Produkt des Monats: \u201eL\u00f6cherwerk\u201c - Kressesieb aus dem Naturpark Pf\u00e4lzerwald","description":"Das Kressesieb aus dem Naturpark Pf\u00e4lzerwald ist wie ein eigener kleiner Garten in der K\u00fcche! Ernten Sie t\u00e4glich Gesundheit und verfeinern Sie ihre Speisen.","robots":{"index":"index","follow":"follow","max-snippet":"max-snippet:-1","max-image-preview":"max-image-preview:large","max-video-preview":"max-video-preview:-1"},"canonical":"https:\/\/www.naturparkmagazin.de\/vdn\/produkt-des-monats-loecherwerk\/","og_locale":"de_DE","og_type":"article","og_title":"Produkt des Monats: \u201eL\u00f6cherwerk\u201c - Kressesieb aus dem Naturpark Pf\u00e4lzerwald","og_description":"Das Kressesieb aus dem Naturpark Pf\u00e4lzerwald ist wie ein eigener kleiner Garten in der K\u00fcche! Ernten Sie t\u00e4glich Gesundheit und verfeinern Sie ihre Speisen.","og_url":"https:\/\/www.naturparkmagazin.de\/vdn\/produkt-des-monats-loecherwerk\/","og_site_name":"Verband Deutscher Naturparke","article_published_time":"2014-02-19T11:00:29+00:00","article_modified_time":"2014-02-20T11:29:22+00:00","og_image":[{"width":180,"height":135,"url":"https:\/\/www.naturparkmagazin.de\/vdn\/wp-content\/uploads\/sites\/3\/701006-Kressesieb-wei\u00df-+-sieb_beitragsbild.jpg","type":"image\/jpeg"}],"author":"vdnnational","twitter_misc":{"Verfasst von":"vdnnational","Gesch\u00e4tzte Lesezeit":"1\u00a0Minute"},"schema":{"@context":"https:\/\/schema.org","@graph":[{"@type":"WebPage","@id":"https:\/\/www.naturparkmagazin.de\/vdn\/produkt-des-monats-loecherwerk\/","url":"https:\/\/www.naturparkmagazin.de\/vdn\/produkt-des-monats-loecherwerk\/","name":"Produkt des Monats: \u201eL\u00f6cherwerk\u201c - Kressesieb aus dem Naturpark Pf\u00e4lzerwald","isPartOf":{"@id":"https:\/\/www.naturparkmagazin.de\/vdn\/#website"},"datePublished":"2014-02-19T11:00:29+00:00","dateModified":"2014-02-20T11:29:22+00:00","author":{"@id":"https:\/\/www.naturparkmagazin.de\/vdn\/#\/schema\/person\/e28d931df83318a48d52ae72b08d2bfb"},"description":"Das Kressesieb aus dem Naturpark Pf\u00e4lzerwald ist wie ein eigener kleiner Garten in der K\u00fcche! Ernten Sie t\u00e4glich Gesundheit und verfeinern Sie ihre Speisen.","breadcrumb":{"@id":"https:\/\/www.naturparkmagazin.de\/vdn\/produkt-des-monats-loecherwerk\/#breadcrumb"},"inLanguage":"de","potentialAction":[{"@type":"ReadAction","target":["https:\/\/www.naturparkmagazin.de\/vdn\/produkt-des-monats-loecherwerk\/"]}]},{"@type":"BreadcrumbList","@id":"https:\/\/www.naturparkmagazin.de\/vdn\/produkt-des-monats-loecherwerk\/#breadcrumb","itemListElement":[{"@type":"ListItem","position":1,"name":"Home","item":"https:\/\/www.naturparkmagazin.de\/vdn\/"},{"@type":"ListItem","position":2,"name":"Produkt des Monats: \u201eL\u00f6cherwerk\u201c &#8211; Kressesieb aus dem Naturpark Pf\u00e4lzerwald"}]},{"@type":"WebSite","@id":"https:\/\/www.naturparkmagazin.de\/vdn\/#website","url":"https:\/\/www.naturparkmagazin.de\/vdn\/","name":"Verband Deutscher Naturparke","description":"Eine weitere Naturparkmagazin.de Netzwerk Seite","potentialAction":[{"@type":"SearchAction","target":{"@type":"EntryPoint","urlTemplate":"https:\/\/www.naturparkmagazin.de\/vdn\/?s={search_term_string}"},"query-input":"required name=search_term_string"}],"inLanguage":"de"},{"@type":"Person","@id":"https:\/\/www.naturparkmagazin.de\/vdn\/#\/schema\/person\/e28d931df83318a48d52ae72b08d2bfb","name":"vdnnational","url":"https:\/\/www.naturparkmagazin.de\/vdn\/author\/vdnnational\/"}]}},"_links":{"self":[{"href":"https:\/\/www.naturparkmagazin.de\/vdn\/wp-json\/wp\/v2\/posts\/3158"}],"collection":[{"href":"https:\/\/www.naturparkmagazin.de\/vdn\/wp-json\/wp\/v2\/posts"}],"about":[{"href":"https:\/\/www.naturparkmagazin.de\/vdn\/wp-json\/wp\/v2\/types\/post"}],"author":[{"embeddable":true,"href":"https:\/\/www.naturparkmagazin.de\/vdn\/wp-json\/wp\/v2\/users\/14"}],"replies":[{"embeddable":true,"href":"https:\/\/www.naturparkmagazin.de\/vdn\/wp-json\/wp\/v2\/comments?post=3158"}],"version-history":[{"count":9,"href":"https:\/\/www.naturparkmagazin.de\/vdn\/wp-json\/wp\/v2\/posts\/3158\/revisions"}],"predecessor-version":[{"id":3303,"href":"https:\/\/www.naturparkmagazin.de\/vdn\/wp-json\/wp\/v2\/posts\/3158\/revisions\/3303"}],"wp:featuredmedia":[{"embeddable":true,"href":"https:\/\/www.naturparkmagazin.de\/vdn\/wp-json\/wp\/v2\/media\/3161"}],"wp:attachment":[{"href":"https:\/\/www.naturparkmagazin.de\/vdn\/wp-json\/wp\/v2\/media?parent=3158"}],"wp:term":[{"taxonomy":"category","embeddable":true,"href":"https:\/\/www.naturparkmagazin.de\/vdn\/wp-json\/wp\/v2\/categories?post=3158"},{"taxonomy":"post_tag","embeddable":true,"href":"https:\/\/www.naturparkmagazin.de\/vdn\/wp-json\/wp\/v2\/tags?post=3158"}],"curies":[{"name":"wp","href":"https:\/\/api.w.org\/{rel}","templated":true}]}}