{"id":3180,"date":"2014-02-19T13:05:49","date_gmt":"2014-02-19T12:05:49","guid":{"rendered":"http:\/\/www.naturparkmagazin.de\/vdn\/?p=3180"},"modified":"2014-04-09T13:31:01","modified_gmt":"2014-04-09T11:31:01","slug":"schwein-gehabt-seltene-nutztierrassen-und-regionalmarken","status":"publish","type":"post","link":"https:\/\/www.naturparkmagazin.de\/vdn\/schwein-gehabt-seltene-nutztierrassen-und-regionalmarken\/","title":{"rendered":"&#8222;Schwein gehabt!&#8220; &#8211; Seltene Nutztierrassen und Regionalmarken"},"content":{"rendered":"<div id=\"attachment_3183\" style=\"width: 510px\" class=\"wp-caption aligncenter\"><a href=\"https:\/\/www.naturparkmagazin.de\/vdn\/wp-content\/uploads\/sites\/3\/Kommern_064_500x300.jpg\"><img aria-describedby=\"caption-attachment-3183\" decoding=\"async\" loading=\"lazy\" class=\"size-full wp-image-3183 \" title=\"Hier bin ich Schwein, hier darf ichs sein (Deutsches Weideschwein) - Copyright: VDN\/ Elisabeth Leuchter\" alt=\"Hier bin ich Schwein, hier darf ichs sein (Deutsches Weideschwein) - Copyright: VDN\/ Elisabeth Leuchter\" src=\"https:\/\/www.naturparkmagazin.de\/vdn\/wp-content\/uploads\/sites\/3\/Kommern_064_500x300.jpg\" width=\"500\" height=\"300\" srcset=\"https:\/\/www.naturparkmagazin.de\/vdn\/wp-content\/uploads\/sites\/3\/Kommern_064_500x300.jpg 500w, https:\/\/www.naturparkmagazin.de\/vdn\/wp-content\/uploads\/sites\/3\/Kommern_064_500x300-300x180.jpg 300w, https:\/\/www.naturparkmagazin.de\/vdn\/wp-content\/uploads\/sites\/3\/Kommern_064_500x300-200x120.jpg 200w\" sizes=\"(max-width: 500px) 100vw, 500px\" \/><\/a><p id=\"caption-attachment-3183\" class=\"wp-caption-text\">Hier bin ich Schwein, hier darf ichs sein (Deutsches Weideschwein) &#8211; Copyright: VDN\/ Elisabeth Leuchter<\/p><\/div>\n<p>Wussten Sie, dass alle zwei Wochen eine Nutztierrasse ausstirbt?<\/p>\n<p>W\u00e4hrend \u00fcber das Aussterben von Wildpflanzen und Wildtieren ein weit verbreitetes Wissen in der Bev\u00f6lkerung vorherrscht, wei\u00df man \u00fcber den Verlust von Nutztierrassen kaum etwas. Zur Produktion unserer Nahrungsmittel werden heutzutage wenige Hochleistungssorten- und rassen verwendet. Dabei kommt es zum Verlust von Rassen, die seit Jahrhunderten an Klima und Standort angepasst sind. Neben dem genetischen Verlust ist auch der Verlust eines besonderen Kulturguts an das Aussterben der Nutztiere gekoppelt.<\/p>\n<div id=\"attachment_3256\" style=\"width: 510px\" class=\"wp-caption aligncenter\"><a href=\"https:\/\/www.naturparkmagazin.de\/vdn\/wp-content\/uploads\/sites\/3\/DSC_0052_500x3001.jpg\"><img aria-describedby=\"caption-attachment-3256\" decoding=\"async\" loading=\"lazy\" class=\"size-full wp-image-3256\" title=\"Hochlandrind - Copyright: VDN\/ Klaus Stumpf\" alt=\"Hochlandrind - Copyright: VDN\/ Klaus Stumpf\" src=\"https:\/\/www.naturparkmagazin.de\/vdn\/wp-content\/uploads\/sites\/3\/DSC_0052_500x3001.jpg\" width=\"500\" height=\"300\" srcset=\"https:\/\/www.naturparkmagazin.de\/vdn\/wp-content\/uploads\/sites\/3\/DSC_0052_500x3001.jpg 500w, https:\/\/www.naturparkmagazin.de\/vdn\/wp-content\/uploads\/sites\/3\/DSC_0052_500x3001-300x180.jpg 300w, https:\/\/www.naturparkmagazin.de\/vdn\/wp-content\/uploads\/sites\/3\/DSC_0052_500x3001-200x120.jpg 200w\" sizes=\"(max-width: 500px) 100vw, 500px\" \/><\/a><p id=\"caption-attachment-3256\" class=\"wp-caption-text\">Hochlandrind &#8211; Copyright: VDN\/ Klaus Stumpf<\/p><\/div>\n<p>Auf der \u201eRoten Liste der gef\u00e4hrdeten Nutztierrassen\u201c der Gesellschaft zur Erhaltung alter und gef\u00e4hrdeter Haustierrassen e.V. (GEH),\u201c \u00a0stehen in Deutschland \u00fcber 100 Rassen. Bei den kaum noch bekannten Namen handelt es sich um Schafe, Schweine, Pferde, Ziegen, Esel, H\u00fchner und Rinder. In einem 1995 ins Leben gerufenen sog. Arche-Projekt geht es darum, die besonderen Eigenschaften der Nutztierrassen in der landwirtschaftlichen Produktion zu erhalten und so zu einer naturnahen und standortgerechten Landwirtschaft beitragen.<\/p>\n<div id=\"attachment_3184\" style=\"width: 510px\" class=\"wp-caption aligncenter\"><a href=\"https:\/\/www.naturparkmagazin.de\/vdn\/wp-content\/uploads\/sites\/3\/Korbflechter_2_500x300.jpg\"><img aria-describedby=\"caption-attachment-3184\" decoding=\"async\" loading=\"lazy\" class=\"size-full wp-image-3184\" title=\"Korbflechter - Copyright: VDN\/ Eberhard Decker\" alt=\"Korbflechter - Copyright: VDN\/ Eberhard Decker\" src=\"https:\/\/www.naturparkmagazin.de\/vdn\/wp-content\/uploads\/sites\/3\/Korbflechter_2_500x300.jpg\" width=\"500\" height=\"300\" srcset=\"https:\/\/www.naturparkmagazin.de\/vdn\/wp-content\/uploads\/sites\/3\/Korbflechter_2_500x300.jpg 500w, https:\/\/www.naturparkmagazin.de\/vdn\/wp-content\/uploads\/sites\/3\/Korbflechter_2_500x300-300x180.jpg 300w, https:\/\/www.naturparkmagazin.de\/vdn\/wp-content\/uploads\/sites\/3\/Korbflechter_2_500x300-200x120.jpg 200w\" sizes=\"(max-width: 500px) 100vw, 500px\" \/><\/a><p id=\"caption-attachment-3184\" class=\"wp-caption-text\">Korbflechter &#8211; Copyright: VDN\/ Eberhard Decker<\/p><\/div>\n<p>Viele Naturparke f\u00f6rdern durch den Verkauf von regionalen Produkten auf\u00a0 Bauernm\u00e4rkten nicht nur die regionale Entwicklung, in dem sie durch die verschiedene Bewirtschaftungsformen die Jahrhunderte alte Kulturlandschaft pflegen und alte Traditionen erhalten. So gibt es in allen 7 baden-w\u00fcrttembergischen Naturparken an einem Aktionstag einen \u201eBrunch auf dem Bauernhof\u201c oder \u201eNaturpark-M\u00e4rkte\u201c, an denen regelm\u00e4\u00dfig \u00fcber 60.000 Besucher teilnehmen. Zahlreiche regionale Produkte bieten auch die Vermarktungsinitiativen der Marken \u201eBestes aus der D\u00fcbener Heide\u201c, \u201eEcht Schwarzwald\u201c oder Regionalmarke \u201eEifel\u201c.<\/p>\n<p>Im wachsenden Sortiment des <a href=\"http:\/\/www.naturpark-spezialitaeten.de\/\">Naturpark-Spezialit\u00e4ten-Shops<\/a> werden daher zurzeit \u00fcber 250 ausgew\u00e4hlte Produkte und Spezialit\u00e4ten mit festgelegten Qualit\u00e4ts- und Herkunftskriterien aus den verschiedensten Regionen Deutschlands angeboten.<\/p>\n<p>&nbsp;<\/p>\n<p><b>Hier k\u00f6nnen Sie einen Beitrag von J\u00f6rg Liesen, stellvertretender Gesch\u00e4ftsf\u00fchrer des VDN zum Thema downloaden:<\/b>\n<a href=\"http:\/\/www.naturparke.de\/system\/librarydownloads\/177\/original\/Schwein_gehabt-von_seltenen_Nutztieren_und_Regionalmarken_J%C3%B6rg_Liesen_2013.pdf?1380714208\">http:\/\/www.naturparke.de\/system\/librarydownloads\/177\/original\/Schwein_gehabt-von_seltenen_Nutztieren_und_Regionalmarken_J%C3%B6rg_Liesen_2013.pdf?1380714208<\/a><\/p>\n<p><b>Informationen zu den regionale Produkten in den Naturparken:<\/b><\/p>\n<p><a href=\"http:\/\/www.naturpark-duebener-heide.com\">www.naturpark-duebener-heide.com<\/a><\/p>\n<p><a href=\"http:\/\/www.echt-schwarzwald.de\">www.echt-schwarzwald.de<\/a><\/p>\n<p><a href=\"www.regionalmarke-eifel.de\"><span style=\"text-decoration: underline\">www.regionalmarke-eifel.de<\/span><\/a><\/p>\n<p><b>Arche-Projekte in den Naturparken: <\/b><\/p>\n<p><b>u.a.:<\/b><\/p>\n<p><b>Naturpark Westensee:<\/b><\/p>\n<p><a href=\"http:\/\/www.arche-warder.de\/arche.php\">http:\/\/www.arche-warder.de\/arche.php<\/a><\/p>\n<p><b>Naturpark Hochtaunus:<\/b><\/p>\n<p><a href=\"http:\/\/www.hessenpark.de\/\">http:\/\/www.hessenpark.de\/<\/a><\/p>\n<p><b>Naturpark Bergisches Land:<\/b><\/p>\n<p><a href=\"http:\/\/www.klosterbauer.de\/\">http:\/\/www.klosterbauer.de\/<\/a><\/p>\n<p><b>Naturpark Teutoburger Wald\/ Eggegebirge<\/b><\/p>\n<p><a href=\"http:\/\/www.schaeferei-humpert.de\/\">http:\/\/www.schaeferei-humpert.de\/<\/a><\/p>\n<p><b>\u00a0<\/b><\/p>\n","protected":false},"excerpt":{"rendered":"<p>Wussten Sie, dass alle zwei Wochen eine Nutztierrasse ausstirbt? W\u00e4hrend \u00fcber das Aussterben von Wildpflanzen und Wildtieren ein weit verbreitetes Wissen in der Bev\u00f6lkerung vorherrscht, wei\u00df man \u00fcber den Verlust von Nutztierrassen kaum etwas.<\/p>\n","protected":false},"author":14,"featured_media":3255,"comment_status":"open","ping_status":"open","sticky":false,"template":"","format":"standard","meta":{"_links_to":"","_links_to_target":""},"categories":[11],"tags":[],"yoast_head":"<!-- This site is optimized with the Yoast SEO plugin v19.10 - https:\/\/yoast.com\/wordpress\/plugins\/seo\/ -->\n<title>&quot;Schwein gehabt!&quot; - Seltene Nutztierrassen und Regionalmarken<\/title>\n<meta name=\"description\" content=\"Wussten Sie, dass alle zwei Wochen eine Nutztierrasse ausstirbt? W\u00e4hrend \u00fcber das Aussterben von Wildpflanzen und Wildtieren ein weit verbreitetes Wissen in der Bev\u00f6lkerung vorherrscht, wei\u00df man \u00fcber den Verlust von Nutztierrassen kaum etwas.\" \/>\n<meta name=\"robots\" content=\"index, follow, max-snippet:-1, max-image-preview:large, max-video-preview:-1\" \/>\n<link rel=\"canonical\" href=\"https:\/\/www.naturparkmagazin.de\/vdn\/schwein-gehabt-seltene-nutztierrassen-und-regionalmarken\/\" \/>\n<meta property=\"og:locale\" content=\"de_DE\" \/>\n<meta property=\"og:type\" content=\"article\" \/>\n<meta property=\"og:title\" content=\"&quot;Schwein gehabt!&quot; - Seltene Nutztierrassen und Regionalmarken\" \/>\n<meta property=\"og:description\" content=\"Wussten Sie, dass alle zwei Wochen eine Nutztierrasse ausstirbt? W\u00e4hrend \u00fcber das Aussterben von Wildpflanzen und Wildtieren ein weit verbreitetes Wissen in der Bev\u00f6lkerung vorherrscht, wei\u00df man \u00fcber den Verlust von Nutztierrassen kaum etwas.\" \/>\n<meta property=\"og:url\" content=\"https:\/\/www.naturparkmagazin.de\/vdn\/schwein-gehabt-seltene-nutztierrassen-und-regionalmarken\/\" \/>\n<meta property=\"og:site_name\" content=\"Verband Deutscher Naturparke\" \/>\n<meta property=\"article:published_time\" content=\"2014-02-19T12:05:49+00:00\" \/>\n<meta property=\"article:modified_time\" content=\"2014-04-09T11:31:01+00:00\" \/>\n<meta property=\"og:image\" content=\"https:\/\/www.naturparkmagazin.de\/vdn\/wp-content\/uploads\/sites\/3\/Kommern_064_beitragsbild.jpg\" \/>\n\t<meta property=\"og:image:width\" content=\"180\" \/>\n\t<meta property=\"og:image:height\" content=\"135\" \/>\n\t<meta property=\"og:image:type\" content=\"image\/jpeg\" \/>\n<meta name=\"author\" content=\"vdnnational\" \/>\n<meta name=\"twitter:label1\" content=\"Verfasst von\" \/>\n\t<meta name=\"twitter:data1\" content=\"vdnnational\" \/>\n\t<meta name=\"twitter:label2\" content=\"Gesch\u00e4tzte Lesezeit\" \/>\n\t<meta name=\"twitter:data2\" content=\"2\u00a0Minuten\" \/>\n<script type=\"application\/ld+json\" class=\"yoast-schema-graph\">{\"@context\":\"https:\/\/schema.org\",\"@graph\":[{\"@type\":\"WebPage\",\"@id\":\"https:\/\/www.naturparkmagazin.de\/vdn\/schwein-gehabt-seltene-nutztierrassen-und-regionalmarken\/\",\"url\":\"https:\/\/www.naturparkmagazin.de\/vdn\/schwein-gehabt-seltene-nutztierrassen-und-regionalmarken\/\",\"name\":\"\\\"Schwein gehabt!\\\" - Seltene Nutztierrassen und Regionalmarken\",\"isPartOf\":{\"@id\":\"https:\/\/www.naturparkmagazin.de\/vdn\/#website\"},\"datePublished\":\"2014-02-19T12:05:49+00:00\",\"dateModified\":\"2014-04-09T11:31:01+00:00\",\"author\":{\"@id\":\"https:\/\/www.naturparkmagazin.de\/vdn\/#\/schema\/person\/e28d931df83318a48d52ae72b08d2bfb\"},\"description\":\"Wussten Sie, dass alle zwei Wochen eine Nutztierrasse ausstirbt? W\u00e4hrend \u00fcber das Aussterben von Wildpflanzen und Wildtieren ein weit verbreitetes Wissen in der Bev\u00f6lkerung vorherrscht, wei\u00df man \u00fcber den Verlust von Nutztierrassen kaum etwas.\",\"breadcrumb\":{\"@id\":\"https:\/\/www.naturparkmagazin.de\/vdn\/schwein-gehabt-seltene-nutztierrassen-und-regionalmarken\/#breadcrumb\"},\"inLanguage\":\"de\",\"potentialAction\":[{\"@type\":\"ReadAction\",\"target\":[\"https:\/\/www.naturparkmagazin.de\/vdn\/schwein-gehabt-seltene-nutztierrassen-und-regionalmarken\/\"]}]},{\"@type\":\"BreadcrumbList\",\"@id\":\"https:\/\/www.naturparkmagazin.de\/vdn\/schwein-gehabt-seltene-nutztierrassen-und-regionalmarken\/#breadcrumb\",\"itemListElement\":[{\"@type\":\"ListItem\",\"position\":1,\"name\":\"Home\",\"item\":\"https:\/\/www.naturparkmagazin.de\/vdn\/\"},{\"@type\":\"ListItem\",\"position\":2,\"name\":\"&#8222;Schwein gehabt!&#8220; &#8211; Seltene Nutztierrassen und Regionalmarken\"}]},{\"@type\":\"WebSite\",\"@id\":\"https:\/\/www.naturparkmagazin.de\/vdn\/#website\",\"url\":\"https:\/\/www.naturparkmagazin.de\/vdn\/\",\"name\":\"Verband Deutscher Naturparke\",\"description\":\"Eine weitere Naturparkmagazin.de Netzwerk Seite\",\"potentialAction\":[{\"@type\":\"SearchAction\",\"target\":{\"@type\":\"EntryPoint\",\"urlTemplate\":\"https:\/\/www.naturparkmagazin.de\/vdn\/?s={search_term_string}\"},\"query-input\":\"required name=search_term_string\"}],\"inLanguage\":\"de\"},{\"@type\":\"Person\",\"@id\":\"https:\/\/www.naturparkmagazin.de\/vdn\/#\/schema\/person\/e28d931df83318a48d52ae72b08d2bfb\",\"name\":\"vdnnational\",\"url\":\"https:\/\/www.naturparkmagazin.de\/vdn\/author\/vdnnational\/\"}]}<\/script>\n<!-- \/ Yoast SEO plugin. -->","yoast_head_json":{"title":"\"Schwein gehabt!\" - Seltene Nutztierrassen und Regionalmarken","description":"Wussten Sie, dass alle zwei Wochen eine Nutztierrasse ausstirbt? W\u00e4hrend \u00fcber das Aussterben von Wildpflanzen und Wildtieren ein weit verbreitetes Wissen in der Bev\u00f6lkerung vorherrscht, wei\u00df man \u00fcber den Verlust von Nutztierrassen kaum etwas.","robots":{"index":"index","follow":"follow","max-snippet":"max-snippet:-1","max-image-preview":"max-image-preview:large","max-video-preview":"max-video-preview:-1"},"canonical":"https:\/\/www.naturparkmagazin.de\/vdn\/schwein-gehabt-seltene-nutztierrassen-und-regionalmarken\/","og_locale":"de_DE","og_type":"article","og_title":"\"Schwein gehabt!\" - Seltene Nutztierrassen und Regionalmarken","og_description":"Wussten Sie, dass alle zwei Wochen eine Nutztierrasse ausstirbt? W\u00e4hrend \u00fcber das Aussterben von Wildpflanzen und Wildtieren ein weit verbreitetes Wissen in der Bev\u00f6lkerung vorherrscht, wei\u00df man \u00fcber den Verlust von Nutztierrassen kaum etwas.","og_url":"https:\/\/www.naturparkmagazin.de\/vdn\/schwein-gehabt-seltene-nutztierrassen-und-regionalmarken\/","og_site_name":"Verband Deutscher Naturparke","article_published_time":"2014-02-19T12:05:49+00:00","article_modified_time":"2014-04-09T11:31:01+00:00","og_image":[{"width":180,"height":135,"url":"https:\/\/www.naturparkmagazin.de\/vdn\/wp-content\/uploads\/sites\/3\/Kommern_064_beitragsbild.jpg","type":"image\/jpeg"}],"author":"vdnnational","twitter_misc":{"Verfasst von":"vdnnational","Gesch\u00e4tzte Lesezeit":"2\u00a0Minuten"},"schema":{"@context":"https:\/\/schema.org","@graph":[{"@type":"WebPage","@id":"https:\/\/www.naturparkmagazin.de\/vdn\/schwein-gehabt-seltene-nutztierrassen-und-regionalmarken\/","url":"https:\/\/www.naturparkmagazin.de\/vdn\/schwein-gehabt-seltene-nutztierrassen-und-regionalmarken\/","name":"\"Schwein gehabt!\" - Seltene Nutztierrassen und Regionalmarken","isPartOf":{"@id":"https:\/\/www.naturparkmagazin.de\/vdn\/#website"},"datePublished":"2014-02-19T12:05:49+00:00","dateModified":"2014-04-09T11:31:01+00:00","author":{"@id":"https:\/\/www.naturparkmagazin.de\/vdn\/#\/schema\/person\/e28d931df83318a48d52ae72b08d2bfb"},"description":"Wussten Sie, dass alle zwei Wochen eine Nutztierrasse ausstirbt? W\u00e4hrend \u00fcber das Aussterben von Wildpflanzen und Wildtieren ein weit verbreitetes Wissen in der Bev\u00f6lkerung vorherrscht, wei\u00df man \u00fcber den Verlust von Nutztierrassen kaum etwas.","breadcrumb":{"@id":"https:\/\/www.naturparkmagazin.de\/vdn\/schwein-gehabt-seltene-nutztierrassen-und-regionalmarken\/#breadcrumb"},"inLanguage":"de","potentialAction":[{"@type":"ReadAction","target":["https:\/\/www.naturparkmagazin.de\/vdn\/schwein-gehabt-seltene-nutztierrassen-und-regionalmarken\/"]}]},{"@type":"BreadcrumbList","@id":"https:\/\/www.naturparkmagazin.de\/vdn\/schwein-gehabt-seltene-nutztierrassen-und-regionalmarken\/#breadcrumb","itemListElement":[{"@type":"ListItem","position":1,"name":"Home","item":"https:\/\/www.naturparkmagazin.de\/vdn\/"},{"@type":"ListItem","position":2,"name":"&#8222;Schwein gehabt!&#8220; &#8211; Seltene Nutztierrassen und Regionalmarken"}]},{"@type":"WebSite","@id":"https:\/\/www.naturparkmagazin.de\/vdn\/#website","url":"https:\/\/www.naturparkmagazin.de\/vdn\/","name":"Verband Deutscher Naturparke","description":"Eine weitere Naturparkmagazin.de Netzwerk Seite","potentialAction":[{"@type":"SearchAction","target":{"@type":"EntryPoint","urlTemplate":"https:\/\/www.naturparkmagazin.de\/vdn\/?s={search_term_string}"},"query-input":"required name=search_term_string"}],"inLanguage":"de"},{"@type":"Person","@id":"https:\/\/www.naturparkmagazin.de\/vdn\/#\/schema\/person\/e28d931df83318a48d52ae72b08d2bfb","name":"vdnnational","url":"https:\/\/www.naturparkmagazin.de\/vdn\/author\/vdnnational\/"}]}},"_links":{"self":[{"href":"https:\/\/www.naturparkmagazin.de\/vdn\/wp-json\/wp\/v2\/posts\/3180"}],"collection":[{"href":"https:\/\/www.naturparkmagazin.de\/vdn\/wp-json\/wp\/v2\/posts"}],"about":[{"href":"https:\/\/www.naturparkmagazin.de\/vdn\/wp-json\/wp\/v2\/types\/post"}],"author":[{"embeddable":true,"href":"https:\/\/www.naturparkmagazin.de\/vdn\/wp-json\/wp\/v2\/users\/14"}],"replies":[{"embeddable":true,"href":"https:\/\/www.naturparkmagazin.de\/vdn\/wp-json\/wp\/v2\/comments?post=3180"}],"version-history":[{"count":6,"href":"https:\/\/www.naturparkmagazin.de\/vdn\/wp-json\/wp\/v2\/posts\/3180\/revisions"}],"predecessor-version":[{"id":3254,"href":"https:\/\/www.naturparkmagazin.de\/vdn\/wp-json\/wp\/v2\/posts\/3180\/revisions\/3254"}],"wp:featuredmedia":[{"embeddable":true,"href":"https:\/\/www.naturparkmagazin.de\/vdn\/wp-json\/wp\/v2\/media\/3255"}],"wp:attachment":[{"href":"https:\/\/www.naturparkmagazin.de\/vdn\/wp-json\/wp\/v2\/media?parent=3180"}],"wp:term":[{"taxonomy":"category","embeddable":true,"href":"https:\/\/www.naturparkmagazin.de\/vdn\/wp-json\/wp\/v2\/categories?post=3180"},{"taxonomy":"post_tag","embeddable":true,"href":"https:\/\/www.naturparkmagazin.de\/vdn\/wp-json\/wp\/v2\/tags?post=3180"}],"curies":[{"name":"wp","href":"https:\/\/api.w.org\/{rel}","templated":true}]}}