{"id":3187,"date":"2014-02-19T13:00:47","date_gmt":"2014-02-19T12:00:47","guid":{"rendered":"http:\/\/www.naturparkmagazin.de\/vdn\/?p=3187"},"modified":"2014-04-09T13:31:10","modified_gmt":"2014-04-09T11:31:10","slug":"rueckkehrer-vogelexkursionen-im-maerz","status":"publish","type":"post","link":"https:\/\/www.naturparkmagazin.de\/vdn\/rueckkehrer-vogelexkursionen-im-maerz\/","title":{"rendered":"&#8222;R\u00fcckkehrer&#8220; &#8211; Vogelexkursionen im M\u00e4rz"},"content":{"rendered":"<div id=\"attachment_3189\" style=\"width: 510px\" class=\"wp-caption aligncenter\"><a href=\"https:\/\/www.naturparkmagazin.de\/vdn\/wp-content\/uploads\/sites\/3\/Kraniche_500x300.jpg\"><img aria-describedby=\"caption-attachment-3189\" decoding=\"async\" loading=\"lazy\" class=\"size-full wp-image-3189\" title=\"Kraniche - Copyright: VDN\/ Rainer Hunold\" alt=\"Kraniche - Copyright: VDN\/ Rainer Hunold\" src=\"https:\/\/www.naturparkmagazin.de\/vdn\/wp-content\/uploads\/sites\/3\/Kraniche_500x300.jpg\" width=\"500\" height=\"300\" srcset=\"https:\/\/www.naturparkmagazin.de\/vdn\/wp-content\/uploads\/sites\/3\/Kraniche_500x300.jpg 500w, https:\/\/www.naturparkmagazin.de\/vdn\/wp-content\/uploads\/sites\/3\/Kraniche_500x300-300x180.jpg 300w, https:\/\/www.naturparkmagazin.de\/vdn\/wp-content\/uploads\/sites\/3\/Kraniche_500x300-200x120.jpg 200w\" sizes=\"(max-width: 500px) 100vw, 500px\" \/><\/a><p id=\"caption-attachment-3189\" class=\"wp-caption-text\">Kraniche &#8211; Copyright: VDN\/ Rainer Hunold<\/p><\/div>\n<p>Wenn der Fr\u00fchling vor der T\u00fcr steht kommen die Zugv\u00f6gel nach und nach aus ihren Winterquartieren im S\u00fcden zur\u00fcck. Nur wenige Wochen ist es her, dass Tausende Kraniche vor der K\u00e4lte im Osten in den milden Westen flohen. Nun setzt bereits der R\u00fcckflug ein. Insgesamt geht der Fr\u00fchjahrszug allerdings wesentlich unauff\u00e4lliger vonstatten als der Herbstzug. Gro\u00dfe Ansammlungen an den deutschen Rastpl\u00e4tzen z.B. in Brandenburg entlang der Havel, an der Ostseek\u00fcste oder am Niederrhein sind nun eher die Ausnahme. Die skandinavischen V\u00f6gel ziehen rasch weiter, die hiesigen Brutv\u00f6gel fliegen direkt ihre Reviere an und beginnen mit der Balz. Die fr\u00fchen R\u00fcckkehrer sind meist Kurzstreckenzieher, die den Winter in S\u00fcdeuropa verbringen wie M\u00f6nchsgrasm\u00fccke und Kranich. Langstreckenzieher, die den Winter \u00fcber in Afrika sind, kehren erst im April oder Mai wieder zur\u00fcck. Dazu geh\u00f6ren Kuckuck, Pirol und Trauerschn\u00e4pper.<\/p>\n<div id=\"attachment_3190\" style=\"width: 510px\" class=\"wp-caption aligncenter\"><a href=\"https:\/\/www.naturparkmagazin.de\/vdn\/wp-content\/uploads\/sites\/3\/exkursion-0579_500x300.jpg\"><img aria-describedby=\"caption-attachment-3190\" decoding=\"async\" loading=\"lazy\" class=\"size-full wp-image-3190\" title=\"Exkursion im Naturpark - Copyright: VDN\/ Siegfried A. Walter\" alt=\"Exkursion im Naturpark - Copyright: VDN\/ Siegfried A. Walter\" src=\"https:\/\/www.naturparkmagazin.de\/vdn\/wp-content\/uploads\/sites\/3\/exkursion-0579_500x300.jpg\" width=\"500\" height=\"300\" srcset=\"https:\/\/www.naturparkmagazin.de\/vdn\/wp-content\/uploads\/sites\/3\/exkursion-0579_500x300.jpg 500w, https:\/\/www.naturparkmagazin.de\/vdn\/wp-content\/uploads\/sites\/3\/exkursion-0579_500x300-300x180.jpg 300w, https:\/\/www.naturparkmagazin.de\/vdn\/wp-content\/uploads\/sites\/3\/exkursion-0579_500x300-200x120.jpg 200w\" sizes=\"(max-width: 500px) 100vw, 500px\" \/><\/a><p id=\"caption-attachment-3190\" class=\"wp-caption-text\">Exkursion im Naturpark &#8211; Copyright: VDN\/ Siegfried A. Walter<\/p><\/div>\n<p>In vielen Naturparken gibt es die M\u00f6glichkeit an Vogelexkursionen teilzunehmen. Neben allgemeinen Informationen \u00fcber die verschiedenen Vogelarten gibt es auch einiges \u00fcber die \u201eReiserouten\u201c und die Gefahren, denen die Zugv\u00f6gel ausgesetzt sind, zu erfahren. So finden Zugv\u00f6gel nach einem Flug von Tausenden von Kilometern nicht nur zum gleichen Ort sondern sogar zum gleichen Nest zur\u00fcck, das sie im Vorjahr bewohnt haben. Dabei orientieren sie sich an der Sonne, den Sternen oder an auff\u00e4lligen geographischen Merkmalen wie Gebirge, Fl\u00fcsse oder K\u00fcstenverl\u00e4ufe. Andere Vogelarten nutzen das Magnetfeld der Erde umso zwischen &#8222;polw\u00e4rts&#8220; und &#8222;\u00e4quatorw\u00e4rts&#8220; zu unterschieden.<\/p>\n<div id=\"attachment_3191\" style=\"width: 510px\" class=\"wp-caption aligncenter\"><a href=\"https:\/\/www.naturparkmagazin.de\/vdn\/wp-content\/uploads\/sites\/3\/zuviel_500x300.jpg\"><img aria-describedby=\"caption-attachment-3191\" decoding=\"async\" loading=\"lazy\" class=\"size-full wp-image-3191\" title=\"Blessg\u00e4nse - Copyright: VDN\/ Eckhard Baumann\" alt=\"Blessg\u00e4nse - Copyright: VDN\/ Eckhard Baumann\" src=\"https:\/\/www.naturparkmagazin.de\/vdn\/wp-content\/uploads\/sites\/3\/zuviel_500x300.jpg\" width=\"500\" height=\"300\" srcset=\"https:\/\/www.naturparkmagazin.de\/vdn\/wp-content\/uploads\/sites\/3\/zuviel_500x300.jpg 500w, https:\/\/www.naturparkmagazin.de\/vdn\/wp-content\/uploads\/sites\/3\/zuviel_500x300-300x180.jpg 300w, https:\/\/www.naturparkmagazin.de\/vdn\/wp-content\/uploads\/sites\/3\/zuviel_500x300-200x120.jpg 200w\" sizes=\"(max-width: 500px) 100vw, 500px\" \/><\/a><p id=\"caption-attachment-3191\" class=\"wp-caption-text\">Blessg\u00e4nse &#8211; Copyright: VDN\/ Eckhard Baumann<\/p><\/div>\n<p>N\u00e4here Informationen zu Vogelexkursionen finden Sie auf den verschiedenen Seiten der Deutschen Naturparke:<\/p>\n<p><b>Naturpark Hohes Venn- Eifel:<\/b><\/p>\n<p><a href=\"http:\/\/www.naturpark-eifel.de\/go\/eifel\/german\/Veranstaltungen\/Veranstaltungen.html\">http:\/\/www.naturpark-eifel.de\/go\/eifel\/german\/Veranstaltungen\/Veranstaltungen.html<\/a><\/p>\n<p><b>Naturpark Siebengebirge:<\/b><\/p>\n<p><a href=\"http:\/\/www.naturpark-siebengebirge.de\/\">http:\/\/www.naturpark-siebengebirge.de\/<\/a><\/p>\n<p><b>Naturparke in Mecklenburg Vorpommern:<\/b><\/p>\n<p><a href=\"http:\/\/www.natur-mv.de\/?page=http%3A%2F%2Fwww.natur-mv.de%2Fveranstaltungen.asp%3FCategoryID%3DNull%26AreaID%3DNull\">http:\/\/www.natur-mv.de\/?page=http%3A%2F%2Fwww.natur-mv.de%2Fveranstaltungen.asp%3FCategoryID%3DNull%26AreaID%3DNull<\/a><\/p>\n<p><b>Naturpark D\u00fcmmer:<\/b><\/p>\n<p><a href=\"http:\/\/www.duemmer.de\/lust-auf\/vogelbeobachtung\/vogelexkursionen-und-beobachtungen.html\">http:\/\/www.duemmer.de\/lust-auf\/vogelbeobachtung\/vogelexkursionen-und-beobachtungen.html<\/a><\/p>\n<p><b>Naturpark Nagelfluhkette: Wanderausstellung Greifv\u00f6gel <\/b><a href=\"http:\/\/www.nagelfluhkette.info\/news\/detail\/faszination-greifvoegel-279\/\">http:\/\/www.nagelfluhkette.info\/news\/detail\/faszination-greifvoegel-279\/<\/a><\/p>\n<p><b>Naturpark Spessart: (Specht, Wasseramsel, Eisvogel)<\/b><\/p>\n<p><a href=\"http:\/\/www.naturpark-spessart.de\/wandern\/jahresprogramm\/veranstaltungen.php\">http:\/\/www.naturpark-spessart.de\/wandern\/jahresprogramm\/veranstaltungen.php<\/a><\/p>\n<p><b>Naturpark L\u00fcneburger Heide (Flora und Fauna entdecken, inklusive Vogelexkursion; 2-Tages-Tour)<\/b><\/p>\n<p><a href=\"http:\/\/www.naturparke.de\/parks\/46\/packages?cat=travels\">http:\/\/www.naturparke.de\/parks\/46\/packages?cat=travels<\/a><\/p>\n","protected":false},"excerpt":{"rendered":"<p>Wenn der Fr\u00fchling vor der T\u00fcr steht kommen die Zugv\u00f6gel nach und nach aus ihren Winterquartieren im S\u00fcden zur\u00fcck. Nur wenige Wochen ist es her, dass Tausende Kraniche vor der K\u00e4lte im Osten in den milden Westen flohen. Nun setzt bereits der R\u00fcckflug ein. In vielen Naturparken gibt es jetzt die M\u00f6glichkeit, an Vogelexkursionen teilzunehmen.<\/p>\n","protected":false},"author":14,"featured_media":3188,"comment_status":"open","ping_status":"open","sticky":false,"template":"","format":"standard","meta":{"_links_to":"","_links_to_target":""},"categories":[11],"tags":[],"yoast_head":"<!-- This site is optimized with the Yoast SEO plugin v19.10 - https:\/\/yoast.com\/wordpress\/plugins\/seo\/ -->\n<title>&quot;R\u00fcckkehrer&quot; - Vogelexkursionen im M\u00e4rz<\/title>\n<meta name=\"description\" content=\"Wenn der Fr\u00fchling vor der T\u00fcr steht kommen die Zugv\u00f6gel nach und nach aus ihren Winterquartieren im S\u00fcden zur\u00fcck. Nur wenige Wochen ist es her, dass Tausende Kraniche vor der K\u00e4lte im Osten in den milden Westen flohen. Nun setzt bereits der R\u00fcckflug ein. In vielen Naturparken gibt es jetzt die M\u00f6glichkeit, an Vogelexkursionen teilzunehmen.\" \/>\n<meta name=\"robots\" content=\"index, follow, max-snippet:-1, max-image-preview:large, max-video-preview:-1\" \/>\n<link rel=\"canonical\" href=\"https:\/\/www.naturparkmagazin.de\/vdn\/rueckkehrer-vogelexkursionen-im-maerz\/\" \/>\n<meta property=\"og:locale\" content=\"de_DE\" \/>\n<meta property=\"og:type\" content=\"article\" \/>\n<meta property=\"og:title\" content=\"&quot;R\u00fcckkehrer&quot; - Vogelexkursionen im M\u00e4rz\" \/>\n<meta property=\"og:description\" content=\"Wenn der Fr\u00fchling vor der T\u00fcr steht kommen die Zugv\u00f6gel nach und nach aus ihren Winterquartieren im S\u00fcden zur\u00fcck. Nur wenige Wochen ist es her, dass Tausende Kraniche vor der K\u00e4lte im Osten in den milden Westen flohen. Nun setzt bereits der R\u00fcckflug ein. In vielen Naturparken gibt es jetzt die M\u00f6glichkeit, an Vogelexkursionen teilzunehmen.\" \/>\n<meta property=\"og:url\" content=\"https:\/\/www.naturparkmagazin.de\/vdn\/rueckkehrer-vogelexkursionen-im-maerz\/\" \/>\n<meta property=\"og:site_name\" content=\"Verband Deutscher Naturparke\" \/>\n<meta property=\"article:published_time\" content=\"2014-02-19T12:00:47+00:00\" \/>\n<meta property=\"article:modified_time\" content=\"2014-04-09T11:31:10+00:00\" \/>\n<meta property=\"og:image\" content=\"https:\/\/www.naturparkmagazin.de\/vdn\/wp-content\/uploads\/sites\/3\/Kraniche_beitragsbild.jpg\" \/>\n\t<meta property=\"og:image:width\" content=\"180\" \/>\n\t<meta property=\"og:image:height\" content=\"135\" \/>\n\t<meta property=\"og:image:type\" content=\"image\/jpeg\" \/>\n<meta name=\"author\" content=\"vdnnational\" \/>\n<meta name=\"twitter:label1\" content=\"Verfasst von\" \/>\n\t<meta name=\"twitter:data1\" content=\"vdnnational\" \/>\n\t<meta name=\"twitter:label2\" content=\"Gesch\u00e4tzte Lesezeit\" \/>\n\t<meta name=\"twitter:data2\" content=\"2\u00a0Minuten\" \/>\n<script type=\"application\/ld+json\" class=\"yoast-schema-graph\">{\"@context\":\"https:\/\/schema.org\",\"@graph\":[{\"@type\":\"WebPage\",\"@id\":\"https:\/\/www.naturparkmagazin.de\/vdn\/rueckkehrer-vogelexkursionen-im-maerz\/\",\"url\":\"https:\/\/www.naturparkmagazin.de\/vdn\/rueckkehrer-vogelexkursionen-im-maerz\/\",\"name\":\"\\\"R\u00fcckkehrer\\\" - Vogelexkursionen im M\u00e4rz\",\"isPartOf\":{\"@id\":\"https:\/\/www.naturparkmagazin.de\/vdn\/#website\"},\"datePublished\":\"2014-02-19T12:00:47+00:00\",\"dateModified\":\"2014-04-09T11:31:10+00:00\",\"author\":{\"@id\":\"https:\/\/www.naturparkmagazin.de\/vdn\/#\/schema\/person\/e28d931df83318a48d52ae72b08d2bfb\"},\"description\":\"Wenn der Fr\u00fchling vor der T\u00fcr steht kommen die Zugv\u00f6gel nach und nach aus ihren Winterquartieren im S\u00fcden zur\u00fcck. Nur wenige Wochen ist es her, dass Tausende Kraniche vor der K\u00e4lte im Osten in den milden Westen flohen. Nun setzt bereits der R\u00fcckflug ein. In vielen Naturparken gibt es jetzt die M\u00f6glichkeit, an Vogelexkursionen teilzunehmen.\",\"breadcrumb\":{\"@id\":\"https:\/\/www.naturparkmagazin.de\/vdn\/rueckkehrer-vogelexkursionen-im-maerz\/#breadcrumb\"},\"inLanguage\":\"de\",\"potentialAction\":[{\"@type\":\"ReadAction\",\"target\":[\"https:\/\/www.naturparkmagazin.de\/vdn\/rueckkehrer-vogelexkursionen-im-maerz\/\"]}]},{\"@type\":\"BreadcrumbList\",\"@id\":\"https:\/\/www.naturparkmagazin.de\/vdn\/rueckkehrer-vogelexkursionen-im-maerz\/#breadcrumb\",\"itemListElement\":[{\"@type\":\"ListItem\",\"position\":1,\"name\":\"Home\",\"item\":\"https:\/\/www.naturparkmagazin.de\/vdn\/\"},{\"@type\":\"ListItem\",\"position\":2,\"name\":\"&#8222;R\u00fcckkehrer&#8220; &#8211; Vogelexkursionen im M\u00e4rz\"}]},{\"@type\":\"WebSite\",\"@id\":\"https:\/\/www.naturparkmagazin.de\/vdn\/#website\",\"url\":\"https:\/\/www.naturparkmagazin.de\/vdn\/\",\"name\":\"Verband Deutscher Naturparke\",\"description\":\"Eine weitere Naturparkmagazin.de Netzwerk Seite\",\"potentialAction\":[{\"@type\":\"SearchAction\",\"target\":{\"@type\":\"EntryPoint\",\"urlTemplate\":\"https:\/\/www.naturparkmagazin.de\/vdn\/?s={search_term_string}\"},\"query-input\":\"required name=search_term_string\"}],\"inLanguage\":\"de\"},{\"@type\":\"Person\",\"@id\":\"https:\/\/www.naturparkmagazin.de\/vdn\/#\/schema\/person\/e28d931df83318a48d52ae72b08d2bfb\",\"name\":\"vdnnational\",\"url\":\"https:\/\/www.naturparkmagazin.de\/vdn\/author\/vdnnational\/\"}]}<\/script>\n<!-- \/ Yoast SEO plugin. -->","yoast_head_json":{"title":"\"R\u00fcckkehrer\" - Vogelexkursionen im M\u00e4rz","description":"Wenn der Fr\u00fchling vor der T\u00fcr steht kommen die Zugv\u00f6gel nach und nach aus ihren Winterquartieren im S\u00fcden zur\u00fcck. Nur wenige Wochen ist es her, dass Tausende Kraniche vor der K\u00e4lte im Osten in den milden Westen flohen. Nun setzt bereits der R\u00fcckflug ein. In vielen Naturparken gibt es jetzt die M\u00f6glichkeit, an Vogelexkursionen teilzunehmen.","robots":{"index":"index","follow":"follow","max-snippet":"max-snippet:-1","max-image-preview":"max-image-preview:large","max-video-preview":"max-video-preview:-1"},"canonical":"https:\/\/www.naturparkmagazin.de\/vdn\/rueckkehrer-vogelexkursionen-im-maerz\/","og_locale":"de_DE","og_type":"article","og_title":"\"R\u00fcckkehrer\" - Vogelexkursionen im M\u00e4rz","og_description":"Wenn der Fr\u00fchling vor der T\u00fcr steht kommen die Zugv\u00f6gel nach und nach aus ihren Winterquartieren im S\u00fcden zur\u00fcck. Nur wenige Wochen ist es her, dass Tausende Kraniche vor der K\u00e4lte im Osten in den milden Westen flohen. Nun setzt bereits der R\u00fcckflug ein. In vielen Naturparken gibt es jetzt die M\u00f6glichkeit, an Vogelexkursionen teilzunehmen.","og_url":"https:\/\/www.naturparkmagazin.de\/vdn\/rueckkehrer-vogelexkursionen-im-maerz\/","og_site_name":"Verband Deutscher Naturparke","article_published_time":"2014-02-19T12:00:47+00:00","article_modified_time":"2014-04-09T11:31:10+00:00","og_image":[{"width":180,"height":135,"url":"https:\/\/www.naturparkmagazin.de\/vdn\/wp-content\/uploads\/sites\/3\/Kraniche_beitragsbild.jpg","type":"image\/jpeg"}],"author":"vdnnational","twitter_misc":{"Verfasst von":"vdnnational","Gesch\u00e4tzte Lesezeit":"2\u00a0Minuten"},"schema":{"@context":"https:\/\/schema.org","@graph":[{"@type":"WebPage","@id":"https:\/\/www.naturparkmagazin.de\/vdn\/rueckkehrer-vogelexkursionen-im-maerz\/","url":"https:\/\/www.naturparkmagazin.de\/vdn\/rueckkehrer-vogelexkursionen-im-maerz\/","name":"\"R\u00fcckkehrer\" - Vogelexkursionen im M\u00e4rz","isPartOf":{"@id":"https:\/\/www.naturparkmagazin.de\/vdn\/#website"},"datePublished":"2014-02-19T12:00:47+00:00","dateModified":"2014-04-09T11:31:10+00:00","author":{"@id":"https:\/\/www.naturparkmagazin.de\/vdn\/#\/schema\/person\/e28d931df83318a48d52ae72b08d2bfb"},"description":"Wenn der Fr\u00fchling vor der T\u00fcr steht kommen die Zugv\u00f6gel nach und nach aus ihren Winterquartieren im S\u00fcden zur\u00fcck. Nur wenige Wochen ist es her, dass Tausende Kraniche vor der K\u00e4lte im Osten in den milden Westen flohen. Nun setzt bereits der R\u00fcckflug ein. In vielen Naturparken gibt es jetzt die M\u00f6glichkeit, an Vogelexkursionen teilzunehmen.","breadcrumb":{"@id":"https:\/\/www.naturparkmagazin.de\/vdn\/rueckkehrer-vogelexkursionen-im-maerz\/#breadcrumb"},"inLanguage":"de","potentialAction":[{"@type":"ReadAction","target":["https:\/\/www.naturparkmagazin.de\/vdn\/rueckkehrer-vogelexkursionen-im-maerz\/"]}]},{"@type":"BreadcrumbList","@id":"https:\/\/www.naturparkmagazin.de\/vdn\/rueckkehrer-vogelexkursionen-im-maerz\/#breadcrumb","itemListElement":[{"@type":"ListItem","position":1,"name":"Home","item":"https:\/\/www.naturparkmagazin.de\/vdn\/"},{"@type":"ListItem","position":2,"name":"&#8222;R\u00fcckkehrer&#8220; &#8211; Vogelexkursionen im M\u00e4rz"}]},{"@type":"WebSite","@id":"https:\/\/www.naturparkmagazin.de\/vdn\/#website","url":"https:\/\/www.naturparkmagazin.de\/vdn\/","name":"Verband Deutscher Naturparke","description":"Eine weitere Naturparkmagazin.de Netzwerk Seite","potentialAction":[{"@type":"SearchAction","target":{"@type":"EntryPoint","urlTemplate":"https:\/\/www.naturparkmagazin.de\/vdn\/?s={search_term_string}"},"query-input":"required name=search_term_string"}],"inLanguage":"de"},{"@type":"Person","@id":"https:\/\/www.naturparkmagazin.de\/vdn\/#\/schema\/person\/e28d931df83318a48d52ae72b08d2bfb","name":"vdnnational","url":"https:\/\/www.naturparkmagazin.de\/vdn\/author\/vdnnational\/"}]}},"_links":{"self":[{"href":"https:\/\/www.naturparkmagazin.de\/vdn\/wp-json\/wp\/v2\/posts\/3187"}],"collection":[{"href":"https:\/\/www.naturparkmagazin.de\/vdn\/wp-json\/wp\/v2\/posts"}],"about":[{"href":"https:\/\/www.naturparkmagazin.de\/vdn\/wp-json\/wp\/v2\/types\/post"}],"author":[{"embeddable":true,"href":"https:\/\/www.naturparkmagazin.de\/vdn\/wp-json\/wp\/v2\/users\/14"}],"replies":[{"embeddable":true,"href":"https:\/\/www.naturparkmagazin.de\/vdn\/wp-json\/wp\/v2\/comments?post=3187"}],"version-history":[{"count":5,"href":"https:\/\/www.naturparkmagazin.de\/vdn\/wp-json\/wp\/v2\/posts\/3187\/revisions"}],"predecessor-version":[{"id":3300,"href":"https:\/\/www.naturparkmagazin.de\/vdn\/wp-json\/wp\/v2\/posts\/3187\/revisions\/3300"}],"wp:featuredmedia":[{"embeddable":true,"href":"https:\/\/www.naturparkmagazin.de\/vdn\/wp-json\/wp\/v2\/media\/3188"}],"wp:attachment":[{"href":"https:\/\/www.naturparkmagazin.de\/vdn\/wp-json\/wp\/v2\/media?parent=3187"}],"wp:term":[{"taxonomy":"category","embeddable":true,"href":"https:\/\/www.naturparkmagazin.de\/vdn\/wp-json\/wp\/v2\/categories?post=3187"},{"taxonomy":"post_tag","embeddable":true,"href":"https:\/\/www.naturparkmagazin.de\/vdn\/wp-json\/wp\/v2\/tags?post=3187"}],"curies":[{"name":"wp","href":"https:\/\/api.w.org\/{rel}","templated":true}]}}