{"id":3216,"date":"2014-02-19T15:20:59","date_gmt":"2014-02-19T14:20:59","guid":{"rendered":"http:\/\/www.naturparkmagazin.de\/vdn\/?p=3216"},"modified":"2014-02-27T12:43:24","modified_gmt":"2014-02-27T11:43:24","slug":"austausch-geschaeftsfuehrer-treffen-sich-in-bonn","status":"publish","type":"post","link":"https:\/\/www.naturparkmagazin.de\/vdn\/austausch-geschaeftsfuehrer-treffen-sich-in-bonn\/","title":{"rendered":"&#8222;Austausch&#8220; &#8211; Gesch\u00e4ftsf\u00fchrer treffen sich in Bonn"},"content":{"rendered":"<div id=\"attachment_3292\" style=\"width: 510px\" class=\"wp-caption aligncenter\"><a href=\"https:\/\/www.naturparkmagazin.de\/vdn\/wp-content\/uploads\/sites\/3\/austausch4_Beitrag.jpg\"><img aria-describedby=\"caption-attachment-3292\" decoding=\"async\" loading=\"lazy\" class=\"size-full wp-image-3292\" title=\"Copyright: VDN\" alt=\"Copyright: VDN\" src=\"https:\/\/www.naturparkmagazin.de\/vdn\/wp-content\/uploads\/sites\/3\/austausch4_Beitrag.jpg\" width=\"500\" height=\"300\" srcset=\"https:\/\/www.naturparkmagazin.de\/vdn\/wp-content\/uploads\/sites\/3\/austausch4_Beitrag.jpg 500w, https:\/\/www.naturparkmagazin.de\/vdn\/wp-content\/uploads\/sites\/3\/austausch4_Beitrag-300x180.jpg 300w, https:\/\/www.naturparkmagazin.de\/vdn\/wp-content\/uploads\/sites\/3\/austausch4_Beitrag-200x120.jpg 200w\" sizes=\"(max-width: 500px) 100vw, 500px\" \/><\/a><p id=\"caption-attachment-3292\" class=\"wp-caption-text\">Copyright: VDN<\/p><\/div>\n<p>Einmal im Jahr l\u00e4dt der Verband Deutscher Naturparke e. V. (VDN)\u00a0 die Gesch\u00e4ftsf\u00fchrer und Leiter der deutschen Naturparke zu einem Arbeitstreffen ein, um \u00fcber aktuelle bundesweite Naturparkentwicklungen und geplante Projekte des VDN zu berichten und eine Austauschplattform f\u00fcr die Aktiven in den Naturparken zu schaffen. Ziel ist es dabei, m\u00f6glichst viele Naturparke f\u00fcr die Mitwirkung in VDN-Projekten zu gewinnen und durch Informationen, Ideen und den Erfahrungsaustausch mit den Verantwortlichen in den Naturparken Projekte weiter zu entwickeln und auszubauen.<\/p>\n<p>Auf dem zweit\u00e4gigen Treffen am 10.\/11. M\u00e4rz in Bonn geht es in diesem Jahr unter anderem um das Thema \u201eUmsetzung der Europ\u00e4ischen F\u00f6rderperiode 2014-2020 in den einzelnen Bundesl\u00e4ndern\u201c, das Themenjahr der Deutschen Zentrale f\u00fcr Tourismus 2016 mit einem Schwerpunkt auf Naturerlebnis in deutschen Gro\u00dfschutzgebieten, Barrierefreies Naturerleben in Naturparken, das Forschungs- und Entwicklungsvorhaben \u201eNationale Naturlandschaften und Erneuerbare Energien\u201c sowie Ausbildung und Einsatz von Natur- und Landschaftsf\u00fchrern\u201c in den Naturparken.<\/p>\n<p>&nbsp;<\/p>\n","protected":false},"excerpt":{"rendered":"<p>Am 10.\/11. M\u00e4rz in Bonn l\u00e4dt der Verband Deutscher Naturparke e. V. (VDN) die Gesch\u00e4ftsf\u00fchrer und Leiter der deutschen Naturparke zu einem Arbeitstreffen ein, um sich \u00fcber aktuelle und geplante Projekte des VDN auszutauschen.<\/p>\n","protected":false},"author":14,"featured_media":3293,"comment_status":"open","ping_status":"open","sticky":false,"template":"","format":"standard","meta":{"_links_to":"","_links_to_target":""},"categories":[7],"tags":[],"yoast_head":"<!-- This site is optimized with the Yoast SEO plugin v19.10 - https:\/\/yoast.com\/wordpress\/plugins\/seo\/ -->\n<title>&quot;Austausch&quot; - Gesch\u00e4ftsf\u00fchrer treffen sich in Bonn<\/title>\n<meta name=\"description\" content=\"Am 10.\/11. M\u00e4rz in Bonn l\u00e4dt der Verband Deutscher Naturparke e. V. (VDN) die Gesch\u00e4ftsf\u00fchrer und Leiter der deutschen Naturparke zu einem Arbeitstreffen ein, um sich \u00fcber aktuelle und geplante Projekte des VDN auszutauschen.\" \/>\n<meta name=\"robots\" content=\"index, follow, max-snippet:-1, max-image-preview:large, max-video-preview:-1\" \/>\n<link rel=\"canonical\" href=\"https:\/\/www.naturparkmagazin.de\/vdn\/austausch-geschaeftsfuehrer-treffen-sich-in-bonn\/\" \/>\n<meta property=\"og:locale\" content=\"de_DE\" \/>\n<meta property=\"og:type\" content=\"article\" \/>\n<meta property=\"og:title\" content=\"&quot;Austausch&quot; - Gesch\u00e4ftsf\u00fchrer treffen sich in Bonn\" \/>\n<meta property=\"og:description\" content=\"Am 10.\/11. M\u00e4rz in Bonn l\u00e4dt der Verband Deutscher Naturparke e. V. (VDN) die Gesch\u00e4ftsf\u00fchrer und Leiter der deutschen Naturparke zu einem Arbeitstreffen ein, um sich \u00fcber aktuelle und geplante Projekte des VDN auszutauschen.\" \/>\n<meta property=\"og:url\" content=\"https:\/\/www.naturparkmagazin.de\/vdn\/austausch-geschaeftsfuehrer-treffen-sich-in-bonn\/\" \/>\n<meta property=\"og:site_name\" content=\"Verband Deutscher Naturparke\" \/>\n<meta property=\"article:published_time\" content=\"2014-02-19T14:20:59+00:00\" \/>\n<meta property=\"article:modified_time\" content=\"2014-02-27T11:43:24+00:00\" \/>\n<meta property=\"og:image\" content=\"https:\/\/www.naturparkmagazin.de\/vdn\/wp-content\/uploads\/sites\/3\/austausch4.jpg\" \/>\n\t<meta property=\"og:image:width\" content=\"180\" \/>\n\t<meta property=\"og:image:height\" content=\"135\" \/>\n\t<meta property=\"og:image:type\" content=\"image\/jpeg\" \/>\n<meta name=\"author\" content=\"vdnnational\" \/>\n<meta name=\"twitter:label1\" content=\"Verfasst von\" \/>\n\t<meta name=\"twitter:data1\" content=\"vdnnational\" \/>\n\t<meta name=\"twitter:label2\" content=\"Gesch\u00e4tzte Lesezeit\" \/>\n\t<meta name=\"twitter:data2\" content=\"1\u00a0Minute\" \/>\n<script type=\"application\/ld+json\" class=\"yoast-schema-graph\">{\"@context\":\"https:\/\/schema.org\",\"@graph\":[{\"@type\":\"WebPage\",\"@id\":\"https:\/\/www.naturparkmagazin.de\/vdn\/austausch-geschaeftsfuehrer-treffen-sich-in-bonn\/\",\"url\":\"https:\/\/www.naturparkmagazin.de\/vdn\/austausch-geschaeftsfuehrer-treffen-sich-in-bonn\/\",\"name\":\"\\\"Austausch\\\" - Gesch\u00e4ftsf\u00fchrer treffen sich in Bonn\",\"isPartOf\":{\"@id\":\"https:\/\/www.naturparkmagazin.de\/vdn\/#website\"},\"datePublished\":\"2014-02-19T14:20:59+00:00\",\"dateModified\":\"2014-02-27T11:43:24+00:00\",\"author\":{\"@id\":\"https:\/\/www.naturparkmagazin.de\/vdn\/#\/schema\/person\/e28d931df83318a48d52ae72b08d2bfb\"},\"description\":\"Am 10.\/11. M\u00e4rz in Bonn l\u00e4dt der Verband Deutscher Naturparke e. V. (VDN) die Gesch\u00e4ftsf\u00fchrer und Leiter der deutschen Naturparke zu einem Arbeitstreffen ein, um sich \u00fcber aktuelle und geplante Projekte des VDN auszutauschen.\",\"breadcrumb\":{\"@id\":\"https:\/\/www.naturparkmagazin.de\/vdn\/austausch-geschaeftsfuehrer-treffen-sich-in-bonn\/#breadcrumb\"},\"inLanguage\":\"de\",\"potentialAction\":[{\"@type\":\"ReadAction\",\"target\":[\"https:\/\/www.naturparkmagazin.de\/vdn\/austausch-geschaeftsfuehrer-treffen-sich-in-bonn\/\"]}]},{\"@type\":\"BreadcrumbList\",\"@id\":\"https:\/\/www.naturparkmagazin.de\/vdn\/austausch-geschaeftsfuehrer-treffen-sich-in-bonn\/#breadcrumb\",\"itemListElement\":[{\"@type\":\"ListItem\",\"position\":1,\"name\":\"Home\",\"item\":\"https:\/\/www.naturparkmagazin.de\/vdn\/\"},{\"@type\":\"ListItem\",\"position\":2,\"name\":\"&#8222;Austausch&#8220; &#8211; Gesch\u00e4ftsf\u00fchrer treffen sich in Bonn\"}]},{\"@type\":\"WebSite\",\"@id\":\"https:\/\/www.naturparkmagazin.de\/vdn\/#website\",\"url\":\"https:\/\/www.naturparkmagazin.de\/vdn\/\",\"name\":\"Verband Deutscher Naturparke\",\"description\":\"Eine weitere Naturparkmagazin.de Netzwerk Seite\",\"potentialAction\":[{\"@type\":\"SearchAction\",\"target\":{\"@type\":\"EntryPoint\",\"urlTemplate\":\"https:\/\/www.naturparkmagazin.de\/vdn\/?s={search_term_string}\"},\"query-input\":\"required name=search_term_string\"}],\"inLanguage\":\"de\"},{\"@type\":\"Person\",\"@id\":\"https:\/\/www.naturparkmagazin.de\/vdn\/#\/schema\/person\/e28d931df83318a48d52ae72b08d2bfb\",\"name\":\"vdnnational\",\"url\":\"https:\/\/www.naturparkmagazin.de\/vdn\/author\/vdnnational\/\"}]}<\/script>\n<!-- \/ Yoast SEO plugin. -->","yoast_head_json":{"title":"\"Austausch\" - Gesch\u00e4ftsf\u00fchrer treffen sich in Bonn","description":"Am 10.\/11. M\u00e4rz in Bonn l\u00e4dt der Verband Deutscher Naturparke e. V. (VDN) die Gesch\u00e4ftsf\u00fchrer und Leiter der deutschen Naturparke zu einem Arbeitstreffen ein, um sich \u00fcber aktuelle und geplante Projekte des VDN auszutauschen.","robots":{"index":"index","follow":"follow","max-snippet":"max-snippet:-1","max-image-preview":"max-image-preview:large","max-video-preview":"max-video-preview:-1"},"canonical":"https:\/\/www.naturparkmagazin.de\/vdn\/austausch-geschaeftsfuehrer-treffen-sich-in-bonn\/","og_locale":"de_DE","og_type":"article","og_title":"\"Austausch\" - Gesch\u00e4ftsf\u00fchrer treffen sich in Bonn","og_description":"Am 10.\/11. M\u00e4rz in Bonn l\u00e4dt der Verband Deutscher Naturparke e. V. (VDN) die Gesch\u00e4ftsf\u00fchrer und Leiter der deutschen Naturparke zu einem Arbeitstreffen ein, um sich \u00fcber aktuelle und geplante Projekte des VDN auszutauschen.","og_url":"https:\/\/www.naturparkmagazin.de\/vdn\/austausch-geschaeftsfuehrer-treffen-sich-in-bonn\/","og_site_name":"Verband Deutscher Naturparke","article_published_time":"2014-02-19T14:20:59+00:00","article_modified_time":"2014-02-27T11:43:24+00:00","og_image":[{"width":180,"height":135,"url":"https:\/\/www.naturparkmagazin.de\/vdn\/wp-content\/uploads\/sites\/3\/austausch4.jpg","type":"image\/jpeg"}],"author":"vdnnational","twitter_misc":{"Verfasst von":"vdnnational","Gesch\u00e4tzte Lesezeit":"1\u00a0Minute"},"schema":{"@context":"https:\/\/schema.org","@graph":[{"@type":"WebPage","@id":"https:\/\/www.naturparkmagazin.de\/vdn\/austausch-geschaeftsfuehrer-treffen-sich-in-bonn\/","url":"https:\/\/www.naturparkmagazin.de\/vdn\/austausch-geschaeftsfuehrer-treffen-sich-in-bonn\/","name":"\"Austausch\" - Gesch\u00e4ftsf\u00fchrer treffen sich in Bonn","isPartOf":{"@id":"https:\/\/www.naturparkmagazin.de\/vdn\/#website"},"datePublished":"2014-02-19T14:20:59+00:00","dateModified":"2014-02-27T11:43:24+00:00","author":{"@id":"https:\/\/www.naturparkmagazin.de\/vdn\/#\/schema\/person\/e28d931df83318a48d52ae72b08d2bfb"},"description":"Am 10.\/11. M\u00e4rz in Bonn l\u00e4dt der Verband Deutscher Naturparke e. V. (VDN) die Gesch\u00e4ftsf\u00fchrer und Leiter der deutschen Naturparke zu einem Arbeitstreffen ein, um sich \u00fcber aktuelle und geplante Projekte des VDN auszutauschen.","breadcrumb":{"@id":"https:\/\/www.naturparkmagazin.de\/vdn\/austausch-geschaeftsfuehrer-treffen-sich-in-bonn\/#breadcrumb"},"inLanguage":"de","potentialAction":[{"@type":"ReadAction","target":["https:\/\/www.naturparkmagazin.de\/vdn\/austausch-geschaeftsfuehrer-treffen-sich-in-bonn\/"]}]},{"@type":"BreadcrumbList","@id":"https:\/\/www.naturparkmagazin.de\/vdn\/austausch-geschaeftsfuehrer-treffen-sich-in-bonn\/#breadcrumb","itemListElement":[{"@type":"ListItem","position":1,"name":"Home","item":"https:\/\/www.naturparkmagazin.de\/vdn\/"},{"@type":"ListItem","position":2,"name":"&#8222;Austausch&#8220; &#8211; Gesch\u00e4ftsf\u00fchrer treffen sich in Bonn"}]},{"@type":"WebSite","@id":"https:\/\/www.naturparkmagazin.de\/vdn\/#website","url":"https:\/\/www.naturparkmagazin.de\/vdn\/","name":"Verband Deutscher Naturparke","description":"Eine weitere Naturparkmagazin.de Netzwerk Seite","potentialAction":[{"@type":"SearchAction","target":{"@type":"EntryPoint","urlTemplate":"https:\/\/www.naturparkmagazin.de\/vdn\/?s={search_term_string}"},"query-input":"required name=search_term_string"}],"inLanguage":"de"},{"@type":"Person","@id":"https:\/\/www.naturparkmagazin.de\/vdn\/#\/schema\/person\/e28d931df83318a48d52ae72b08d2bfb","name":"vdnnational","url":"https:\/\/www.naturparkmagazin.de\/vdn\/author\/vdnnational\/"}]}},"_links":{"self":[{"href":"https:\/\/www.naturparkmagazin.de\/vdn\/wp-json\/wp\/v2\/posts\/3216"}],"collection":[{"href":"https:\/\/www.naturparkmagazin.de\/vdn\/wp-json\/wp\/v2\/posts"}],"about":[{"href":"https:\/\/www.naturparkmagazin.de\/vdn\/wp-json\/wp\/v2\/types\/post"}],"author":[{"embeddable":true,"href":"https:\/\/www.naturparkmagazin.de\/vdn\/wp-json\/wp\/v2\/users\/14"}],"replies":[{"embeddable":true,"href":"https:\/\/www.naturparkmagazin.de\/vdn\/wp-json\/wp\/v2\/comments?post=3216"}],"version-history":[{"count":16,"href":"https:\/\/www.naturparkmagazin.de\/vdn\/wp-json\/wp\/v2\/posts\/3216\/revisions"}],"predecessor-version":[{"id":3290,"href":"https:\/\/www.naturparkmagazin.de\/vdn\/wp-json\/wp\/v2\/posts\/3216\/revisions\/3290"}],"wp:featuredmedia":[{"embeddable":true,"href":"https:\/\/www.naturparkmagazin.de\/vdn\/wp-json\/wp\/v2\/media\/3293"}],"wp:attachment":[{"href":"https:\/\/www.naturparkmagazin.de\/vdn\/wp-json\/wp\/v2\/media?parent=3216"}],"wp:term":[{"taxonomy":"category","embeddable":true,"href":"https:\/\/www.naturparkmagazin.de\/vdn\/wp-json\/wp\/v2\/categories?post=3216"},{"taxonomy":"post_tag","embeddable":true,"href":"https:\/\/www.naturparkmagazin.de\/vdn\/wp-json\/wp\/v2\/tags?post=3216"}],"curies":[{"name":"wp","href":"https:\/\/api.w.org\/{rel}","templated":true}]}}