{"id":3221,"date":"2014-02-19T13:00:33","date_gmt":"2014-02-19T11:00:33","guid":{"rendered":"http:\/\/www.naturparkmagazin.de\/vdn\/?p=3221"},"modified":"2014-02-27T11:28:12","modified_gmt":"2014-02-27T10:28:12","slug":"wertschoepfung-naturparke-staerken-laendliche-raeume","status":"publish","type":"post","link":"https:\/\/www.naturparkmagazin.de\/vdn\/wertschoepfung-naturparke-staerken-laendliche-raeume\/","title":{"rendered":"&#8222;Wertsch\u00f6pfung&#8220; &#8211; Naturparke st\u00e4rken l\u00e4ndliche R\u00e4ume"},"content":{"rendered":"<div id=\"attachment_3223\" style=\"width: 510px\" class=\"wp-caption aligncenter\"><a href=\"https:\/\/www.naturparkmagazin.de\/vdn\/wp-content\/uploads\/sites\/3\/scheuelberghof-2-kl_500x300.jpg\"><img aria-describedby=\"caption-attachment-3223\" decoding=\"async\" loading=\"lazy\" class=\"size-full wp-image-3223\" title=\"Scheuelberghof - Copyright: VDN\/ Matze\" alt=\"Scheuelberghof - Copyright: VDN\/ Matze\" src=\"https:\/\/www.naturparkmagazin.de\/vdn\/wp-content\/uploads\/sites\/3\/scheuelberghof-2-kl_500x300.jpg\" width=\"500\" height=\"300\" srcset=\"https:\/\/www.naturparkmagazin.de\/vdn\/wp-content\/uploads\/sites\/3\/scheuelberghof-2-kl_500x300.jpg 500w, https:\/\/www.naturparkmagazin.de\/vdn\/wp-content\/uploads\/sites\/3\/scheuelberghof-2-kl_500x300-300x180.jpg 300w, https:\/\/www.naturparkmagazin.de\/vdn\/wp-content\/uploads\/sites\/3\/scheuelberghof-2-kl_500x300-200x120.jpg 200w\" sizes=\"(max-width: 500px) 100vw, 500px\" \/><\/a><p id=\"caption-attachment-3223\" class=\"wp-caption-text\">Scheuelberghof &#8211; Copyright: VDN\/ Matze<\/p><\/div>\n<p>Naturparke tragen auf vielf\u00e4ltige Weise zur Wertsch\u00f6pfung bei und st\u00e4rken so die l\u00e4ndlichen R\u00e4ume. Ein gutes Beispiel f\u00fcr diese St\u00e4rkung der Wertsch\u00f6pfung sind umweltgerecht erzeugte landwirtschaftliche Produkte aus der Region. Die F\u00f6rderung einer nachhaltigen Nutzung und Vermarktung regionaler Produkte tr\u00e4gt zum Erhalt einer intakten Landschaft bei, st\u00e4rkt dabei die regionale Identit\u00e4t der einheimischen Bev\u00f6lkerung und schafft ein Gef\u00fchl f\u00fcr Heimat. Die Einf\u00fchrung regionaler Marken kann hier ebenso einen Beitrag leisten wie die Kooperation mit der Gastronomie, die durch spezielle regionale Angebote an Attraktivit\u00e4t gewinnt.<\/p>\n<p>&nbsp;<\/p>\n<div id=\"attachment_3226\" style=\"width: 510px\" class=\"wp-caption aligncenter\"><a href=\"https:\/\/www.naturparkmagazin.de\/vdn\/wp-content\/uploads\/sites\/3\/quint-Werbeagentur-GmbHPeter-Mesenholl_500x300.jpg\"><img aria-describedby=\"caption-attachment-3226\" decoding=\"async\" loading=\"lazy\" class=\"size-full wp-image-3226\" title=\"Peter Mesenholl - Copyright: quint Werbeagentur GmbH\" alt=\"Peter Mesenholl - Copyright: quint Werbeagentur GmbH\" src=\"https:\/\/www.naturparkmagazin.de\/vdn\/wp-content\/uploads\/sites\/3\/quint-Werbeagentur-GmbHPeter-Mesenholl_500x300.jpg\" width=\"500\" height=\"300\" srcset=\"https:\/\/www.naturparkmagazin.de\/vdn\/wp-content\/uploads\/sites\/3\/quint-Werbeagentur-GmbHPeter-Mesenholl_500x300.jpg 500w, https:\/\/www.naturparkmagazin.de\/vdn\/wp-content\/uploads\/sites\/3\/quint-Werbeagentur-GmbHPeter-Mesenholl_500x300-300x180.jpg 300w, https:\/\/www.naturparkmagazin.de\/vdn\/wp-content\/uploads\/sites\/3\/quint-Werbeagentur-GmbHPeter-Mesenholl_500x300-200x120.jpg 200w\" sizes=\"(max-width: 500px) 100vw, 500px\" \/><\/a><p id=\"caption-attachment-3226\" class=\"wp-caption-text\">Peter Mesenholl &#8211; Copyright: quint Werbeagentur GmbH<\/p><\/div>\n<p>Mit hochwertigen Lebensmitteln, innovativen, aber auch traditionellen Rezepten und schonender Zubereitung bieten immer mehr Naturpark-Gastronomen attraktive Angebote. Hier kennt der Wirt noch seine Zulieferer, Fleisch und Gem\u00fcse legen nur kurze Wege zur\u00fcck und der k\u00f6stliche Eigengeschmack bleibt erhalten. Der Genuss wird f\u00fcr G\u00e4ste und Einheimische noch erh\u00f6ht, wenn sie wissen, dass sie nicht nur dem Gaumen, sondern auch der Region etwas Gutes tun! Dazu geh\u00f6ren der \u201eNaturparkteller\u201c im Naturpark Schw\u00e4bisch-Fr\u00e4nkischer Wald oder die regionaltypischen Gerichte der zahlreichen Gastwirte in den Naturparken Schwarzwald Mitte\/Nord und S\u00fcdschwarzwald mit Produkten der <a href=\"http:\/\/www.naturpark-suedschwarzwald.de\/essen-trinken\/echt-schwarzwald\" target=\"_blank\">Marke \u201eecht Schwarzwald\u201c<\/a>. Dort wird \u00fcber die Vermarktung auch die Erhaltung regionaler alter Rassen wie die schwarzwaldtypischen Hinterw\u00e4lder und Vorderw\u00e4lder Rinder unterst\u00fctzt.<\/p>\n<p>&nbsp;<\/p>\n<div id=\"attachment_3225\" style=\"width: 510px\" class=\"wp-caption aligncenter\"><a href=\"https:\/\/www.naturparkmagazin.de\/vdn\/wp-content\/uploads\/sites\/3\/8976_500x300.jpg\"><img aria-describedby=\"caption-attachment-3225\" decoding=\"async\" loading=\"lazy\" class=\"size-full wp-image-3225\" title=\"Sch\u00e4fer Meinecke - Copyright: VDN\/ Gerhard Glatz\" alt=\"Sch\u00e4fer Meinecke - Copyright: VDN\/ Gerhard Glatz\" src=\"https:\/\/www.naturparkmagazin.de\/vdn\/wp-content\/uploads\/sites\/3\/8976_500x300.jpg\" width=\"500\" height=\"300\" srcset=\"https:\/\/www.naturparkmagazin.de\/vdn\/wp-content\/uploads\/sites\/3\/8976_500x300.jpg 500w, https:\/\/www.naturparkmagazin.de\/vdn\/wp-content\/uploads\/sites\/3\/8976_500x300-300x180.jpg 300w, https:\/\/www.naturparkmagazin.de\/vdn\/wp-content\/uploads\/sites\/3\/8976_500x300-200x120.jpg 200w\" sizes=\"(max-width: 500px) 100vw, 500px\" \/><\/a><p id=\"caption-attachment-3225\" class=\"wp-caption-text\">Sch\u00e4fer Meinecke &#8211; Copyright: VDN\/ Gerhard Glatz<\/p><\/div>\n<p>Eine Schl\u00fcsselrolle im Prozess zur Erhaltung der heimischen Kulturlandschaften und der regionalen Identit\u00e4t nimmt das verarbeitende Gewerbe ein. B\u00e4cker, Metzger, K\u00e4ser, Winzer &amp; Co schaffen durch handwerkliches Geschick und Einfallsreichtum eine regionale Produktvielfalt. Nur wenn diese Verarbeitungsbetriebe in der Region vorhanden sind, k\u00f6nnen Qualit\u00e4tsprodukte in den Naturparken hergestellt werden und auf kurzem Wege zu den Verbrauchern gelangen. Bei der Nachfrage nach regionalen Produkten gewinnen alle: Einzelhandel, Gastronomie, Handwerk, Landwirtschaft, Klima und Tourismus \u2013 nicht nur in Naturparken.<\/p>\n<p>Regionale Produkte aus Naturparken in Deutschland erhalten Sie auch im <a href=\"http:\/\/www.naturpark-spezialitaeten.de\/\" target=\"_blank\">Naturpark-Spezialit\u00e4ten-Shop<\/a>.<\/p>\n<p>&nbsp;<\/p>\n","protected":false},"excerpt":{"rendered":"<p>Naturparke f\u00f6rdern mit ihrer Arbeit die regionale Entwicklung l\u00e4ndlicher R\u00e4ume in Verbindung mit dem Erhalt der Kulturlandschaften und der biologischen Vielfalt. Hierbei hat der Einsatz f\u00fcr eine umweltgerechte Landnutzung und die Vermarktung regionaler Produkte einen hohen Stellenwert.  <\/p>\n","protected":false},"author":14,"featured_media":3316,"comment_status":"open","ping_status":"open","sticky":false,"template":"","format":"standard","meta":{"_links_to":"","_links_to_target":""},"categories":[51],"tags":[],"yoast_head":"<!-- This site is optimized with the Yoast SEO plugin v19.10 - https:\/\/yoast.com\/wordpress\/plugins\/seo\/ -->\n<title>&quot;Wertsch\u00f6pfung&quot; - Naturparke st\u00e4rken l\u00e4ndliche R\u00e4ume<\/title>\n<meta name=\"description\" content=\"Naturparke f\u00f6rdern mit ihrer Arbeit die regionale Entwicklung l\u00e4ndlicher R\u00e4ume in Verbindung mit dem Erhalt der Kulturlandschaften und der biologischen Vielfalt. Hierbei hat der Einsatz f\u00fcr eine umweltgerechte Landnutzung und die Vermarktung regionaler Produkte einen hohen Stellenwert.\" \/>\n<meta name=\"robots\" content=\"index, follow, max-snippet:-1, max-image-preview:large, max-video-preview:-1\" \/>\n<link rel=\"canonical\" href=\"https:\/\/www.naturparkmagazin.de\/vdn\/wertschoepfung-naturparke-staerken-laendliche-raeume\/\" \/>\n<meta property=\"og:locale\" content=\"de_DE\" \/>\n<meta property=\"og:type\" content=\"article\" \/>\n<meta property=\"og:title\" content=\"&quot;Wertsch\u00f6pfung&quot; - Naturparke st\u00e4rken l\u00e4ndliche R\u00e4ume\" \/>\n<meta property=\"og:description\" content=\"Naturparke f\u00f6rdern mit ihrer Arbeit die regionale Entwicklung l\u00e4ndlicher R\u00e4ume in Verbindung mit dem Erhalt der Kulturlandschaften und der biologischen Vielfalt. Hierbei hat der Einsatz f\u00fcr eine umweltgerechte Landnutzung und die Vermarktung regionaler Produkte einen hohen Stellenwert.\" \/>\n<meta property=\"og:url\" content=\"https:\/\/www.naturparkmagazin.de\/vdn\/wertschoepfung-naturparke-staerken-laendliche-raeume\/\" \/>\n<meta property=\"og:site_name\" content=\"Verband Deutscher Naturparke\" \/>\n<meta property=\"article:published_time\" content=\"2014-02-19T11:00:33+00:00\" \/>\n<meta property=\"article:modified_time\" content=\"2014-02-27T10:28:12+00:00\" \/>\n<meta property=\"og:image\" content=\"https:\/\/www.naturparkmagazin.de\/vdn\/wp-content\/uploads\/sites\/3\/BildNLAnsicht.jpg\" \/>\n\t<meta property=\"og:image:width\" content=\"180\" \/>\n\t<meta property=\"og:image:height\" content=\"135\" \/>\n\t<meta property=\"og:image:type\" content=\"image\/jpeg\" \/>\n<meta name=\"author\" content=\"vdnnational\" \/>\n<meta name=\"twitter:label1\" content=\"Verfasst von\" \/>\n\t<meta name=\"twitter:data1\" content=\"vdnnational\" \/>\n\t<meta name=\"twitter:label2\" content=\"Gesch\u00e4tzte Lesezeit\" \/>\n\t<meta name=\"twitter:data2\" content=\"2\u00a0Minuten\" \/>\n<script type=\"application\/ld+json\" class=\"yoast-schema-graph\">{\"@context\":\"https:\/\/schema.org\",\"@graph\":[{\"@type\":\"WebPage\",\"@id\":\"https:\/\/www.naturparkmagazin.de\/vdn\/wertschoepfung-naturparke-staerken-laendliche-raeume\/\",\"url\":\"https:\/\/www.naturparkmagazin.de\/vdn\/wertschoepfung-naturparke-staerken-laendliche-raeume\/\",\"name\":\"\\\"Wertsch\u00f6pfung\\\" - Naturparke st\u00e4rken l\u00e4ndliche R\u00e4ume\",\"isPartOf\":{\"@id\":\"https:\/\/www.naturparkmagazin.de\/vdn\/#website\"},\"datePublished\":\"2014-02-19T11:00:33+00:00\",\"dateModified\":\"2014-02-27T10:28:12+00:00\",\"author\":{\"@id\":\"https:\/\/www.naturparkmagazin.de\/vdn\/#\/schema\/person\/e28d931df83318a48d52ae72b08d2bfb\"},\"description\":\"Naturparke f\u00f6rdern mit ihrer Arbeit die regionale Entwicklung l\u00e4ndlicher R\u00e4ume in Verbindung mit dem Erhalt der Kulturlandschaften und der biologischen Vielfalt. Hierbei hat der Einsatz f\u00fcr eine umweltgerechte Landnutzung und die Vermarktung regionaler Produkte einen hohen Stellenwert.\",\"breadcrumb\":{\"@id\":\"https:\/\/www.naturparkmagazin.de\/vdn\/wertschoepfung-naturparke-staerken-laendliche-raeume\/#breadcrumb\"},\"inLanguage\":\"de\",\"potentialAction\":[{\"@type\":\"ReadAction\",\"target\":[\"https:\/\/www.naturparkmagazin.de\/vdn\/wertschoepfung-naturparke-staerken-laendliche-raeume\/\"]}]},{\"@type\":\"BreadcrumbList\",\"@id\":\"https:\/\/www.naturparkmagazin.de\/vdn\/wertschoepfung-naturparke-staerken-laendliche-raeume\/#breadcrumb\",\"itemListElement\":[{\"@type\":\"ListItem\",\"position\":1,\"name\":\"Home\",\"item\":\"https:\/\/www.naturparkmagazin.de\/vdn\/\"},{\"@type\":\"ListItem\",\"position\":2,\"name\":\"&#8222;Wertsch\u00f6pfung&#8220; &#8211; Naturparke st\u00e4rken l\u00e4ndliche R\u00e4ume\"}]},{\"@type\":\"WebSite\",\"@id\":\"https:\/\/www.naturparkmagazin.de\/vdn\/#website\",\"url\":\"https:\/\/www.naturparkmagazin.de\/vdn\/\",\"name\":\"Verband Deutscher Naturparke\",\"description\":\"Eine weitere Naturparkmagazin.de Netzwerk Seite\",\"potentialAction\":[{\"@type\":\"SearchAction\",\"target\":{\"@type\":\"EntryPoint\",\"urlTemplate\":\"https:\/\/www.naturparkmagazin.de\/vdn\/?s={search_term_string}\"},\"query-input\":\"required name=search_term_string\"}],\"inLanguage\":\"de\"},{\"@type\":\"Person\",\"@id\":\"https:\/\/www.naturparkmagazin.de\/vdn\/#\/schema\/person\/e28d931df83318a48d52ae72b08d2bfb\",\"name\":\"vdnnational\",\"url\":\"https:\/\/www.naturparkmagazin.de\/vdn\/author\/vdnnational\/\"}]}<\/script>\n<!-- \/ Yoast SEO plugin. -->","yoast_head_json":{"title":"\"Wertsch\u00f6pfung\" - Naturparke st\u00e4rken l\u00e4ndliche R\u00e4ume","description":"Naturparke f\u00f6rdern mit ihrer Arbeit die regionale Entwicklung l\u00e4ndlicher R\u00e4ume in Verbindung mit dem Erhalt der Kulturlandschaften und der biologischen Vielfalt. Hierbei hat der Einsatz f\u00fcr eine umweltgerechte Landnutzung und die Vermarktung regionaler Produkte einen hohen Stellenwert.","robots":{"index":"index","follow":"follow","max-snippet":"max-snippet:-1","max-image-preview":"max-image-preview:large","max-video-preview":"max-video-preview:-1"},"canonical":"https:\/\/www.naturparkmagazin.de\/vdn\/wertschoepfung-naturparke-staerken-laendliche-raeume\/","og_locale":"de_DE","og_type":"article","og_title":"\"Wertsch\u00f6pfung\" - Naturparke st\u00e4rken l\u00e4ndliche R\u00e4ume","og_description":"Naturparke f\u00f6rdern mit ihrer Arbeit die regionale Entwicklung l\u00e4ndlicher R\u00e4ume in Verbindung mit dem Erhalt der Kulturlandschaften und der biologischen Vielfalt. Hierbei hat der Einsatz f\u00fcr eine umweltgerechte Landnutzung und die Vermarktung regionaler Produkte einen hohen Stellenwert.","og_url":"https:\/\/www.naturparkmagazin.de\/vdn\/wertschoepfung-naturparke-staerken-laendliche-raeume\/","og_site_name":"Verband Deutscher Naturparke","article_published_time":"2014-02-19T11:00:33+00:00","article_modified_time":"2014-02-27T10:28:12+00:00","og_image":[{"width":180,"height":135,"url":"https:\/\/www.naturparkmagazin.de\/vdn\/wp-content\/uploads\/sites\/3\/BildNLAnsicht.jpg","type":"image\/jpeg"}],"author":"vdnnational","twitter_misc":{"Verfasst von":"vdnnational","Gesch\u00e4tzte Lesezeit":"2\u00a0Minuten"},"schema":{"@context":"https:\/\/schema.org","@graph":[{"@type":"WebPage","@id":"https:\/\/www.naturparkmagazin.de\/vdn\/wertschoepfung-naturparke-staerken-laendliche-raeume\/","url":"https:\/\/www.naturparkmagazin.de\/vdn\/wertschoepfung-naturparke-staerken-laendliche-raeume\/","name":"\"Wertsch\u00f6pfung\" - Naturparke st\u00e4rken l\u00e4ndliche R\u00e4ume","isPartOf":{"@id":"https:\/\/www.naturparkmagazin.de\/vdn\/#website"},"datePublished":"2014-02-19T11:00:33+00:00","dateModified":"2014-02-27T10:28:12+00:00","author":{"@id":"https:\/\/www.naturparkmagazin.de\/vdn\/#\/schema\/person\/e28d931df83318a48d52ae72b08d2bfb"},"description":"Naturparke f\u00f6rdern mit ihrer Arbeit die regionale Entwicklung l\u00e4ndlicher R\u00e4ume in Verbindung mit dem Erhalt der Kulturlandschaften und der biologischen Vielfalt. Hierbei hat der Einsatz f\u00fcr eine umweltgerechte Landnutzung und die Vermarktung regionaler Produkte einen hohen Stellenwert.","breadcrumb":{"@id":"https:\/\/www.naturparkmagazin.de\/vdn\/wertschoepfung-naturparke-staerken-laendliche-raeume\/#breadcrumb"},"inLanguage":"de","potentialAction":[{"@type":"ReadAction","target":["https:\/\/www.naturparkmagazin.de\/vdn\/wertschoepfung-naturparke-staerken-laendliche-raeume\/"]}]},{"@type":"BreadcrumbList","@id":"https:\/\/www.naturparkmagazin.de\/vdn\/wertschoepfung-naturparke-staerken-laendliche-raeume\/#breadcrumb","itemListElement":[{"@type":"ListItem","position":1,"name":"Home","item":"https:\/\/www.naturparkmagazin.de\/vdn\/"},{"@type":"ListItem","position":2,"name":"&#8222;Wertsch\u00f6pfung&#8220; &#8211; Naturparke st\u00e4rken l\u00e4ndliche R\u00e4ume"}]},{"@type":"WebSite","@id":"https:\/\/www.naturparkmagazin.de\/vdn\/#website","url":"https:\/\/www.naturparkmagazin.de\/vdn\/","name":"Verband Deutscher Naturparke","description":"Eine weitere Naturparkmagazin.de Netzwerk Seite","potentialAction":[{"@type":"SearchAction","target":{"@type":"EntryPoint","urlTemplate":"https:\/\/www.naturparkmagazin.de\/vdn\/?s={search_term_string}"},"query-input":"required name=search_term_string"}],"inLanguage":"de"},{"@type":"Person","@id":"https:\/\/www.naturparkmagazin.de\/vdn\/#\/schema\/person\/e28d931df83318a48d52ae72b08d2bfb","name":"vdnnational","url":"https:\/\/www.naturparkmagazin.de\/vdn\/author\/vdnnational\/"}]}},"_links":{"self":[{"href":"https:\/\/www.naturparkmagazin.de\/vdn\/wp-json\/wp\/v2\/posts\/3221"}],"collection":[{"href":"https:\/\/www.naturparkmagazin.de\/vdn\/wp-json\/wp\/v2\/posts"}],"about":[{"href":"https:\/\/www.naturparkmagazin.de\/vdn\/wp-json\/wp\/v2\/types\/post"}],"author":[{"embeddable":true,"href":"https:\/\/www.naturparkmagazin.de\/vdn\/wp-json\/wp\/v2\/users\/14"}],"replies":[{"embeddable":true,"href":"https:\/\/www.naturparkmagazin.de\/vdn\/wp-json\/wp\/v2\/comments?post=3221"}],"version-history":[{"count":20,"href":"https:\/\/www.naturparkmagazin.de\/vdn\/wp-json\/wp\/v2\/posts\/3221\/revisions"}],"predecessor-version":[{"id":3315,"href":"https:\/\/www.naturparkmagazin.de\/vdn\/wp-json\/wp\/v2\/posts\/3221\/revisions\/3315"}],"wp:featuredmedia":[{"embeddable":true,"href":"https:\/\/www.naturparkmagazin.de\/vdn\/wp-json\/wp\/v2\/media\/3316"}],"wp:attachment":[{"href":"https:\/\/www.naturparkmagazin.de\/vdn\/wp-json\/wp\/v2\/media?parent=3221"}],"wp:term":[{"taxonomy":"category","embeddable":true,"href":"https:\/\/www.naturparkmagazin.de\/vdn\/wp-json\/wp\/v2\/categories?post=3221"},{"taxonomy":"post_tag","embeddable":true,"href":"https:\/\/www.naturparkmagazin.de\/vdn\/wp-json\/wp\/v2\/tags?post=3221"}],"curies":[{"name":"wp","href":"https:\/\/api.w.org\/{rel}","templated":true}]}}